{"id":158,"date":"2017-02-12T01:46:59","date_gmt":"2017-02-12T01:46:59","guid":{"rendered":"https:\/\/larevistadigital.com.ar\/blog\/?p=158"},"modified":"2017-02-12T01:46:59","modified_gmt":"2017-02-12T01:46:59","slug":"union-platense-restablece-momentaneamente-servicio-transporte-la-plata","status":"publish","type":"post","link":"https:\/\/larevistadigital.com.ar\/blog\/union-platense-restablece-momentaneamente-servicio-transporte-la-plata\/","title":{"rendered":"UNI\u00d3N PLATENSE RESTABLECE MOMENTANEAMENTE EL SERVICIO DE TRANSPORTE A LA PLATA"},"content":{"rendered":"<p class=\"caps\">UNI\u00d3N PLATENSE<\/p>\n<p>La empresa Uni\u00f3n Platense, restableci\u00f3 con los mismos horarios que hacia el R\u00e1pido Argentino, el trayecto General Belgrano \u2013 La Plata, hasta que se solucione el conflicto que mantiene esta empresa con sus trabajadores.<\/p>\n<p>El Intendente Dinapoli acompa\u00f1ado por el Intendente Alvarez, de Ranchos, realizaron diversas gestiones que derivaron en esta soluci\u00f3n moment\u00e1nea, pero que podr\u00eda ser definitiva a partir de las pr\u00f3ximas semanas.<\/p>\n<p>Para seguir trabajando sobre este problema que perjudica a cientos de vecinos y estudiantes que viajan a la Capital Bonaerense, el Intendente Dinapoli tendr\u00e1 una reuni\u00f3n con el Secretario de Transporte de la Provincia la pr\u00f3xima semana.<\/p>\n<p><a href=\"https:\/\/i0.wp.com\/larevistadigital.com.ar\/blog\/wp-content\/uploads\/2017\/02\/GB1.jpg?ssl=1\"><img data-recalc-dims=\"1\" loading=\"lazy\" decoding=\"async\" class=\"alignnone size-medium wp-image-159\" src=\"https:\/\/i0.wp.com\/larevistadigital.com.ar\/blog\/wp-content\/uploads\/2017\/02\/GB1.jpg?resize=300%2C161&#038;ssl=1\" alt=\"\" width=\"300\" height=\"161\" srcset=\"https:\/\/i0.wp.com\/larevistadigital.com.ar\/blog\/wp-content\/uploads\/2017\/02\/GB1.jpg?resize=300%2C161&amp;ssl=1 300w, https:\/\/i0.wp.com\/larevistadigital.com.ar\/blog\/wp-content\/uploads\/2017\/02\/GB1.jpg?resize=678%2C365&amp;ssl=1 678w, https:\/\/i0.wp.com\/larevistadigital.com.ar\/blog\/wp-content\/uploads\/2017\/02\/GB1.jpg?w=680&amp;ssl=1 680w\" sizes=\"auto, (max-width: 300px) 100vw, 300px\" \/><\/a><\/p>\n","protected":false},"excerpt":{"rendered":"<div class=\"mh-excerpt\"><p>UNI\u00d3N PLATENSE La empresa Uni\u00f3n Platense, restableci\u00f3 con los mismos horarios que hacia el R\u00e1pido Argentino, el trayecto General Belgrano \u2013 La Plata, hasta que se solucione el conflicto que mantiene esta empresa con sus <a class=\"mh-excerpt-more\" href=\"https:\/\/larevistadigital.com.ar\/blog\/union-platense-restablece-momentaneamente-servicio-transporte-la-plata\/\" title=\"UNI\u00d3N PLATENSE RESTABLECE MOMENTANEAMENTE EL SERVICIO DE TRANSPORTE A LA PLATA\">[Leer M\u00e1s]<\/a><\/p>\n<\/div>","protected":false},"author":2,"featured_media":159,"comment_status":"open","ping_status":"open","sticky":false,"template":"","format":"standard","meta":{"_jetpack_memberships_contains_paid_content":false,"footnotes":"","jetpack_publicize_message":"","jetpack_publicize_feature_enabled":true,"jetpack_social_post_already_shared":false,"jetpack_social_options":{"image_generator_settings":{"template":"highway","default_image_id":0,"font":"","enabled":false},"version":2}},"categories":[3],"tags":[],"class_list":{"0":"post-158","1":"post","2":"type-post","3":"status-publish","4":"format-standard","5":"has-post-thumbnail","7":"category-general-belgrano"},"jetpack_publicize_connections":[],"jetpack_featured_media_url":"https:\/\/i0.wp.com\/larevistadigital.com.ar\/blog\/wp-content\/uploads\/2017\/02\/GB1.jpg?fit=680%2C365&ssl=1","jetpack_sharing_enabled":true,"jetpack_shortlink":"https:\/\/wp.me\/p8qtrQ-2y","jetpack-related-posts":[{"id":208,"url":"https:\/\/larevistadigital.com.ar\/blog\/municipalidad-gral-paz-intendente-alvarez-solicito-la-conciliacion-obligatoria-conflicto-rapido-argentino\/","url_meta":{"origin":158,"position":0},"title":"Municipalidad de Gral. Paz: EL INTENDENTE ALVAREZ SOLICITO LA CONCILIACI\u00d3N OBLIGATORIA EN EL CONFLICTO DE \u00c9L R\u00c1PIDO ARGENTINO.","author":"editor","date":"12 febrero, 2017","format":false,"excerpt":"La Municipalidad de General Paz informa, que a ra\u00edz del conflicto que mantienen los trabajadores agremiados en UTA (Uni\u00f3n de Tranviarios Automotor) y la empresa El R\u00e1pido Argentino y que consecuentemente ha originado el cese por tiempo indeterminado del servicio de transporte de pasajeros del ramal La Plata \u2013 General\u2026","rel":"","context":"En \u00abRANCHOS\u00bb","block_context":{"text":"RANCHOS","link":"https:\/\/larevistadigital.com.ar\/blog\/category\/ranchos\/"},"img":{"alt_text":"","src":"https:\/\/i0.wp.com\/larevistadigital.com.ar\/blog\/wp-content\/uploads\/2017\/02\/micro.jpg?fit=388%2C235&ssl=1&resize=350%2C200","width":350,"height":200},"classes":[]},{"id":6009,"url":"https:\/\/larevistadigital.com.ar\/blog\/a-subsecretaria-de-turismo-martina-pikielny-visito-gral-belgrano\/","url_meta":{"origin":158,"position":1},"title":"a Subsecretaria de Turismo, Martina Pikielny visit\u00f3 Gral.Belgrano","author":"admin","date":"3 julio, 2018","format":false,"excerpt":"El Intendente Osvaldo Dinapoli y el Director de Turismo Pablo Sola, recibieron en el d\u00eda de hoy a la Subsecretaria de Turismo de la Provincia de Buenos Aires, Martina Pikielny, Nicolas Russo, Director Provincial de Desarrollo, Calidad y Coordinaci\u00f3n Tur\u00edstica y a Patricia Carmona, Directora Provincial de Promoci\u00f3n Tur\u00edstica. Entre\u2026","rel":"","context":"En \u00abGENERAL BELGRANO\u00bb","block_context":{"text":"GENERAL BELGRANO","link":"https:\/\/larevistadigital.com.ar\/blog\/category\/general-belgrano\/"},"img":{"alt_text":"","src":"https:\/\/i0.wp.com\/larevistadigital.com.ar\/blog\/wp-content\/uploads\/2018\/07\/36425288_1844843512491696_794213601345798144_n.jpg?fit=800%2C533&ssl=1&resize=350%2C200","width":350,"height":200,"srcset":"https:\/\/i0.wp.com\/larevistadigital.com.ar\/blog\/wp-content\/uploads\/2018\/07\/36425288_1844843512491696_794213601345798144_n.jpg?fit=800%2C533&ssl=1&resize=350%2C200 1x, https:\/\/i0.wp.com\/larevistadigital.com.ar\/blog\/wp-content\/uploads\/2018\/07\/36425288_1844843512491696_794213601345798144_n.jpg?fit=800%2C533&ssl=1&resize=525%2C300 1.5x, https:\/\/i0.wp.com\/larevistadigital.com.ar\/blog\/wp-content\/uploads\/2018\/07\/36425288_1844843512491696_794213601345798144_n.jpg?fit=800%2C533&ssl=1&resize=700%2C400 2x"},"classes":[]},{"id":2816,"url":"https:\/\/larevistadigital.com.ar\/blog\/chascomus-el-precandidato-a-concejal-de-cambiemos-santiago-dos-santos-se-reunio-con-el-intendente-de-general-belgrano\/","url_meta":{"origin":158,"position":2},"title":"CHASCOM\u00daS: EL PRECANDIDATO A CONCEJAL DE CAMBIEMOS SANTIAGO DOS SANTOS, SE REUNI\u00d3 CON EL INTENDENTE DE GENERAL BELGRANO","author":"Alejandro Sosa Ruda","date":"3 agosto, 2017","format":false,"excerpt":"Encuentro de trabajo de los candidatos a concejales de Cambiemos-UCR con el Intendente de Gral Belgrano Los\u00a0 candidatos a concejales de Cambiemos-UCR, Santiago Dos Santos y Lorenza Marquez mantuvieron un encuentro de trabajo con el Intendente de Gral. Belgrano Osvaldo Din\u00e1poli y miembros de su gabinete. El objetivo de la\u2026","rel":"","context":"En \u00abCHASCOM\u00daS\u00bb","block_context":{"text":"CHASCOM\u00daS","link":"https:\/\/larevistadigital.com.ar\/blog\/category\/chascomus\/"},"img":{"alt_text":"","src":"https:\/\/i0.wp.com\/larevistadigital.com.ar\/blog\/wp-content\/uploads\/2017\/08\/DINAPOLI.jpg?fit=900%2C507&ssl=1&resize=350%2C200","width":350,"height":200,"srcset":"https:\/\/i0.wp.com\/larevistadigital.com.ar\/blog\/wp-content\/uploads\/2017\/08\/DINAPOLI.jpg?fit=900%2C507&ssl=1&resize=350%2C200 1x, https:\/\/i0.wp.com\/larevistadigital.com.ar\/blog\/wp-content\/uploads\/2017\/08\/DINAPOLI.jpg?fit=900%2C507&ssl=1&resize=525%2C300 1.5x, https:\/\/i0.wp.com\/larevistadigital.com.ar\/blog\/wp-content\/uploads\/2017\/08\/DINAPOLI.jpg?fit=900%2C507&ssl=1&resize=700%2C400 2x"},"classes":[]},{"id":155,"url":"https:\/\/larevistadigital.com.ar\/blog\/motocross-vuelve-general-belgrano-dinapoli-firmo-convenio-bomberos\/","url_meta":{"origin":158,"position":3},"title":"EL MOTOCROSS VUELVE A GENERAL BELGRANO DINAPOLI FIRMO CONVENIO CON BOMBEROS","author":"editor","date":"12 febrero, 2017","format":false,"excerpt":"Ayer en el cuartel de Bomberos Voluntarios de General Belgrano se firm\u00f3 el convenio entre esta entidad y el Municipio, para llevar adelante la construcci\u00f3n de una pista de motocross en el predio conocido como \u201cEl Radar\u201d, a la vera de la ruta 41 y de esta forma los amante\u2026","rel":"","context":"En \u00abGENERAL BELGRANO\u00bb","block_context":{"text":"GENERAL BELGRANO","link":"https:\/\/larevistadigital.com.ar\/blog\/category\/general-belgrano\/"},"img":{"alt_text":"","src":"https:\/\/i0.wp.com\/larevistadigital.com.ar\/blog\/wp-content\/uploads\/2017\/02\/received_10212250949647614-680x365_c.jpeg?fit=680%2C365&ssl=1&resize=350%2C200","width":350,"height":200,"srcset":"https:\/\/i0.wp.com\/larevistadigital.com.ar\/blog\/wp-content\/uploads\/2017\/02\/received_10212250949647614-680x365_c.jpeg?fit=680%2C365&ssl=1&resize=350%2C200 1x, https:\/\/i0.wp.com\/larevistadigital.com.ar\/blog\/wp-content\/uploads\/2017\/02\/received_10212250949647614-680x365_c.jpeg?fit=680%2C365&ssl=1&resize=525%2C300 1.5x"},"classes":[]},{"id":9982,"url":"https:\/\/larevistadigital.com.ar\/blog\/lezama-el-municipio-firmo-un-convenio-con-la-comuna-de-general-belgrano-para-derivaciones-al-hospital-juan-e-de-la-fuente\/","url_meta":{"origin":158,"position":4},"title":"LEZAMA: EL MUNICIPIO FIRM\u00d3 UN CONVENIO CON LA COMUNA DE GENERAL BELGRANO PARA DERIVACIONES AL HOSPITAL JUAN E. DE LA FUENTE","author":"Alejandro Sosa Ruda","date":"4 mayo, 2019","format":false,"excerpt":"\u2022 Salud: los Intendentes Harispe y Dinapoli rubricaron el documento que fortalece los v\u00ednculos regionales. El Intendente Municipal de Lezama Arnaldo Harispe sell\u00f3 un convenio de prestaci\u00f3n asistencial con la Municipalidad de General Belgrano, representada por el Intendente Osvaldo Din\u00e1poli, para realizar \u2013cuando fuera necesario- derivaciones de pacientes desde nuestro\u2026","rel":"","context":"En \u00abLEZAMA\u00bb","block_context":{"text":"LEZAMA","link":"https:\/\/larevistadigital.com.ar\/blog\/category\/lezama\/"},"img":{"alt_text":"","src":"https:\/\/i0.wp.com\/larevistadigital.com.ar\/blog\/wp-content\/uploads\/2019\/05\/59121019_1451223745070322_6490661406436753408_o.jpg?fit=1177%2C746&ssl=1&resize=350%2C200","width":350,"height":200,"srcset":"https:\/\/i0.wp.com\/larevistadigital.com.ar\/blog\/wp-content\/uploads\/2019\/05\/59121019_1451223745070322_6490661406436753408_o.jpg?fit=1177%2C746&ssl=1&resize=350%2C200 1x, https:\/\/i0.wp.com\/larevistadigital.com.ar\/blog\/wp-content\/uploads\/2019\/05\/59121019_1451223745070322_6490661406436753408_o.jpg?fit=1177%2C746&ssl=1&resize=525%2C300 1.5x, https:\/\/i0.wp.com\/larevistadigital.com.ar\/blog\/wp-content\/uploads\/2019\/05\/59121019_1451223745070322_6490661406436753408_o.jpg?fit=1177%2C746&ssl=1&resize=700%2C400 2x, https:\/\/i0.wp.com\/larevistadigital.com.ar\/blog\/wp-content\/uploads\/2019\/05\/59121019_1451223745070322_6490661406436753408_o.jpg?fit=1177%2C746&ssl=1&resize=1050%2C600 3x"},"classes":[]},{"id":1337,"url":"https:\/\/larevistadigital.com.ar\/blog\/continua-la-extension-de-la-red-cloacal\/","url_meta":{"origin":158,"position":5},"title":"Contin\u00faa la extensi\u00f3n de la red cloacal","author":"editor","date":"18 marzo, 2017","format":false,"excerpt":"Informaron las autoridades municipales de General Belgrano que se contin\u00faa trabajando en la extensi\u00f3n de m\u00e1s de 5000 metros de ca\u00f1os cloacales. Este ambicioso proyecto, que se hace realidad beneficiar\u00e1 aproximadamente a 1400 vecinos y consta de 162 conexiones en Villa Iriarte, 148a Barrio Oligua y 126 al centro de\u2026","rel":"","context":"En \u00abGENERAL BELGRANO\u00bb","block_context":{"text":"GENERAL BELGRANO","link":"https:\/\/larevistadigital.com.ar\/blog\/category\/general-belgrano\/"},"img":{"alt_text":"","src":"https:\/\/i0.wp.com\/larevistadigital.com.ar\/blog\/wp-content\/uploads\/2017\/03\/cloacas-general-belgrano.jpg?fit=720%2C479&ssl=1&resize=350%2C200","width":350,"height":200,"srcset":"https:\/\/i0.wp.com\/larevistadigital.com.ar\/blog\/wp-content\/uploads\/2017\/03\/cloacas-general-belgrano.jpg?fit=720%2C479&ssl=1&resize=350%2C200 1x, https:\/\/i0.wp.com\/larevistadigital.com.ar\/blog\/wp-content\/uploads\/2017\/03\/cloacas-general-belgrano.jpg?fit=720%2C479&ssl=1&resize=525%2C300 1.5x, https:\/\/i0.wp.com\/larevistadigital.com.ar\/blog\/wp-content\/uploads\/2017\/03\/cloacas-general-belgrano.jpg?fit=720%2C479&ssl=1&resize=700%2C400 2x"},"classes":[]}],"_links":{"self":[{"href":"https:\/\/larevistadigital.com.ar\/blog\/wp-json\/wp\/v2\/posts\/158","targetHints":{"allow":["GET"]}}],"collection":[{"href":"https:\/\/larevistadigital.com.ar\/blog\/wp-json\/wp\/v2\/posts"}],"about":[{"href":"https:\/\/larevistadigital.com.ar\/blog\/wp-json\/wp\/v2\/types\/post"}],"author":[{"embeddable":true,"href":"https:\/\/larevistadigital.com.ar\/blog\/wp-json\/wp\/v2\/users\/2"}],"replies":[{"embeddable":true,"href":"https:\/\/larevistadigital.com.ar\/blog\/wp-json\/wp\/v2\/comments?post=158"}],"version-history":[{"count":1,"href":"https:\/\/larevistadigital.com.ar\/blog\/wp-json\/wp\/v2\/posts\/158\/revisions"}],"predecessor-version":[{"id":160,"href":"https:\/\/larevistadigital.com.ar\/blog\/wp-json\/wp\/v2\/posts\/158\/revisions\/160"}],"wp:featuredmedia":[{"embeddable":true,"href":"https:\/\/larevistadigital.com.ar\/blog\/wp-json\/wp\/v2\/media\/159"}],"wp:attachment":[{"href":"https:\/\/larevistadigital.com.ar\/blog\/wp-json\/wp\/v2\/media?parent=158"}],"wp:term":[{"taxonomy":"category","embeddable":true,"href":"https:\/\/larevistadigital.com.ar\/blog\/wp-json\/wp\/v2\/categories?post=158"},{"taxonomy":"post_tag","embeddable":true,"href":"https:\/\/larevistadigital.com.ar\/blog\/wp-json\/wp\/v2\/tags?post=158"}],"curies":[{"name":"wp","href":"https:\/\/api.w.org\/{rel}","templated":true}]}}