{"id":15859,"date":"2020-08-10T12:26:22","date_gmt":"2020-08-10T12:26:22","guid":{"rendered":"https:\/\/larevistadigital.com.ar\/blog\/?p=15859"},"modified":"2020-08-10T12:28:29","modified_gmt":"2020-08-10T12:28:29","slug":"chascomus-en-la-mesa-salarial-el-ejecutivo-se-nego-rotundamente-a-otorgar-aumento-salarial","status":"publish","type":"post","link":"https:\/\/larevistadigital.com.ar\/blog\/chascomus-en-la-mesa-salarial-el-ejecutivo-se-nego-rotundamente-a-otorgar-aumento-salarial\/","title":{"rendered":"CHASCOM\u00daS: EN LA MESA SALARIAL, EL EJECUTIVO SE NEG\u00d3 ROTUNDAMENTE A OTORGAR AUMENTO"},"content":{"rendered":"<p>Luego de la reuni\u00f3n de la \u00abMesa Salarial\u00bb mantenida entre el Ejecutivo Municipal y los gremios del sector el d\u00eda mi\u00e9rcoles pasado, lamentablemente no hay buenas noticias,\u00a0 ni un panorama alentador para los empleados municipales de Chascom\u00fas.<\/p>\n<blockquote>\n<h3>Ante la cruel realidad que viven los trabajadores, el ejecutivo sostuvo ante los dirigentes gremiales que no cuenta con la posibilidad de otorgar ning\u00fan tipo de aumento a los empleados del sector. Esto, amparado en que \u00abno poseen fondos para otorgar alg\u00fan aumento\u00bb.<\/h3>\n<\/blockquote>\n<p>Por otra parte, seg\u00fan dijo la referente del gremio ATE, <strong>Mar\u00eda<\/strong> <strong>Alicia Barletta<\/strong>, desde el Ejecutivo les manifestaron que ha bajado la coparticipaci\u00f3n, la recaudaci\u00f3n y para afrontar los haberes que deben pagar en septiembre tienen un d\u00e9ficit de 5 millones de pesos. <strong>Barletta<\/strong> agreg\u00f3 que las autoridades, plantearon solamente el pase a planta permanente y temporaria de unos 200 trabajadores, en tanto que alrededor de120 ser\u00edan recategorizados.<\/p>\n<p>Luego finaliz\u00f3 asegurando que <em><strong>\u00abHoy necesitamos que el presupuesto que estaba estimado para los sueldos de los trabajadores municipales se ejecute\u00bb<\/strong><\/em>.<\/p>\n<blockquote>\n<h3>Por el lado del gremio UPCN, el referente <strong>Rodrigo N\u00e1poli<\/strong>, present\u00f3 una nota en la Secretaria de Trabajo a cargo del Dr.<strong> Mart\u00ednTorres<\/strong>, y declar\u00f3 que: <em><strong>\u201cCreemos que el aumento es m\u00e1s que necesario, ya que la situaci\u00f3n de los trabajadores no da para m\u00e1s\u2026\u201d<\/strong><\/em>, consider\u00f3.<\/h3>\n<\/blockquote>\n<p>A\u00f1adiendo que el resto de los municipios cercanos ya les han brindado un aumento, y en el caso de Chascom\u00fas hace 8 meses que no hay un incremento.<\/p>\n<blockquote>\n<h3>Por \u00faltimo, desde el Sindicato de Trabajadores Municipales (STM), la secretaria General, <strong>Mercedes Rold\u00e1n<\/strong>, realiz\u00f3 un video, donde comunica lo dialogado con el ejecutivo, y entre otras cosas manifiesta que <em><strong>\u00abhemos considerado solicitar un incremento salarial, para agosto un 15% y para octubre un 5% para volvernos a reunir en febrero&#8230; Como resultado, el Departamento Ejecutivo nos manifiesta que no dispone dinero para dar aumento a los trabajadores municipales\u00bb<\/strong> <\/em>luego, contin\u00faa diciendo que <strong><em>\u00abtodos los departamentos ejecutivos tienen este tipo de problemas, y l\u00f3gicamente se ven agravados por la pandemia\u00bb.\u00a0\u00a0<\/em><\/strong><\/h3>\n<\/blockquote>\n<p><strong>Rold\u00e1n<\/strong> adem\u00e1s se quej\u00f3 de que <strong><em>\u00abaunque dicen que no hay plata, en \u00e9poca de pandemia han ingresado una persona con cargo de \u00abDirectora\u00bb, para el g\u00e9nero, la adolescencia y la ni\u00f1ez, en lugar de haber jerarquizado a personal de planta. Es una impotencia terrible y la gente est\u00e1 muy enojada y hacen cola para reclamar por los juicios por embargos en sus recibos de sueldo. Por eso debemos plantear al ejecutivo que replantee su posici\u00f3n y terminemos esto en paz. EL TRABAJADOR QUIERE IR A UN PARO PORQUE NO AGUANTA M\u00c1S\u00bb.<\/em><\/strong><\/p>\n<p>Dijo que han tenido que llevar comida a compa\u00f1eros que no ten\u00edan para comer, asegurando que tiene todos los mensajes con esta gente guardados.<\/p>\n<p>Finaliz\u00f3 que <em><b>\u00abes muy lamentable que nuestros trabajadores\u00a0nos est\u00e9n reclamando un paro en medio de esta pandemia\u00bb.<\/b><\/em><\/p>\n","protected":false},"excerpt":{"rendered":"<div class=\"mh-excerpt\"><p>Luego de la reuni\u00f3n de la \u00abMesa Salarial\u00bb mantenida entre el Ejecutivo Municipal y los gremios del sector el d\u00eda mi\u00e9rcoles pasado, lamentablemente no hay buenas noticias,\u00a0 ni un panorama alentador para los empleados municipales <a class=\"mh-excerpt-more\" href=\"https:\/\/larevistadigital.com.ar\/blog\/chascomus-en-la-mesa-salarial-el-ejecutivo-se-nego-rotundamente-a-otorgar-aumento-salarial\/\" title=\"CHASCOM\u00daS: EN LA MESA SALARIAL, EL EJECUTIVO SE NEG\u00d3 ROTUNDAMENTE A OTORGAR AUMENTO\">[Leer M\u00e1s]<\/a><\/p>\n<\/div>","protected":false},"author":3,"featured_media":13837,"comment_status":"open","ping_status":"open","sticky":false,"template":"","format":"standard","meta":{"_jetpack_memberships_contains_paid_content":false,"footnotes":"","jetpack_publicize_message":"","jetpack_publicize_feature_enabled":true,"jetpack_social_post_already_shared":true,"jetpack_social_options":{"image_generator_settings":{"template":"highway","default_image_id":0,"font":"","enabled":false},"version":2}},"categories":[6,10,23],"tags":[],"class_list":{"0":"post-15859","1":"post","2":"type-post","3":"status-publish","4":"format-standard","5":"has-post-thumbnail","7":"category-chascomus","8":"category-gremiales","9":"category-politica-local"},"jetpack_publicize_connections":[],"jetpack_featured_media_url":"https:\/\/i0.wp.com\/larevistadigital.com.ar\/blog\/wp-content\/uploads\/municipalidad-de-chascomus.jpg?fit=1921%2C1281&ssl=1","jetpack_sharing_enabled":true,"jetpack_shortlink":"https:\/\/wp.me\/p8qtrQ-47N","jetpack-related-posts":[{"id":953,"url":"https:\/\/larevistadigital.com.ar\/blog\/primicia-de-lrd-los-gremios-municipales-llegaron-a-un-acuerdo-por-el-aumento-salarial\/","url_meta":{"origin":15859,"position":0},"title":"PRIMICIA DE LRD: LOS GREMIOS MUNICIPALES LLEGARON A UN ACUERDO POR EL AUMENTO SALARIAL","author":"Alejandro Sosa Ruda","date":"10 marzo, 2017","format":false,"excerpt":"LRD dialog\u00f3 en exclusiva con la Secretaria general de ATE, Mar\u00eda Alicia Barletta, qui\u00e9n confirm\u00f3 que luego de una larga reuni\u00f3n pudieron llegar a un acuerdo sobre el monto del aumento salarial con el ejecutivo municipal. En el d\u00eda de hoy, se produjo la reuni\u00f3n pactada entre funcionarios del ejecutivo\u2026","rel":"","context":"En \u00abCHASCOM\u00daS\u00bb","block_context":{"text":"CHASCOM\u00daS","link":"https:\/\/larevistadigital.com.ar\/blog\/category\/chascomus\/"},"img":{"alt_text":"","src":"https:\/\/i0.wp.com\/larevistadigital.com.ar\/blog\/wp-content\/uploads\/2017\/03\/barleta_Alicia-Copy.jpg?fit=1024%2C768&ssl=1&resize=350%2C200","width":350,"height":200,"srcset":"https:\/\/i0.wp.com\/larevistadigital.com.ar\/blog\/wp-content\/uploads\/2017\/03\/barleta_Alicia-Copy.jpg?fit=1024%2C768&ssl=1&resize=350%2C200 1x, https:\/\/i0.wp.com\/larevistadigital.com.ar\/blog\/wp-content\/uploads\/2017\/03\/barleta_Alicia-Copy.jpg?fit=1024%2C768&ssl=1&resize=525%2C300 1.5x, https:\/\/i0.wp.com\/larevistadigital.com.ar\/blog\/wp-content\/uploads\/2017\/03\/barleta_Alicia-Copy.jpg?fit=1024%2C768&ssl=1&resize=700%2C400 2x"},"classes":[]},{"id":5195,"url":"https:\/\/larevistadigital.com.ar\/blog\/chascomus-municipio-saber-hubo-acuerdo-los-gremios-19-aumento\/","url_meta":{"origin":15859,"position":1},"title":"CHASCOM\u00daS: EL MUNICIPIO HIZO SABER QUE HUBO ACUERDO CON LOS GREMIOS POR UN 19% DE AUMENTO","author":"Alejandro Sosa Ruda","date":"7 marzo, 2018","format":false,"excerpt":"La Municipalidad de Chascom\u00fas, desde su p\u00e1gina de facebook\u00a0 hizo conocer que tras realizarse el segundo encuentro de la Mesa Paritaria, el Departamento Ejecutivo logr\u00f3 un\u00a0 acuerdo con todos los gremios, sobre un incremento salarial para los empleados municipales del 19,1 %, en tres tramos que incluye la cl\u00e1usula gatillo.\u2026","rel":"","context":"En \u00abGREMIALES\u00bb","block_context":{"text":"GREMIALES","link":"https:\/\/larevistadigital.com.ar\/blog\/category\/gremiales\/"},"img":{"alt_text":"","src":"https:\/\/i0.wp.com\/larevistadigital.com.ar\/blog\/wp-content\/uploads\/2018\/03\/28783319_1801448603209350_666381720539938954_n.jpg?fit=883%2C589&ssl=1&resize=350%2C200","width":350,"height":200,"srcset":"https:\/\/i0.wp.com\/larevistadigital.com.ar\/blog\/wp-content\/uploads\/2018\/03\/28783319_1801448603209350_666381720539938954_n.jpg?fit=883%2C589&ssl=1&resize=350%2C200 1x, https:\/\/i0.wp.com\/larevistadigital.com.ar\/blog\/wp-content\/uploads\/2018\/03\/28783319_1801448603209350_666381720539938954_n.jpg?fit=883%2C589&ssl=1&resize=525%2C300 1.5x, https:\/\/i0.wp.com\/larevistadigital.com.ar\/blog\/wp-content\/uploads\/2018\/03\/28783319_1801448603209350_666381720539938954_n.jpg?fit=883%2C589&ssl=1&resize=700%2C400 2x"},"classes":[]},{"id":6797,"url":"https:\/\/larevistadigital.com.ar\/blog\/chascomus-se-reunio-la-mesa-salarial-y-acordaron-un-nuevo-encuentro-para-el-proximo-martes\/","url_meta":{"origin":15859,"position":2},"title":"CHASCOM\u00daS: SE REUNI\u00d3 LA MESA SALARIAL Y ACORDARON UN NUEVO ENCUENTRO PARA EL PR\u00d3XIMO MARTES","author":"Alejandro Sosa Ruda","date":"11 octubre, 2018","format":false,"excerpt":"Finalmente se llev\u00f3 a cabo el d\u00eda de ayer la reuni\u00f3n pactada entre el ejecutivo local y los distintos gremios que conforman la \"mesa salarial\", tal como lo ped\u00eda la ordenanza aprobada por mayor\u00eda en el Concejo Deliberante. La misma se desarroll\u00f3 en el municipio, y fueron de la partida,\u2026","rel":"","context":"En \u00abGREMIALES\u00bb","block_context":{"text":"GREMIALES","link":"https:\/\/larevistadigital.com.ar\/blog\/category\/gremiales\/"},"img":{"alt_text":"","src":"https:\/\/i0.wp.com\/larevistadigital.com.ar\/blog\/wp-content\/uploads\/2018\/10\/mesasalarial_11deoctubrede2018_elfuerte.jpg?fit=737%2C415&ssl=1&resize=350%2C200","width":350,"height":200,"srcset":"https:\/\/i0.wp.com\/larevistadigital.com.ar\/blog\/wp-content\/uploads\/2018\/10\/mesasalarial_11deoctubrede2018_elfuerte.jpg?fit=737%2C415&ssl=1&resize=350%2C200 1x, https:\/\/i0.wp.com\/larevistadigital.com.ar\/blog\/wp-content\/uploads\/2018\/10\/mesasalarial_11deoctubrede2018_elfuerte.jpg?fit=737%2C415&ssl=1&resize=525%2C300 1.5x, https:\/\/i0.wp.com\/larevistadigital.com.ar\/blog\/wp-content\/uploads\/2018\/10\/mesasalarial_11deoctubrede2018_elfuerte.jpg?fit=737%2C415&ssl=1&resize=700%2C400 2x"},"classes":[]},{"id":957,"url":"https:\/\/larevistadigital.com.ar\/blog\/cipriano-perez-del-cerro-el-acuerdo-salarial-con-los-gremios-municipales-de-chascomus-nos-dejo-conformes-a-todos\/","url_meta":{"origin":15859,"position":3},"title":"CIPRIANO PEREZ DEL CERRO: EL ACUERDO SALARIAL CON LOS GREMIOS MUNICIPALES DE CHASCOM\u00daS NOS DEJ\u00d3 CONFORMES A TODOS.","author":"Alejandro Sosa Ruda","date":"11 marzo, 2017","format":false,"excerpt":"Luego de la primicia de La Revista Digital (LDR) dialogando con la secretaria general de ATE mar\u00eda Alicia Barletta, el diario El Fuerte hizo lo propio con el secretario de gobierno de Chascom\u00fas, quien opin\u00f3 del compromiso adquirido. Finalmente y luego de un gran esfuerzo realizado por el Departamento Ejecutivo,\u2026","rel":"","context":"En \u00abCHASCOM\u00daS\u00bb","block_context":{"text":"CHASCOM\u00daS","link":"https:\/\/larevistadigital.com.ar\/blog\/category\/chascomus\/"},"img":{"alt_text":"","src":"https:\/\/i0.wp.com\/larevistadigital.com.ar\/blog\/wp-content\/uploads\/2017\/03\/nota-1449887-perez-cerro-bono-llevan-adelante-gestiones-provincia-para-pueda-pagar-786746.jpg?fit=1200%2C1200&ssl=1&resize=350%2C200","width":350,"height":200,"srcset":"https:\/\/i0.wp.com\/larevistadigital.com.ar\/blog\/wp-content\/uploads\/2017\/03\/nota-1449887-perez-cerro-bono-llevan-adelante-gestiones-provincia-para-pueda-pagar-786746.jpg?fit=1200%2C1200&ssl=1&resize=350%2C200 1x, https:\/\/i0.wp.com\/larevistadigital.com.ar\/blog\/wp-content\/uploads\/2017\/03\/nota-1449887-perez-cerro-bono-llevan-adelante-gestiones-provincia-para-pueda-pagar-786746.jpg?fit=1200%2C1200&ssl=1&resize=525%2C300 1.5x, https:\/\/i0.wp.com\/larevistadigital.com.ar\/blog\/wp-content\/uploads\/2017\/03\/nota-1449887-perez-cerro-bono-llevan-adelante-gestiones-provincia-para-pueda-pagar-786746.jpg?fit=1200%2C1200&ssl=1&resize=700%2C400 2x, https:\/\/i0.wp.com\/larevistadigital.com.ar\/blog\/wp-content\/uploads\/2017\/03\/nota-1449887-perez-cerro-bono-llevan-adelante-gestiones-provincia-para-pueda-pagar-786746.jpg?fit=1200%2C1200&ssl=1&resize=1050%2C600 3x"},"classes":[]},{"id":9224,"url":"https:\/\/larevistadigital.com.ar\/blog\/chascomus-hubo-acuerdo-en-la-mesa-de-negociacion-salarial\/","url_meta":{"origin":15859,"position":4},"title":"CHASCOM\u00daS: HUBO ACUERDO EN LA MESA DE NEGOCIACI\u00d3N SALARIAL","author":"Alejandro Sosa Ruda","date":"20 marzo, 2019","format":false,"excerpt":"El Departamento Ejecutivo y los representantes de los tres gremios municipales acordaron, ayer el pago de la cl\u00e1usula gatillo y un nuevo aumento, logrando, de esta manera, una mejora para los trabajadores municipales de un 30.54 por ciento. El acuerdo, que incluye la aplicaci\u00f3n de la cl\u00e1usula gatillo del 22%,\u2026","rel":"","context":"En \u00abCHASCOM\u00daS\u00bb","block_context":{"text":"CHASCOM\u00daS","link":"https:\/\/larevistadigital.com.ar\/blog\/category\/chascomus\/"},"img":{"alt_text":"","src":"https:\/\/i0.wp.com\/larevistadigital.com.ar\/blog\/wp-content\/uploads\/2019\/03\/54516566_2340908479263357_1947239288974344192_o.jpg?fit=1200%2C801&ssl=1&resize=350%2C200","width":350,"height":200,"srcset":"https:\/\/i0.wp.com\/larevistadigital.com.ar\/blog\/wp-content\/uploads\/2019\/03\/54516566_2340908479263357_1947239288974344192_o.jpg?fit=1200%2C801&ssl=1&resize=350%2C200 1x, https:\/\/i0.wp.com\/larevistadigital.com.ar\/blog\/wp-content\/uploads\/2019\/03\/54516566_2340908479263357_1947239288974344192_o.jpg?fit=1200%2C801&ssl=1&resize=525%2C300 1.5x, https:\/\/i0.wp.com\/larevistadigital.com.ar\/blog\/wp-content\/uploads\/2019\/03\/54516566_2340908479263357_1947239288974344192_o.jpg?fit=1200%2C801&ssl=1&resize=700%2C400 2x, https:\/\/i0.wp.com\/larevistadigital.com.ar\/blog\/wp-content\/uploads\/2019\/03\/54516566_2340908479263357_1947239288974344192_o.jpg?fit=1200%2C801&ssl=1&resize=1050%2C600 3x"},"classes":[]},{"id":917,"url":"https:\/\/larevistadigital.com.ar\/blog\/alicia-barletta-sostuvo-estan-lejos-llegar-acuerdo-gobierno-los-gremios-municipales\/","url_meta":{"origin":15859,"position":5},"title":"Alicia Barletta sostuvo que est\u00e1n muy lejos de llegar a un acuerdo entre el gobierno y los gremios municipales.","author":"Alejandro Sosa Ruda","date":"10 marzo, 2017","format":false,"excerpt":"En una entrevista de la FM 101.5 durante el programa AM Show, la secretaria general de ATE Mar\u00eda Alicia Barletta se refiri\u00f3 a la negociaci\u00f3n\u00a0con el gobierno municipal acerca de los aumentos salariales. Menciono que estuvieron reunidos los tres gremios municipales con el departamento ejecutivo, en donde hubo una mejora\u2026","rel":"","context":"En \u00abGREMIALES\u00bb","block_context":{"text":"GREMIALES","link":"https:\/\/larevistadigital.com.ar\/blog\/category\/gremiales\/"},"img":{"alt_text":"","src":"https:\/\/i0.wp.com\/larevistadigital.com.ar\/blog\/wp-content\/uploads\/2017\/03\/barleta_Alicia-Copy.jpg?fit=1024%2C768&ssl=1&resize=350%2C200","width":350,"height":200,"srcset":"https:\/\/i0.wp.com\/larevistadigital.com.ar\/blog\/wp-content\/uploads\/2017\/03\/barleta_Alicia-Copy.jpg?fit=1024%2C768&ssl=1&resize=350%2C200 1x, https:\/\/i0.wp.com\/larevistadigital.com.ar\/blog\/wp-content\/uploads\/2017\/03\/barleta_Alicia-Copy.jpg?fit=1024%2C768&ssl=1&resize=525%2C300 1.5x, https:\/\/i0.wp.com\/larevistadigital.com.ar\/blog\/wp-content\/uploads\/2017\/03\/barleta_Alicia-Copy.jpg?fit=1024%2C768&ssl=1&resize=700%2C400 2x"},"classes":[]}],"_links":{"self":[{"href":"https:\/\/larevistadigital.com.ar\/blog\/wp-json\/wp\/v2\/posts\/15859","targetHints":{"allow":["GET"]}}],"collection":[{"href":"https:\/\/larevistadigital.com.ar\/blog\/wp-json\/wp\/v2\/posts"}],"about":[{"href":"https:\/\/larevistadigital.com.ar\/blog\/wp-json\/wp\/v2\/types\/post"}],"author":[{"embeddable":true,"href":"https:\/\/larevistadigital.com.ar\/blog\/wp-json\/wp\/v2\/users\/3"}],"replies":[{"embeddable":true,"href":"https:\/\/larevistadigital.com.ar\/blog\/wp-json\/wp\/v2\/comments?post=15859"}],"version-history":[{"count":2,"href":"https:\/\/larevistadigital.com.ar\/blog\/wp-json\/wp\/v2\/posts\/15859\/revisions"}],"predecessor-version":[{"id":15917,"href":"https:\/\/larevistadigital.com.ar\/blog\/wp-json\/wp\/v2\/posts\/15859\/revisions\/15917"}],"wp:featuredmedia":[{"embeddable":true,"href":"https:\/\/larevistadigital.com.ar\/blog\/wp-json\/wp\/v2\/media\/13837"}],"wp:attachment":[{"href":"https:\/\/larevistadigital.com.ar\/blog\/wp-json\/wp\/v2\/media?parent=15859"}],"wp:term":[{"taxonomy":"category","embeddable":true,"href":"https:\/\/larevistadigital.com.ar\/blog\/wp-json\/wp\/v2\/categories?post=15859"},{"taxonomy":"post_tag","embeddable":true,"href":"https:\/\/larevistadigital.com.ar\/blog\/wp-json\/wp\/v2\/tags?post=15859"}],"curies":[{"name":"wp","href":"https:\/\/api.w.org\/{rel}","templated":true}]}}