{"id":15861,"date":"2020-08-10T12:27:17","date_gmt":"2020-08-10T12:27:17","guid":{"rendered":"https:\/\/larevistadigital.com.ar\/blog\/?p=15861"},"modified":"2020-08-10T12:27:17","modified_gmt":"2020-08-10T12:27:17","slug":"comunicado-del-gen-y-del-peronismo-federal-de-chascomus-en-apoyo-a-los-trabajadores-municipales","status":"publish","type":"post","link":"https:\/\/larevistadigital.com.ar\/blog\/comunicado-del-gen-y-del-peronismo-federal-de-chascomus-en-apoyo-a-los-trabajadores-municipales\/","title":{"rendered":"COMUNICADO DEL GEN Y DEL PERONISMO FEDERAL DE CHASCOM\u00daS EN APOYO A LOS TRABAJADORES MUNICIPALES"},"content":{"rendered":"<p><em><strong>GEN y PF de Chascom\u00fas<\/strong><\/em><br \/>\nRecibimos un documento del Partido GEN Chascom\u00fas y el Peronismo Federal Chascom\u00fas, que dice lo siguiente:<\/p>\n<p><strong><em>\u201cHace un tiempo atr\u00e1s sosten\u00edamos que de la Pandemia y la crisis econ\u00f3mica debemos salir JUNTOS.<\/em><\/strong><\/p>\n<p><strong><em>Dec\u00edamos que la fr\u00e1gil econom\u00eda nacional parece sucumbir frente a la crisis, y las medidas adoptadas no siempre llegan o son suficientes.<\/em><\/strong><\/p>\n<p><strong><em>Sosten\u00edamos que era imperioso anticiparse a las situaciones, adoptar las medidas pertinentes para que comercios y servicios puedan empezar a funcionar, y para que los empleados municipales no sean los que paguen el pato de los derroches que en materia de gasto pol\u00edtico se viene haciendo en el municipio.<\/em><\/strong><\/p>\n<p><strong><em>Sostuvimos una y otra vez que no era momento de ser cr\u00edticos, por eso presentamos nuestras propuestas, nuestras ideas y nuestras sugerencias a las autoridades Municipales. Pero es dif\u00edcil ayudar a los que no se dejan.<\/em><\/strong><\/p>\n<p><strong><em>Hoy los Trabajadores Municipales levantan su voz, a trav\u00e9s de sus representantes gremiales. Una voz clara, sincera, mesurada, que refleja un conocimiento acabado de la realidad de cientos de familias municipales que padecen la crisis, que reciben salarios por debajo de la l\u00ednea de la pobreza. Trabajadores que se esfuerzan todo el mes y aun as\u00ed deben recibir la ayuda alimentaria del propio Municipio para no padecer hambre.<\/em><\/strong><br \/>\n<strong><em>Es parad\u00f3jico que mientras esto ocurre se siga incrementando la planta pol\u00edtica y jer\u00e1rquica del Municipio, como si nada pasara. Quieren tornar invisible un reclamo creciente. Un reclamo educado, moderado, razonable, justo.<\/em><\/strong><\/p>\n<p><strong><em>Son estos trabajadores, y los jubilados municipales los que mantienen la din\u00e1mica de la ciudad, los que brindan servicios esenciales en distintas \u00e1reas y quehaceres los que hoy necesitan del acompa\u00f1amiento y la comprensi\u00f3n de toda la comunidad, y especialmente de sus autoridades.<\/em><\/strong><br \/>\n<strong><em>Es hora de respuestas para que no aparezcan nuevas divisiones que m\u00e1s tarde lamentaremos.<\/em><\/strong><\/p>\n<p><strong><em>Es hora que el Concejo Deliberante se despabile, y cumpla su rol. Proponemos que sea el Concejo Deliberante qui\u00e9n convoque, con car\u00e1cter URGENTE una reuni\u00f3n en la que participen miembros del Departamento Ejecutivo, los sindicatos y concejales y acuerden las medidas a adoptar para posibilitar el pago del justo reclamo salarial.<\/em><\/strong><\/p>\n<p><strong><em>Sugerimos la adopci\u00f3n, entre otras, de las siguientes medidas: reducci\u00f3n del 30% de salarios a todo el personal pol\u00edtico, desafectar los autos q mantiene el municipio, interrupci\u00f3n del pago vi\u00e1ticos a todos los funcionarios, reasignaci\u00f3n de las partidas de turismo y deporte y todas las subejecutadas a los fines de cumplir con los trabajadores y su leg\u00edtimo reclamo.<\/em><\/strong><br \/>\n<strong><em>Es hora de dar se\u00f1ales y respuestas claras a quienes tanto hacen por nosotros.<\/em><\/strong><\/p>\n","protected":false},"excerpt":{"rendered":"<div class=\"mh-excerpt\"><p>GEN y PF de Chascom\u00fas Recibimos un documento del Partido GEN Chascom\u00fas y el Peronismo Federal Chascom\u00fas, que dice lo siguiente: \u201cHace un tiempo atr\u00e1s sosten\u00edamos que de la Pandemia y la crisis econ\u00f3mica debemos <a class=\"mh-excerpt-more\" href=\"https:\/\/larevistadigital.com.ar\/blog\/comunicado-del-gen-y-del-peronismo-federal-de-chascomus-en-apoyo-a-los-trabajadores-municipales\/\" title=\"COMUNICADO DEL GEN Y DEL PERONISMO FEDERAL DE CHASCOM\u00daS EN APOYO A LOS TRABAJADORES MUNICIPALES\">[Leer M\u00e1s]<\/a><\/p>\n<\/div>","protected":false},"author":3,"featured_media":15862,"comment_status":"open","ping_status":"open","sticky":false,"template":"","format":"standard","meta":{"_jetpack_memberships_contains_paid_content":false,"footnotes":"","jetpack_publicize_message":"","jetpack_publicize_feature_enabled":true,"jetpack_social_post_already_shared":true,"jetpack_social_options":{"image_generator_settings":{"template":"highway","default_image_id":0,"font":"","enabled":false},"version":2}},"categories":[50,23],"tags":[],"class_list":{"0":"post-15861","1":"post","2":"type-post","3":"status-publish","4":"format-standard","5":"has-post-thumbnail","7":"category-interes-general","8":"category-politica-local"},"jetpack_publicize_connections":[],"jetpack_featured_media_url":"https:\/\/i0.wp.com\/larevistadigital.com.ar\/blog\/wp-content\/uploads\/unnamed-8.jpg?fit=512%2C288&ssl=1","jetpack_sharing_enabled":true,"jetpack_shortlink":"https:\/\/wp.me\/p8qtrQ-47P","jetpack-related-posts":[{"id":15964,"url":"https:\/\/larevistadigital.com.ar\/blog\/gen-de-chascomus-mas-burocracia-menos-educacion\/","url_meta":{"origin":15861,"position":0},"title":"GEN DE CHASCOM\u00daS: \u00abM\u00c1S BUROCRACIA, MENOS EDUCACI\u00d3N\u00bb","author":"Alejandro Sosa Ruda","date":"11 agosto, 2020","format":false,"excerpt":"\u201cUna vez m\u00e1s y van\u2026 el hilo se intenta cortar por lo m\u00e1s delgado...\u201d M\u00c1S BUROCRACIA MENOS EDUCACI\u00d3N Lo inexplicable que estas medidas las tomen quienes deber\u00edan tener m\u00e1s claro las prioridades de una sociedad... \u00a0Una vez m\u00e1s y van\u2026 el hilo se intenta cortar por lo m\u00e1s delgado. Se\u2026","rel":"","context":"En \u00abINTERES GENERAL\u00bb","block_context":{"text":"INTERES GENERAL","link":"https:\/\/larevistadigital.com.ar\/blog\/category\/interes-general\/"},"img":{"alt_text":"","src":"https:\/\/i0.wp.com\/larevistadigital.com.ar\/blog\/wp-content\/uploads\/unnamed-8.jpg?fit=512%2C288&ssl=1&resize=350%2C200","width":350,"height":200},"classes":[]},{"id":16206,"url":"https:\/\/larevistadigital.com.ar\/blog\/el-gen-de-chascomus-le-pide-a-javier-gaston-que-no-sea-porfiado\/","url_meta":{"origin":15861,"position":1},"title":"EL GEN DE CHASCOM\u00daS LE PIDE A JAVIER GAST\u00d3N \u00abQUE NO SEA PORFIADO\u00bb","author":"Alejandro Sosa Ruda","date":"2 septiembre, 2020","format":false,"excerpt":"El partido GEN y el Peronismo Federal de Chascom\u00fas, nos hicieron llegar una nota dirigida al intendente Municipal, Javier Gast\u00f3n, que no sea porfiado y modifique su posici\u00f3n respecto de \"TRAER A CHASCOM\u00daS LA BASURA DE SEIS DISTRITOS VECINOS\". Aqu\u00ed publicamos la nota: Se\u00f1or INTENDENTE: No sea porfiado !!!! Cada\u2026","rel":"","context":"En \u00abCHASCOM\u00daS\u00bb","block_context":{"text":"CHASCOM\u00daS","link":"https:\/\/larevistadigital.com.ar\/blog\/category\/chascomus\/"},"img":{"alt_text":"","src":"https:\/\/i0.wp.com\/larevistadigital.com.ar\/blog\/wp-content\/uploads\/2017\/10\/oidos-sordos-1.jpg?fit=900%2C376&ssl=1&resize=350%2C200","width":350,"height":200,"srcset":"https:\/\/i0.wp.com\/larevistadigital.com.ar\/blog\/wp-content\/uploads\/2017\/10\/oidos-sordos-1.jpg?fit=900%2C376&ssl=1&resize=350%2C200 1x, https:\/\/i0.wp.com\/larevistadigital.com.ar\/blog\/wp-content\/uploads\/2017\/10\/oidos-sordos-1.jpg?fit=900%2C376&ssl=1&resize=525%2C300 1.5x, https:\/\/i0.wp.com\/larevistadigital.com.ar\/blog\/wp-content\/uploads\/2017\/10\/oidos-sordos-1.jpg?fit=900%2C376&ssl=1&resize=700%2C400 2x"},"classes":[]},{"id":10008,"url":"https:\/\/larevistadigital.com.ar\/blog\/chascomus-gen-y-lavagnismo-arman-juntos-y-alfonsinismo-se-rompe-cambiemos\/","url_meta":{"origin":15861,"position":2},"title":"CHASCOM\u00daS: GEN Y LAVAGNISMO ARMAN JUNTOS (\u00bfY ALFONSINISMO?) \u00bfSE ROMPE CAMBIEMOS?","author":"Alejandro Sosa Ruda","date":"6 mayo, 2019","format":false,"excerpt":"El partido GEN que preside Margarita Stolbizer, el peronismo nucleado bajo las figuras de Roberto Lavagna y Miguel Pichetto, el partido Socialista del gobernador Miguel Lifschitz, los sectores radicales que encabezan Ricardo Alfons\u00edn, como tambi\u00e9n Juan Manuel Casella y Federico Storani, se vienen reuniendo en busca de una concentraci\u00f3n, donde\u2026","rel":"","context":"En \u00abCHASCOM\u00daS\u00bb","block_context":{"text":"CHASCOM\u00daS","link":"https:\/\/larevistadigital.com.ar\/blog\/category\/chascomus\/"},"img":{"alt_text":"","src":"https:\/\/i0.wp.com\/larevistadigital.com.ar\/blog\/wp-content\/uploads\/2019\/05\/WhatsApp-Image-2019-05-05-at-21.04.28.jpeg?fit=1200%2C592&ssl=1&resize=350%2C200","width":350,"height":200,"srcset":"https:\/\/i0.wp.com\/larevistadigital.com.ar\/blog\/wp-content\/uploads\/2019\/05\/WhatsApp-Image-2019-05-05-at-21.04.28.jpeg?fit=1200%2C592&ssl=1&resize=350%2C200 1x, https:\/\/i0.wp.com\/larevistadigital.com.ar\/blog\/wp-content\/uploads\/2019\/05\/WhatsApp-Image-2019-05-05-at-21.04.28.jpeg?fit=1200%2C592&ssl=1&resize=525%2C300 1.5x, https:\/\/i0.wp.com\/larevistadigital.com.ar\/blog\/wp-content\/uploads\/2019\/05\/WhatsApp-Image-2019-05-05-at-21.04.28.jpeg?fit=1200%2C592&ssl=1&resize=700%2C400 2x, https:\/\/i0.wp.com\/larevistadigital.com.ar\/blog\/wp-content\/uploads\/2019\/05\/WhatsApp-Image-2019-05-05-at-21.04.28.jpeg?fit=1200%2C592&ssl=1&resize=1050%2C600 3x"},"classes":[]},{"id":17728,"url":"https:\/\/larevistadigital.com.ar\/blog\/nota-de-opinion-chascomus-unido-contra-el-proyecto-de-basurero-regional-por-una-politica-ambiental-participativa-y-razonable\/","url_meta":{"origin":15861,"position":3},"title":"NOTA DE OPINI\u00d3N: CHASCOMUS UNIDO CONTRA EL PROYECTO DE BASURERO REGIONAL POR UNA POL\u00cdTICA AMBIENTAL PARTICIPATIVA Y RAZONABLE","author":"Alejandro Sosa Ruda","date":"19 noviembre, 2020","format":false,"excerpt":"El GEN de Chascom\u00fas exhorta al Intendente Javier Gast\u00f3n a que colabore con el dise\u00f1o de una verdadera pol\u00edtica de Estado, con participaci\u00f3n de la ciudadan\u00eda, ONGs, Partidos Pol\u00edticos y sectores interesados El GEN de Chascom\u00fas valora positivamente el compromiso de los vecinos con el cuidado de nuestro ambiente y\u2026","rel":"","context":"En \u00abINTERES GENERAL\u00bb","block_context":{"text":"INTERES GENERAL","link":"https:\/\/larevistadigital.com.ar\/blog\/category\/interes-general\/"},"img":{"alt_text":"","src":"https:\/\/i0.wp.com\/larevistadigital.com.ar\/blog\/wp-content\/uploads\/unnamed-8.jpg?fit=512%2C288&ssl=1&resize=350%2C200","width":350,"height":200},"classes":[]},{"id":46702,"url":"https:\/\/larevistadigital.com.ar\/blog\/el-peronismo-de-chascomus-homenajeo-a-eva-peron-con-un-acto-e-inauguro-una-nueva-senalizacion-en-el-paseo-que-lleva-su-nombre\/","url_meta":{"origin":15861,"position":4},"title":"El peronismo de Chascom\u00fas homenaje\u00f3 a Eva Per\u00f3n con un acto e inaugur\u00f3 una nueva se\u00f1alizaci\u00f3n en el paseo que lleva su nombre","author":"Alejandro Sosa Ruda","date":"26 julio, 2026","format":false,"excerpt":"En un nuevo aniversario del paso a la inmortalidad de Eva Per\u00f3n, el Partido Justicialista de Chascom\u00fas realiz\u00f3 un acto conmemorativo en la Costanera. Durante la jornada se inaugur\u00f3 una nueva se\u00f1alizaci\u00f3n del paseo que lleva el nombre de \"Evita\" y participaron representantes de los distintos sectores del peronismo local.\u2026","rel":"","context":"En \u00abDESTACADAS\u00bb","block_context":{"text":"DESTACADAS","link":"https:\/\/larevistadigital.com.ar\/blog\/category\/destacadas\/"},"img":{"alt_text":"","src":"https:\/\/i0.wp.com\/larevistadigital.com.ar\/blog\/wp-content\/uploads\/3-10.jpg?fit=853%2C568&ssl=1&resize=350%2C200","width":350,"height":200,"srcset":"https:\/\/i0.wp.com\/larevistadigital.com.ar\/blog\/wp-content\/uploads\/3-10.jpg?fit=853%2C568&ssl=1&resize=350%2C200 1x, https:\/\/i0.wp.com\/larevistadigital.com.ar\/blog\/wp-content\/uploads\/3-10.jpg?fit=853%2C568&ssl=1&resize=525%2C300 1.5x, https:\/\/i0.wp.com\/larevistadigital.com.ar\/blog\/wp-content\/uploads\/3-10.jpg?fit=853%2C568&ssl=1&resize=700%2C400 2x"},"classes":[]},{"id":23101,"url":"https:\/\/larevistadigital.com.ar\/blog\/partido-gen-esperamos-que-el-intendente-renuncie-a-los-privilegios\/","url_meta":{"origin":15861,"position":5},"title":"PARTIDO GEN: ESPERAMOS QUE EL INTENDENTE RENUNCIE A LOS PRIVILEGIOS","author":"Alejandro Sosa Ruda","date":"29 diciembre, 2021","format":false,"excerpt":"Los responsables del partido GEN en Chascom\u00fas, hicieron llegar a nuestra redacci\u00f3n una nota en la que se refieren a la votaci\u00f3n de las c\u00e1maras que quitaron el freno a las reelecciones de los intendentes. A continuaci\u00f3n la publicamos NO BORREN CON EL CODO\u2026.. La alternancia dentro de los espacios\u2026","rel":"","context":"En \u00abINTERES GENERAL\u00bb","block_context":{"text":"INTERES GENERAL","link":"https:\/\/larevistadigital.com.ar\/blog\/category\/interes-general\/"},"img":{"alt_text":"","src":"https:\/\/i0.wp.com\/larevistadigital.com.ar\/blog\/wp-content\/uploads\/gen-chascomus.png?fit=1200%2C440&ssl=1&resize=350%2C200","width":350,"height":200,"srcset":"https:\/\/i0.wp.com\/larevistadigital.com.ar\/blog\/wp-content\/uploads\/gen-chascomus.png?fit=1200%2C440&ssl=1&resize=350%2C200 1x, https:\/\/i0.wp.com\/larevistadigital.com.ar\/blog\/wp-content\/uploads\/gen-chascomus.png?fit=1200%2C440&ssl=1&resize=525%2C300 1.5x, https:\/\/i0.wp.com\/larevistadigital.com.ar\/blog\/wp-content\/uploads\/gen-chascomus.png?fit=1200%2C440&ssl=1&resize=700%2C400 2x, https:\/\/i0.wp.com\/larevistadigital.com.ar\/blog\/wp-content\/uploads\/gen-chascomus.png?fit=1200%2C440&ssl=1&resize=1050%2C600 3x"},"classes":[]}],"_links":{"self":[{"href":"https:\/\/larevistadigital.com.ar\/blog\/wp-json\/wp\/v2\/posts\/15861","targetHints":{"allow":["GET"]}}],"collection":[{"href":"https:\/\/larevistadigital.com.ar\/blog\/wp-json\/wp\/v2\/posts"}],"about":[{"href":"https:\/\/larevistadigital.com.ar\/blog\/wp-json\/wp\/v2\/types\/post"}],"author":[{"embeddable":true,"href":"https:\/\/larevistadigital.com.ar\/blog\/wp-json\/wp\/v2\/users\/3"}],"replies":[{"embeddable":true,"href":"https:\/\/larevistadigital.com.ar\/blog\/wp-json\/wp\/v2\/comments?post=15861"}],"version-history":[{"count":1,"href":"https:\/\/larevistadigital.com.ar\/blog\/wp-json\/wp\/v2\/posts\/15861\/revisions"}],"predecessor-version":[{"id":15863,"href":"https:\/\/larevistadigital.com.ar\/blog\/wp-json\/wp\/v2\/posts\/15861\/revisions\/15863"}],"wp:featuredmedia":[{"embeddable":true,"href":"https:\/\/larevistadigital.com.ar\/blog\/wp-json\/wp\/v2\/media\/15862"}],"wp:attachment":[{"href":"https:\/\/larevistadigital.com.ar\/blog\/wp-json\/wp\/v2\/media?parent=15861"}],"wp:term":[{"taxonomy":"category","embeddable":true,"href":"https:\/\/larevistadigital.com.ar\/blog\/wp-json\/wp\/v2\/categories?post=15861"},{"taxonomy":"post_tag","embeddable":true,"href":"https:\/\/larevistadigital.com.ar\/blog\/wp-json\/wp\/v2\/tags?post=15861"}],"curies":[{"name":"wp","href":"https:\/\/api.w.org\/{rel}","templated":true}]}}