{"id":15906,"date":"2020-08-10T12:35:25","date_gmt":"2020-08-10T12:35:25","guid":{"rendered":"https:\/\/larevistadigital.com.ar\/blog\/?p=15906"},"modified":"2020-08-10T12:35:25","modified_gmt":"2020-08-10T12:35:25","slug":"vuelta-de-clases-en-san-juan-como-seran-los-recreos-meriendas-y-los-banos","status":"publish","type":"post","link":"https:\/\/larevistadigital.com.ar\/blog\/vuelta-de-clases-en-san-juan-como-seran-los-recreos-meriendas-y-los-banos\/","title":{"rendered":"VUELTA DE CLASES EN SAN JUAN: \u00bfC\u00d3MO SER\u00c1N LOS RECREOS, MERIENDAS Y LOS BA\u00d1OS?"},"content":{"rendered":"<h2>San Juan es la primera provincia en la que habr\u00e1 clases presenciales desde que se detectaron casos de coronavirus en Argentina. Los detalles del protocolo.<\/h2>\n<p>Este lunes, chicos de 14 departamentos de la provincia de San juan\u00a0retornan a las escuelas. Con protocolo sanitario, respetando el distanciamiento social y con tapabocas obligatorio.\u00a0<strong>Adem\u00e1s del procedimiento para el ingreso, permanencia y egreso de los establecimientos hay pautas para los recreos, la merienda y el uso de sanitarios.<\/strong><\/p>\n<h2>Recreos<\/h2>\n<ul>\n<li>Distanciamiento de 2 metros como m\u00ednimo, respetando la distribuci\u00f3n y espacios asignados para cada estudiante.<\/li>\n<li>Uso permanente de tapaboca, cubriendo por completo la nariz, boca y ment\u00f3n.<\/li>\n<li>Evitar contacto f\u00edsico de todo tipo como besos, abrazos, apretones de manos, pu\u00f1os entre otros.<\/li>\n<li>No deben compartir juegos, celulares, objetos personales<\/li>\n<li>Tras recreo, el estudiante deber\u00e1 dirigirse al aula correspondiente siguiendo los accesos establecidos y respetando el distanciamiento social<\/li>\n<\/ul>\n<h2>Merienda<\/h2>\n<ul>\n<li>Cada estudiante deber\u00e1 llevar de su casa una botella de agua personal y la merienda, ante la no apertura temporal de los kioscos escolares y la prohibici\u00f3n de venta de alimentos en el establecimiento<\/li>\n<li>Los alimentos a ingerir no deben requerir elaboraci\u00f3n, preferentemente deben ser frutas, alimentos secos como: galletas, alfajores, entre otros<\/li>\n<li>Al inicio del recreo los estudiantes saldr\u00e1n del aula con su merienda para ser ingerida guardando el distanciamiento social en galer\u00edas o SUM<\/li>\n<li>Los estudiantes deben lavarse las manos o aplicar alcohol en gel antes y despu\u00e9s de comer.<\/li>\n<li>Los estudiantes de escuelas que tienen el servicio de Copa de Leche o Comedor Escolar, seguir\u00e1n recibiendo los m\u00f3dulos alimentarios, que incluir\u00e1n adem\u00e1s la merienda seca que deben llevar diariamente para ingerir en la escuela<\/li>\n<\/ul>\n<h2>Uso de sanitarios<\/h2>\n<ul>\n<li>El personal de mantenimiento limpiar\u00e1 los sanitarios antes del inicio y culminaci\u00f3n de cada turno, antes y despu\u00e9s de cada recreo<\/li>\n<li>Evitar la concurrencia simult\u00e1nea de estudiantes a los sanitarios<\/li>\n<li>Deben respetar el distanciamiento establecido y el uso de tapaboca<\/li>\n<li>Adem\u00e1s de higienizar las manos antes y despu\u00e9s del uso del sanitario, haciendo uso del kit otorgado por el Ministerio de\u00a0<a class=\"agrupador\" href=\"http:\/\/www.minutouno.com\/educacion-a104\" rel=\"104\">Educaci\u00f3n<\/a>\u00a0de la provincia de San Juan<\/li>\n<li>Despu\u00e9s del uso del sanitario, tienen que retornar directamente al aula o recreo<\/li>\n<\/ul>\n","protected":false},"excerpt":{"rendered":"<div class=\"mh-excerpt\"><p>San Juan es la primera provincia en la que habr\u00e1 clases presenciales desde que se detectaron casos de coronavirus en Argentina. Los detalles del protocolo. Este lunes, chicos de 14 departamentos de la provincia de <a class=\"mh-excerpt-more\" href=\"https:\/\/larevistadigital.com.ar\/blog\/vuelta-de-clases-en-san-juan-como-seran-los-recreos-meriendas-y-los-banos\/\" title=\"VUELTA DE CLASES EN SAN JUAN: \u00bfC\u00d3MO SER\u00c1N LOS RECREOS, MERIENDAS Y LOS BA\u00d1OS?\">[Leer M\u00e1s]<\/a><\/p>\n<\/div>","protected":false},"author":3,"featured_media":15907,"comment_status":"open","ping_status":"open","sticky":false,"template":"","format":"standard","meta":{"_jetpack_memberships_contains_paid_content":false,"footnotes":"","jetpack_publicize_message":"","jetpack_publicize_feature_enabled":true,"jetpack_social_post_already_shared":true,"jetpack_social_options":{"image_generator_settings":{"template":"highway","default_image_id":0,"font":"","enabled":false},"version":2}},"categories":[50],"tags":[],"class_list":{"0":"post-15906","1":"post","2":"type-post","3":"status-publish","4":"format-standard","5":"has-post-thumbnail","7":"category-interes-general"},"jetpack_publicize_connections":[],"jetpack_featured_media_url":"https:\/\/i0.wp.com\/larevistadigital.com.ar\/blog\/wp-content\/uploads\/0037936198.jpg?fit=1140%2C640&ssl=1","jetpack_sharing_enabled":true,"jetpack_shortlink":"https:\/\/wp.me\/p8qtrQ-48y","jetpack-related-posts":[{"id":15554,"url":"https:\/\/larevistadigital.com.ar\/blog\/coronel-suarez-fase-5-regresan-bares-confiterias-y-restaurantes-con-protocolos-estrictos\/","url_meta":{"origin":15906,"position":0},"title":"CORONEL SUAREZ FASE 5: REGRESAN BARES, CONFITER\u00cdAS Y RESTAURANTES CON PROTOCOLOS ESTRICTOS","author":"Alejandro Sosa Ruda","date":"8 junio, 2020","format":false,"excerpt":"En la sexta secci\u00f3n electoral hay 19 distritos sin casos de COVID-19\u00a0y con perspectivas de ingresar en la fase de distanciamiento social. Vuelve el sector gastron\u00f3mico, deportes de pocos participantes\u00a0y talleres con un m\u00e1ximo de 6 integrantes. El intendente del Frente de Todos,\u00a0Ricardo Moccero, confirm\u00f3 el regreso \u201ccon condiciones\u201d de\u2026","rel":"","context":"En \u00abINTERES GENERAL\u00bb","block_context":{"text":"INTERES GENERAL","link":"https:\/\/larevistadigital.com.ar\/blog\/category\/interes-general\/"},"img":{"alt_text":"","src":"https:\/\/i0.wp.com\/larevistadigital.com.ar\/blog\/wp-content\/uploads\/el-increible-cambio-que-han-sufrido-los-bares-con-el-paso-del-tiempo.jpg?fit=1200%2C675&ssl=1&resize=350%2C200","width":350,"height":200,"srcset":"https:\/\/i0.wp.com\/larevistadigital.com.ar\/blog\/wp-content\/uploads\/el-increible-cambio-que-han-sufrido-los-bares-con-el-paso-del-tiempo.jpg?fit=1200%2C675&ssl=1&resize=350%2C200 1x, https:\/\/i0.wp.com\/larevistadigital.com.ar\/blog\/wp-content\/uploads\/el-increible-cambio-que-han-sufrido-los-bares-con-el-paso-del-tiempo.jpg?fit=1200%2C675&ssl=1&resize=525%2C300 1.5x, https:\/\/i0.wp.com\/larevistadigital.com.ar\/blog\/wp-content\/uploads\/el-increible-cambio-que-han-sufrido-los-bares-con-el-paso-del-tiempo.jpg?fit=1200%2C675&ssl=1&resize=700%2C400 2x, https:\/\/i0.wp.com\/larevistadigital.com.ar\/blog\/wp-content\/uploads\/el-increible-cambio-que-han-sufrido-los-bares-con-el-paso-del-tiempo.jpg?fit=1200%2C675&ssl=1&resize=1050%2C600 3x"},"classes":[]},{"id":16962,"url":"https:\/\/larevistadigital.com.ar\/blog\/docentes-cuestionan-la-vuelta-a-las-clases-presenciales\/","url_meta":{"origin":15906,"position":1},"title":"DOCENTES CUESTIONAN LA VUELTA A LAS CLASES PRESENCIALES","author":"Alejandro Sosa Ruda","date":"14 octubre, 2020","format":false,"excerpt":"Desde el plenario de CTERA se reclam\u00f3 al gobierno por el cambio de pol\u00edtica en este sentido y manifest\u00f3 que no se puede volver a la escuela a menos que haya baja o nula circulaci\u00f3n del virus. El Plenario de Secretarios Generales de CTERA, la central que agrupa a los\u2026","rel":"","context":"En \u00abGREMIALES\u00bb","block_context":{"text":"GREMIALES","link":"https:\/\/larevistadigital.com.ar\/blog\/category\/gremiales\/"},"img":{"alt_text":"","src":"https:\/\/i0.wp.com\/larevistadigital.com.ar\/blog\/wp-content\/uploads\/aula-vacia.jpg?fit=1200%2C800&ssl=1&resize=350%2C200","width":350,"height":200,"srcset":"https:\/\/i0.wp.com\/larevistadigital.com.ar\/blog\/wp-content\/uploads\/aula-vacia.jpg?fit=1200%2C800&ssl=1&resize=350%2C200 1x, https:\/\/i0.wp.com\/larevistadigital.com.ar\/blog\/wp-content\/uploads\/aula-vacia.jpg?fit=1200%2C800&ssl=1&resize=525%2C300 1.5x, https:\/\/i0.wp.com\/larevistadigital.com.ar\/blog\/wp-content\/uploads\/aula-vacia.jpg?fit=1200%2C800&ssl=1&resize=700%2C400 2x, https:\/\/i0.wp.com\/larevistadigital.com.ar\/blog\/wp-content\/uploads\/aula-vacia.jpg?fit=1200%2C800&ssl=1&resize=1050%2C600 3x"},"classes":[]},{"id":10831,"url":"https:\/\/larevistadigital.com.ar\/blog\/san-juan-adhiere-a-la-ley-de-cannabis-medicinal-y-garantizara-el-reparto-gratuito\/","url_meta":{"origin":15906,"position":2},"title":"SAN JUAN ADHIERE A LA LEY DE CANNABIS MEDICINAL Y GARANTIZAR\u00c1 EL REPARTO GRATUITO","author":"Alejandro Sosa Ruda","date":"28 junio, 2019","format":false,"excerpt":"La norma aprobada por unanimidad en la C\u00e1mara de Diputados local permite la instalaci\u00f3n de dos empresas extranjeras que ya iniciaron inversiones para producir el producto y establece que el estado provincial\u00a0podr\u00e1 proveer el aceite a las personas que lo necesiten. San Luis aprob\u00f3 la adhesi\u00f3n a la ley nacional\u2026","rel":"","context":"En \u00abINTERES GENERAL\u00bb","block_context":{"text":"INTERES GENERAL","link":"https:\/\/larevistadigital.com.ar\/blog\/category\/interes-general\/"},"img":{"alt_text":"","src":"https:\/\/i0.wp.com\/larevistadigital.com.ar\/blog\/wp-content\/uploads\/Screenshot_4-2.jpg?fit=1044%2C524&ssl=1&resize=350%2C200","width":350,"height":200,"srcset":"https:\/\/i0.wp.com\/larevistadigital.com.ar\/blog\/wp-content\/uploads\/Screenshot_4-2.jpg?fit=1044%2C524&ssl=1&resize=350%2C200 1x, https:\/\/i0.wp.com\/larevistadigital.com.ar\/blog\/wp-content\/uploads\/Screenshot_4-2.jpg?fit=1044%2C524&ssl=1&resize=525%2C300 1.5x, https:\/\/i0.wp.com\/larevistadigital.com.ar\/blog\/wp-content\/uploads\/Screenshot_4-2.jpg?fit=1044%2C524&ssl=1&resize=700%2C400 2x"},"classes":[]},{"id":15558,"url":"https:\/\/larevistadigital.com.ar\/blog\/dolores-pasa-a-fase-5\/","url_meta":{"origin":15906,"position":3},"title":"\u00bfDOLORES PASA A FASE 5?","author":"Alejandro Sosa Ruda","date":"8 junio, 2020","format":false,"excerpt":"Ayer, la Secretar\u00eda de Salud inform\u00f3 que dio negativo el resultado del estudio realizado a la paciente que fue trasladada a un Hospital de La Plata, para continuar con la atenci\u00f3n de una patolog\u00eda preexistente. Hasta este momento en Dolores no hay casos sospechosos ni positivos. Recordar que ante cualquier\u2026","rel":"","context":"En \u00abDOLORES\u00bb","block_context":{"text":"DOLORES","link":"https:\/\/larevistadigital.com.ar\/blog\/category\/dolores\/"},"img":{"alt_text":"","src":"https:\/\/i0.wp.com\/larevistadigital.com.ar\/blog\/wp-content\/uploads\/Plaza_Castelli_Dolores.jpg?fit=1200%2C675&ssl=1&resize=350%2C200","width":350,"height":200,"srcset":"https:\/\/i0.wp.com\/larevistadigital.com.ar\/blog\/wp-content\/uploads\/Plaza_Castelli_Dolores.jpg?fit=1200%2C675&ssl=1&resize=350%2C200 1x, https:\/\/i0.wp.com\/larevistadigital.com.ar\/blog\/wp-content\/uploads\/Plaza_Castelli_Dolores.jpg?fit=1200%2C675&ssl=1&resize=525%2C300 1.5x, https:\/\/i0.wp.com\/larevistadigital.com.ar\/blog\/wp-content\/uploads\/Plaza_Castelli_Dolores.jpg?fit=1200%2C675&ssl=1&resize=700%2C400 2x, https:\/\/i0.wp.com\/larevistadigital.com.ar\/blog\/wp-content\/uploads\/Plaza_Castelli_Dolores.jpg?fit=1200%2C675&ssl=1&resize=1050%2C600 3x"},"classes":[]},{"id":18443,"url":"https:\/\/larevistadigital.com.ar\/blog\/mar-del-plata-desarticulan-30-fiestas-clandestinas-con-mas-de-1000-personas\/","url_meta":{"origin":15906,"position":4},"title":"MAR DEL PLATA: DESARTICULAN 30 FIESTAS CLANDESTINAS CON M\u00c1S DE 1000 PERSONAS","author":"Alejandro Sosa Ruda","date":"3 enero, 2021","format":false,"excerpt":"4 actas de constataci\u00f3n en establecimientos comerciales por no cumplir con el protocolo de funcionamiento gastron\u00f3mico provincial, por constatarse personas bailando sin distanciamiento social. MAR DEL PLATA - El Municipio de General Pueyrredon\u00a0por medio de distintas \u00e1reas, continu\u00f3 con los operativos de control durante la noche del s\u00e1bado y las\u2026","rel":"","context":"En \u00abREGIONALES\u00bb","block_context":{"text":"REGIONALES","link":"https:\/\/larevistadigital.com.ar\/blog\/category\/regionales\/"},"img":{"alt_text":"","src":"https:\/\/i0.wp.com\/larevistadigital.com.ar\/blog\/wp-content\/uploads\/Screenshot_2-125.jpg?fit=1001%2C565&ssl=1&resize=350%2C200","width":350,"height":200,"srcset":"https:\/\/i0.wp.com\/larevistadigital.com.ar\/blog\/wp-content\/uploads\/Screenshot_2-125.jpg?fit=1001%2C565&ssl=1&resize=350%2C200 1x, https:\/\/i0.wp.com\/larevistadigital.com.ar\/blog\/wp-content\/uploads\/Screenshot_2-125.jpg?fit=1001%2C565&ssl=1&resize=525%2C300 1.5x, https:\/\/i0.wp.com\/larevistadigital.com.ar\/blog\/wp-content\/uploads\/Screenshot_2-125.jpg?fit=1001%2C565&ssl=1&resize=700%2C400 2x"},"classes":[]},{"id":14992,"url":"https:\/\/larevistadigital.com.ar\/blog\/fallecio-un-paciente-que-es-el-primer-caso-por-protocolo-sospechoso-de-coronavirus\/","url_meta":{"origin":15906,"position":5},"title":"FALLECI\u00d3 UN PACIENTE QUE ES EL PRIMER CASO POR PROTOCOLO SOSPECHOSO DE CORONAVIRUS","author":"Alejandro Sosa Ruda","date":"29 marzo, 2020","format":false,"excerpt":"La Municipalidad de Chascom\u00fas a trav\u00e9s de la Secretar\u00eda de Salud P\u00fablica informa que se registra el primer caso sospechoso, por protocolo y no por epidemiolog\u00eda, de Coronavirus COVID 19 en la ciudad de Chascom\u00fas. En la noche del s\u00e1bado 28 de marzo se produjo el fallecimiento de un paciente\u2026","rel":"","context":"En \u00abCHASCOM\u00daS\u00bb","block_context":{"text":"CHASCOM\u00daS","link":"https:\/\/larevistadigital.com.ar\/blog\/category\/chascomus\/"},"img":{"alt_text":"","src":"https:\/\/i0.wp.com\/larevistadigital.com.ar\/blog\/wp-content\/uploads\/91513576_3722920674415614_9141635111245053952_o.jpg?fit=960%2C960&ssl=1&resize=350%2C200","width":350,"height":200,"srcset":"https:\/\/i0.wp.com\/larevistadigital.com.ar\/blog\/wp-content\/uploads\/91513576_3722920674415614_9141635111245053952_o.jpg?fit=960%2C960&ssl=1&resize=350%2C200 1x, https:\/\/i0.wp.com\/larevistadigital.com.ar\/blog\/wp-content\/uploads\/91513576_3722920674415614_9141635111245053952_o.jpg?fit=960%2C960&ssl=1&resize=525%2C300 1.5x, https:\/\/i0.wp.com\/larevistadigital.com.ar\/blog\/wp-content\/uploads\/91513576_3722920674415614_9141635111245053952_o.jpg?fit=960%2C960&ssl=1&resize=700%2C400 2x"},"classes":[]}],"_links":{"self":[{"href":"https:\/\/larevistadigital.com.ar\/blog\/wp-json\/wp\/v2\/posts\/15906","targetHints":{"allow":["GET"]}}],"collection":[{"href":"https:\/\/larevistadigital.com.ar\/blog\/wp-json\/wp\/v2\/posts"}],"about":[{"href":"https:\/\/larevistadigital.com.ar\/blog\/wp-json\/wp\/v2\/types\/post"}],"author":[{"embeddable":true,"href":"https:\/\/larevistadigital.com.ar\/blog\/wp-json\/wp\/v2\/users\/3"}],"replies":[{"embeddable":true,"href":"https:\/\/larevistadigital.com.ar\/blog\/wp-json\/wp\/v2\/comments?post=15906"}],"version-history":[{"count":1,"href":"https:\/\/larevistadigital.com.ar\/blog\/wp-json\/wp\/v2\/posts\/15906\/revisions"}],"predecessor-version":[{"id":15908,"href":"https:\/\/larevistadigital.com.ar\/blog\/wp-json\/wp\/v2\/posts\/15906\/revisions\/15908"}],"wp:featuredmedia":[{"embeddable":true,"href":"https:\/\/larevistadigital.com.ar\/blog\/wp-json\/wp\/v2\/media\/15907"}],"wp:attachment":[{"href":"https:\/\/larevistadigital.com.ar\/blog\/wp-json\/wp\/v2\/media?parent=15906"}],"wp:term":[{"taxonomy":"category","embeddable":true,"href":"https:\/\/larevistadigital.com.ar\/blog\/wp-json\/wp\/v2\/categories?post=15906"},{"taxonomy":"post_tag","embeddable":true,"href":"https:\/\/larevistadigital.com.ar\/blog\/wp-json\/wp\/v2\/tags?post=15906"}],"curies":[{"name":"wp","href":"https:\/\/api.w.org\/{rel}","templated":true}]}}