{"id":15931,"date":"2020-08-11T13:19:14","date_gmt":"2020-08-11T13:19:14","guid":{"rendered":"https:\/\/larevistadigital.com.ar\/blog\/?p=15931"},"modified":"2020-08-11T13:19:14","modified_gmt":"2020-08-11T13:19:14","slug":"hallan-en-birmania-un-fosil-de-la-extinta-hormiga-del-infierno","status":"publish","type":"post","link":"https:\/\/larevistadigital.com.ar\/blog\/hallan-en-birmania-un-fosil-de-la-extinta-hormiga-del-infierno\/","title":{"rendered":"HALLAN EN BIRMANIA UN F\u00d3SIL DE LA EXTINTA \u00abHORMIGA DEL INFIERNO\u00bb"},"content":{"rendered":"<p>Investigadores del Instituto de Tecnolog\u00eda de Nueva Jersey (NJIT), la Academia de Ciencias de China y la Universidad de Rennes en Francia publicaron sus hallazgos la semana pasada en la revista Current Biology, y la noticia fue difundida por el diario The Sun.<\/p>\n<blockquote>\n<h3><b>La extinta\u00a0\u00abhormiga del infierno\u00bb, de 99 millones de a\u00f1os\u00a0de antig\u00fcedad<\/b>, tambi\u00e9n conocida como<i>\u00a0haidomyrmecine,\u00a0<\/i>fue encontrada en el interior de un \u00e1mbar, donde qued\u00f3 conservada a lo largo de los siglos, mientras se alimentaba de cucarachas\u00a0<b>con unas mand\u00edbulas similares a una hoz<\/b>. El f\u00f3sil\u00a0no solo revela c\u00f3mo cazaba a sus presas este tipo de hormigas del per\u00edodo Cret\u00e1ceo, sino que tambi\u00e9n revela un momento determinado en la evoluci\u00f3n del insecto.<\/h3>\n<\/blockquote>\n<p>La hormiga prehist\u00f3rica hab\u00eda sido identificada hace relativamente poco tiempo.<b>\u00a0<\/b>El f\u00f3sil hallado ahora, en perfecto estado, confirma que estos insectos \u00ababrazaban\u00bb a sus v\u00edctimas como estrategia depredadora. En este caso la presa era un pariente extinto de la cucaracha conocida como<i>\u00a0caputoraptor elegans.<\/i><b>\u00a0<\/b><\/p>\n<p>Para <strong>Phillip Barden<\/strong>, profesor asistente del Departamento de Ciencias Biol\u00f3gicas del NJIT, la informaci\u00f3n aportada por este f\u00f3sil es \u00abinvalorable\u00bb. <strong><em>\u00abDesde que se desenterr\u00f3 la primera hormiga del infierno hace unos 100 a\u00f1os, ha sido un misterio por qu\u00e9 estos animales extintos son tan distintos de las hormigas que conocemos hoy\u00bb<\/em><\/strong>, adelant\u00f3.<\/p>\n<blockquote>\n<h3>Se estima que estas hormigas mov\u00edan sus mand\u00edbulas en forma de hoz, hacia arriba, para inmovilizar a su presa contra la protuberancia en forma de cuerno que ten\u00edan entre sus antenas.<\/h3>\n<\/blockquote>\n<p>Uno de los datos reveladores que dej\u00f3 al descubierto el hallazgo\u00a0es que mientras las mand\u00edbulas de las hormigas modernas, as\u00ed como las de todos los insectos adultos, se mueven horizontalmente,\u00a0<b>las de las hormigas del infierno se mov\u00edan verticalmente<\/b>.<\/p>\n<p><em><strong>\u00abEste f\u00f3sil revela el mecanismo detr\u00e1s de lo que podr\u00edamos llamar un &#8216;experimento evolutivo&#8217;,y aunque vemos numerosos experimentos de este tipo en el registro f\u00f3sil, a menudo no tenemos una imagen clara de la v\u00eda evolutiva que los condujo<\/strong><\/em>\u00ab, complet\u00f3 el especialista.<\/p>\n<p>Se cree que las hormigas del infierno se extinguieron\u00a0<b>hace 65 millones de a\u00f1os,\u00a0<\/b>al final de la era Mesozoica.<\/p>\n","protected":false},"excerpt":{"rendered":"<div class=\"mh-excerpt\"><p>Investigadores del Instituto de Tecnolog\u00eda de Nueva Jersey (NJIT), la Academia de Ciencias de China y la Universidad de Rennes en Francia publicaron sus hallazgos la semana pasada en la revista Current Biology, y la <a class=\"mh-excerpt-more\" href=\"https:\/\/larevistadigital.com.ar\/blog\/hallan-en-birmania-un-fosil-de-la-extinta-hormiga-del-infierno\/\" title=\"HALLAN EN BIRMANIA UN F\u00d3SIL DE LA EXTINTA \u00abHORMIGA DEL INFIERNO\u00bb\">[Leer M\u00e1s]<\/a><\/p>\n<\/div>","protected":false},"author":3,"featured_media":15932,"comment_status":"open","ping_status":"open","sticky":false,"template":"","format":"standard","meta":{"_jetpack_memberships_contains_paid_content":false,"footnotes":"","jetpack_publicize_message":"","jetpack_publicize_feature_enabled":true,"jetpack_social_post_already_shared":true,"jetpack_social_options":{"image_generator_settings":{"template":"highway","default_image_id":0,"font":"","enabled":false},"version":2}},"categories":[11],"tags":[],"class_list":{"0":"post-15931","1":"post","2":"type-post","3":"status-publish","4":"format-standard","5":"has-post-thumbnail","7":"category-curiosas"},"jetpack_publicize_connections":[],"jetpack_featured_media_url":"https:\/\/i0.wp.com\/larevistadigital.com.ar\/blog\/wp-content\/uploads\/95487-hormiga-20del-20infierno.jpg?fit=960%2C640&ssl=1","jetpack_sharing_enabled":true,"jetpack_shortlink":"https:\/\/wp.me\/p8qtrQ-48X","jetpack-related-posts":[{"id":21179,"url":"https:\/\/larevistadigital.com.ar\/blog\/mar-del-sud-recuperan-la-mandibula-de-un-vampiro-gigante-de-hace-100-mil-anos\/","url_meta":{"origin":15931,"position":0},"title":"MAR DEL SUD: RECUPERAN LA MAND\u00cdBULA DE UN VAMPIRO GIGANTE DE HACE 100 MIL A\u00d1OS","author":"Alejandro Sosa Ruda","date":"19 julio, 2021","format":false,"excerpt":"El f\u00f3sil fue extra\u00eddo del interior de lo que fuera la madriguera de un perezoso gigante. Se dio a conocer recientemente a la comunidad cient\u00edfica internacional. Los \u00fanicos antecedentes de estos mam\u00edferos antiguos de Argentina, corresponden a los hallados en esta zona. MIRAMAR (Corresponsal de La Capital). \u2013\u00a0Se dio a\u2026","rel":"","context":"En \u00abREGIONALES\u00bb","block_context":{"text":"REGIONALES","link":"https:\/\/larevistadigital.com.ar\/blog\/category\/regionales\/"},"img":{"alt_text":"","src":"https:\/\/i0.wp.com\/larevistadigital.com.ar\/blog\/wp-content\/uploads\/VAMPIRO.png?fit=1068%2C502&ssl=1&resize=350%2C200","width":350,"height":200,"srcset":"https:\/\/i0.wp.com\/larevistadigital.com.ar\/blog\/wp-content\/uploads\/VAMPIRO.png?fit=1068%2C502&ssl=1&resize=350%2C200 1x, https:\/\/i0.wp.com\/larevistadigital.com.ar\/blog\/wp-content\/uploads\/VAMPIRO.png?fit=1068%2C502&ssl=1&resize=525%2C300 1.5x, https:\/\/i0.wp.com\/larevistadigital.com.ar\/blog\/wp-content\/uploads\/VAMPIRO.png?fit=1068%2C502&ssl=1&resize=700%2C400 2x, https:\/\/i0.wp.com\/larevistadigital.com.ar\/blog\/wp-content\/uploads\/VAMPIRO.png?fit=1068%2C502&ssl=1&resize=1050%2C600 3x"},"classes":[]},{"id":42279,"url":"https:\/\/larevistadigital.com.ar\/blog\/partido-de-la-costa-descubren-en-punta-medanos-un-femur-de-perezoso-gigante-de-mas-de-ocho-mil-anos\/","url_meta":{"origin":15931,"position":1},"title":"PARTIDO DE LA COSTA Descubren en Punta M\u00e9danos un f\u00e9mur de perezoso gigante de m\u00e1s de ocho mil a\u00f1os","author":"Alejandro Sosa Ruda","date":"29 octubre, 2025","format":false,"excerpt":"|Un importante hallazgo paleontol\u00f3gico, que ser\u00e1 analizado por especialistas del CONICET y del Museo Argentino de Ciencias Naturales de La Plata, tuvo lugar en la zona sur de Punta M\u00e9danos, partido de La Costa. El director del Museo de Mar de Aj\u00f3, Diego Gambetta, confirm\u00f3 el hallazgo del f\u00e9mur semi\u2026","rel":"","context":"En \u00abREGIONALES\u00bb","block_context":{"text":"REGIONALES","link":"https:\/\/larevistadigital.com.ar\/blog\/category\/regionales\/"},"img":{"alt_text":"","src":"https:\/\/i0.wp.com\/larevistadigital.com.ar\/blog\/wp-content\/uploads\/20251029142220_diego-gambetta-fosil-perezoso-punta-medanos.jpg?fit=880%2C512&ssl=1&resize=350%2C200","width":350,"height":200,"srcset":"https:\/\/i0.wp.com\/larevistadigital.com.ar\/blog\/wp-content\/uploads\/20251029142220_diego-gambetta-fosil-perezoso-punta-medanos.jpg?fit=880%2C512&ssl=1&resize=350%2C200 1x, https:\/\/i0.wp.com\/larevistadigital.com.ar\/blog\/wp-content\/uploads\/20251029142220_diego-gambetta-fosil-perezoso-punta-medanos.jpg?fit=880%2C512&ssl=1&resize=525%2C300 1.5x, https:\/\/i0.wp.com\/larevistadigital.com.ar\/blog\/wp-content\/uploads\/20251029142220_diego-gambetta-fosil-perezoso-punta-medanos.jpg?fit=880%2C512&ssl=1&resize=700%2C400 2x"},"classes":[]},{"id":17446,"url":"https:\/\/larevistadigital.com.ar\/blog\/adoctrinamiento-a-ninos-despidieron-a-la-funcionaria-responsable-del-portal-educativo-que-difundio-el-cuento-el-gorila-gorilon\/","url_meta":{"origin":15931,"position":2},"title":"ADOCTRINAMIENTO A NI\u00d1OS: DESPIDIERON A LA FUNCIONARIA RESPONSABLE DEL PORTAL EDUCATIVO QUE DIFUNDI\u00d3 EL CUENTO \u00abEL GORILA GORILON\u00bb","author":"Alejandro Sosa Ruda","date":"5 noviembre, 2020","format":false,"excerpt":"El material estaba destinado a chicos de jard\u00edn y cuestiona la idea del m\u00e9rito. Un grupo de diputados radicales realiz\u00f3 una declaraci\u00f3n de repudio y las autoridades provinciales eliminaron el contenido Desde el portal\u00a0Aprender\u00a0y de la publicaci\u00f3n de los contenidos de ese espacio, en las \u00faltimas horas, fue separada de\u2026","rel":"","context":"En \u00abSin categor\u00eda\u00bb","block_context":{"text":"Sin categor\u00eda","link":"https:\/\/larevistadigital.com.ar\/blog\/category\/sin-categoria\/"},"img":{"alt_text":"","src":"https:\/\/i0.wp.com\/larevistadigital.com.ar\/blog\/wp-content\/uploads\/el-gorila-gorilon-ya-no-esta-disponible-el-portal-aprender.jpg?fit=1200%2C675&ssl=1&resize=350%2C200","width":350,"height":200,"srcset":"https:\/\/i0.wp.com\/larevistadigital.com.ar\/blog\/wp-content\/uploads\/el-gorila-gorilon-ya-no-esta-disponible-el-portal-aprender.jpg?fit=1200%2C675&ssl=1&resize=350%2C200 1x, https:\/\/i0.wp.com\/larevistadigital.com.ar\/blog\/wp-content\/uploads\/el-gorila-gorilon-ya-no-esta-disponible-el-portal-aprender.jpg?fit=1200%2C675&ssl=1&resize=525%2C300 1.5x, https:\/\/i0.wp.com\/larevistadigital.com.ar\/blog\/wp-content\/uploads\/el-gorila-gorilon-ya-no-esta-disponible-el-portal-aprender.jpg?fit=1200%2C675&ssl=1&resize=700%2C400 2x, https:\/\/i0.wp.com\/larevistadigital.com.ar\/blog\/wp-content\/uploads\/el-gorila-gorilon-ya-no-esta-disponible-el-portal-aprender.jpg?fit=1200%2C675&ssl=1&resize=1050%2C600 3x"},"classes":[]},{"id":13723,"url":"https:\/\/larevistadigital.com.ar\/blog\/miramar-historico-rescataron-una-rata-espinosa-fosil-de-mas-de-400-000-anos-de-antiguedad\/","url_meta":{"origin":15931,"position":3},"title":"MIRAMAR: HIST\u00d3RICO. RESCATARON UNA RATA ESPINOSA F\u00d3SIL DE M\u00c1S DE 400.000 A\u00d1OS DE ANTIG\u00dcEDAD","author":"Alejandro Sosa Ruda","date":"19 diciembre, 2019","format":false,"excerpt":"El descubrimiento se produjo en los acantilados de la costa atl\u00e1ntica, unos 30 kil\u00f3metros al sur de la ciudad de Miramar. Se estima que la nueva especie med\u00eda unos 20 cent\u00edmetros y, posiblemente, habr\u00eda usado sus espinas para defenderse de los depredadores. Por sorprendente que parezca,\u00a0algunos roedores con espinas actuales\u2026","rel":"","context":"En \u00abCURIOSAS\u00bb","block_context":{"text":"CURIOSAS","link":"https:\/\/larevistadigital.com.ar\/blog\/category\/curiosas\/"},"img":{"alt_text":"","src":"https:\/\/i0.wp.com\/larevistadigital.com.ar\/blog\/wp-content\/uploads\/20191219153459_rata-espinosa-2.jpg?fit=887%2C554&ssl=1&resize=350%2C200","width":350,"height":200,"srcset":"https:\/\/i0.wp.com\/larevistadigital.com.ar\/blog\/wp-content\/uploads\/20191219153459_rata-espinosa-2.jpg?fit=887%2C554&ssl=1&resize=350%2C200 1x, https:\/\/i0.wp.com\/larevistadigital.com.ar\/blog\/wp-content\/uploads\/20191219153459_rata-espinosa-2.jpg?fit=887%2C554&ssl=1&resize=525%2C300 1.5x, https:\/\/i0.wp.com\/larevistadigital.com.ar\/blog\/wp-content\/uploads\/20191219153459_rata-espinosa-2.jpg?fit=887%2C554&ssl=1&resize=700%2C400 2x"},"classes":[]},{"id":1424,"url":"https:\/\/larevistadigital.com.ar\/blog\/viaje-a-la-puerta-del-infierno-el-crater-que-siempre-arde\/","url_meta":{"origin":15931,"position":4},"title":"Viaje a la puerta del infierno: el cr\u00e1ter que siempre arde","author":"editor","date":"19 marzo, 2017","format":false,"excerpt":"El pozo de Darvaza, tambi\u00e9n conocido como \u201cPuerta del Infierno\u201d es uno de esos lugares que crees que son ciencia ficci\u00f3n, sin embargo, esta especie de cr\u00e1ter existe y se encuentra en pleno desierto de\u00a0Karakum, en Turkmenist\u00e1n. Solo por el nombre ya nos podemos hacer una idea de lo que\u2026","rel":"","context":"En \u00abTURISMO\u00bb","block_context":{"text":"TURISMO","link":"https:\/\/larevistadigital.com.ar\/blog\/category\/turismo\/"},"img":{"alt_text":"","src":"https:\/\/i0.wp.com\/larevistadigital.com.ar\/blog\/wp-content\/uploads\/2017\/03\/pozo-darvaza.jpg?fit=924%2C530&ssl=1&resize=350%2C200","width":350,"height":200,"srcset":"https:\/\/i0.wp.com\/larevistadigital.com.ar\/blog\/wp-content\/uploads\/2017\/03\/pozo-darvaza.jpg?fit=924%2C530&ssl=1&resize=350%2C200 1x, https:\/\/i0.wp.com\/larevistadigital.com.ar\/blog\/wp-content\/uploads\/2017\/03\/pozo-darvaza.jpg?fit=924%2C530&ssl=1&resize=525%2C300 1.5x, https:\/\/i0.wp.com\/larevistadigital.com.ar\/blog\/wp-content\/uploads\/2017\/03\/pozo-darvaza.jpg?fit=924%2C530&ssl=1&resize=700%2C400 2x"},"classes":[]},{"id":17382,"url":"https:\/\/larevistadigital.com.ar\/blog\/aparecio-una-temible-y-peligrosa-arana-extinta-que-puede-desintegrar-los-organos-de-sus-victimas\/","url_meta":{"origin":15931,"position":5},"title":"APARECI\u00d3 UNA TEMIBLE Y PELIGROSA ARA\u00d1A \u00abEXTINTA\u00bb QUE PUEDE DESINTEGRAR LOS \u00d3RGANOS DE SUS V\u00cdCTIMAS","author":"Alejandro Sosa Ruda","date":"2 noviembre, 2020","format":false,"excerpt":"El hallazgo tuvo lugar en el Reino Unido. Se trata de una especie de artr\u00f3podos que no era vista desde hace m\u00e1s de 25 a\u00f1os. Se trata de una de las ara\u00f1as m\u00e1s grandes del Reino Unido y en mayor peligro de extinci\u00f3n. Fue\u00a0hallada en un pol\u00edgono de entrenamiento militar\u2026","rel":"","context":"En \u00abINTERES GENERAL\u00bb","block_context":{"text":"INTERES GENERAL","link":"https:\/\/larevistadigital.com.ar\/blog\/category\/interes-general\/"},"img":{"alt_text":"","src":"https:\/\/i0.wp.com\/larevistadigital.com.ar\/blog\/wp-content\/uploads\/Screenshot_1-168.jpg?fit=1200%2C669&ssl=1&resize=350%2C200","width":350,"height":200,"srcset":"https:\/\/i0.wp.com\/larevistadigital.com.ar\/blog\/wp-content\/uploads\/Screenshot_1-168.jpg?fit=1200%2C669&ssl=1&resize=350%2C200 1x, https:\/\/i0.wp.com\/larevistadigital.com.ar\/blog\/wp-content\/uploads\/Screenshot_1-168.jpg?fit=1200%2C669&ssl=1&resize=525%2C300 1.5x, https:\/\/i0.wp.com\/larevistadigital.com.ar\/blog\/wp-content\/uploads\/Screenshot_1-168.jpg?fit=1200%2C669&ssl=1&resize=700%2C400 2x, https:\/\/i0.wp.com\/larevistadigital.com.ar\/blog\/wp-content\/uploads\/Screenshot_1-168.jpg?fit=1200%2C669&ssl=1&resize=1050%2C600 3x"},"classes":[]}],"_links":{"self":[{"href":"https:\/\/larevistadigital.com.ar\/blog\/wp-json\/wp\/v2\/posts\/15931","targetHints":{"allow":["GET"]}}],"collection":[{"href":"https:\/\/larevistadigital.com.ar\/blog\/wp-json\/wp\/v2\/posts"}],"about":[{"href":"https:\/\/larevistadigital.com.ar\/blog\/wp-json\/wp\/v2\/types\/post"}],"author":[{"embeddable":true,"href":"https:\/\/larevistadigital.com.ar\/blog\/wp-json\/wp\/v2\/users\/3"}],"replies":[{"embeddable":true,"href":"https:\/\/larevistadigital.com.ar\/blog\/wp-json\/wp\/v2\/comments?post=15931"}],"version-history":[{"count":1,"href":"https:\/\/larevistadigital.com.ar\/blog\/wp-json\/wp\/v2\/posts\/15931\/revisions"}],"predecessor-version":[{"id":15933,"href":"https:\/\/larevistadigital.com.ar\/blog\/wp-json\/wp\/v2\/posts\/15931\/revisions\/15933"}],"wp:featuredmedia":[{"embeddable":true,"href":"https:\/\/larevistadigital.com.ar\/blog\/wp-json\/wp\/v2\/media\/15932"}],"wp:attachment":[{"href":"https:\/\/larevistadigital.com.ar\/blog\/wp-json\/wp\/v2\/media?parent=15931"}],"wp:term":[{"taxonomy":"category","embeddable":true,"href":"https:\/\/larevistadigital.com.ar\/blog\/wp-json\/wp\/v2\/categories?post=15931"},{"taxonomy":"post_tag","embeddable":true,"href":"https:\/\/larevistadigital.com.ar\/blog\/wp-json\/wp\/v2\/tags?post=15931"}],"curies":[{"name":"wp","href":"https:\/\/api.w.org\/{rel}","templated":true}]}}