{"id":15940,"date":"2020-08-11T13:26:37","date_gmt":"2020-08-11T13:26:37","guid":{"rendered":"https:\/\/larevistadigital.com.ar\/blog\/?p=15940"},"modified":"2020-08-11T13:26:37","modified_gmt":"2020-08-11T13:26:37","slug":"cgt-y-uia-acordaron-mantener-por-dos-meses-el-acuerdo-por-suspensiones-masivas","status":"publish","type":"post","link":"https:\/\/larevistadigital.com.ar\/blog\/cgt-y-uia-acordaron-mantener-por-dos-meses-el-acuerdo-por-suspensiones-masivas\/","title":{"rendered":"CGT Y UIA ACORDARON MANTENER POR DOS MESES EL ACUERDO POR SUSPENSIONES MASIVAS"},"content":{"rendered":"<h2 class=\"fz16 bold ctext\">La medida regir\u00e1 hasta fines de septiembre. CGT y UIA resolvieron este lunes el nuevo arreglo, y se esperaba que est\u00e9 firmado en las pr\u00f3ximas horas.<\/h2>\n<div class=\"mt20 cuerpo-nota\">\n<div class=\"flr g12 arial ctext fz16 lh26 wysiwyg mb20 \">\n<div class=\"texto_nota\">\n<p>La\u00a0<strong>CGT\u00a0y la Uni\u00f3n Industrial Argentina (UIA)\u00a0<\/strong>acordaron este lunes extender hasta fines de septiembre el mecanismo para suspensiones masivas que se incorpor\u00f3 en la actividad privada en el contexto de la cuarentena por la pandemia del coronavirus.<\/p>\n<blockquote>\n<h3>El nuevo arreglo ser\u00e1\u00a0<strong>id\u00e9ntico al que establecieron entre abril y mayo<\/strong>, y que luego se prolong\u00f3 dos meses hasta el 31 de julio, y contempla un piso salarial equivalente al 75% del ingreso habitual de cada rubro para los trabajadores que permanecen en sus casas por falta de actividad de sus empleadores.<\/h3>\n<\/blockquote>\n<p>El entendimiento se da luego del ida y vuelta de borradores entre t\u00e9cnicos de\u00a0<strong>UIA y CGT, el acuerdo se resolvi\u00f3 este lunes y se espera que\u00a0est\u00e9 firmado por los ministros de Trabajo, Claudio Moroni, y de Desarrollo Productivo, Mat\u00edas Kulfas, en las pr\u00f3ximas horas.<\/strong><\/p>\n<p>Se trata de un convenio marco para los licenciamientos masivos que cada actividad debe sellar por separado. As\u00ed lo hicieron, con sus propios porcentajes y duraciones, gremios como Comercio, los metal\u00fargicos (UOM) y los petroleros, entre otros.<\/p>\n<\/div>\n<\/div>\n<\/div>\n","protected":false},"excerpt":{"rendered":"<div class=\"mh-excerpt\"><p>La medida regir\u00e1 hasta fines de septiembre. CGT y UIA resolvieron este lunes el nuevo arreglo, y se esperaba que est\u00e9 firmado en las pr\u00f3ximas horas. La\u00a0CGT\u00a0y la Uni\u00f3n Industrial Argentina (UIA)\u00a0acordaron este lunes extender <a class=\"mh-excerpt-more\" href=\"https:\/\/larevistadigital.com.ar\/blog\/cgt-y-uia-acordaron-mantener-por-dos-meses-el-acuerdo-por-suspensiones-masivas\/\" title=\"CGT Y UIA ACORDARON MANTENER POR DOS MESES EL ACUERDO POR SUSPENSIONES MASIVAS\">[Leer M\u00e1s]<\/a><\/p>\n<\/div>","protected":false},"author":3,"featured_media":15941,"comment_status":"open","ping_status":"open","sticky":false,"template":"","format":"standard","meta":{"_jetpack_memberships_contains_paid_content":false,"footnotes":"","jetpack_publicize_message":"","jetpack_publicize_feature_enabled":true,"jetpack_social_post_already_shared":true,"jetpack_social_options":{"image_generator_settings":{"template":"highway","default_image_id":0,"font":"","enabled":false},"version":2}},"categories":[10,50],"tags":[],"class_list":{"0":"post-15940","1":"post","2":"type-post","3":"status-publish","4":"format-standard","5":"has-post-thumbnail","7":"category-gremiales","8":"category-interes-general"},"jetpack_publicize_connections":[],"jetpack_featured_media_url":"https:\/\/i0.wp.com\/larevistadigital.com.ar\/blog\/wp-content\/uploads\/20200810185752_uia.jpeg?fit=887%2C554&ssl=1","jetpack_sharing_enabled":true,"jetpack_shortlink":"https:\/\/wp.me\/p8qtrQ-496","jetpack-related-posts":[{"id":40715,"url":"https:\/\/larevistadigital.com.ar\/blog\/preocupacion-en-la-uia-por-la-perdida-de-entre-1-000-y-1-500-puestos-al-mes\/","url_meta":{"origin":15940,"position":0},"title":"Preocupaci\u00f3n en la UIA por la p\u00e9rdida de entre \u201c1.000 y 1.500 puestos al mes\u00bb","author":"Alejandro Sosa Ruda","date":"2 agosto, 2025","format":false,"excerpt":"El presidente de la Uni\u00f3n Industrial Argentina (UIA), Mart\u00edn Rappallini, manifest\u00f3 su preocupaci\u00f3n por la situaci\u00f3n del empleo en el sector manufacturero. A pesar del respaldo inicial de la entidad a las pol\u00edticas del gobierno libertario, el dirigente reconoci\u00f3 que la industria atraviesa una etapa cr\u00edtica. 02 de Agosto de\u2026","rel":"","context":"En \u00abPOLITICA\u00bb","block_context":{"text":"POLITICA","link":"https:\/\/larevistadigital.com.ar\/blog\/category\/politica\/"},"img":{"alt_text":"","src":"https:\/\/i0.wp.com\/larevistadigital.com.ar\/blog\/wp-content\/uploads\/20250801182913_rappallini-uia-perdida-empleo.jpg?fit=880%2C512&ssl=1&resize=350%2C200","width":350,"height":200,"srcset":"https:\/\/i0.wp.com\/larevistadigital.com.ar\/blog\/wp-content\/uploads\/20250801182913_rappallini-uia-perdida-empleo.jpg?fit=880%2C512&ssl=1&resize=350%2C200 1x, https:\/\/i0.wp.com\/larevistadigital.com.ar\/blog\/wp-content\/uploads\/20250801182913_rappallini-uia-perdida-empleo.jpg?fit=880%2C512&ssl=1&resize=525%2C300 1.5x, https:\/\/i0.wp.com\/larevistadigital.com.ar\/blog\/wp-content\/uploads\/20250801182913_rappallini-uia-perdida-empleo.jpg?fit=880%2C512&ssl=1&resize=700%2C400 2x"},"classes":[]},{"id":34264,"url":"https:\/\/larevistadigital.com.ar\/blog\/massa-presentara-sus-propuestas-a-la-union-industrial-argentina\/","url_meta":{"origin":15940,"position":1},"title":"MASSA PRESENTAR\u00c1 SUS PROPUESTAS A LA UNI\u00d3N INDUSTRIAL ARGENTINA","author":"Alejandro Sosa Ruda","date":"31 octubre, 2023","format":false,"excerpt":"Ser\u00e1 en un encuentro donde el candidato a presidente por Uni\u00f3n por la Patria presentar\u00e1 una agenda productiva. En los pr\u00f3ximos d\u00edas, las autoridades de la UIA conf\u00edan tener una reuni\u00f3n similar con Javier Milei. 31 de Octubre de 2023 Ma\u00f1ana martes, el ministro de Econom\u00eda y candidato presidencial de\u2026","rel":"","context":"En \u00abINTERES GENERAL\u00bb","block_context":{"text":"INTERES GENERAL","link":"https:\/\/larevistadigital.com.ar\/blog\/category\/interes-general\/"},"img":{"alt_text":"","src":"https:\/\/i0.wp.com\/larevistadigital.com.ar\/blog\/wp-content\/uploads\/massa.png?fit=790%2C442&ssl=1&resize=350%2C200","width":350,"height":200,"srcset":"https:\/\/i0.wp.com\/larevistadigital.com.ar\/blog\/wp-content\/uploads\/massa.png?fit=790%2C442&ssl=1&resize=350%2C200 1x, https:\/\/i0.wp.com\/larevistadigital.com.ar\/blog\/wp-content\/uploads\/massa.png?fit=790%2C442&ssl=1&resize=525%2C300 1.5x, https:\/\/i0.wp.com\/larevistadigital.com.ar\/blog\/wp-content\/uploads\/massa.png?fit=790%2C442&ssl=1&resize=700%2C400 2x"},"classes":[]},{"id":38536,"url":"https:\/\/larevistadigital.com.ar\/blog\/alarma-en-la-uia-preocupacion-de-industriales-por-el-desafiante-panorama-que-enfrentan-sus-empresas\/","url_meta":{"origin":15940,"position":2},"title":"Alarma en la UIA: Preocupaci\u00f3n de Industriales por el desafiante panorama que enfrentan sus empresas","author":"Alejandro Sosa Ruda","date":"25 enero, 2025","format":false,"excerpt":"En la presentaci\u00f3n de su informe mensual, sobre la actividad industrial, la Uni\u00f3n Industrial Argentina (UIA) mostr\u00f3 su inquietud ante el \u201cpanorama desafiante\u201d que enfrenta la econom\u00eda, marcado por la competencia con bienes importados y las limitaciones de competitividad de la industria local. 25 de Enero de 2025 BUENOS AIRES\u2026","rel":"","context":"En \u00abINTERES GENERAL\u00bb","block_context":{"text":"INTERES GENERAL","link":"https:\/\/larevistadigital.com.ar\/blog\/category\/interes-general\/"},"img":{"alt_text":"","src":"https:\/\/i0.wp.com\/larevistadigital.com.ar\/blog\/wp-content\/uploads\/20250124193047_actividad-industrial-uia.jpg?fit=880%2C512&ssl=1&resize=350%2C200","width":350,"height":200,"srcset":"https:\/\/i0.wp.com\/larevistadigital.com.ar\/blog\/wp-content\/uploads\/20250124193047_actividad-industrial-uia.jpg?fit=880%2C512&ssl=1&resize=350%2C200 1x, https:\/\/i0.wp.com\/larevistadigital.com.ar\/blog\/wp-content\/uploads\/20250124193047_actividad-industrial-uia.jpg?fit=880%2C512&ssl=1&resize=525%2C300 1.5x, https:\/\/i0.wp.com\/larevistadigital.com.ar\/blog\/wp-content\/uploads\/20250124193047_actividad-industrial-uia.jpg?fit=880%2C512&ssl=1&resize=700%2C400 2x"},"classes":[]},{"id":28985,"url":"https:\/\/larevistadigital.com.ar\/blog\/28985-2\/","url_meta":{"origin":15940,"position":3},"title":"ACORDARON UN 20% DE AUMENTO PARA EL SALARIO M\u00cdNIMO EN CUATRO TRAMOS","author":"Alejandro Sosa Ruda","date":"23 noviembre, 2022","format":false,"excerpt":"La CGT y la CTA se reunieron con las c\u00e1maras empresarias en el Consejo del Salario y arreglaron una suba en los haberes que ser\u00e1 revisada en febrero. 22 de noviembre de 2022 La CGT y la CTA se reunieron con las c\u00e1maras empresarias en el Consejo del Salario y\u2026","rel":"","context":"En \u00abECONOMIA\u00bb","block_context":{"text":"ECONOMIA","link":"https:\/\/larevistadigital.com.ar\/blog\/category\/economia\/"},"img":{"alt_text":"","src":"https:\/\/i0.wp.com\/larevistadigital.com.ar\/blog\/wp-content\/uploads\/1611169911090.jpg?fit=1200%2C594&ssl=1&resize=350%2C200","width":350,"height":200,"srcset":"https:\/\/i0.wp.com\/larevistadigital.com.ar\/blog\/wp-content\/uploads\/1611169911090.jpg?fit=1200%2C594&ssl=1&resize=350%2C200 1x, https:\/\/i0.wp.com\/larevistadigital.com.ar\/blog\/wp-content\/uploads\/1611169911090.jpg?fit=1200%2C594&ssl=1&resize=525%2C300 1.5x, https:\/\/i0.wp.com\/larevistadigital.com.ar\/blog\/wp-content\/uploads\/1611169911090.jpg?fit=1200%2C594&ssl=1&resize=700%2C400 2x, https:\/\/i0.wp.com\/larevistadigital.com.ar\/blog\/wp-content\/uploads\/1611169911090.jpg?fit=1200%2C594&ssl=1&resize=1050%2C600 3x"},"classes":[]},{"id":46839,"url":"https:\/\/larevistadigital.com.ar\/blog\/la-cgt-regional-chascomus-participo-de-un-encuentro-en-la-plata-junto-al-triunviro-jorge-sola\/","url_meta":{"origin":15940,"position":4},"title":"La CGT Regional Chascom\u00fas particip\u00f3 de un encuentro en La Plata junto al triunviro Jorge Sola","author":"Alejandro Sosa Ruda","date":"5 agosto, 2026","format":false,"excerpt":"La secretaria general de la CGT Regional Chascom\u00fas, Andrea Echegaray, fue invitada a participar de una actividad organizada por la CGT Regional La Plata, Berisso y Ensenada, en la antesala de las celebraciones por San Cayetano. El encuentro reuni\u00f3 a dirigentes sindicales de distintos gremios y cont\u00f3 con la presencia\u2026","rel":"","context":"En \u00abGREMIALES\u00bb","block_context":{"text":"GREMIALES","link":"https:\/\/larevistadigital.com.ar\/blog\/category\/gremiales\/"},"img":{"alt_text":"","src":"https:\/\/i0.wp.com\/larevistadigital.com.ar\/blog\/wp-content\/uploads\/Captura-de-pantalla-2026-08-05-223857-1.jpg?fit=650%2C575&ssl=1&resize=350%2C200","width":350,"height":200,"srcset":"https:\/\/i0.wp.com\/larevistadigital.com.ar\/blog\/wp-content\/uploads\/Captura-de-pantalla-2026-08-05-223857-1.jpg?fit=650%2C575&ssl=1&resize=350%2C200 1x, https:\/\/i0.wp.com\/larevistadigital.com.ar\/blog\/wp-content\/uploads\/Captura-de-pantalla-2026-08-05-223857-1.jpg?fit=650%2C575&ssl=1&resize=525%2C300 1.5x"},"classes":[]},{"id":46638,"url":"https:\/\/larevistadigital.com.ar\/blog\/sin-tregua-con-milei-la-cgt-vuelve-a-las-calles-y-pone-un-paro-general-en-el-horizonte\/","url_meta":{"origin":15940,"position":5},"title":"Sin tregua con Milei: la CGT vuelve a las calles y pone un paro general en el horizonte","author":"Alejandro Sosa Ruda","date":"22 julio, 2026","format":false,"excerpt":"La central obrera comenzar\u00e1 este mi\u00e9rcoles una serie de movilizaciones junto con las CTA, la UTEP y organizaciones sociales. El cronograma incluye nuevas protestas, acciones en los lugares de trabajo y un paro nacional cuya fecha todav\u00eda no fue definida. 22 de julio de 2026 La\u00a0Confederaci\u00f3n General del Trabajo\u00a0(CGT) pondr\u00e1\u2026","rel":"","context":"En \u00abGREMIALES\u00bb","block_context":{"text":"GREMIALES","link":"https:\/\/larevistadigital.com.ar\/blog\/category\/gremiales\/"},"img":{"alt_text":"","src":"https:\/\/i0.wp.com\/larevistadigital.com.ar\/blog\/wp-content\/uploads\/Captura-de-pantalla-2026-07-22-232651.jpg?fit=858%2C506&ssl=1&resize=350%2C200","width":350,"height":200,"srcset":"https:\/\/i0.wp.com\/larevistadigital.com.ar\/blog\/wp-content\/uploads\/Captura-de-pantalla-2026-07-22-232651.jpg?fit=858%2C506&ssl=1&resize=350%2C200 1x, https:\/\/i0.wp.com\/larevistadigital.com.ar\/blog\/wp-content\/uploads\/Captura-de-pantalla-2026-07-22-232651.jpg?fit=858%2C506&ssl=1&resize=525%2C300 1.5x, https:\/\/i0.wp.com\/larevistadigital.com.ar\/blog\/wp-content\/uploads\/Captura-de-pantalla-2026-07-22-232651.jpg?fit=858%2C506&ssl=1&resize=700%2C400 2x"},"classes":[]}],"_links":{"self":[{"href":"https:\/\/larevistadigital.com.ar\/blog\/wp-json\/wp\/v2\/posts\/15940","targetHints":{"allow":["GET"]}}],"collection":[{"href":"https:\/\/larevistadigital.com.ar\/blog\/wp-json\/wp\/v2\/posts"}],"about":[{"href":"https:\/\/larevistadigital.com.ar\/blog\/wp-json\/wp\/v2\/types\/post"}],"author":[{"embeddable":true,"href":"https:\/\/larevistadigital.com.ar\/blog\/wp-json\/wp\/v2\/users\/3"}],"replies":[{"embeddable":true,"href":"https:\/\/larevistadigital.com.ar\/blog\/wp-json\/wp\/v2\/comments?post=15940"}],"version-history":[{"count":1,"href":"https:\/\/larevistadigital.com.ar\/blog\/wp-json\/wp\/v2\/posts\/15940\/revisions"}],"predecessor-version":[{"id":15942,"href":"https:\/\/larevistadigital.com.ar\/blog\/wp-json\/wp\/v2\/posts\/15940\/revisions\/15942"}],"wp:featuredmedia":[{"embeddable":true,"href":"https:\/\/larevistadigital.com.ar\/blog\/wp-json\/wp\/v2\/media\/15941"}],"wp:attachment":[{"href":"https:\/\/larevistadigital.com.ar\/blog\/wp-json\/wp\/v2\/media?parent=15940"}],"wp:term":[{"taxonomy":"category","embeddable":true,"href":"https:\/\/larevistadigital.com.ar\/blog\/wp-json\/wp\/v2\/categories?post=15940"},{"taxonomy":"post_tag","embeddable":true,"href":"https:\/\/larevistadigital.com.ar\/blog\/wp-json\/wp\/v2\/tags?post=15940"}],"curies":[{"name":"wp","href":"https:\/\/api.w.org\/{rel}","templated":true}]}}