{"id":15946,"date":"2020-08-11T13:41:40","date_gmt":"2020-08-11T13:41:40","guid":{"rendered":"https:\/\/larevistadigital.com.ar\/blog\/?p=15946"},"modified":"2020-08-11T13:43:49","modified_gmt":"2020-08-11T13:43:49","slug":"video-la-plata-feroz-ataque-de-la-mafia-china","status":"publish","type":"post","link":"https:\/\/larevistadigital.com.ar\/blog\/video-la-plata-feroz-ataque-de-la-mafia-china\/","title":{"rendered":"[VIDEO] LA PLATA: FEROZ ATAQUE DE LA MAFIA CHINA"},"content":{"rendered":"<h2 class=\"fz16 bold ctext\">Sucedi\u00f3 en el supermercado de 122 entre 69 y 70. Un grupo de violentos irrumpieron con palos y provocaron da\u00f1os en un monitor, la caja y botellas de vino. Suma tensi\u00f3n<\/h2>\n<div class=\"mt20 cuerpo-nota\">\n<div class=\"flr g12 arial ctext fz16 lh26 wysiwyg mb20 \">\n<div class=\"texto_nota\">\n<p>Momentos de tensi\u00f3n se vivieron\u00a0<strong>ayer en un supermercado de La Plata cuando ingresaron varios v\u00e1ndalos con sus rostros tapados y con palos provocaron da\u00f1os<\/strong>\u00a0en las estanter\u00edas y agredieron al due\u00f1o y al encargado del comercio, ambos de nacionalidad china, informaron fuentes policiales.<\/p>\n<blockquote>\n<h3><strong>El brutal ataque sucedi\u00f3 en el autoservicio situado sobre\u00a0la avenida 122 entre 69 y 70 y en principio se habr\u00eda tratado de un mensaje de la mafia china.<\/strong><\/h3>\n<\/blockquote>\n<p>La secuencia violenta qued\u00f3 filmada. Se ve cuando irrumpe un grupo de al menos ocho personas con sus caras tapadas con barbijos y mu\u00f1idos con palos comenzaron a golpear la caja registradora, las estanter\u00edas y hasta se observa que el cabecilla agarra una gaseosa y la hace explotar al tirarla contra mercader\u00edas.<\/p>\n<blockquote>\n<h3>A su paso<strong>\u00a0causaron da\u00f1os y temor, mientras que el encargado del supermercado y el due\u00f1o, resultaron con lesiones leves en un brazo y en una mu\u00f1eca.<\/strong><\/h3>\n<\/blockquote>\n<p>Al lugar acudi\u00f3 personal del Gabinete T\u00e9cnico Operativo de la comisar\u00eda Novena y empez\u00f3 con la investigaci\u00f3n del caso caratulado amenazas, lesiones y da\u00f1os.<\/p>\n<p>Un allegado a la investigaci\u00f3n cree el ataque sucedi\u00f3 porque ped\u00edan a los due\u00f1os un pago en d\u00f3lares a cambio de una presunta protecci\u00f3n y porque ten\u00edan los precios m\u00e1s bajos que el resto de los supermercados orientales.<\/p>\n<p>EL VIDEO DE LO OCURRIDO:<\/p>\n<p><span class=\"embed-youtube\" style=\"text-align:center; display: block;\"><iframe loading=\"lazy\" class=\"youtube-player\" width=\"640\" height=\"360\" src=\"https:\/\/www.youtube.com\/embed\/5Z-WuN3_lSM?version=3&#038;rel=1&#038;showsearch=0&#038;showinfo=1&#038;iv_load_policy=1&#038;fs=1&#038;hl=es-ES&#038;autohide=2&#038;wmode=transparent\" allowfullscreen=\"true\" style=\"border:0;\" sandbox=\"allow-scripts allow-same-origin allow-popups allow-presentation allow-popups-to-escape-sandbox\"><\/iframe><\/span><\/p>\n<p>FUENTE INFOCIELO<\/p>\n<\/div>\n<\/div>\n<\/div>\n","protected":false},"excerpt":{"rendered":"<div class=\"mh-excerpt\"><p>Sucedi\u00f3 en el supermercado de 122 entre 69 y 70. Un grupo de violentos irrumpieron con palos y provocaron da\u00f1os en un monitor, la caja y botellas de vino. Suma tensi\u00f3n Momentos de tensi\u00f3n se <a class=\"mh-excerpt-more\" href=\"https:\/\/larevistadigital.com.ar\/blog\/video-la-plata-feroz-ataque-de-la-mafia-china\/\" title=\"[VIDEO] LA PLATA: FEROZ ATAQUE DE LA MAFIA CHINA\">[Leer M\u00e1s]<\/a><\/p>\n<\/div>","protected":false},"author":3,"featured_media":15950,"comment_status":"open","ping_status":"open","sticky":false,"template":"","format":"standard","meta":{"_jetpack_memberships_contains_paid_content":false,"footnotes":"","jetpack_publicize_message":"","jetpack_publicize_feature_enabled":true,"jetpack_social_post_already_shared":true,"jetpack_social_options":{"image_generator_settings":{"template":"highway","default_image_id":0,"font":"","enabled":false},"version":2}},"categories":[44,51],"tags":[],"class_list":{"0":"post-15946","1":"post","2":"type-post","3":"status-publish","4":"format-standard","5":"has-post-thumbnail","7":"category-policiales","8":"category-regionales"},"jetpack_publicize_connections":[],"jetpack_featured_media_url":"https:\/\/i0.wp.com\/larevistadigital.com.ar\/blog\/wp-content\/uploads\/Screenshot_1-125.jpg?fit=708%2C423&ssl=1","jetpack_sharing_enabled":true,"jetpack_shortlink":"https:\/\/wp.me\/p8qtrQ-49c","jetpack-related-posts":[{"id":18290,"url":"https:\/\/larevistadigital.com.ar\/blog\/la-plata-hicieron-un-boquete-y-saquearon-la-caja-fuerte-de-un-supermercado\/","url_meta":{"origin":15946,"position":0},"title":"LA PLATA: HICIERON UN BOQUETE Y SAQUEARON LA CAJA FUERTE DE UN SUPERMERCADO","author":"Alejandro Sosa Ruda","date":"22 diciembre, 2020","format":false,"excerpt":"Ocurri\u00f3 en el Super Naty de 13 entre 34 y 35. Los implicados arrancaron uno de los dos cofres que hab\u00eda empotrados y se lo llevaron. Est\u00e1n pr\u00f3fugos. Un grupo de delincuentes ingres\u00f3 durante las \u00faltimas horas a un supermercado de La Plata y se apoder\u00f3 de una caja fuerte\u2026","rel":"","context":"En \u00abPOLICIALES\u00bb","block_context":{"text":"POLICIALES","link":"https:\/\/larevistadigital.com.ar\/blog\/category\/policiales\/"},"img":{"alt_text":"","src":"https:\/\/i0.wp.com\/larevistadigital.com.ar\/blog\/wp-content\/uploads\/Polic%C3%ADa-Bonaerense-Patrulleros-3.jpg?fit=772%2C434&ssl=1&resize=350%2C200","width":350,"height":200,"srcset":"https:\/\/i0.wp.com\/larevistadigital.com.ar\/blog\/wp-content\/uploads\/Polic%C3%ADa-Bonaerense-Patrulleros-3.jpg?fit=772%2C434&ssl=1&resize=350%2C200 1x, https:\/\/i0.wp.com\/larevistadigital.com.ar\/blog\/wp-content\/uploads\/Polic%C3%ADa-Bonaerense-Patrulleros-3.jpg?fit=772%2C434&ssl=1&resize=525%2C300 1.5x, https:\/\/i0.wp.com\/larevistadigital.com.ar\/blog\/wp-content\/uploads\/Polic%C3%ADa-Bonaerense-Patrulleros-3.jpg?fit=772%2C434&ssl=1&resize=700%2C400 2x"},"classes":[]},{"id":17164,"url":"https:\/\/larevistadigital.com.ar\/blog\/la-plata-quiso-robar-una-bicicleta-y-lo-reventaron-a-palos\/","url_meta":{"origin":15946,"position":1},"title":"LA PLATA: QUISO ROBAR UNA BICICLETA Y LO REVENTARON A PALOS","author":"Alejandro Sosa Ruda","date":"24 octubre, 2020","format":false,"excerpt":"Un testigo del\u00a0violento episodio en diagonal 80 entre 117 y 118 le relat\u00f3 a 0221.com.ar c\u00f3mo fue que esta persona termin\u00f3 desmayada producto de los golpes. Un violento episodio gener\u00f3 conmoci\u00f3n en la tarde de este viernes en Barrio Hip\u00f3dromo.\u00a0Testigos del hecho explicaron a\u00a00221.com.ar\u00a0que\u00a0todo sucedi\u00f3 cuando un hombre fue descubierto\u2026","rel":"","context":"En \u00abPOLICIALES\u00bb","block_context":{"text":"POLICIALES","link":"https:\/\/larevistadigital.com.ar\/blog\/category\/policiales\/"},"img":{"alt_text":"","src":"https:\/\/i0.wp.com\/larevistadigital.com.ar\/blog\/wp-content\/uploads\/1585350928772.jpg?fit=1200%2C797&ssl=1&resize=350%2C200","width":350,"height":200,"srcset":"https:\/\/i0.wp.com\/larevistadigital.com.ar\/blog\/wp-content\/uploads\/1585350928772.jpg?fit=1200%2C797&ssl=1&resize=350%2C200 1x, https:\/\/i0.wp.com\/larevistadigital.com.ar\/blog\/wp-content\/uploads\/1585350928772.jpg?fit=1200%2C797&ssl=1&resize=525%2C300 1.5x, https:\/\/i0.wp.com\/larevistadigital.com.ar\/blog\/wp-content\/uploads\/1585350928772.jpg?fit=1200%2C797&ssl=1&resize=700%2C400 2x, https:\/\/i0.wp.com\/larevistadigital.com.ar\/blog\/wp-content\/uploads\/1585350928772.jpg?fit=1200%2C797&ssl=1&resize=1050%2C600 3x"},"classes":[]},{"id":14490,"url":"https:\/\/larevistadigital.com.ar\/blog\/la-plata-de-pelicula-intentaron-rescatar-a-presos-durante-su-traslado-a-magdalena\/","url_meta":{"origin":15946,"position":2},"title":"LA PLATA: DE PEL\u00cdCULA. INTENTARON RESCATAR A PRESOS DURANTE SU TRASLADO A MAGDALENA","author":"Alejandro Sosa Ruda","date":"31 enero, 2020","format":false,"excerpt":"Pareci\u00f3 una escena de Hollywood, pero sucedi\u00f3 en las calles de La Plata, durante la madrugada de hoy, cuando de pronto se escuch\u00f3 una frenada, y gritos que despertaron a todo el barrio en la zona de 122 y 80. Todo sucedi\u00f3 a las 0:20hs. donde un grupo de varias\u2026","rel":"","context":"En \u00abPOLICIALES\u00bb","block_context":{"text":"POLICIALES","link":"https:\/\/larevistadigital.com.ar\/blog\/category\/policiales\/"},"img":{"alt_text":"","src":"https:\/\/i0.wp.com\/larevistadigital.com.ar\/blog\/wp-content\/uploads\/Polic%C3%ADa-Bonaerense-Patrulleros-3.jpg?fit=772%2C434&ssl=1&resize=350%2C200","width":350,"height":200,"srcset":"https:\/\/i0.wp.com\/larevistadigital.com.ar\/blog\/wp-content\/uploads\/Polic%C3%ADa-Bonaerense-Patrulleros-3.jpg?fit=772%2C434&ssl=1&resize=350%2C200 1x, https:\/\/i0.wp.com\/larevistadigital.com.ar\/blog\/wp-content\/uploads\/Polic%C3%ADa-Bonaerense-Patrulleros-3.jpg?fit=772%2C434&ssl=1&resize=525%2C300 1.5x, https:\/\/i0.wp.com\/larevistadigital.com.ar\/blog\/wp-content\/uploads\/Polic%C3%ADa-Bonaerense-Patrulleros-3.jpg?fit=772%2C434&ssl=1&resize=700%2C400 2x"},"classes":[]},{"id":41431,"url":"https:\/\/larevistadigital.com.ar\/blog\/violenta-golpiza-en-dolores-un-joven-de-24-anos-fue-atacado-por-una-patota-y-hay-un-detenido\/","url_meta":{"origin":15946,"position":3},"title":"Violenta golpiza en Dolores: un joven de 24 a\u00f1os fue atacado por una patota y hay un detenido","author":"Alejandro Sosa Ruda","date":"12 septiembre, 2025","format":false,"excerpt":"El joven, de 24 a\u00f1os, fue brutalmente agredido con palos y piedras por un grupo de al menos cinco personas cerca del Colegio Normal. Tras ser operado de urgencia, evoluciona favorablemente. Un menor fue detenido y la Justicia investiga a los dem\u00e1s implicados. 12 de septiembre de 2025 DOLORES -\u00a0\u2026","rel":"","context":"En \u00abDOLORES\u00bb","block_context":{"text":"DOLORES","link":"https:\/\/larevistadigital.com.ar\/blog\/category\/dolores\/"},"img":{"alt_text":"","src":"https:\/\/i0.wp.com\/larevistadigital.com.ar\/blog\/wp-content\/uploads\/Screenshot_1-121.jpg?fit=1007%2C565&ssl=1&resize=350%2C200","width":350,"height":200,"srcset":"https:\/\/i0.wp.com\/larevistadigital.com.ar\/blog\/wp-content\/uploads\/Screenshot_1-121.jpg?fit=1007%2C565&ssl=1&resize=350%2C200 1x, https:\/\/i0.wp.com\/larevistadigital.com.ar\/blog\/wp-content\/uploads\/Screenshot_1-121.jpg?fit=1007%2C565&ssl=1&resize=525%2C300 1.5x, https:\/\/i0.wp.com\/larevistadigital.com.ar\/blog\/wp-content\/uploads\/Screenshot_1-121.jpg?fit=1007%2C565&ssl=1&resize=700%2C400 2x"},"classes":[]},{"id":19890,"url":"https:\/\/larevistadigital.com.ar\/blog\/la-plata-conmocion-por-la-muerte-de-un-hombre-en-un-supermercado\/","url_meta":{"origin":15946,"position":4},"title":"LA PLATA: CONMOCI\u00d3N POR LA MUERTE DE UN HOMBRE EN UN SUPERMERCADO","author":"Alejandro Sosa Ruda","date":"28 abril, 2021","format":false,"excerpt":"La v\u00edctima se descompens\u00f3 en el interior del local y falleci\u00f3. Aseguran que ten\u00eda una enfermedad preexistente. Momentos de incertidumbre y conmoci\u00f3n se vivieron\u00a0en un supermercado Disco de La Plata, donde un hombre muri\u00f3 tras sufrir una descompensaci\u00f3n. Seg\u00fan informaron fuentes oficiales, todo sucedi\u00f3 en horas de la tarde de\u2026","rel":"","context":"En \u00abREGIONALES\u00bb","block_context":{"text":"REGIONALES","link":"https:\/\/larevistadigital.com.ar\/blog\/category\/regionales\/"},"img":{"alt_text":"","src":"https:\/\/i0.wp.com\/larevistadigital.com.ar\/blog\/wp-content\/uploads\/1584394848916.jpg?fit=1200%2C797&ssl=1&resize=350%2C200","width":350,"height":200,"srcset":"https:\/\/i0.wp.com\/larevistadigital.com.ar\/blog\/wp-content\/uploads\/1584394848916.jpg?fit=1200%2C797&ssl=1&resize=350%2C200 1x, https:\/\/i0.wp.com\/larevistadigital.com.ar\/blog\/wp-content\/uploads\/1584394848916.jpg?fit=1200%2C797&ssl=1&resize=525%2C300 1.5x, https:\/\/i0.wp.com\/larevistadigital.com.ar\/blog\/wp-content\/uploads\/1584394848916.jpg?fit=1200%2C797&ssl=1&resize=700%2C400 2x, https:\/\/i0.wp.com\/larevistadigital.com.ar\/blog\/wp-content\/uploads\/1584394848916.jpg?fit=1200%2C797&ssl=1&resize=1050%2C600 3x"},"classes":[]},{"id":22703,"url":"https:\/\/larevistadigital.com.ar\/blog\/feroz-asalto-en-la-plata-venian-de-hacer-los-mandados-y-fueron-atacados-por-ladrones\/","url_meta":{"origin":15946,"position":5},"title":"FEROZ ASALTO EN LA PLATA: VEN\u00cdAN DE HACER LOS MANDADOS Y FUERON ATACADOS POR LADRONES","author":"Alejandro Sosa Ruda","date":"18 noviembre, 2021","format":false,"excerpt":"Ocurri\u00f3 a plena luz del d\u00eda, cuando las v\u00edctimas regresaban del supermercado. Bajo amenazas, dos delincuentes se apoderaron de sus pertenencias y escaparon. Dos adolescentes fueron asaltados por una pareja de delincuentes cuando llegaban a su casa de La Plata. El hecho se registr\u00f3 el martes por la ma\u00f1ana, a\u2026","rel":"","context":"En \u00abPOLICIALES\u00bb","block_context":{"text":"POLICIALES","link":"https:\/\/larevistadigital.com.ar\/blog\/category\/policiales\/"},"img":{"alt_text":"","src":"https:\/\/i0.wp.com\/larevistadigital.com.ar\/blog\/wp-content\/uploads\/Patrullero-La-Plata-Berisso-Policia.jpg?fit=882%2C492&ssl=1&resize=350%2C200","width":350,"height":200,"srcset":"https:\/\/i0.wp.com\/larevistadigital.com.ar\/blog\/wp-content\/uploads\/Patrullero-La-Plata-Berisso-Policia.jpg?fit=882%2C492&ssl=1&resize=350%2C200 1x, https:\/\/i0.wp.com\/larevistadigital.com.ar\/blog\/wp-content\/uploads\/Patrullero-La-Plata-Berisso-Policia.jpg?fit=882%2C492&ssl=1&resize=525%2C300 1.5x, https:\/\/i0.wp.com\/larevistadigital.com.ar\/blog\/wp-content\/uploads\/Patrullero-La-Plata-Berisso-Policia.jpg?fit=882%2C492&ssl=1&resize=700%2C400 2x"},"classes":[]}],"_links":{"self":[{"href":"https:\/\/larevistadigital.com.ar\/blog\/wp-json\/wp\/v2\/posts\/15946","targetHints":{"allow":["GET"]}}],"collection":[{"href":"https:\/\/larevistadigital.com.ar\/blog\/wp-json\/wp\/v2\/posts"}],"about":[{"href":"https:\/\/larevistadigital.com.ar\/blog\/wp-json\/wp\/v2\/types\/post"}],"author":[{"embeddable":true,"href":"https:\/\/larevistadigital.com.ar\/blog\/wp-json\/wp\/v2\/users\/3"}],"replies":[{"embeddable":true,"href":"https:\/\/larevistadigital.com.ar\/blog\/wp-json\/wp\/v2\/comments?post=15946"}],"version-history":[{"count":2,"href":"https:\/\/larevistadigital.com.ar\/blog\/wp-json\/wp\/v2\/posts\/15946\/revisions"}],"predecessor-version":[{"id":15949,"href":"https:\/\/larevistadigital.com.ar\/blog\/wp-json\/wp\/v2\/posts\/15946\/revisions\/15949"}],"wp:featuredmedia":[{"embeddable":true,"href":"https:\/\/larevistadigital.com.ar\/blog\/wp-json\/wp\/v2\/media\/15950"}],"wp:attachment":[{"href":"https:\/\/larevistadigital.com.ar\/blog\/wp-json\/wp\/v2\/media?parent=15946"}],"wp:term":[{"taxonomy":"category","embeddable":true,"href":"https:\/\/larevistadigital.com.ar\/blog\/wp-json\/wp\/v2\/categories?post=15946"},{"taxonomy":"post_tag","embeddable":true,"href":"https:\/\/larevistadigital.com.ar\/blog\/wp-json\/wp\/v2\/tags?post=15946"}],"curies":[{"name":"wp","href":"https:\/\/api.w.org\/{rel}","templated":true}]}}