{"id":15954,"date":"2020-08-11T14:04:34","date_gmt":"2020-08-11T14:04:34","guid":{"rendered":"https:\/\/larevistadigital.com.ar\/blog\/?p=15954"},"modified":"2020-08-11T14:04:34","modified_gmt":"2020-08-11T14:04:34","slug":"detuvieron-a-el-sucio-que-era-fuertemente-buscado","status":"publish","type":"post","link":"https:\/\/larevistadigital.com.ar\/blog\/detuvieron-a-el-sucio-que-era-fuertemente-buscado\/","title":{"rendered":"DETUVIERON A \u00abEL SUCIO\u00bb QUE ERA FUERTEMENTE BUSCADO"},"content":{"rendered":"<h2>Esta acusado de intentar matar a un hombre y prenderle fuego el auto. Los ataques y la detenci\u00f3n fueron en City Bell. El presunto agresor tiene 24 a\u00f1os y la v\u00edctima, 30. En una de las tres casas allanadas incautaron una cuchilla.<\/h2>\n<p>Le dicen \u201cEl Sucio\u201d, tiene 24 a\u00f1os y vive en City Bell, una localidad de la zona norte de La Plata. En las \u00faltimas horas fue detenido luego de tres allanamientos acusado intentar apu\u00f1alar a un hombre de 30 a\u00f1os y luego quemarle el auto, en dos incidente sucedidos hace dos meses.<\/p>\n<blockquote>\n<h3>Los violentos ataques ocurrieron el 4 y 7 de junio pasado. El 4, \u201cEl Sucio\u201d, en 28 y 481, de acuerdo a lo que inform\u00f3 un vocero policial, se acerc\u00f3 armado con una cuchilla tipo carnicero hasta un auto y cometi\u00f3 una brutal agresi\u00f3n.<\/h3>\n<\/blockquote>\n<p>El joven rompi\u00f3 de un golpe con el mango de la cuchilla la ventanilla de la puerta del conductor de un Volkswagen Gol y de inmediato tir\u00f3 varias estocadas hasta lesionar en un brazo al hombre de 30 a\u00f1os.<\/p>\n<p>El agresor escap\u00f3 y la v\u00edctima pidi\u00f3 ayuda. Fue atentado en el Hospital de Gonnet.<\/p>\n<blockquote>\n<h3>La furia de \u201cEl Sucio\u201d continu\u00f3, siempre seg\u00fan las fuentes oficiales, el 7 de junio fue el autor del incendio del auto del hombre de 30 a\u00f1os.<\/h3>\n<\/blockquote>\n<p>El caso qued\u00f3 en manos de la DDI La Plata por disposici\u00f3n de la UFI N\u00b0 16 del fiscal Juan Cruz Condom\u00ed Alcorta en una causa caratulada tentativa de homicidio y da\u00f1o.<\/p>\n<p>Con el avance de la pesquisa, tras la toma de declaraciones testimoniales y an\u00e1lisis de c\u00e1maras de seguridad, en las \u00faltimas horas se realizaron tres allanamientos en City Bell.<\/p>\n<blockquote>\n<h3>En uno de los registros, efectuado en una vivienda de 28 entre 482 y 483, los detectives encontraron y detuvieron a \u201cEl Sucio\u201d, y en ese domicilio fue incautada una cuchilla que cuando se la mostraron al damnificado dijo que se trataba del arma blanca con la que hab\u00eda sido atacado.<\/h3>\n<\/blockquote>\n<p>En los otros dos objetivos no se hallaron elementos para la causa.<\/p>\n","protected":false},"excerpt":{"rendered":"<div class=\"mh-excerpt\"><p>Esta acusado de intentar matar a un hombre y prenderle fuego el auto. Los ataques y la detenci\u00f3n fueron en City Bell. El presunto agresor tiene 24 a\u00f1os y la v\u00edctima, 30. En una de <a class=\"mh-excerpt-more\" href=\"https:\/\/larevistadigital.com.ar\/blog\/detuvieron-a-el-sucio-que-era-fuertemente-buscado\/\" title=\"DETUVIERON A \u00abEL SUCIO\u00bb QUE ERA FUERTEMENTE BUSCADO\">[Leer M\u00e1s]<\/a><\/p>\n<\/div>","protected":false},"author":3,"featured_media":15955,"comment_status":"open","ping_status":"open","sticky":false,"template":"","format":"standard","meta":{"_jetpack_memberships_contains_paid_content":false,"footnotes":"","jetpack_publicize_message":"","jetpack_publicize_feature_enabled":true,"jetpack_social_post_already_shared":true,"jetpack_social_options":{"image_generator_settings":{"template":"highway","default_image_id":0,"font":"","enabled":false},"version":2}},"categories":[44,51],"tags":[],"class_list":{"0":"post-15954","1":"post","2":"type-post","3":"status-publish","4":"format-standard","5":"has-post-thumbnail","7":"category-policiales","8":"category-regionales"},"jetpack_publicize_connections":[],"jetpack_featured_media_url":"https:\/\/i0.wp.com\/larevistadigital.com.ar\/blog\/wp-content\/uploads\/20200811093945_aaa.jpg?fit=887%2C554&ssl=1","jetpack_sharing_enabled":true,"jetpack_shortlink":"https:\/\/wp.me\/p8qtrQ-49k","jetpack-related-posts":[{"id":24100,"url":"https:\/\/larevistadigital.com.ar\/blog\/amenazaba-con-un-cuchillo-a-los-vecinos-quiso-robar-una-moto-y-lo-detuvieron\/","url_meta":{"origin":15954,"position":0},"title":"AMENAZABA CON UN CUCHILLO A LOS VECINOS, QUISO ROBAR UNA MOTO Y LO DETUVIERON","author":"Alejandro Sosa Ruda","date":"18 febrero, 2022","format":false,"excerpt":"Ocurri\u00f3 en las \u00faltimas horas en Altos de San Lorenzo. La Polic\u00eda recibi\u00f3 varias denuncias y lo fue a buscar. Lo capturaron\u00a0mientras intentaba escapar corriendo. LA PLATA -\u00a0 Un joven de 17 a\u00f1os que estaba\u00a0armado con un cuchillo\u00a0fue detenido\u00a0y puesto a disposici\u00f3n de la justicia acusado de amenazar a transe\u00fantes,\u2026","rel":"","context":"En \u00abPOLICIALES\u00bb","block_context":{"text":"POLICIALES","link":"https:\/\/larevistadigital.com.ar\/blog\/category\/policiales\/"},"img":{"alt_text":"","src":"https:\/\/i0.wp.com\/larevistadigital.com.ar\/blog\/wp-content\/uploads\/Polic%C3%ADa-Bonaerense-Patrulleros-3.jpg?fit=772%2C434&ssl=1&resize=350%2C200","width":350,"height":200,"srcset":"https:\/\/i0.wp.com\/larevistadigital.com.ar\/blog\/wp-content\/uploads\/Polic%C3%ADa-Bonaerense-Patrulleros-3.jpg?fit=772%2C434&ssl=1&resize=350%2C200 1x, https:\/\/i0.wp.com\/larevistadigital.com.ar\/blog\/wp-content\/uploads\/Polic%C3%ADa-Bonaerense-Patrulleros-3.jpg?fit=772%2C434&ssl=1&resize=525%2C300 1.5x, https:\/\/i0.wp.com\/larevistadigital.com.ar\/blog\/wp-content\/uploads\/Polic%C3%ADa-Bonaerense-Patrulleros-3.jpg?fit=772%2C434&ssl=1&resize=700%2C400 2x"},"classes":[]},{"id":16935,"url":"https:\/\/larevistadigital.com.ar\/blog\/mar-del-plata-detienen-a-un-hombre-que-robaba-en-los-semaforos\/","url_meta":{"origin":15954,"position":1},"title":"MAR DEL PLATA: DETIENEN A UN HOMBRE QUE ROBABA EN LOS SEM\u00c1FOROS","author":"Alejandro Sosa Ruda","date":"13 octubre, 2020","format":false,"excerpt":"Tiene 28 a\u00f1os y cuenta con diferentes antecedentes de hurto y encubrimiento. Fue detenido en la esquina de la avenida Jara y Belgrano. Un\u00a0hombre de 28 a\u00f1os\u00a0acusado de intentar robar a un automovilista en la esquina de la avenida Jara y Belgrano fue detenido el domingo por la tarde. La\u2026","rel":"","context":"En \u00abREGIONALES\u00bb","block_context":{"text":"REGIONALES","link":"https:\/\/larevistadigital.com.ar\/blog\/category\/regionales\/"},"img":{"alt_text":"","src":"https:\/\/i0.wp.com\/larevistadigital.com.ar\/blog\/wp-content\/uploads\/Screenshot_2-109.jpg?fit=1009%2C668&ssl=1&resize=350%2C200","width":350,"height":200,"srcset":"https:\/\/i0.wp.com\/larevistadigital.com.ar\/blog\/wp-content\/uploads\/Screenshot_2-109.jpg?fit=1009%2C668&ssl=1&resize=350%2C200 1x, https:\/\/i0.wp.com\/larevistadigital.com.ar\/blog\/wp-content\/uploads\/Screenshot_2-109.jpg?fit=1009%2C668&ssl=1&resize=525%2C300 1.5x, https:\/\/i0.wp.com\/larevistadigital.com.ar\/blog\/wp-content\/uploads\/Screenshot_2-109.jpg?fit=1009%2C668&ssl=1&resize=700%2C400 2x"},"classes":[]},{"id":38886,"url":"https:\/\/larevistadigital.com.ar\/blog\/cayo-un-hombre-acusado-de-abusar-de-la-sobrina-de-su-pareja-durante-14-anos\/","url_meta":{"origin":15954,"position":2},"title":"Cay\u00f3 un hombre acusado de abusar de la sobrina de su pareja durante 14 a\u00f1os","author":"Alejandro Sosa Ruda","date":"27 febrero, 2025","format":false,"excerpt":"El sujeto tiene 69 a\u00f1os. Todo sucedi\u00f3 entre 2012 y 2025. MAR DEL PLATA -\u00a0 Un hombre de 69 a\u00f1os fue detenido este jueves por la tarde en el barrio Los Andes de Mar del Plata, acusado de haber abusado sexualmente de la sobrina de su pareja durante m\u00e1s de\u2026","rel":"","context":"En \u00abPOLICIALES\u00bb","block_context":{"text":"POLICIALES","link":"https:\/\/larevistadigital.com.ar\/blog\/category\/policiales\/"},"img":{"alt_text":"","src":"https:\/\/i0.wp.com\/larevistadigital.com.ar\/blog\/wp-content\/uploads\/Captura-de-pantalla-2025-02-27-201230.jpg?fit=773%2C432&ssl=1&resize=350%2C200","width":350,"height":200,"srcset":"https:\/\/i0.wp.com\/larevistadigital.com.ar\/blog\/wp-content\/uploads\/Captura-de-pantalla-2025-02-27-201230.jpg?fit=773%2C432&ssl=1&resize=350%2C200 1x, https:\/\/i0.wp.com\/larevistadigital.com.ar\/blog\/wp-content\/uploads\/Captura-de-pantalla-2025-02-27-201230.jpg?fit=773%2C432&ssl=1&resize=525%2C300 1.5x, https:\/\/i0.wp.com\/larevistadigital.com.ar\/blog\/wp-content\/uploads\/Captura-de-pantalla-2025-02-27-201230.jpg?fit=773%2C432&ssl=1&resize=700%2C400 2x"},"classes":[]},{"id":9831,"url":"https:\/\/larevistadigital.com.ar\/blog\/detienen-hombre-acusado-de-violar-a-sus-hijastros-durante-14-anos-en-chascomus\/","url_meta":{"origin":15954,"position":3},"title":"DETIENEN HOMBRE ACUSADO DE VIOLAR A SUS HIJASTROS DURANTE 14 A\u00d1OS EN CHASCOM\u00daS","author":"Alejandro Sosa Ruda","date":"25 abril, 2019","format":false,"excerpt":"El arrestado estuvo dos a\u00f1os pr\u00f3fugo, pero la Polic\u00eda bonaerense lo localiz\u00f3 en San Mart\u00edn. Un hombre de 59 a\u00f1os llamado Miguel \u00c1ngel Frecini esperaba a que su pareja se fuera a trabajar para atacar a sus hijastros, en ese momento de 3 y 5 a\u00f1os, a los que violaba\u2026","rel":"","context":"En \u00abDESTACADAS\u00bb","block_context":{"text":"DESTACADAS","link":"https:\/\/larevistadigital.com.ar\/blog\/category\/destacadas\/"},"img":{"alt_text":"","src":"https:\/\/i0.wp.com\/larevistadigital.com.ar\/blog\/wp-content\/uploads\/2019\/04\/detenido_25deabrilde2019_elfuerte.jpg?fit=737%2C415&ssl=1&resize=350%2C200","width":350,"height":200,"srcset":"https:\/\/i0.wp.com\/larevistadigital.com.ar\/blog\/wp-content\/uploads\/2019\/04\/detenido_25deabrilde2019_elfuerte.jpg?fit=737%2C415&ssl=1&resize=350%2C200 1x, https:\/\/i0.wp.com\/larevistadigital.com.ar\/blog\/wp-content\/uploads\/2019\/04\/detenido_25deabrilde2019_elfuerte.jpg?fit=737%2C415&ssl=1&resize=525%2C300 1.5x, https:\/\/i0.wp.com\/larevistadigital.com.ar\/blog\/wp-content\/uploads\/2019\/04\/detenido_25deabrilde2019_elfuerte.jpg?fit=737%2C415&ssl=1&resize=700%2C400 2x"},"classes":[]},{"id":29126,"url":"https:\/\/larevistadigital.com.ar\/blog\/la-plata-subi-o-te-subo-cayo-un-hombre-de-72-anos-acusado-de-raptar-chicas\/","url_meta":{"origin":15954,"position":4},"title":"LA PLATA: \u00abSUB\u00cd O TE SUBO\u00bb CAY\u00d3 UN HOMBRE DE 72 A\u00d1OS ACUSADO DE RAPTAR CHICAS.","author":"Alejandro Sosa Ruda","date":"27 noviembre, 2022","format":false,"excerpt":"La causa se investiga bajo la caratula \"averiguaci\u00f3n de il\u00edcito\" mientras se corroboran las pruebas de las denunciantes. 27 de noviembre de 2022 Este domingo, efectivos de la\u00a0comisar\u00eda Decimocuarta detuvieron\u00a0a\u00a0un hombre de 72 a\u00f1os acusado de acosar chicas e intentar secuestrarlas en La Plata. El implicado se movilizaba en\u00a0un\u00a0Ford Fiesta\u00a0que\u2026","rel":"","context":"En \u00abPOLICIALES\u00bb","block_context":{"text":"POLICIALES","link":"https:\/\/larevistadigital.com.ar\/blog\/category\/policiales\/"},"img":{"alt_text":"","src":"https:\/\/i0.wp.com\/larevistadigital.com.ar\/blog\/wp-content\/uploads\/1669574344641.png?fit=1200%2C594&ssl=1&resize=350%2C200","width":350,"height":200,"srcset":"https:\/\/i0.wp.com\/larevistadigital.com.ar\/blog\/wp-content\/uploads\/1669574344641.png?fit=1200%2C594&ssl=1&resize=350%2C200 1x, https:\/\/i0.wp.com\/larevistadigital.com.ar\/blog\/wp-content\/uploads\/1669574344641.png?fit=1200%2C594&ssl=1&resize=525%2C300 1.5x, https:\/\/i0.wp.com\/larevistadigital.com.ar\/blog\/wp-content\/uploads\/1669574344641.png?fit=1200%2C594&ssl=1&resize=700%2C400 2x, https:\/\/i0.wp.com\/larevistadigital.com.ar\/blog\/wp-content\/uploads\/1669574344641.png?fit=1200%2C594&ssl=1&resize=1050%2C600 3x"},"classes":[]},{"id":23956,"url":"https:\/\/larevistadigital.com.ar\/blog\/pilar-detienen-a-hombre-acusado-de-violar-a-su-pequena-hija\/","url_meta":{"origin":15954,"position":5},"title":"PILAR: DETIENEN A HOMBRE ACUSADO DE VIOLAR A SU PEQUE\u00d1A HIJA","author":"Alejandro Sosa Ruda","date":"12 febrero, 2022","format":false,"excerpt":"La Polic\u00eda detuvo a un hombre acusado de haber violado en reiteradas oportunidades a su peque\u00f1a hija. La menor tiene 8 a\u00f1os y fue ultrajada en reiteradas oportunidades, de acuerdo a la denuncia de la madre. PILAR -\u00a0 La captura se efectu\u00f3 luego de que el sujeto, de 31 a\u00f1os,\u2026","rel":"","context":"En \u00abPOLICIALES\u00bb","block_context":{"text":"POLICIALES","link":"https:\/\/larevistadigital.com.ar\/blog\/category\/policiales\/"},"img":{"alt_text":"","src":"https:\/\/i0.wp.com\/larevistadigital.com.ar\/blog\/wp-content\/uploads\/20220211111148_detenido-violacion-pilar.jpg?fit=880%2C512&ssl=1&resize=350%2C200","width":350,"height":200,"srcset":"https:\/\/i0.wp.com\/larevistadigital.com.ar\/blog\/wp-content\/uploads\/20220211111148_detenido-violacion-pilar.jpg?fit=880%2C512&ssl=1&resize=350%2C200 1x, https:\/\/i0.wp.com\/larevistadigital.com.ar\/blog\/wp-content\/uploads\/20220211111148_detenido-violacion-pilar.jpg?fit=880%2C512&ssl=1&resize=525%2C300 1.5x, https:\/\/i0.wp.com\/larevistadigital.com.ar\/blog\/wp-content\/uploads\/20220211111148_detenido-violacion-pilar.jpg?fit=880%2C512&ssl=1&resize=700%2C400 2x"},"classes":[]}],"_links":{"self":[{"href":"https:\/\/larevistadigital.com.ar\/blog\/wp-json\/wp\/v2\/posts\/15954","targetHints":{"allow":["GET"]}}],"collection":[{"href":"https:\/\/larevistadigital.com.ar\/blog\/wp-json\/wp\/v2\/posts"}],"about":[{"href":"https:\/\/larevistadigital.com.ar\/blog\/wp-json\/wp\/v2\/types\/post"}],"author":[{"embeddable":true,"href":"https:\/\/larevistadigital.com.ar\/blog\/wp-json\/wp\/v2\/users\/3"}],"replies":[{"embeddable":true,"href":"https:\/\/larevistadigital.com.ar\/blog\/wp-json\/wp\/v2\/comments?post=15954"}],"version-history":[{"count":1,"href":"https:\/\/larevistadigital.com.ar\/blog\/wp-json\/wp\/v2\/posts\/15954\/revisions"}],"predecessor-version":[{"id":15956,"href":"https:\/\/larevistadigital.com.ar\/blog\/wp-json\/wp\/v2\/posts\/15954\/revisions\/15956"}],"wp:featuredmedia":[{"embeddable":true,"href":"https:\/\/larevistadigital.com.ar\/blog\/wp-json\/wp\/v2\/media\/15955"}],"wp:attachment":[{"href":"https:\/\/larevistadigital.com.ar\/blog\/wp-json\/wp\/v2\/media?parent=15954"}],"wp:term":[{"taxonomy":"category","embeddable":true,"href":"https:\/\/larevistadigital.com.ar\/blog\/wp-json\/wp\/v2\/categories?post=15954"},{"taxonomy":"post_tag","embeddable":true,"href":"https:\/\/larevistadigital.com.ar\/blog\/wp-json\/wp\/v2\/tags?post=15954"}],"curies":[{"name":"wp","href":"https:\/\/api.w.org\/{rel}","templated":true}]}}