{"id":15957,"date":"2020-08-11T15:10:04","date_gmt":"2020-08-11T15:10:04","guid":{"rendered":"https:\/\/larevistadigital.com.ar\/blog\/?p=15957"},"modified":"2020-08-11T15:10:04","modified_gmt":"2020-08-11T15:10:04","slug":"mar-del-plata-los-balnearios-presentaron-sus-protocolos-para-abrir-todos-los-detalles","status":"publish","type":"post","link":"https:\/\/larevistadigital.com.ar\/blog\/mar-del-plata-los-balnearios-presentaron-sus-protocolos-para-abrir-todos-los-detalles\/","title":{"rendered":"MAR DEL PLATA: LOS BALNEARIOS PRESENTARON SUS PROTOCOLOS PARA ABRIR. TODOS LOS DETALLES"},"content":{"rendered":"<h2>La normativa todav\u00eda debe ser revisada por el municipio, pero se trata de un documento consensuado entre referentes del sector. Cupos limitados de personas por carpa o sombrilla, cintas demarcatorias, carteler\u00eda espec\u00edfica, personal capacitado, entre las medidas sugeridas.<\/h2>\n<p><strong>Faltan alrededor de 130 d\u00edas para el inicio del verano en el pa\u00eds y la temporada ya est\u00e1n en boca de todos<\/strong>. Con la\u00a0seguridad de que la misma ser\u00e1 particular, pero sin certezas respecto de qui\u00e9nes podr\u00e1n venir a relajarse a la costa, algunos referentes del sector\u00a0optaron por ser precavidos y elaborar\u00a0<strong>el primer protocolo sanitario para la reapertura de los balnearios durante la pandemia por el coronavirus<\/strong>.<\/p>\n<blockquote>\n<h3>El documento, al que tuvo acceso\u00a0<strong>LA CAPITAL<\/strong>, todav\u00eda debe ser revisado por las autoridades municipales, pero lo cierto es que el debate ya est\u00e1 sobre la mesa y hay quienes se preguntan c\u00f3mo ser\u00e1 ir a la playa este verano en Mar del Plata.<\/h3>\n<\/blockquote>\n<p>La respuesta a esa inquietud sigue siendo una inc\u00f3gnita, pero las experiencias\u00a0en otros pa\u00edses del mundo que transitan por estos momentos su temporada estival no solo generan ideas, sino tambi\u00e9n expectativas de que alg\u00fan tipo de organizaci\u00f3n podr\u00eda ser posible.<\/p>\n<blockquote>\n<h3>Pero,\u00a0<strong>\u00bfqu\u00e9 proponen los balnearios marplatenses?<\/strong>\u00a0El protocolo es extenso y abarca tanto la capacitaci\u00f3n de personal del lugar, como el comportamiento de los clientes que decidan asistir y las restricciones que podr\u00edan aplicarse en las diferentes instalaciones.<\/h3>\n<\/blockquote>\n<p>En lo que respecta al\u00a0<strong>ingreso y egreso de los usuarios<\/strong>, el documento se\u00f1ala que las personas deber\u00e1n completar una\u00a0<strong>declaraci\u00f3n jurada<\/strong>\u00a0(por \u00fanica vez) en donde conste que no se encuentran dentro de las causales previstas para la cuarentena, siendo\u00a0raz\u00f3n de\u00a0<strong>prohibici\u00f3n\u00a0de ingreso<\/strong>\u00a0aquellas personas que no suscriban la declaraci\u00f3n jurada o que lo hayan informado en forma positiva o que manifiestamente presenten s\u00edntomas de la enfermedad.<\/p>\n<p>Adem\u00e1s, se propone la identificaci\u00f3n de caminos diferenciados para los usuarios que entran y salen del balneario hacia la playa y hacia la ciudad, al tiempo que se determinar\u00e1 el n\u00famero m\u00e1ximo de personas autorizadas a estar en los diferentes espacios del balneario a los efectos de garantizar el distanciamiento.<\/p>\n<p>Por otra parte, y en l\u00ednea con lo que algunos balnearios de pa\u00edses como Brasil comenzaron a implementar, se sugiere la implementaci\u00f3n de un\u00a0<strong>sistema de reservas<\/strong>\u00a0para controlar los ingresos al balneario y evitar superar las m\u00e1ximas autorizadas.<\/p>\n<p><strong>CARPAS Y SOMBRILLAS<\/strong><\/p>\n<p><img data-recalc-dims=\"1\" loading=\"lazy\" decoding=\"async\" class=\"alignnone size-large wp-image-66387\" src=\"https:\/\/i0.wp.com\/storage.lacapitalmdp.com\/2016\/10\/CARPA-Balnearios-MDP-1024x681.jpg?resize=1024%2C681&#038;ssl=1\" alt=\"CARPA-Balnearios-MDP\" width=\"1024\" height=\"681\" \/><\/p>\n<p>Entre los puntos m\u00e1s importantes de la normativa que se pretende aprobar est\u00e1n las condiciones en torno al alquiler de carpas y sombrillas, que\u00a0podr\u00edan empezar a cumplirse a ra\u00edz de la pandemia.<\/p>\n<p>Seg\u00fan se se\u00f1ala en el documento de m\u00e1s de 22 p\u00e1ginas, en las\u00a0<strong>carpas<\/strong>\u00a0solo se permitir\u00e1 un\u00a0<strong>m\u00e1ximo de 6 personas<\/strong>,\u00a0al tiempo que la unidad de sombra deber\u00e1 ser\u00a0<strong>desinfectada diariamente<\/strong>\u00a0al finalizar la jornada de apertura del balneario.<\/p>\n<p>Adem\u00e1s, todos los procedimientos de desinfecci\u00f3n y limpieza deber\u00e1n quedar debidamente documentados y ser realizados con el equipamiento necesario para garantizar la higiene profunda. Este punto se replicar\u00e1 en todas las instalaciones del lugar.<\/p>\n<p>En cuanto a las<strong>\u00a0sombrillas<\/strong>,\u00a0<strong>el m\u00e1ximo habilitado ser\u00e1 de 4 personas<\/strong>\u00a0y cada balneario tendr\u00e1 la responsabilidad de garantizar\u00a0<strong>\u201cuna distancia m\u00ednima de dos metros\u201d entre cada unidad<\/strong>.<\/p>\n<p>Al igual que las carpas, las sombrillas deber\u00e1n ser desinfectadas de manera diaria al terminar cada jornada.<\/p>\n<p><strong>BA\u00d1OS Y VESTUARIOS<\/strong><\/p>\n<p><img data-recalc-dims=\"1\" loading=\"lazy\" decoding=\"async\" class=\"alignnone size-large wp-image-77251\" src=\"https:\/\/i0.wp.com\/storage.lacapitalmdp.com\/2016\/11\/Balnearios-Mar-del-Plata-1024x680.jpg?resize=1024%2C680&#038;ssl=1\" alt=\"Balnearios - Mar del Plata\" width=\"1024\" height=\"680\" \/><\/p>\n<p>A diferencia de algunas actividades habilitadas (como los centros comerciales o gimnasios), el largo tiempo de estad\u00eda de los usuarios en los balnearios\u00a0llevaron a los empresarios a proponer la habilitaci\u00f3n de ba\u00f1os y vestuarios, atendiendo a estrictos protocolos de higiene y ocupaci\u00f3n.<\/p>\n<p>En este sentido, los\u00a0<strong>ba\u00f1os<\/strong>\u00a0podr\u00e1n tener una capacidad m\u00e1xima de personas limitada en funci\u00f3n a la cantidad de inodoros y mingitorios con el que cuente el mismo. Lo mismo ocurrir\u00e1 con las\u00a0<strong>duchas<\/strong>, mientras que en los\u00a0<strong>vestuarios<\/strong>\u00a0<strong>solo se permitir\u00e1 una persona cada dos metros cuadrados de superficie<\/strong>.<\/p>\n<p>Asimismo, y a los efectos de garantizar la distancia entre los usuarios que aguarden su turno para ingresar, los balnearios deber\u00e1n colocar\u00a0<strong>cintas o l\u00edneas demarcatorias<\/strong>\u00a0en la parte externa de cada instalaci\u00f3n. Por otra parte, el balneario deber\u00e1 contar con una persona en la entrada, responsable de controlar que se cumplan dichas capacidades permisibles.<\/p>\n<p><strong>PILETAS Y GIMNASIOS<\/strong><\/p>\n<p><img data-recalc-dims=\"1\" loading=\"lazy\" decoding=\"async\" class=\"size-large wp-image-283222\" src=\"https:\/\/i0.wp.com\/storage.lacapitalmdp.com\/2019\/01\/PLAYAPERLA35-1024x683.jpg?resize=1024%2C683&#038;ssl=1\" alt=\"Clientes de los balnearios de La Perla disfrutan de las comodidades de los complejos. \" width=\"1024\" height=\"683\" \/><\/p>\n<p>En los \u00faltimos tiempos, la experiencia en los balnearios dejaron de\u00a0estar vinculadas exclusivamente a la playa para incorporar otros atractivos como piletas, gimnasios, saunas, entre otros servicios.<\/p>\n<p>En este sentido, el protocolo debi\u00f3 incorporar \u00edtems muy similares de los ya aprobados para la realizaci\u00f3n de actividades en gimnasios y natatorios.<\/p>\n<p>Por ejemplo, en lo que respecta al uso de la\u00a0<strong>pileta<\/strong>, el documento al que tuvo acceso LA CAPITAL se\u00f1ala que\u00a0<strong>\u201csolo se permitir\u00e1 una persona cada\u00a0dos metros cuadrados de superficie de piscina\/SPA\u201d<\/strong>.<\/p>\n<p>Adem\u00e1s, el ingreso de usuarios deber\u00e1 ser determinado mediante un\u00a0<strong>sistema de turnos<\/strong>, el cual ser\u00e1 de una hora y deber\u00e1 ser solicitado previamente en la administraci\u00f3n<\/p>\n<p>Por otra parte, el mobiliario del lugar (sillas, mesas, reposeras, etc.) deber\u00e1 ser desinfectado peri\u00f3dicamente,\u00a0<strong>cada 2 horas<\/strong>, durante la jornada de apertura del balneario.<\/p>\n<p>Los gimnasios, en tanto, se regir\u00e1n con las medidas\u00a0ya aprobadas en los \u00faltimos d\u00edas\u00a0por la autoridad sanitaria municipal. Lo mismo ocurrir\u00e1 con los establecimientos gastron\u00f3micos.<\/p>\n<p><strong>JUEGOS INFANTILES<\/strong><\/p>\n<p><img data-recalc-dims=\"1\" loading=\"lazy\" decoding=\"async\" class=\"alignnone wp-image-481601\" src=\"https:\/\/i0.wp.com\/storage.lacapitalmdp.com\/2020\/08\/lg_landscape_aebtewxn-1355845371.jpg?resize=1250%2C936&#038;ssl=1\" alt=\"lg_landscape_aebtewxn-1355845371\" width=\"1250\" height=\"936\" \/>Otro de los puntos que miran de cerca los usuarios de balnearios, que en su mayor\u00eda son familias con hijos menores de edad, es si el sector de juegos infantiles estar\u00e1 o no habilitado para su uso esta temporada.<\/p>\n<p>Al igual que toda la normativa aqu\u00ed detallada, la palabra final est\u00e1 en el visto bueno de la Municipalidad, pero el protocolo actual eval\u00faa su reapertura, pero advierte que\u00a0<strong>\u201csolo se permitir\u00e1 1 persona cada 2 metros cuadrados de superficie para juegos infantiles\u201d<\/strong><\/p>\n<p>Adem\u00e1s, se especifica que los ni\u00f1os deber\u00e1n ir\u00a0<strong>acompa\u00f1ados solamente por una persona adulta<\/strong>\u00a0y que los\u00a0<strong>juegos deber\u00e1n ser desinfectado peri\u00f3dicamente, cada 2 horas<\/strong>, durante la jornada de apertura del balneario.<\/p>\n<p>Al igual en el resto de las instalaciones con capacidad m\u00e1xima, se utilizaran cintas o l\u00edneas demarcatorias en la parte externa, para asegurar el distanciamiento m\u00ednimo obligatorio mientras se aguarda el ingreso. El balneario tambi\u00e9n deber\u00e1 contar con una persona en la entrada, a fin de controlar que se cumplan dichas capacidades permisibles.<\/p>\n<p><strong>INFORMACI\u00d3N<\/strong><\/p>\n<p>En el extenso documento en el que se eval\u00faan las medidas plausibles de ser aprobadas, tambi\u00e9n se pone especial hincapi\u00e9 en la\u00a0<strong>capacitaci\u00f3n del personal<\/strong>\u00a0en torno a la tem\u00e1tica del coronavirus, la<strong>\u00a0limpieza de manos frecuente<\/strong>, el uso de barbijo -en espacios cerrados como oficinas- y la colocaci\u00f3n de\u00a0<strong>carteler\u00eda alusiva<\/strong>\u00a0a la pandemia y sus protocolos en todas las instalaciones.<\/p>\n<p>Adem\u00e1s,\u00a0ante la detecci\u00f3n de un caso sospechoso, el\u00a0 balneario deber\u00e1\u00a0aislar a la persona involucrada, no tocar sus pertenencias, llamar a los tel\u00e9fonos habilitados a tal fin por la Municipalidad e\u00a0informar que hay una persona considerada caso \u201csospechoso de Covid-19\u201d.<\/p>\n<p>Por otra parte, se deber\u00e1 evitar contacto con la persona involucrada hasta que el sistema de emergencia de las indicaciones correspondientes.<\/p>\n<p>El protocolo -que es m\u00e1s extenso y en esta nota se busc\u00f3 destacar los puntos m\u00e1s sobresalientes- est\u00e1 todav\u00eda en revisi\u00f3n, pero forma parte del material sobre el que referentes del sector y autoridades municipales\u00a0hoy discuten los pasos a seguir, de cara a la temporada de verano.<\/p>\n<p>Tras las declaraciones tajantes del ministro de Salud bonaerense,\u00a0<strong>Daniel Gollan<\/strong>, (<a href=\"https:\/\/www.lacapitalmdp.com\/preocupacion-por-declaraciones-de-gollan-sobre-la-temporada\/\">dijo que era \u201cimpensado proyectar la temporada de verano 2021\u201d<\/a>) y otras m\u00e1s moderadas por parte del jefe de Gabinete,\u00a0<strong>Carlos Bianco<\/strong>, (<a href=\"https:\/\/www.lacapitalmdp.com\/bianco-si-no-se-controla-la-pandemia-sera-dificil-tener-una-temporada-normal\/\">\u201csi no se controla la pandemia ser\u00e1 dif\u00edcil tener una temporada normal\u201d<\/a>), el intendente\u00a0<strong>Guillermo Montengro<\/strong>\u00a0tambi\u00e9n habl\u00f3 del verano en Mar del Plata.<\/p>\n<p>El\u00a0jefe comunal afirm\u00f3 este martes que la temporada\u00a0<strong>\u201cva a ser distinta\u201d<\/strong>,\u00a0<a href=\"https:\/\/www.lacapitalmdp.com\/montenegro-estamos-pensando-en-un-verano-con-turistas-y-protocolos\/\">pero aclar\u00f3 que el municipio piensa\u00a0<strong>\u201cen un verano con turistas y protocolos\u201d<\/strong><\/a>.<\/p>\n<p>Si bien faltan m\u00e1s de cuatro meses para la llegada de diciembre, el debate en torno a la temporada de verano ya comenz\u00f3 a entrar en calor.<\/p>\n","protected":false},"excerpt":{"rendered":"<div class=\"mh-excerpt\"><p>La normativa todav\u00eda debe ser revisada por el municipio, pero se trata de un documento consensuado entre referentes del sector. Cupos limitados de personas por carpa o sombrilla, cintas demarcatorias, carteler\u00eda espec\u00edfica, personal capacitado, entre <a class=\"mh-excerpt-more\" href=\"https:\/\/larevistadigital.com.ar\/blog\/mar-del-plata-los-balnearios-presentaron-sus-protocolos-para-abrir-todos-los-detalles\/\" title=\"MAR DEL PLATA: LOS BALNEARIOS PRESENTARON SUS PROTOCOLOS PARA ABRIR. TODOS LOS DETALLES\">[Leer M\u00e1s]<\/a><\/p>\n<\/div>","protected":false},"author":3,"featured_media":15959,"comment_status":"open","ping_status":"open","sticky":false,"template":"","format":"standard","meta":{"_jetpack_memberships_contains_paid_content":false,"footnotes":"","jetpack_publicize_message":"","jetpack_publicize_feature_enabled":true,"jetpack_social_post_already_shared":true,"jetpack_social_options":{"image_generator_settings":{"template":"highway","default_image_id":0,"font":"","enabled":false},"version":2}},"categories":[51],"tags":[],"class_list":{"0":"post-15957","1":"post","2":"type-post","3":"status-publish","4":"format-standard","5":"has-post-thumbnail","7":"category-regionales"},"jetpack_publicize_connections":[],"jetpack_featured_media_url":"https:\/\/i0.wp.com\/larevistadigital.com.ar\/blog\/wp-content\/uploads\/Screenshot_1-126.jpg?fit=1001%2C665&ssl=1","jetpack_sharing_enabled":true,"jetpack_shortlink":"https:\/\/wp.me\/p8qtrQ-49n","jetpack-related-posts":[{"id":23103,"url":"https:\/\/larevistadigital.com.ar\/blog\/mar-del-plata-se-ahogo-un-hombre-en-uno-de-los-balnearios-de-punta-mogotes\/","url_meta":{"origin":15957,"position":0},"title":"MAR DEL PLATA: SE AHOG\u00d3 UN HOMBRE EN UNO DE LOS BALNEARIOS DE PUNTA MOGOTES","author":"Alejandro Sosa Ruda","date":"29 diciembre, 2021","format":false,"excerpt":"Era un hombre de aproximadamente 70 a\u00f1os que se hallaba en la zona p\u00fablica cercana al balneario N\u00b05 de Mogotes. MAR DEL PLATA -\u00a0 Un hombre de avanzada edad falleci\u00f3 esta tarde ahogado en uno de los balnearios de Punta Mogotes en circunstancias que ahora investigan las autoridades judiciales y\u2026","rel":"","context":"En \u00abPOLICIALES\u00bb","block_context":{"text":"POLICIALES","link":"https:\/\/larevistadigital.com.ar\/blog\/category\/policiales\/"},"img":{"alt_text":"","src":"https:\/\/i0.wp.com\/larevistadigital.com.ar\/blog\/wp-content\/uploads\/punta-mogotes-1.jpg?fit=1010%2C615&ssl=1&resize=350%2C200","width":350,"height":200,"srcset":"https:\/\/i0.wp.com\/larevistadigital.com.ar\/blog\/wp-content\/uploads\/punta-mogotes-1.jpg?fit=1010%2C615&ssl=1&resize=350%2C200 1x, https:\/\/i0.wp.com\/larevistadigital.com.ar\/blog\/wp-content\/uploads\/punta-mogotes-1.jpg?fit=1010%2C615&ssl=1&resize=525%2C300 1.5x, https:\/\/i0.wp.com\/larevistadigital.com.ar\/blog\/wp-content\/uploads\/punta-mogotes-1.jpg?fit=1010%2C615&ssl=1&resize=700%2C400 2x"},"classes":[]},{"id":16956,"url":"https:\/\/larevistadigital.com.ar\/blog\/mar-del-plata-en-el-verano-no-se-alquilaran-departamentos-por-menos-de-7-dias\/","url_meta":{"origin":15957,"position":1},"title":"MAR DEL PLATA: EN EL VERANO NO SE ALQUILAR\u00c1N DEPARTAMENTOS POR MENOS DE 7 D\u00cdAS","author":"Alejandro Sosa Ruda","date":"14 octubre, 2020","format":false,"excerpt":"El Colegio de Martilleros espera la aprobaci\u00f3n del protocolo para iniciar las operaciones. Se profundizan las condiciones de higiene en las unidades. El alquiler de departamentos para la temporada de verano presentar\u00e1 varias particularidades. Si bien todav\u00eda no est\u00e1 aprobado el protocolo que present\u00f3 el Colegio de Martilleros de Mar\u2026","rel":"","context":"En \u00abREGIONALES\u00bb","block_context":{"text":"REGIONALES","link":"https:\/\/larevistadigital.com.ar\/blog\/category\/regionales\/"},"img":{"alt_text":"","src":"https:\/\/i0.wp.com\/larevistadigital.com.ar\/blog\/wp-content\/uploads\/Screenshot_2-110.jpg?fit=1004%2C650&ssl=1&resize=350%2C200","width":350,"height":200,"srcset":"https:\/\/i0.wp.com\/larevistadigital.com.ar\/blog\/wp-content\/uploads\/Screenshot_2-110.jpg?fit=1004%2C650&ssl=1&resize=350%2C200 1x, https:\/\/i0.wp.com\/larevistadigital.com.ar\/blog\/wp-content\/uploads\/Screenshot_2-110.jpg?fit=1004%2C650&ssl=1&resize=525%2C300 1.5x, https:\/\/i0.wp.com\/larevistadigital.com.ar\/blog\/wp-content\/uploads\/Screenshot_2-110.jpg?fit=1004%2C650&ssl=1&resize=700%2C400 2x"},"classes":[]},{"id":12289,"url":"https:\/\/larevistadigital.com.ar\/blog\/video-quema-esos-archivos-estan-en-todos-los-partidos-pero-este-debe-ser-el-rey-de-los-panqueques\/","url_meta":{"origin":15957,"position":2},"title":"[VIDEO] \u00abQUEM\u00c1 ESOS ARCHIVOS\u00bb!&#8230; EST\u00c1N EN TODOS LOS PARTIDOS, PERO ESTE DEBE SER EL \u00abREY DE LOS PANQUEQUES\u00bb","author":"Alejandro Sosa Ruda","date":"26 septiembre, 2019","format":false,"excerpt":"POR EL HIJO DE POOH NO IMPORTA CUANDO LO VEAS, PORQUE SER\u00c1 ACTUAL... Hay dentro y fuera de la pol\u00edtica, y en todos los \u00e1mbitos de la vida. Laborales, familiares y en donde se te ocurra, podemos encontrar los \"panqueques\".\u00a0 La sociedad misma fue cambiando, y algo que era impensado,\u2026","rel":"","context":"En \u00abHUMOR MAMADORA\u00bb","block_context":{"text":"HUMOR MAMADORA","link":"https:\/\/larevistadigital.com.ar\/blog\/category\/humor-mamadora\/"},"img":{"alt_text":"","src":"https:\/\/i0.wp.com\/larevistadigital.com.ar\/blog\/wp-content\/uploads\/2019\/02\/VA-CON-HONDA.jpg?fit=1200%2C719&ssl=1&resize=350%2C200","width":350,"height":200,"srcset":"https:\/\/i0.wp.com\/larevistadigital.com.ar\/blog\/wp-content\/uploads\/2019\/02\/VA-CON-HONDA.jpg?fit=1200%2C719&ssl=1&resize=350%2C200 1x, https:\/\/i0.wp.com\/larevistadigital.com.ar\/blog\/wp-content\/uploads\/2019\/02\/VA-CON-HONDA.jpg?fit=1200%2C719&ssl=1&resize=525%2C300 1.5x, https:\/\/i0.wp.com\/larevistadigital.com.ar\/blog\/wp-content\/uploads\/2019\/02\/VA-CON-HONDA.jpg?fit=1200%2C719&ssl=1&resize=700%2C400 2x, https:\/\/i0.wp.com\/larevistadigital.com.ar\/blog\/wp-content\/uploads\/2019\/02\/VA-CON-HONDA.jpg?fit=1200%2C719&ssl=1&resize=1050%2C600 3x"},"classes":[]},{"id":21965,"url":"https:\/\/larevistadigital.com.ar\/blog\/ramiro-ferrante-agradecio-la-confianza-y-el-apoyo-de-vecinos-militantes-y-dirigentes\/","url_meta":{"origin":15957,"position":3},"title":"RAMIRO FERRANTE AGRADECI\u00d3 LA CONFIANZA Y EL APOYO DE VECINOS, MILITANTES Y DIRIGENTES","author":"Alejandro Sosa Ruda","date":"14 septiembre, 2021","format":false,"excerpt":"CHASCOM\u00daS - El triunfador en las PASO, Ramiro Ferrante, del espacio JUNTOS, se mostr\u00f3 emocionado y agradecido con los vecinos de la ciudad, y quienes lo acompa\u00f1aron en la militancia por su candidatura, resaltando el compromiso asumido con todos. Entre otras cosas, manifest\u00f3 que \u201cChascom\u00fas eligi\u00f3 di\u00e1logo, esfuerzo, trabajo y\u2026","rel":"","context":"En \u00abDESTACADAS\u00bb","block_context":{"text":"DESTACADAS","link":"https:\/\/larevistadigital.com.ar\/blog\/category\/destacadas\/"},"img":{"alt_text":"","src":"https:\/\/i0.wp.com\/larevistadigital.com.ar\/blog\/wp-content\/uploads\/WhatsApp-Image-2021-09-13-at-14.07.09.jpeg?fit=900%2C1200&ssl=1&resize=350%2C200","width":350,"height":200,"srcset":"https:\/\/i0.wp.com\/larevistadigital.com.ar\/blog\/wp-content\/uploads\/WhatsApp-Image-2021-09-13-at-14.07.09.jpeg?fit=900%2C1200&ssl=1&resize=350%2C200 1x, https:\/\/i0.wp.com\/larevistadigital.com.ar\/blog\/wp-content\/uploads\/WhatsApp-Image-2021-09-13-at-14.07.09.jpeg?fit=900%2C1200&ssl=1&resize=525%2C300 1.5x, https:\/\/i0.wp.com\/larevistadigital.com.ar\/blog\/wp-content\/uploads\/WhatsApp-Image-2021-09-13-at-14.07.09.jpeg?fit=900%2C1200&ssl=1&resize=700%2C400 2x"},"classes":[]},{"id":29766,"url":"https:\/\/larevistadigital.com.ar\/blog\/mar-del-plata-denuncian-ocupacion-ilegal-en-playas-publicas\/","url_meta":{"origin":15957,"position":4},"title":"MAR DEL PLATA: DENUNCIAN OCUPACI\u00d3N ILEGAL EN PLAYAS P\u00daBLICAS","author":"Alejandro Sosa Ruda","date":"16 enero, 2023","format":false,"excerpt":"Nuevamente sucede. lo denunci\u00f3 una vecina y abogada. 16 de enero de 2023 MAR DEL PLATA -\u00a0 La ocupaci\u00f3n ilegal de espacios de sombra en playas p\u00fablicas de Mar del Plata vuelve a ser noticia este verano. Esta vez, una vecina y abogada radic\u00f3 una denuncia penal tras indignarse por\u2026","rel":"","context":"En \u00abPOLICIALES\u00bb","block_context":{"text":"POLICIALES","link":"https:\/\/larevistadigital.com.ar\/blog\/category\/policiales\/"},"img":{"alt_text":"","src":"https:\/\/i0.wp.com\/larevistadigital.com.ar\/blog\/wp-content\/uploads\/Ocupacion-1024x768-1.jpg?fit=1024%2C768&ssl=1&resize=350%2C200","width":350,"height":200,"srcset":"https:\/\/i0.wp.com\/larevistadigital.com.ar\/blog\/wp-content\/uploads\/Ocupacion-1024x768-1.jpg?fit=1024%2C768&ssl=1&resize=350%2C200 1x, https:\/\/i0.wp.com\/larevistadigital.com.ar\/blog\/wp-content\/uploads\/Ocupacion-1024x768-1.jpg?fit=1024%2C768&ssl=1&resize=525%2C300 1.5x, https:\/\/i0.wp.com\/larevistadigital.com.ar\/blog\/wp-content\/uploads\/Ocupacion-1024x768-1.jpg?fit=1024%2C768&ssl=1&resize=700%2C400 2x"},"classes":[]},{"id":9372,"url":"https:\/\/larevistadigital.com.ar\/blog\/fuerte-documento-de-la-ucr-de-capital-criticando-a-cambiemos\/","url_meta":{"origin":15957,"position":5},"title":"FUERTE DOCUMENTO DE LA UCR DE CAPITAL CRITICANDO A CAMBIEMOS","author":"Alejandro Sosa Ruda","date":"26 marzo, 2019","format":false,"excerpt":"Con la firma de Guillermo de Maya, circula el siguiente documento entre radicales. Guillermo de Maya es el presidente de la Uni\u00f3n C\u00edvica Radical en la Ciudad Aut\u00f3noma de Buenos Aires. La UCR de Enrique Nosiglia y Emiliano Yacobiti, la que apa\u00f1a al diputado nacional Mart\u00edn Lousteau. Importante leer este\u2026","rel":"","context":"En \u00abPOLITICA\u00bb","block_context":{"text":"POLITICA","link":"https:\/\/larevistadigital.com.ar\/blog\/category\/politica\/"},"img":{"alt_text":"","src":"https:\/\/i0.wp.com\/larevistadigital.com.ar\/blog\/wp-content\/uploads\/2019\/03\/ucr-pro_0.jpg?fit=800%2C533&ssl=1&resize=350%2C200","width":350,"height":200,"srcset":"https:\/\/i0.wp.com\/larevistadigital.com.ar\/blog\/wp-content\/uploads\/2019\/03\/ucr-pro_0.jpg?fit=800%2C533&ssl=1&resize=350%2C200 1x, https:\/\/i0.wp.com\/larevistadigital.com.ar\/blog\/wp-content\/uploads\/2019\/03\/ucr-pro_0.jpg?fit=800%2C533&ssl=1&resize=525%2C300 1.5x, https:\/\/i0.wp.com\/larevistadigital.com.ar\/blog\/wp-content\/uploads\/2019\/03\/ucr-pro_0.jpg?fit=800%2C533&ssl=1&resize=700%2C400 2x"},"classes":[]}],"_links":{"self":[{"href":"https:\/\/larevistadigital.com.ar\/blog\/wp-json\/wp\/v2\/posts\/15957","targetHints":{"allow":["GET"]}}],"collection":[{"href":"https:\/\/larevistadigital.com.ar\/blog\/wp-json\/wp\/v2\/posts"}],"about":[{"href":"https:\/\/larevistadigital.com.ar\/blog\/wp-json\/wp\/v2\/types\/post"}],"author":[{"embeddable":true,"href":"https:\/\/larevistadigital.com.ar\/blog\/wp-json\/wp\/v2\/users\/3"}],"replies":[{"embeddable":true,"href":"https:\/\/larevistadigital.com.ar\/blog\/wp-json\/wp\/v2\/comments?post=15957"}],"version-history":[{"count":1,"href":"https:\/\/larevistadigital.com.ar\/blog\/wp-json\/wp\/v2\/posts\/15957\/revisions"}],"predecessor-version":[{"id":15960,"href":"https:\/\/larevistadigital.com.ar\/blog\/wp-json\/wp\/v2\/posts\/15957\/revisions\/15960"}],"wp:featuredmedia":[{"embeddable":true,"href":"https:\/\/larevistadigital.com.ar\/blog\/wp-json\/wp\/v2\/media\/15959"}],"wp:attachment":[{"href":"https:\/\/larevistadigital.com.ar\/blog\/wp-json\/wp\/v2\/media?parent=15957"}],"wp:term":[{"taxonomy":"category","embeddable":true,"href":"https:\/\/larevistadigital.com.ar\/blog\/wp-json\/wp\/v2\/categories?post=15957"},{"taxonomy":"post_tag","embeddable":true,"href":"https:\/\/larevistadigital.com.ar\/blog\/wp-json\/wp\/v2\/tags?post=15957"}],"curies":[{"name":"wp","href":"https:\/\/api.w.org\/{rel}","templated":true}]}}