{"id":15961,"date":"2020-08-12T13:44:25","date_gmt":"2020-08-12T13:44:25","guid":{"rendered":"https:\/\/larevistadigital.com.ar\/blog\/?p=15961"},"modified":"2020-08-12T13:44:25","modified_gmt":"2020-08-12T13:44:25","slug":"lo-confunden-con-otro-y-le-pegan-un-tiro-en-la-pierna","status":"publish","type":"post","link":"https:\/\/larevistadigital.com.ar\/blog\/lo-confunden-con-otro-y-le-pegan-un-tiro-en-la-pierna\/","title":{"rendered":"LO CONFUNDEN CON OTRO Y LE PEGAN UN TIRO EN LA PIERNA"},"content":{"rendered":"<h2>El ataque ocurri\u00f3 ayer a la noche en el barrio Fortunato de la Plaza. La v\u00edctima tiene 18 a\u00f1os y fue trasladado de urgencia al Hospital Interzonal.<\/h2>\n<p>Un\u00a0<strong>joven de 18 a\u00f1os fue baleado<\/strong>\u00a0en una pierna ayer a la noche mientras caminaba por el barrio\u00a0<strong>Fortunato de la Plaza<\/strong>\u00a0y, seg\u00fan le explic\u00f3 a la polic\u00eda, fue atacado porque \u201clo confundieron\u201d con otra persona.<\/p>\n<blockquote>\n<h3>El hecho se registr\u00f3 cerca de las\u00a0<strong>23.30<\/strong>\u00a0en\u00a0<strong>Tripulantes del Fournier al 7700<\/strong>, cuando por motivos que son de investigaci\u00f3n, el joven fue atacado por cuatro hombres que se cruz\u00f3 por la calle, quienes lo habr\u00edan confundido con otra persona y disparado en una pierna.<\/h3>\n<\/blockquote>\n<p>La v\u00edctima fue trasladada al Hospital Interzonal, donde dio su versi\u00f3n de los hechos y asegur\u00f3 no tener ning\u00fan conflicto con los agresores. Seg\u00fan trascendi\u00f3, el joven cuenta con antecedentes de tentativa de hurto y robo.<\/p>\n<p><strong>Otro baleado<\/strong><\/p>\n<p>Pr\u00e1cticamente en simult\u00e1neo, un hombre de 34 a\u00f1os fue baleado en el gl\u00fateo en el\u00a0Puerto y, si bien declar\u00f3 que fue v\u00edctima de un robo, el hecho estar\u00eda enmarcado en un ajuste de cuenta.<\/p>\n<blockquote>\n<h3>El ataque se registr\u00f3 a las 23.50, cuando el hombre se encontraba en\u00a0<strong>Magallanes y Avenida de los Trabajadores<\/strong>\u00a0y, en circunstancias que a\u00fan no fueron esclarecidas, fue baleado en el gl\u00fateo.<\/h3>\n<\/blockquote>\n<p>Para la polic\u00eda, las declaraciones de la v\u00edctima, en las que explic\u00f3 que lo intentaron robar, fueron contradictorias y confusas. El hombre cuenta con antecedentes por robo agravado, robo calificado, tenencia de arma de fuego y violaci\u00f3n a la ley de estupefacientes, por lo que los investigadores, si bien no descartan ninguna hip\u00f3tesis, enmarcar\u00edan el ataque como un ajuste de cuenta.<\/p>\n<p>La v\u00edctima se encuentra fuera de peligro y permanece internada en el Hospital Interzonal.<\/p>\n<p>publicado en La Capital<\/p>\n","protected":false},"excerpt":{"rendered":"<div class=\"mh-excerpt\"><p>El ataque ocurri\u00f3 ayer a la noche en el barrio Fortunato de la Plaza. La v\u00edctima tiene 18 a\u00f1os y fue trasladado de urgencia al Hospital Interzonal. Un\u00a0joven de 18 a\u00f1os fue baleado\u00a0en una pierna <a class=\"mh-excerpt-more\" href=\"https:\/\/larevistadigital.com.ar\/blog\/lo-confunden-con-otro-y-le-pegan-un-tiro-en-la-pierna\/\" title=\"LO CONFUNDEN CON OTRO Y LE PEGAN UN TIRO EN LA PIERNA\">[Leer M\u00e1s]<\/a><\/p>\n<\/div>","protected":false},"author":3,"featured_media":15962,"comment_status":"open","ping_status":"open","sticky":false,"template":"","format":"standard","meta":{"_jetpack_memberships_contains_paid_content":false,"footnotes":"","jetpack_publicize_message":"","jetpack_publicize_feature_enabled":true,"jetpack_social_post_already_shared":true,"jetpack_social_options":{"image_generator_settings":{"template":"highway","default_image_id":0,"font":"","enabled":false},"version":2}},"categories":[44,51],"tags":[],"class_list":{"0":"post-15961","1":"post","2":"type-post","3":"status-publish","4":"format-standard","5":"has-post-thumbnail","7":"category-policiales","8":"category-regionales"},"jetpack_publicize_connections":[],"jetpack_featured_media_url":"https:\/\/i0.wp.com\/larevistadigital.com.ar\/blog\/wp-content\/uploads\/Screenshot_1-127.jpg?fit=1008%2C661&ssl=1","jetpack_sharing_enabled":true,"jetpack_shortlink":"https:\/\/wp.me\/p8qtrQ-49r","jetpack-related-posts":[{"id":17336,"url":"https:\/\/larevistadigital.com.ar\/blog\/balean-a-joven-vinculado-a-varios-delitos-y-dijo-que-lo-quisieron-asaltar\/","url_meta":{"origin":15961,"position":0},"title":"BALEAN A JOVEN VINCULADO A VARIOS DELITOS Y DIJO QUE LO QUISIERON ASALTAR","author":"Alejandro Sosa Ruda","date":"30 octubre, 2020","format":false,"excerpt":"MAR DEL PLATA - Un joven de 24 a\u00f1os fue baleado ayer a la noche en el barrio Santa Rita y al ir al Hospital Interzonal, le dijo a la polic\u00eda que el ataque lo hab\u00eda sufrido el intento de robo de su moto, sin embargo la mentira se descubri\u00f3\u2026","rel":"","context":"En \u00abPOLICIALES\u00bb","block_context":{"text":"POLICIALES","link":"https:\/\/larevistadigital.com.ar\/blog\/category\/policiales\/"},"img":{"alt_text":"","src":"https:\/\/i0.wp.com\/larevistadigital.com.ar\/blog\/wp-content\/uploads\/Guardia-Higa-0311.jpg?fit=790%2C444&ssl=1&resize=350%2C200","width":350,"height":200,"srcset":"https:\/\/i0.wp.com\/larevistadigital.com.ar\/blog\/wp-content\/uploads\/Guardia-Higa-0311.jpg?fit=790%2C444&ssl=1&resize=350%2C200 1x, https:\/\/i0.wp.com\/larevistadigital.com.ar\/blog\/wp-content\/uploads\/Guardia-Higa-0311.jpg?fit=790%2C444&ssl=1&resize=525%2C300 1.5x, https:\/\/i0.wp.com\/larevistadigital.com.ar\/blog\/wp-content\/uploads\/Guardia-Higa-0311.jpg?fit=790%2C444&ssl=1&resize=700%2C400 2x"},"classes":[]},{"id":12234,"url":"https:\/\/larevistadigital.com.ar\/blog\/muere-un-joven-por-un-disparo-en-confuso-episodio\/","url_meta":{"origin":15961,"position":1},"title":"MUERE UN JOVEN POR UN DISPARO EN CONFUSO EPISODIO","author":"Alejandro Sosa Ruda","date":"22 septiembre, 2019","format":false,"excerpt":"La v\u00edctima fue identificada como Michel Palavecino, de 24 a\u00f1os. Recibi\u00f3 un disparo en la pierna y falleci\u00f3 en el Hospital. Un amigo que lo llev\u00f3 al nosocomio explic\u00f3 que mientras \"jugaban\" con unas armas se les escap\u00f3 el disparo. Mar del Plata - Un joven de 24 a\u00f1os\u00a0falleci\u00f3 esta\u2026","rel":"","context":"En \u00abPOLICIALES\u00bb","block_context":{"text":"POLICIALES","link":"https:\/\/larevistadigital.com.ar\/blog\/category\/policiales\/"},"img":{"alt_text":"","src":"https:\/\/i0.wp.com\/larevistadigital.com.ar\/blog\/wp-content\/uploads\/Screenshot_2-41.jpg?fit=1001%2C575&ssl=1&resize=350%2C200","width":350,"height":200,"srcset":"https:\/\/i0.wp.com\/larevistadigital.com.ar\/blog\/wp-content\/uploads\/Screenshot_2-41.jpg?fit=1001%2C575&ssl=1&resize=350%2C200 1x, https:\/\/i0.wp.com\/larevistadigital.com.ar\/blog\/wp-content\/uploads\/Screenshot_2-41.jpg?fit=1001%2C575&ssl=1&resize=525%2C300 1.5x, https:\/\/i0.wp.com\/larevistadigital.com.ar\/blog\/wp-content\/uploads\/Screenshot_2-41.jpg?fit=1001%2C575&ssl=1&resize=700%2C400 2x"},"classes":[]},{"id":16509,"url":"https:\/\/larevistadigital.com.ar\/blog\/mar-del-plata-balean-a-mujer-y-esta-se-nego-a-hacer-la-denuncia\/","url_meta":{"origin":15961,"position":2},"title":"MAR DEL PLATA: BALEAN A MUJER Y ESTA, SE NEG\u00d3 A HACER LA DENUNCIA","author":"Alejandro Sosa Ruda","date":"25 septiembre, 2020","format":false,"excerpt":"La v\u00edctima tiene 26 a\u00f1os y qued\u00f3 internada en el Hospital Interzonal. Recibi\u00f3 un disparo en la pierna y otro en el hombre, pero al llegar al nosocomio no quiso aportar datos a la polic\u00eda ni que se iniciara una investigaci\u00f3n penal. Una\u00a0mujer de 26 a\u00f1os\u00a0fue baleada ayer a la\u2026","rel":"","context":"En \u00abPOLICIALES\u00bb","block_context":{"text":"POLICIALES","link":"https:\/\/larevistadigital.com.ar\/blog\/category\/policiales\/"},"img":{"alt_text":"","src":"https:\/\/i0.wp.com\/larevistadigital.com.ar\/blog\/wp-content\/uploads\/Guardia-Higa-0311.jpg?fit=790%2C444&ssl=1&resize=350%2C200","width":350,"height":200,"srcset":"https:\/\/i0.wp.com\/larevistadigital.com.ar\/blog\/wp-content\/uploads\/Guardia-Higa-0311.jpg?fit=790%2C444&ssl=1&resize=350%2C200 1x, https:\/\/i0.wp.com\/larevistadigital.com.ar\/blog\/wp-content\/uploads\/Guardia-Higa-0311.jpg?fit=790%2C444&ssl=1&resize=525%2C300 1.5x, https:\/\/i0.wp.com\/larevistadigital.com.ar\/blog\/wp-content\/uploads\/Guardia-Higa-0311.jpg?fit=790%2C444&ssl=1&resize=700%2C400 2x"},"classes":[]},{"id":25643,"url":"https:\/\/larevistadigital.com.ar\/blog\/mar-del-plata-lo-balearon-en-una-pierna-y-no-quiso-denunciar-que-le-paso\/","url_meta":{"origin":15961,"position":3},"title":"MAR DEL PLATA: LO BALEARON EN UNA PIERNA Y NO QUISO DENUNCIAR QU\u00c9 LE PAS\u00d3","author":"Alejandro Sosa Ruda","date":"6 junio, 2022","format":false,"excerpt":"Sucedi\u00f3 en el barrio Santa Rita el domingo a la noche. El herido de 42 a\u00f1os no quiso instar acci\u00f3n penal alguna ni dar detalles del ataque. MAR DEL PLATA -\u00a0 Un problema de vieja data, pero sin deseo de que se investigue. Esos fueron los \u00fanicos detalles que un\u2026","rel":"","context":"En \u00abINTERES GENERAL\u00bb","block_context":{"text":"INTERES GENERAL","link":"https:\/\/larevistadigital.com.ar\/blog\/category\/interes-general\/"},"img":{"alt_text":"","src":"https:\/\/i0.wp.com\/larevistadigital.com.ar\/blog\/wp-content\/uploads\/higa.jpg?fit=1140%2C708&ssl=1&resize=350%2C200","width":350,"height":200,"srcset":"https:\/\/i0.wp.com\/larevistadigital.com.ar\/blog\/wp-content\/uploads\/higa.jpg?fit=1140%2C708&ssl=1&resize=350%2C200 1x, https:\/\/i0.wp.com\/larevistadigital.com.ar\/blog\/wp-content\/uploads\/higa.jpg?fit=1140%2C708&ssl=1&resize=525%2C300 1.5x, https:\/\/i0.wp.com\/larevistadigital.com.ar\/blog\/wp-content\/uploads\/higa.jpg?fit=1140%2C708&ssl=1&resize=700%2C400 2x, https:\/\/i0.wp.com\/larevistadigital.com.ar\/blog\/wp-content\/uploads\/higa.jpg?fit=1140%2C708&ssl=1&resize=1050%2C600 3x"},"classes":[]},{"id":33631,"url":"https:\/\/larevistadigital.com.ar\/blog\/lo-apunalaron-5-veces-y-no-quiso-hacer-la-denuncia\/","url_meta":{"origin":15961,"position":4},"title":"LO APU\u00d1ALARON 5 VECES Y NO QUISO HACER LA DENUNCIA","author":"Alejandro Sosa Ruda","date":"27 septiembre, 2023","format":false,"excerpt":"Pese a haber sido atacado y herido el hombre no quiso relatar los hechos ni hacer la denuncia. 27 de Septiembre de 2023 MAR DEL PLATA -\u00a0 Un sujeto de 36 a\u00f1os de edad, recibi\u00f3 cinco pu\u00f1aladas pero pudo sobrevivir y fue llevado al Hospital Interzonal, donde se neg\u00f3 a\u2026","rel":"","context":"En \u00abPOLICIALES\u00bb","block_context":{"text":"POLICIALES","link":"https:\/\/larevistadigital.com.ar\/blog\/category\/policiales\/"},"img":{"alt_text":"","src":"https:\/\/i0.wp.com\/larevistadigital.com.ar\/blog\/wp-content\/uploads\/c2728acf85a63a49cfbbf9fff249c657c9aa068d.png?fit=1140%2C640&ssl=1&resize=350%2C200","width":350,"height":200,"srcset":"https:\/\/i0.wp.com\/larevistadigital.com.ar\/blog\/wp-content\/uploads\/c2728acf85a63a49cfbbf9fff249c657c9aa068d.png?fit=1140%2C640&ssl=1&resize=350%2C200 1x, https:\/\/i0.wp.com\/larevistadigital.com.ar\/blog\/wp-content\/uploads\/c2728acf85a63a49cfbbf9fff249c657c9aa068d.png?fit=1140%2C640&ssl=1&resize=525%2C300 1.5x, https:\/\/i0.wp.com\/larevistadigital.com.ar\/blog\/wp-content\/uploads\/c2728acf85a63a49cfbbf9fff249c657c9aa068d.png?fit=1140%2C640&ssl=1&resize=700%2C400 2x, https:\/\/i0.wp.com\/larevistadigital.com.ar\/blog\/wp-content\/uploads\/c2728acf85a63a49cfbbf9fff249c657c9aa068d.png?fit=1140%2C640&ssl=1&resize=1050%2C600 3x"},"classes":[]},{"id":16768,"url":"https:\/\/larevistadigital.com.ar\/blog\/mar-del-plata-apunalan-a-tres-jovenes-al-querer-entrar-a-una-fiesta-de-cumpleanos\/","url_meta":{"origin":15961,"position":5},"title":"MAR DEL PLATA: APU\u00d1ALAN A TRES J\u00d3VENES AL QUERER ENTRAR A UNA FIESTA DE CUMPLEA\u00d1OS","author":"Alejandro Sosa Ruda","date":"5 octubre, 2020","format":false,"excerpt":"Ocurri\u00f3 ayer a la madrugada en el barrio San Mart\u00edn. Las v\u00edctimas tienen 17, 18 y 19 a\u00f1os. Tres j\u00f3venes, de 17, 18 y 19 a\u00f1os, fueron apu\u00f1alados al querer ingresar a una fiesta clandestina en el barrio San Mart\u00edn donde un adolescente celebraba su cumplea\u00f1os. Cerca de las 5\u2026","rel":"","context":"En \u00abINTERES GENERAL\u00bb","block_context":{"text":"INTERES GENERAL","link":"https:\/\/larevistadigital.com.ar\/blog\/category\/interes-general\/"},"img":{"alt_text":"","src":"https:\/\/i0.wp.com\/larevistadigital.com.ar\/blog\/wp-content\/uploads\/Guardia-Higa-0311.jpg?fit=790%2C444&ssl=1&resize=350%2C200","width":350,"height":200,"srcset":"https:\/\/i0.wp.com\/larevistadigital.com.ar\/blog\/wp-content\/uploads\/Guardia-Higa-0311.jpg?fit=790%2C444&ssl=1&resize=350%2C200 1x, https:\/\/i0.wp.com\/larevistadigital.com.ar\/blog\/wp-content\/uploads\/Guardia-Higa-0311.jpg?fit=790%2C444&ssl=1&resize=525%2C300 1.5x, https:\/\/i0.wp.com\/larevistadigital.com.ar\/blog\/wp-content\/uploads\/Guardia-Higa-0311.jpg?fit=790%2C444&ssl=1&resize=700%2C400 2x"},"classes":[]}],"_links":{"self":[{"href":"https:\/\/larevistadigital.com.ar\/blog\/wp-json\/wp\/v2\/posts\/15961","targetHints":{"allow":["GET"]}}],"collection":[{"href":"https:\/\/larevistadigital.com.ar\/blog\/wp-json\/wp\/v2\/posts"}],"about":[{"href":"https:\/\/larevistadigital.com.ar\/blog\/wp-json\/wp\/v2\/types\/post"}],"author":[{"embeddable":true,"href":"https:\/\/larevistadigital.com.ar\/blog\/wp-json\/wp\/v2\/users\/3"}],"replies":[{"embeddable":true,"href":"https:\/\/larevistadigital.com.ar\/blog\/wp-json\/wp\/v2\/comments?post=15961"}],"version-history":[{"count":1,"href":"https:\/\/larevistadigital.com.ar\/blog\/wp-json\/wp\/v2\/posts\/15961\/revisions"}],"predecessor-version":[{"id":15963,"href":"https:\/\/larevistadigital.com.ar\/blog\/wp-json\/wp\/v2\/posts\/15961\/revisions\/15963"}],"wp:featuredmedia":[{"embeddable":true,"href":"https:\/\/larevistadigital.com.ar\/blog\/wp-json\/wp\/v2\/media\/15962"}],"wp:attachment":[{"href":"https:\/\/larevistadigital.com.ar\/blog\/wp-json\/wp\/v2\/media?parent=15961"}],"wp:term":[{"taxonomy":"category","embeddable":true,"href":"https:\/\/larevistadigital.com.ar\/blog\/wp-json\/wp\/v2\/categories?post=15961"},{"taxonomy":"post_tag","embeddable":true,"href":"https:\/\/larevistadigital.com.ar\/blog\/wp-json\/wp\/v2\/tags?post=15961"}],"curies":[{"name":"wp","href":"https:\/\/api.w.org\/{rel}","templated":true}]}}