{"id":15964,"date":"2020-08-11T17:40:23","date_gmt":"2020-08-11T17:40:23","guid":{"rendered":"https:\/\/larevistadigital.com.ar\/blog\/?p=15964"},"modified":"2020-08-11T17:49:04","modified_gmt":"2020-08-11T17:49:04","slug":"gen-de-chascomus-mas-burocracia-menos-educacion","status":"publish","type":"post","link":"https:\/\/larevistadigital.com.ar\/blog\/gen-de-chascomus-mas-burocracia-menos-educacion\/","title":{"rendered":"GEN DE CHASCOM\u00daS: \u00abM\u00c1S BUROCRACIA, MENOS EDUCACI\u00d3N\u00bb"},"content":{"rendered":"<p><strong>\u201cUna vez m\u00e1s y van\u2026 el hilo se intenta cortar por lo m\u00e1s delgado&#8230;\u201d<\/strong><\/p>\n<p><strong>M\u00c1S BUROCRACIA MENOS EDUCACI\u00d3N <\/strong><\/p>\n<p><strong>Lo inexplicable que estas medidas las tomen quienes deber\u00edan tener m\u00e1s claro las prioridades de una sociedad&#8230;<\/strong><\/p>\n<p><strong>\u00a0<\/strong>Una vez m\u00e1s y van\u2026 el hilo se intenta cortar por lo m\u00e1s delgado. Se persiste en Chascom\u00fas dentro del sistema educativo con\u00a0 la idea que la educaci\u00f3n de adultos es de descarte y a partir de esta falsa concepci\u00f3n, a la que tambi\u00e9n podr\u00edamos decir injusta y poco solidaria, se pretende ya en reiteraci\u00f3n desalojar de su \u00e1mbito espec\u00edfico la sede de la escuela de adultos. Lo curioso, lo triste y lo arbitrario es que esta medida se fundamenta en que esas instalaciones educativas ser\u00e1n para consagrar all\u00ed la sede de la Inspectora de la Diegep (Inspecci\u00f3n de la Ense\u00f1anza Privada). Est\u00e1 claro que el criterio que prima es mayor burocracia y menor educaci\u00f3n.\u00a0 Razonamiento similar llev\u00f3 a clausurar la biblioteca de adultos que exist\u00eda en el primer piso del palacio de Calle Lavalle y Moreno para destinarla tambi\u00e9n a sede de otras inspectoras. Que la burocracia est\u00e9 bien y la educaci\u00f3n mal\u2026 o no son esas las conclusiones que el menos avisado puede colegir?.-<\/p>\n<p>La importancia que tiene hoy la educaci\u00f3n y m\u00e1s para aquellos que seguramente por circunstancias sociales no pudieron concluir o en algunos casos comenzar la escuela primaria o huelga comentarla por ser una verdad que cae por su propio peso. Lo inexplicable que estas medidas las tomen quienes deber\u00edan tener m\u00e1s claro las prioridades de una sociedad a la que sin duda todos pretendemos m\u00e1s equilibrada que lo que hoy muestra el paisaje de nuestro pa\u00eds. En lo espec\u00edfico se pretende tambi\u00e9n llevar a los empujones y desconocer una decisi\u00f3n del Consejo Escolar de Chascom\u00fas que en fecha 20 de agosto de 2003 estableci\u00f3 la sede actual como la definitiva de la Ense\u00f1anza de Adultos que lleva el N\u00b0 702.- (Ver Acta 164 de esa fecha).-<\/p>\n<p>Ser\u00eda bueno que primara el sentido com\u00fan y las autoridades educativas, junto con el Consejo Escolar y las autoridades municipales \u2013 Concejo Deliberante y Ejecutivo- coadyuvaran a resolver este problema autoinfligido y a la vez sostuvieran con energ\u00eda un \u00e1mbito como es la ense\u00f1anza de adultos que hoy resulta imprescindible dentro de nuestro sistema educativo.-<\/p>\n<p>Chascom\u00fas, agosto 11 de 2020<\/p>\n<p><strong>PARTIDO GEN \u2013 PERONISMO FEDERAL <\/strong><\/p>\n<p>&nbsp;<\/p>\n","protected":false},"excerpt":{"rendered":"<div class=\"mh-excerpt\"><p>\u201cUna vez m\u00e1s y van\u2026 el hilo se intenta cortar por lo m\u00e1s delgado&#8230;\u201d M\u00c1S BUROCRACIA MENOS EDUCACI\u00d3N Lo inexplicable que estas medidas las tomen quienes deber\u00edan tener m\u00e1s claro las prioridades de una sociedad&#8230; <a class=\"mh-excerpt-more\" href=\"https:\/\/larevistadigital.com.ar\/blog\/gen-de-chascomus-mas-burocracia-menos-educacion\/\" title=\"GEN DE CHASCOM\u00daS: \u00abM\u00c1S BUROCRACIA, MENOS EDUCACI\u00d3N\u00bb\">[Leer M\u00e1s]<\/a><\/p>\n<\/div>","protected":false},"author":3,"featured_media":15862,"comment_status":"open","ping_status":"open","sticky":false,"template":"","format":"standard","meta":{"_jetpack_memberships_contains_paid_content":false,"footnotes":"","jetpack_publicize_message":"","jetpack_publicize_feature_enabled":true,"jetpack_social_post_already_shared":true,"jetpack_social_options":{"image_generator_settings":{"template":"highway","default_image_id":0,"font":"","enabled":false},"version":2}},"categories":[50,12],"tags":[],"class_list":{"0":"post-15964","1":"post","2":"type-post","3":"status-publish","4":"format-standard","5":"has-post-thumbnail","7":"category-interes-general","8":"category-politica"},"jetpack_publicize_connections":[],"jetpack_featured_media_url":"https:\/\/i0.wp.com\/larevistadigital.com.ar\/blog\/wp-content\/uploads\/unnamed-8.jpg?fit=512%2C288&ssl=1","jetpack_sharing_enabled":true,"jetpack_shortlink":"https:\/\/wp.me\/p8qtrQ-49u","jetpack-related-posts":[{"id":35999,"url":"https:\/\/larevistadigital.com.ar\/blog\/el-hilo-siempre-se-corta-por-lo-mas-delgado-anses-aplaza-una-semana-el-pago-a-las-pensiones-no-contributivas\/","url_meta":{"origin":15964,"position":0},"title":"\u00abEL HILO SIEMPRE SE CORTA POR LO M\u00c1S DELGADO\u00bb: ANSES APLAZA UNA SEMANA EL PAGO A LAS PENSIONES NO CONTRIBUTIVAS","author":"Alejandro Sosa Ruda","date":"6 mayo, 2024","format":false,"excerpt":"La Administraci\u00f3n Nacional de la Seguridad Social (ANSES) ha decidido aplazar una semana el pago de las Pensiones No Contributivas (PNC) en mayo. Inicialmente programadas para empezar entre el 1 y el 3 de mayo, para los documentos terminados en 0 y 1, ahora comenzar\u00e1n el 9 de mayo, coincidiendo\u2026","rel":"","context":"En \u00abINTERES GENERAL\u00bb","block_context":{"text":"INTERES GENERAL","link":"https:\/\/larevistadigital.com.ar\/blog\/category\/interes-general\/"},"img":{"alt_text":"","src":"https:\/\/i0.wp.com\/larevistadigital.com.ar\/blog\/wp-content\/uploads\/20240504132831_anses-web.jpg?fit=880%2C512&ssl=1&resize=350%2C200","width":350,"height":200,"srcset":"https:\/\/i0.wp.com\/larevistadigital.com.ar\/blog\/wp-content\/uploads\/20240504132831_anses-web.jpg?fit=880%2C512&ssl=1&resize=350%2C200 1x, https:\/\/i0.wp.com\/larevistadigital.com.ar\/blog\/wp-content\/uploads\/20240504132831_anses-web.jpg?fit=880%2C512&ssl=1&resize=525%2C300 1.5x, https:\/\/i0.wp.com\/larevistadigital.com.ar\/blog\/wp-content\/uploads\/20240504132831_anses-web.jpg?fit=880%2C512&ssl=1&resize=700%2C400 2x"},"classes":[]},{"id":8720,"url":"https:\/\/larevistadigital.com.ar\/blog\/chascomus-quejas-por-un-peligroso-pozo-en-el-cruce-con-la-ruta-20\/","url_meta":{"origin":15964,"position":1},"title":"CHASCOM\u00daS: QUEJAS POR UN PELIGROSO POZO EN EL CRUCE CON LA RUTA 20","author":"Alejandro Sosa Ruda","date":"25 febrero, 2019","format":false,"excerpt":"Desde la empresa BA Traslados, nos hacen llegar una publicaci\u00f3n que da cuenta de un terrible pozo que se encuentra en la entrada desde la Ruta 20 por la rotonda hacia el acceso a Chascom\u00fas. Las fotograf\u00edas que env\u00edan, son elocuentes, y en su escrito, manifiestan con bronca, pero con\u2026","rel":"","context":"En \u00abCHASCOM\u00daS\u00bb","block_context":{"text":"CHASCOM\u00daS","link":"https:\/\/larevistadigital.com.ar\/blog\/category\/chascomus\/"},"img":{"alt_text":"","src":"https:\/\/i0.wp.com\/larevistadigital.com.ar\/blog\/wp-content\/uploads\/2019\/02\/Screenshot_1-11.jpg?fit=1053%2C361&ssl=1&resize=350%2C200","width":350,"height":200,"srcset":"https:\/\/i0.wp.com\/larevistadigital.com.ar\/blog\/wp-content\/uploads\/2019\/02\/Screenshot_1-11.jpg?fit=1053%2C361&ssl=1&resize=350%2C200 1x, https:\/\/i0.wp.com\/larevistadigital.com.ar\/blog\/wp-content\/uploads\/2019\/02\/Screenshot_1-11.jpg?fit=1053%2C361&ssl=1&resize=525%2C300 1.5x, https:\/\/i0.wp.com\/larevistadigital.com.ar\/blog\/wp-content\/uploads\/2019\/02\/Screenshot_1-11.jpg?fit=1053%2C361&ssl=1&resize=700%2C400 2x, https:\/\/i0.wp.com\/larevistadigital.com.ar\/blog\/wp-content\/uploads\/2019\/02\/Screenshot_1-11.jpg?fit=1053%2C361&ssl=1&resize=1050%2C600 3x"},"classes":[]},{"id":33248,"url":"https:\/\/larevistadigital.com.ar\/blog\/kicillof-ni-bullrich-ni-milei-van-a-resolver-un-solo-problema\/","url_meta":{"origin":15964,"position":2},"title":"KICILLOF: \u00abNI BULLRICH NI MILEI VAN A RESOLVER UN SOLO PROBLEMA\u00bb","author":"Alejandro Sosa Ruda","date":"3 septiembre, 2023","format":false,"excerpt":"\"La derecha tiene dos candidatos pero un solo proyecto, que es quitar derechos\", dijo el Gobernador a trav\u00e9s de\u00a0sus redes sociales. 03 de septiembre de 2023 El gobernador bonaerense,\u00a0Axel Kicillof, advirti\u00f3 este domingo que los candidatos presidenciales opositores,\u00a0Patricia Bullrich\u00a0y\u00a0Javier Milei,\u00a0\"no van a resolver un solo problema\", por lo que el\u2026","rel":"","context":"En \u00abPOLITICA PROVINCIAL\u00bb","block_context":{"text":"POLITICA PROVINCIAL","link":"https:\/\/larevistadigital.com.ar\/blog\/category\/politica\/politica-provincial\/"},"img":{"alt_text":"","src":"https:\/\/i0.wp.com\/larevistadigital.com.ar\/blog\/wp-content\/uploads\/1693770149328.jpeg?fit=1200%2C594&ssl=1&resize=350%2C200","width":350,"height":200,"srcset":"https:\/\/i0.wp.com\/larevistadigital.com.ar\/blog\/wp-content\/uploads\/1693770149328.jpeg?fit=1200%2C594&ssl=1&resize=350%2C200 1x, https:\/\/i0.wp.com\/larevistadigital.com.ar\/blog\/wp-content\/uploads\/1693770149328.jpeg?fit=1200%2C594&ssl=1&resize=525%2C300 1.5x, https:\/\/i0.wp.com\/larevistadigital.com.ar\/blog\/wp-content\/uploads\/1693770149328.jpeg?fit=1200%2C594&ssl=1&resize=700%2C400 2x, https:\/\/i0.wp.com\/larevistadigital.com.ar\/blog\/wp-content\/uploads\/1693770149328.jpeg?fit=1200%2C594&ssl=1&resize=1050%2C600 3x"},"classes":[]},{"id":42184,"url":"https:\/\/larevistadigital.com.ar\/blog\/chascomus-comenzaron-las-jornadas-de-educacion-vial-en-el-ateneo-parroquial\/","url_meta":{"origin":15964,"position":3},"title":"Chascom\u00fas: Comenzaron las jornadas de educaci\u00f3n vial en el Ateneo Parroquial","author":"Alejandro Sosa Ruda","date":"23 octubre, 2025","format":false,"excerpt":"La Municipalidad impulsa acciones para fortalecer la seguridad y el cuidado en la v\u00eda p\u00fablica. 23 de Octubre de 2025 CHASCOM\u00daS -\u00a0 \u00a0Esta semana comenzaron las jornadas de educaci\u00f3n vial organizadas por la Municipalidad en la sede del Ateneo Parroquial Nuestra Se\u00f1ora de la Merced. La capacitaci\u00f3n, a cargo de\u2026","rel":"","context":"En \u00abCHASCOM\u00daS\u00bb","block_context":{"text":"CHASCOM\u00daS","link":"https:\/\/larevistadigital.com.ar\/blog\/category\/chascomus\/"},"img":{"alt_text":"","src":"https:\/\/i0.wp.com\/larevistadigital.com.ar\/blog\/wp-content\/uploads\/68fa5aae96c77.png?fit=668%2C445&ssl=1&resize=350%2C200","width":350,"height":200,"srcset":"https:\/\/i0.wp.com\/larevistadigital.com.ar\/blog\/wp-content\/uploads\/68fa5aae96c77.png?fit=668%2C445&ssl=1&resize=350%2C200 1x, https:\/\/i0.wp.com\/larevistadigital.com.ar\/blog\/wp-content\/uploads\/68fa5aae96c77.png?fit=668%2C445&ssl=1&resize=525%2C300 1.5x"},"classes":[]},{"id":40762,"url":"https:\/\/larevistadigital.com.ar\/blog\/desde-este-miercoles-chascomus-participara-en-las-rondas-de-negocios-de-meet-up-argentina\/","url_meta":{"origin":15964,"position":4},"title":"Desde este mi\u00e9rcoles Chascom\u00fas participar\u00e1 en las Rondas de Negocios de MEET UP Argentina","author":"Alejandro Sosa Ruda","date":"5 agosto, 2025","format":false,"excerpt":"Sin lugar a dudas es el encuentro m\u00e1s importante de la industria del Turismo de Reuniones en el pa\u00eds y nuestra ciudad ofrecer\u00e1 sus servicios. 05 de Agosto de 2025 CHASCOM\u00daS -\u00a0 \u00a0En las jornadas de este mi\u00e9rcoles 6 y jueves 7 de agosto, referentes del \u00e1rea de Turismo de\u2026","rel":"","context":"En \u00abCHASCOM\u00daS\u00bb","block_context":{"text":"CHASCOM\u00daS","link":"https:\/\/larevistadigital.com.ar\/blog\/category\/chascomus\/"},"img":{"alt_text":"","src":"https:\/\/i0.wp.com\/larevistadigital.com.ar\/blog\/wp-content\/uploads\/689233ce776d6.png?fit=668%2C445&ssl=1&resize=350%2C200","width":350,"height":200,"srcset":"https:\/\/i0.wp.com\/larevistadigital.com.ar\/blog\/wp-content\/uploads\/689233ce776d6.png?fit=668%2C445&ssl=1&resize=350%2C200 1x, https:\/\/i0.wp.com\/larevistadigital.com.ar\/blog\/wp-content\/uploads\/689233ce776d6.png?fit=668%2C445&ssl=1&resize=525%2C300 1.5x"},"classes":[]},{"id":41923,"url":"https:\/\/larevistadigital.com.ar\/blog\/cuando-la-desidia-se-vuelve-rutina-los-chicos-otra-vez-sin-clases\/","url_meta":{"origin":15964,"position":5},"title":"Cuando la desidia se vuelve rutina: los chicos otra vez sin clases","author":"Alejandro Sosa Ruda","date":"13 octubre, 2025","format":false,"excerpt":"La falta de pago a transportistas rurales vuelve a dejar a decenas de alumnos sin poder asistir a la escuela. Una situaci\u00f3n que se repite y que revela la ineficiencia del Consejo Escolar para garantizar algo tan b\u00e1sico como el acceso a la educaci\u00f3n. 13 de Octubre de 2025 CHASCOM\u00daS\u2026","rel":"","context":"En \u00abDESTACADAS\u00bb","block_context":{"text":"DESTACADAS","link":"https:\/\/larevistadigital.com.ar\/blog\/category\/destacadas\/"},"img":{"alt_text":"","src":"https:\/\/i0.wp.com\/larevistadigital.com.ar\/blog\/wp-content\/uploads\/1-22.jpg?fit=678%2C381&ssl=1&resize=350%2C200","width":350,"height":200,"srcset":"https:\/\/i0.wp.com\/larevistadigital.com.ar\/blog\/wp-content\/uploads\/1-22.jpg?fit=678%2C381&ssl=1&resize=350%2C200 1x, https:\/\/i0.wp.com\/larevistadigital.com.ar\/blog\/wp-content\/uploads\/1-22.jpg?fit=678%2C381&ssl=1&resize=525%2C300 1.5x"},"classes":[]}],"_links":{"self":[{"href":"https:\/\/larevistadigital.com.ar\/blog\/wp-json\/wp\/v2\/posts\/15964","targetHints":{"allow":["GET"]}}],"collection":[{"href":"https:\/\/larevistadigital.com.ar\/blog\/wp-json\/wp\/v2\/posts"}],"about":[{"href":"https:\/\/larevistadigital.com.ar\/blog\/wp-json\/wp\/v2\/types\/post"}],"author":[{"embeddable":true,"href":"https:\/\/larevistadigital.com.ar\/blog\/wp-json\/wp\/v2\/users\/3"}],"replies":[{"embeddable":true,"href":"https:\/\/larevistadigital.com.ar\/blog\/wp-json\/wp\/v2\/comments?post=15964"}],"version-history":[{"count":3,"href":"https:\/\/larevistadigital.com.ar\/blog\/wp-json\/wp\/v2\/posts\/15964\/revisions"}],"predecessor-version":[{"id":15966,"href":"https:\/\/larevistadigital.com.ar\/blog\/wp-json\/wp\/v2\/posts\/15964\/revisions\/15966"}],"wp:featuredmedia":[{"embeddable":true,"href":"https:\/\/larevistadigital.com.ar\/blog\/wp-json\/wp\/v2\/media\/15862"}],"wp:attachment":[{"href":"https:\/\/larevistadigital.com.ar\/blog\/wp-json\/wp\/v2\/media?parent=15964"}],"wp:term":[{"taxonomy":"category","embeddable":true,"href":"https:\/\/larevistadigital.com.ar\/blog\/wp-json\/wp\/v2\/categories?post=15964"},{"taxonomy":"post_tag","embeddable":true,"href":"https:\/\/larevistadigital.com.ar\/blog\/wp-json\/wp\/v2\/tags?post=15964"}],"curies":[{"name":"wp","href":"https:\/\/api.w.org\/{rel}","templated":true}]}}