{"id":15969,"date":"2020-08-12T14:00:32","date_gmt":"2020-08-12T14:00:32","guid":{"rendered":"https:\/\/larevistadigital.com.ar\/blog\/?p=15969"},"modified":"2020-08-12T14:00:32","modified_gmt":"2020-08-12T14:00:32","slug":"lezama-mas-de-80-empleados-de-obras-y-servicios-recibieron-calzado-de-seguridad","status":"publish","type":"post","link":"https:\/\/larevistadigital.com.ar\/blog\/lezama-mas-de-80-empleados-de-obras-y-servicios-recibieron-calzado-de-seguridad\/","title":{"rendered":"LEZAMA: M\u00c1S DE 80 EMPLEADOS DE OBRAS Y SERVICIOS RECIBIERON CALZADO DE SEGURIDAD"},"content":{"rendered":"<p>El intendente municipal <strong>Arnaldo Harispe<\/strong> y el jefe de Personal <strong>Diego Laborde<\/strong> entregaron esta ma\u00f1ana calzado de trabajo a la totalidad de los empleados del \u00e1rea Obras y Servicios del municipio. Son m\u00e1s de 80 los agentes municipales que recibieron, en el palacio municipal, el calzado acorde a las normas de bioseguridad de acuerdo a la labor que desempe\u00f1an.<\/p>\n<p><strong><em>\u201cEn tiempos de pandemia y a pesar de la situaci\u00f3n q<\/em><\/strong><span class=\"text_exposed_show\"><strong><em>ue atravesamos como sociedad, la gesti\u00f3n municipal se sigue preocupando y ocupando de las necesidades del personal, que es el que d\u00eda a d\u00eda garantiza los distintos servicios que presta la comuna a todos los vecinos del distrito\u201d<\/em><\/strong>, destacaron las autoridades.<\/span><\/p>\n","protected":false},"excerpt":{"rendered":"<div class=\"mh-excerpt\"><p>El intendente municipal Arnaldo Harispe y el jefe de Personal Diego Laborde entregaron esta ma\u00f1ana calzado de trabajo a la totalidad de los empleados del \u00e1rea Obras y Servicios del municipio. Son m\u00e1s de 80 <a class=\"mh-excerpt-more\" href=\"https:\/\/larevistadigital.com.ar\/blog\/lezama-mas-de-80-empleados-de-obras-y-servicios-recibieron-calzado-de-seguridad\/\" title=\"LEZAMA: M\u00c1S DE 80 EMPLEADOS DE OBRAS Y SERVICIOS RECIBIERON CALZADO DE SEGURIDAD\">[Leer M\u00e1s]<\/a><\/p>\n<\/div>","protected":false},"author":3,"featured_media":15971,"comment_status":"open","ping_status":"open","sticky":false,"template":"","format":"standard","meta":{"_jetpack_memberships_contains_paid_content":false,"footnotes":"","jetpack_publicize_message":"","jetpack_publicize_feature_enabled":true,"jetpack_social_post_already_shared":true,"jetpack_social_options":{"image_generator_settings":{"template":"highway","default_image_id":0,"font":"","enabled":false},"version":2}},"categories":[7,51],"tags":[],"class_list":{"0":"post-15969","1":"post","2":"type-post","3":"status-publish","4":"format-standard","5":"has-post-thumbnail","7":"category-lezama","8":"category-regionales"},"jetpack_publicize_connections":[],"jetpack_featured_media_url":"https:\/\/i0.wp.com\/larevistadigital.com.ar\/blog\/wp-content\/uploads\/117124793_1836379656554727_3435127818548014605_o.jpg?fit=650%2C1005&ssl=1","jetpack_sharing_enabled":true,"jetpack_shortlink":"https:\/\/wp.me\/p8qtrQ-49z","jetpack-related-posts":[{"id":9745,"url":"https:\/\/larevistadigital.com.ar\/blog\/lezama-17-empleados-municipales-pasaron-a-planta-permanente-y-30-fueron-recategorizados\/","url_meta":{"origin":15969,"position":0},"title":"LEZAMA: 17 EMPLEADOS MUNICIPALES PASARON A PLANTA PERMANENTE Y 30 FUERON RECATEGORIZADOS","author":"Alejandro Sosa Ruda","date":"18 abril, 2019","format":false,"excerpt":"El Departamento Ejecutivo confirm\u00f3 en el d\u00eda de la fecha los pases a Planta Permanente y los cambios de categor\u00eda de un importante n\u00famero de empleados que prestan servicios en las distintas \u00e1reas de la Municipalidad de Lezama. Son 17 los agentes que obtuvieron el pase a Planta Permanente y\u2026","rel":"","context":"En \u00abLEZAMA\u00bb","block_context":{"text":"LEZAMA","link":"https:\/\/larevistadigital.com.ar\/blog\/category\/lezama\/"},"img":{"alt_text":"","src":"https:\/\/i0.wp.com\/larevistadigital.com.ar\/blog\/wp-content\/uploads\/2019\/04\/57154197_1440083409517689_5208683122496897024_n.jpg?fit=960%2C720&ssl=1&resize=350%2C200","width":350,"height":200,"srcset":"https:\/\/i0.wp.com\/larevistadigital.com.ar\/blog\/wp-content\/uploads\/2019\/04\/57154197_1440083409517689_5208683122496897024_n.jpg?fit=960%2C720&ssl=1&resize=350%2C200 1x, https:\/\/i0.wp.com\/larevistadigital.com.ar\/blog\/wp-content\/uploads\/2019\/04\/57154197_1440083409517689_5208683122496897024_n.jpg?fit=960%2C720&ssl=1&resize=525%2C300 1.5x, https:\/\/i0.wp.com\/larevistadigital.com.ar\/blog\/wp-content\/uploads\/2019\/04\/57154197_1440083409517689_5208683122496897024_n.jpg?fit=960%2C720&ssl=1&resize=700%2C400 2x"},"classes":[]},{"id":9818,"url":"https:\/\/larevistadigital.com.ar\/blog\/lezama-acuerdo-salarial-el-ejecutivo-y-los-gremios-firmaron-un-aumento-del-4041-para-empleados-municipales\/","url_meta":{"origin":15969,"position":1},"title":"LEZAMA: ACUERDO SALARIAL: EL EJECUTIVO Y LOS GREMIOS FIRMARON UN AUMENTO DEL 40,41 % PARA EMPLEADOS MUNICIPALES","author":"Alejandro Sosa Ruda","date":"24 abril, 2019","format":false,"excerpt":"En horas del mediod\u00eda del martes, el Intendente Municipal Arnaldo Harispe junto a funcionarios de su gabinete cerr\u00f3 con la totalidad de los gremios un aumento de m\u00e1s del 40 % para el a\u00f1o 2019, que llegar\u00e1 a los sueldos del personal municipal en tres etapas: - 15 % sobre\u2026","rel":"","context":"En \u00abLEZAMA\u00bb","block_context":{"text":"LEZAMA","link":"https:\/\/larevistadigital.com.ar\/blog\/category\/lezama\/"},"img":{"alt_text":"","src":"https:\/\/i0.wp.com\/larevistadigital.com.ar\/blog\/wp-content\/uploads\/2019\/04\/58581911_1445543228971707_750778403807821824_n.jpg?fit=812%2C473&ssl=1&resize=350%2C200","width":350,"height":200,"srcset":"https:\/\/i0.wp.com\/larevistadigital.com.ar\/blog\/wp-content\/uploads\/2019\/04\/58581911_1445543228971707_750778403807821824_n.jpg?fit=812%2C473&ssl=1&resize=350%2C200 1x, https:\/\/i0.wp.com\/larevistadigital.com.ar\/blog\/wp-content\/uploads\/2019\/04\/58581911_1445543228971707_750778403807821824_n.jpg?fit=812%2C473&ssl=1&resize=525%2C300 1.5x, https:\/\/i0.wp.com\/larevistadigital.com.ar\/blog\/wp-content\/uploads\/2019\/04\/58581911_1445543228971707_750778403807821824_n.jpg?fit=812%2C473&ssl=1&resize=700%2C400 2x"},"classes":[]},{"id":8932,"url":"https:\/\/larevistadigital.com.ar\/blog\/lezama-inspectoria-y-la-comisaria-de-la-mujer-agasajaron-a-residentes-y-trabajadoras-del-geriatrico-municipal\/","url_meta":{"origin":15969,"position":2},"title":"LEZAMA: INSPECTOR\u00cdA Y LA COMISAR\u00cdA DE LA MUJER AGASAJARON A RESIDENTES Y TRABAJADORAS DEL GERI\u00c1TRICO MUNICIPAL","author":"Alejandro Sosa Ruda","date":"8 marzo, 2019","format":false,"excerpt":"Durante la jornada de ayer, a modo de agasajo por el D\u00eda Internacional de la Mujer, personal de la Comisar\u00eda de la Mujer y la Familia de Lezama e Inspector\u00eda Municipal entregaron presentes al personal femenino que desempe\u00f1a tareas en el Geri\u00e1trico Do\u00f1a Celina Girard, como as\u00ed tambi\u00e9n a las\u2026","rel":"","context":"En \u00abLEZAMA\u00bb","block_context":{"text":"LEZAMA","link":"https:\/\/larevistadigital.com.ar\/blog\/category\/lezama\/"},"img":{"alt_text":"","src":"https:\/\/i0.wp.com\/larevistadigital.com.ar\/blog\/wp-content\/uploads\/2019\/03\/54206322_1417647671761263_7773368052405501952_n.jpg?fit=960%2C720&ssl=1&resize=350%2C200","width":350,"height":200,"srcset":"https:\/\/i0.wp.com\/larevistadigital.com.ar\/blog\/wp-content\/uploads\/2019\/03\/54206322_1417647671761263_7773368052405501952_n.jpg?fit=960%2C720&ssl=1&resize=350%2C200 1x, https:\/\/i0.wp.com\/larevistadigital.com.ar\/blog\/wp-content\/uploads\/2019\/03\/54206322_1417647671761263_7773368052405501952_n.jpg?fit=960%2C720&ssl=1&resize=525%2C300 1.5x, https:\/\/i0.wp.com\/larevistadigital.com.ar\/blog\/wp-content\/uploads\/2019\/03\/54206322_1417647671761263_7773368052405501952_n.jpg?fit=960%2C720&ssl=1&resize=700%2C400 2x"},"classes":[]},{"id":13636,"url":"https:\/\/larevistadigital.com.ar\/blog\/lezama-harispe-asumio-su-nuevo-mandato\/","url_meta":{"origin":15969,"position":3},"title":"LEZAMA: HARISPE ASUMI\u00d3 SU NUEVO MANDATO","author":"Alejandro Sosa Ruda","date":"12 diciembre, 2019","format":false,"excerpt":"El jefe comunal Lezamense asumi\u00f3 el segundo mandato al frente del municipio durante un concurrido acto en el Complejo Cultural General San Mart\u00edn. En el D\u00eda de la Restauraci\u00f3n de la Democracia Argentina la comunidad de Lezama se reuni\u00f3 en el Centro Cultural General San Mart\u00edn para ser parte de\u2026","rel":"","context":"En \u00abLEZAMA\u00bb","block_context":{"text":"LEZAMA","link":"https:\/\/larevistadigital.com.ar\/blog\/category\/lezama\/"},"img":{"alt_text":"","src":"https:\/\/i0.wp.com\/larevistadigital.com.ar\/blog\/wp-content\/uploads\/78953230_1626519054207456_4266015243580211200_o.jpg?fit=960%2C639&ssl=1&resize=350%2C200","width":350,"height":200,"srcset":"https:\/\/i0.wp.com\/larevistadigital.com.ar\/blog\/wp-content\/uploads\/78953230_1626519054207456_4266015243580211200_o.jpg?fit=960%2C639&ssl=1&resize=350%2C200 1x, https:\/\/i0.wp.com\/larevistadigital.com.ar\/blog\/wp-content\/uploads\/78953230_1626519054207456_4266015243580211200_o.jpg?fit=960%2C639&ssl=1&resize=525%2C300 1.5x, https:\/\/i0.wp.com\/larevistadigital.com.ar\/blog\/wp-content\/uploads\/78953230_1626519054207456_4266015243580211200_o.jpg?fit=960%2C639&ssl=1&resize=700%2C400 2x"},"classes":[]},{"id":16476,"url":"https:\/\/larevistadigital.com.ar\/blog\/lezama-recibio-mas-insumos-de-region-sanitaria-xi\/","url_meta":{"origin":15969,"position":4},"title":"LEZAMA RECIBI\u00d3 M\u00c1S INSUMOS DE REGI\u00d3N SANITARIA XI","author":"Alejandro Sosa Ruda","date":"23 septiembre, 2020","format":false,"excerpt":"El Hospital Municipal Dr. Francisco Quijano fue destinatario de una nueva entrega de insumos de Regi\u00f3n Sanitaria XI del Ministerio de Salud de la provincia de Buenos Aires, en el marco de contingencia por coronavirus. El viernes se recibieron camisolines, barbijos, alcohol en gel y desinfectante; elementos que permitir\u00e1n seguir\u2026","rel":"","context":"En \u00abLEZAMA\u00bb","block_context":{"text":"LEZAMA","link":"https:\/\/larevistadigital.com.ar\/blog\/category\/lezama\/"},"img":{"alt_text":"","src":"https:\/\/i0.wp.com\/larevistadigital.com.ar\/blog\/wp-content\/uploads\/119922535_1873677102824982_2137351822522288059_n.jpg?fit=751%2C581&ssl=1&resize=350%2C200","width":350,"height":200,"srcset":"https:\/\/i0.wp.com\/larevistadigital.com.ar\/blog\/wp-content\/uploads\/119922535_1873677102824982_2137351822522288059_n.jpg?fit=751%2C581&ssl=1&resize=350%2C200 1x, https:\/\/i0.wp.com\/larevistadigital.com.ar\/blog\/wp-content\/uploads\/119922535_1873677102824982_2137351822522288059_n.jpg?fit=751%2C581&ssl=1&resize=525%2C300 1.5x, https:\/\/i0.wp.com\/larevistadigital.com.ar\/blog\/wp-content\/uploads\/119922535_1873677102824982_2137351822522288059_n.jpg?fit=751%2C581&ssl=1&resize=700%2C400 2x"},"classes":[]},{"id":41,"url":"https:\/\/larevistadigital.com.ar\/blog\/bomberos-lezamenses-recibieron-una-capacitacion-sobre-los-nuevos-trenes\/","url_meta":{"origin":15969,"position":5},"title":"Bomberos Lezamenses recibieron una capacitaci\u00f3n sobre los nuevos trenes","author":"editor","date":"30 enero, 2017","format":false,"excerpt":"En el Cuartel de Bomberos Voluntarios de Lezama se realiz\u00f3 una capacitaci\u00f3n ferroviaria, brindada por la Gerencia de Seguridad Operacional del Ministerio de Transportes de la Naci\u00f3n (Trenes Argentinos). Durante la misma, se inform\u00f3 de las diferentes formaciones que pasaran por Lezama por la traza ferroviaria hacia la ciudad de\u2026","rel":"","context":"En \u00abLEZAMA\u00bb","block_context":{"text":"LEZAMA","link":"https:\/\/larevistadigital.com.ar\/blog\/category\/lezama\/"},"img":{"alt_text":"","src":"https:\/\/i0.wp.com\/larevistadigital.com.ar\/blog\/wp-content\/uploads\/2017\/01\/ca-.jpg?fit=960%2C541&ssl=1&resize=350%2C200","width":350,"height":200,"srcset":"https:\/\/i0.wp.com\/larevistadigital.com.ar\/blog\/wp-content\/uploads\/2017\/01\/ca-.jpg?fit=960%2C541&ssl=1&resize=350%2C200 1x, https:\/\/i0.wp.com\/larevistadigital.com.ar\/blog\/wp-content\/uploads\/2017\/01\/ca-.jpg?fit=960%2C541&ssl=1&resize=525%2C300 1.5x, https:\/\/i0.wp.com\/larevistadigital.com.ar\/blog\/wp-content\/uploads\/2017\/01\/ca-.jpg?fit=960%2C541&ssl=1&resize=700%2C400 2x"},"classes":[]}],"_links":{"self":[{"href":"https:\/\/larevistadigital.com.ar\/blog\/wp-json\/wp\/v2\/posts\/15969","targetHints":{"allow":["GET"]}}],"collection":[{"href":"https:\/\/larevistadigital.com.ar\/blog\/wp-json\/wp\/v2\/posts"}],"about":[{"href":"https:\/\/larevistadigital.com.ar\/blog\/wp-json\/wp\/v2\/types\/post"}],"author":[{"embeddable":true,"href":"https:\/\/larevistadigital.com.ar\/blog\/wp-json\/wp\/v2\/users\/3"}],"replies":[{"embeddable":true,"href":"https:\/\/larevistadigital.com.ar\/blog\/wp-json\/wp\/v2\/comments?post=15969"}],"version-history":[{"count":1,"href":"https:\/\/larevistadigital.com.ar\/blog\/wp-json\/wp\/v2\/posts\/15969\/revisions"}],"predecessor-version":[{"id":15972,"href":"https:\/\/larevistadigital.com.ar\/blog\/wp-json\/wp\/v2\/posts\/15969\/revisions\/15972"}],"wp:featuredmedia":[{"embeddable":true,"href":"https:\/\/larevistadigital.com.ar\/blog\/wp-json\/wp\/v2\/media\/15971"}],"wp:attachment":[{"href":"https:\/\/larevistadigital.com.ar\/blog\/wp-json\/wp\/v2\/media?parent=15969"}],"wp:term":[{"taxonomy":"category","embeddable":true,"href":"https:\/\/larevistadigital.com.ar\/blog\/wp-json\/wp\/v2\/categories?post=15969"},{"taxonomy":"post_tag","embeddable":true,"href":"https:\/\/larevistadigital.com.ar\/blog\/wp-json\/wp\/v2\/tags?post=15969"}],"curies":[{"name":"wp","href":"https:\/\/api.w.org\/{rel}","templated":true}]}}