{"id":15973,"date":"2020-08-12T14:07:30","date_gmt":"2020-08-12T14:07:30","guid":{"rendered":"https:\/\/larevistadigital.com.ar\/blog\/?p=15973"},"modified":"2020-08-12T14:07:30","modified_gmt":"2020-08-12T14:07:30","slug":"anmat-prohibio-un-aceite-de-oliva","status":"publish","type":"post","link":"https:\/\/larevistadigital.com.ar\/blog\/anmat-prohibio-un-aceite-de-oliva\/","title":{"rendered":"ANMAT PROHIBI\u00d3 UN ACEITE DE OLIVA"},"content":{"rendered":"<h2><b>La Administraci\u00f3n Nacional de Medicamentos, Alimentos y Tecnolog\u00eda M\u00e9dica (Anmat) prohibi\u00f3 la comercializaci\u00f3n de un aceite de oliva \u00abpor ser un producto falsamente rotulado y en consecuencia ilegal\u00bb<\/b>.<\/h2>\n<p>Mediante la\u00a0<a href=\"https:\/\/www.boletinoficial.gob.ar\/detalleAviso\/primera\/233531\/20200812\" target=\"_blank\" rel=\"noopener noreferrer\">Disposici\u00f3n 5923\/2020<\/a>\u00a0, publicada este mi\u00e9rcoles en el Bolet\u00edn Oficial, se prohibi\u00f3 la comercializaci\u00f3n del\u00a0<b>aceite de oliva marca Sabrooliva<\/b>, fabricado en la provincia de Mendoza.<\/p>\n<p>Seg\u00fan el documento, el aceite \u201cse halla en infracci\u00f3n al art\u00edculo 3\u00b0 de la Ley 18284, el art\u00edculo 3\u00b0 del Anexo II del Decreto 2126\/71 y los art\u00edculos 6 bis, 13 y 155 del C\u00f3digo Alimentario Argentino (CAA)\u201d y resulta <em><strong>\u201cser un producto falsamente rotulado y en consecuencia ilegal\u201d<\/strong><\/em><\/p>\n<blockquote>\n<h3>\u00abPor tratarse de productos que no pueden ser identificados en forma fehaciente y clara como producidos, elaborados y\/o fraccionados en un establecimiento determinado, no podr\u00e1n ser elaborados en ninguna parte del pa\u00eds, ni comercializados ni expendidos en el territorio de la Rep\u00fablica\u00bb, contin\u00faa la disposici\u00f3n publicada en el Bolet\u00edn Oficial.<\/h3>\n<\/blockquote>\n<p>En consecuencia, la Anmat dispuso la prohibici\u00f3n de la <strong><em>\u201ccomercializaci\u00f3n en todo el territorio nacional del producto Aceite extra virgen oliva, marca Sabrooliva\u201d por \u201cconsignar un RNPA inexistente y un RNE que pertenec\u00eda a otra raz\u00f3n social, resultando ser un producto falsamente rotulado y en consecuencia ilegal\u00bb.<\/em><\/strong><\/p>\n<p>FUENTE E IM\u00c1GEN P\u00c1GINA12<\/p>\n","protected":false},"excerpt":{"rendered":"<div class=\"mh-excerpt\"><p>La Administraci\u00f3n Nacional de Medicamentos, Alimentos y Tecnolog\u00eda M\u00e9dica (Anmat) prohibi\u00f3 la comercializaci\u00f3n de un aceite de oliva \u00abpor ser un producto falsamente rotulado y en consecuencia ilegal\u00bb. Mediante la\u00a0Disposici\u00f3n 5923\/2020\u00a0, publicada este mi\u00e9rcoles en <a class=\"mh-excerpt-more\" href=\"https:\/\/larevistadigital.com.ar\/blog\/anmat-prohibio-un-aceite-de-oliva\/\" title=\"ANMAT PROHIBI\u00d3 UN ACEITE DE OLIVA\">[Leer M\u00e1s]<\/a><\/p>\n<\/div>","protected":false},"author":3,"featured_media":15974,"comment_status":"open","ping_status":"open","sticky":false,"template":"","format":"standard","meta":{"_jetpack_memberships_contains_paid_content":false,"footnotes":"","jetpack_publicize_message":"","jetpack_publicize_feature_enabled":true,"jetpack_social_post_already_shared":true,"jetpack_social_options":{"image_generator_settings":{"template":"highway","default_image_id":0,"font":"","enabled":false},"version":2}},"categories":[50],"tags":[],"class_list":{"0":"post-15973","1":"post","2":"type-post","3":"status-publish","4":"format-standard","5":"has-post-thumbnail","7":"category-interes-general"},"jetpack_publicize_connections":[],"jetpack_featured_media_url":"https:\/\/i0.wp.com\/larevistadigital.com.ar\/blog\/wp-content\/uploads\/95995-olive-oil-507129-1280.jpg?fit=960%2C640&ssl=1","jetpack_sharing_enabled":true,"jetpack_shortlink":"https:\/\/wp.me\/p8qtrQ-49D","jetpack-related-posts":[{"id":19827,"url":"https:\/\/larevistadigital.com.ar\/blog\/prohiben-la-venta-de-un-aceite-de-girasol\/","url_meta":{"origin":15973,"position":0},"title":"PROHIBEN LA VENTA DE UN ACEITE DE GIRASOL","author":"Alejandro Sosa Ruda","date":"23 abril, 2021","format":false,"excerpt":"Se trata del aceite marca \"El conquistador\" que carece de registros de establecimiento y est\u00e1 falsamente rotulado. La\u00a0Administraci\u00f3n Nacional de Medicamentos, Alimentos y Tecnolog\u00eda M\u00e9dica (Anmat)\u00a0prohibi\u00f3 este viernes la elaboraci\u00f3n, el fraccionamiento y la comercializaci\u00f3n en todo el pa\u00eds de un aceite de girasol. Seg\u00fan indic\u00f3 la Anmat en el\u2026","rel":"","context":"En \u00abINTERES GENERAL\u00bb","block_context":{"text":"INTERES GENERAL","link":"https:\/\/larevistadigital.com.ar\/blog\/category\/interes-general\/"},"img":{"alt_text":"","src":"https:\/\/i0.wp.com\/larevistadigital.com.ar\/blog\/wp-content\/uploads\/ACEITE-PROHIBIDO.png?fit=997%2C561&ssl=1&resize=350%2C200","width":350,"height":200,"srcset":"https:\/\/i0.wp.com\/larevistadigital.com.ar\/blog\/wp-content\/uploads\/ACEITE-PROHIBIDO.png?fit=997%2C561&ssl=1&resize=350%2C200 1x, https:\/\/i0.wp.com\/larevistadigital.com.ar\/blog\/wp-content\/uploads\/ACEITE-PROHIBIDO.png?fit=997%2C561&ssl=1&resize=525%2C300 1.5x, https:\/\/i0.wp.com\/larevistadigital.com.ar\/blog\/wp-content\/uploads\/ACEITE-PROHIBIDO.png?fit=997%2C561&ssl=1&resize=700%2C400 2x"},"classes":[]},{"id":26966,"url":"https:\/\/larevistadigital.com.ar\/blog\/anmat-prohibio-la-venta-de-dos-mieles-y-tomate-triturado\/","url_meta":{"origin":15973,"position":1},"title":"ANMAT PROHIBI\u00d3 LA VENTA DE DOS MIELES Y TOMATE TRITURADO","author":"Alejandro Sosa Ruda","date":"4 agosto, 2022","format":false,"excerpt":"A trav\u00e9s de publicaciones hechas este jueves 4 de agosto en el Bolet\u00edn Oficial, la Administraci\u00f3n Nacional de Medicamentos, Alimentos y Tecnolog\u00eda M\u00e9dica (ANMAT) prohibi\u00f3 la elaboraci\u00f3n, la venta y la distribuci\u00f3n en todo el territorio argentino de dos mieles y un tomate triturado que incumpl\u00edan la normativa alimentaria vigente.\u2026","rel":"","context":"En \u00abINTERES GENERAL\u00bb","block_context":{"text":"INTERES GENERAL","link":"https:\/\/larevistadigital.com.ar\/blog\/category\/interes-general\/"},"img":{"alt_text":"","src":"https:\/\/i0.wp.com\/larevistadigital.com.ar\/blog\/wp-content\/uploads\/1659621509.jpeg?fit=848%2C477&ssl=1&resize=350%2C200","width":350,"height":200,"srcset":"https:\/\/i0.wp.com\/larevistadigital.com.ar\/blog\/wp-content\/uploads\/1659621509.jpeg?fit=848%2C477&ssl=1&resize=350%2C200 1x, https:\/\/i0.wp.com\/larevistadigital.com.ar\/blog\/wp-content\/uploads\/1659621509.jpeg?fit=848%2C477&ssl=1&resize=525%2C300 1.5x, https:\/\/i0.wp.com\/larevistadigital.com.ar\/blog\/wp-content\/uploads\/1659621509.jpeg?fit=848%2C477&ssl=1&resize=700%2C400 2x"},"classes":[]},{"id":27713,"url":"https:\/\/larevistadigital.com.ar\/blog\/27713-2\/","url_meta":{"origin":15973,"position":2},"title":"PROHIBEN LA VENTA DE UN ACEITE DE OLIVA","author":"Alejandro Sosa Ruda","date":"13 septiembre, 2022","format":false,"excerpt":"Se trata de un aceite de Oliva Extra Virgen de primera prensada y extracci\u00f3n en fr\u00edo. Carece de registros e informaci\u00f3n importantes para poder ser comercializado. 13 de septiembre de 2022 La Administraci\u00f3n Nacional de Medicamentos, Alimentos y Tecnolog\u00eda M\u00e9dica (Anmat) prohibi\u00f3 la elaboraci\u00f3n y venta de un\u00a0aceite de oliva\u00a0elaborado\u2026","rel":"","context":"En \u00abINTERES GENERAL\u00bb","block_context":{"text":"INTERES GENERAL","link":"https:\/\/larevistadigital.com.ar\/blog\/category\/interes-general\/"},"img":{"alt_text":"","src":"https:\/\/i0.wp.com\/larevistadigital.com.ar\/blog\/wp-content\/uploads\/5ffe1ec2d5378_950_534.jpg?fit=950%2C534&ssl=1&resize=350%2C200","width":350,"height":200,"srcset":"https:\/\/i0.wp.com\/larevistadigital.com.ar\/blog\/wp-content\/uploads\/5ffe1ec2d5378_950_534.jpg?fit=950%2C534&ssl=1&resize=350%2C200 1x, https:\/\/i0.wp.com\/larevistadigital.com.ar\/blog\/wp-content\/uploads\/5ffe1ec2d5378_950_534.jpg?fit=950%2C534&ssl=1&resize=525%2C300 1.5x, https:\/\/i0.wp.com\/larevistadigital.com.ar\/blog\/wp-content\/uploads\/5ffe1ec2d5378_950_534.jpg?fit=950%2C534&ssl=1&resize=700%2C400 2x"},"classes":[]},{"id":23990,"url":"https:\/\/larevistadigital.com.ar\/blog\/prohibieron-en-todo-el-pais-el-consumo-de-una-marca-de-milanesas-de-soja\/","url_meta":{"origin":15973,"position":3},"title":"PROHIBIERON EN TODO EL PA\u00cdS EL CONSUMO DE UNA MARCA DE MILANESAS DE SOJA","author":"Alejandro Sosa Ruda","date":"15 febrero, 2022","format":false,"excerpt":"La Administraci\u00f3n Nacional de Medicamentos, Alimentos y Tecnolog\u00eda M\u00e9dica (ANMAT) hab\u00eda iniciado una investigaci\u00f3n tras una denuncia en Mendoza. La Administraci\u00f3n Nacional de Medicamentos, Alimentos y Tecnolog\u00eda M\u00e9dica (ANMAT) prohibi\u00f3 en las \u00faltimas horas\u00a0la elaboraci\u00f3n, el fraccionamiento y la comercializaci\u00f3n en todo el pa\u00eds de una milanesa de soja ilegal.\u2026","rel":"","context":"En \u00abINTERES GENERAL\u00bb","block_context":{"text":"INTERES GENERAL","link":"https:\/\/larevistadigital.com.ar\/blog\/category\/interes-general\/"},"img":{"alt_text":"","src":"https:\/\/i0.wp.com\/larevistadigital.com.ar\/blog\/wp-content\/uploads\/imagepng.png?fit=1200%2C676&ssl=1&resize=350%2C200","width":350,"height":200,"srcset":"https:\/\/i0.wp.com\/larevistadigital.com.ar\/blog\/wp-content\/uploads\/imagepng.png?fit=1200%2C676&ssl=1&resize=350%2C200 1x, https:\/\/i0.wp.com\/larevistadigital.com.ar\/blog\/wp-content\/uploads\/imagepng.png?fit=1200%2C676&ssl=1&resize=525%2C300 1.5x, https:\/\/i0.wp.com\/larevistadigital.com.ar\/blog\/wp-content\/uploads\/imagepng.png?fit=1200%2C676&ssl=1&resize=700%2C400 2x, https:\/\/i0.wp.com\/larevistadigital.com.ar\/blog\/wp-content\/uploads\/imagepng.png?fit=1200%2C676&ssl=1&resize=1050%2C600 3x"},"classes":[]},{"id":21990,"url":"https:\/\/larevistadigital.com.ar\/blog\/atencion-anmat-prohibio-la-venta-de-barra-energizante-de-cereales\/","url_meta":{"origin":15973,"position":4},"title":"ATENCI\u00d3N: ANMAT PROHIBI\u00d3 LA VENTA DE BARRA ENERGIZANTE DE CEREALES","author":"Alejandro Sosa Ruda","date":"15 septiembre, 2021","format":false,"excerpt":"El organismo, encargado de controlar los f\u00e1rmacos y alimentos en todo el pa\u00eds, determin\u00f3 que son\u00a0\"ilegales\" y dio la orden\u00a0de quitarlas del mercado. La Administraci\u00f3n Nacional de Medicamentos, Alimentos y Tecnolog\u00eda M\u00e9dica (ANMAT) orden\u00f3 la prohibici\u00f3n de la elaboraci\u00f3n, fraccionamiento y comercializaci\u00f3n de unas barras de cereales energizantes provenientes de\u2026","rel":"","context":"En \u00abINTERES GENERAL\u00bb","block_context":{"text":"INTERES GENERAL","link":"https:\/\/larevistadigital.com.ar\/blog\/category\/interes-general\/"},"img":{"alt_text":"","src":"https:\/\/i0.wp.com\/larevistadigital.com.ar\/blog\/wp-content\/uploads\/barra_de_cereal.jpg_1112492631.jpg?fit=743%2C367&ssl=1&resize=350%2C200","width":350,"height":200,"srcset":"https:\/\/i0.wp.com\/larevistadigital.com.ar\/blog\/wp-content\/uploads\/barra_de_cereal.jpg_1112492631.jpg?fit=743%2C367&ssl=1&resize=350%2C200 1x, https:\/\/i0.wp.com\/larevistadigital.com.ar\/blog\/wp-content\/uploads\/barra_de_cereal.jpg_1112492631.jpg?fit=743%2C367&ssl=1&resize=525%2C300 1.5x, https:\/\/i0.wp.com\/larevistadigital.com.ar\/blog\/wp-content\/uploads\/barra_de_cereal.jpg_1112492631.jpg?fit=743%2C367&ssl=1&resize=700%2C400 2x"},"classes":[]},{"id":14460,"url":"https:\/\/larevistadigital.com.ar\/blog\/la-anmat-prohibio-una-yerba-mate-por-tener-bacterias-que-causan-envenenamiento\/","url_meta":{"origin":15973,"position":5},"title":"LA ANMAT PROHIBI\u00d3 UNA YERBA MATE POR TENER BACTERIAS QUE CAUSAN ENVENENAMIENTO","author":"Alejandro Sosa Ruda","date":"31 enero, 2020","format":false,"excerpt":"El producto debi\u00f3 ser retirado del mercado porque estaba contaminado por tres tipos de bacterias. Por medio de la\u00a0disposici\u00f3n 481\/2020\u00a0publicada en el\u00a0Bolet\u00edn Oficial, la\u00a0Administraci\u00f3n Nacional de Medicamentos, Alimentos y Tecnolog\u00eda M\u00e9dica\u00a0(ANMAT) prohibi\u00f3 el uso, la comercializaci\u00f3n y la distribuci\u00f3n en toda la Rep\u00fablica Argentina del producto registrado como \u201cHierbas Serranas\u2026","rel":"","context":"En \u00abINTERES GENERAL\u00bb","block_context":{"text":"INTERES GENERAL","link":"https:\/\/larevistadigital.com.ar\/blog\/category\/interes-general\/"},"img":{"alt_text":"","src":"https:\/\/i0.wp.com\/larevistadigital.com.ar\/blog\/wp-content\/uploads\/yerba_mate_crop1580467237090.jpg_258117318.jpg?fit=829%2C466&ssl=1&resize=350%2C200","width":350,"height":200,"srcset":"https:\/\/i0.wp.com\/larevistadigital.com.ar\/blog\/wp-content\/uploads\/yerba_mate_crop1580467237090.jpg_258117318.jpg?fit=829%2C466&ssl=1&resize=350%2C200 1x, https:\/\/i0.wp.com\/larevistadigital.com.ar\/blog\/wp-content\/uploads\/yerba_mate_crop1580467237090.jpg_258117318.jpg?fit=829%2C466&ssl=1&resize=525%2C300 1.5x, https:\/\/i0.wp.com\/larevistadigital.com.ar\/blog\/wp-content\/uploads\/yerba_mate_crop1580467237090.jpg_258117318.jpg?fit=829%2C466&ssl=1&resize=700%2C400 2x"},"classes":[]}],"_links":{"self":[{"href":"https:\/\/larevistadigital.com.ar\/blog\/wp-json\/wp\/v2\/posts\/15973","targetHints":{"allow":["GET"]}}],"collection":[{"href":"https:\/\/larevistadigital.com.ar\/blog\/wp-json\/wp\/v2\/posts"}],"about":[{"href":"https:\/\/larevistadigital.com.ar\/blog\/wp-json\/wp\/v2\/types\/post"}],"author":[{"embeddable":true,"href":"https:\/\/larevistadigital.com.ar\/blog\/wp-json\/wp\/v2\/users\/3"}],"replies":[{"embeddable":true,"href":"https:\/\/larevistadigital.com.ar\/blog\/wp-json\/wp\/v2\/comments?post=15973"}],"version-history":[{"count":1,"href":"https:\/\/larevistadigital.com.ar\/blog\/wp-json\/wp\/v2\/posts\/15973\/revisions"}],"predecessor-version":[{"id":15975,"href":"https:\/\/larevistadigital.com.ar\/blog\/wp-json\/wp\/v2\/posts\/15973\/revisions\/15975"}],"wp:featuredmedia":[{"embeddable":true,"href":"https:\/\/larevistadigital.com.ar\/blog\/wp-json\/wp\/v2\/media\/15974"}],"wp:attachment":[{"href":"https:\/\/larevistadigital.com.ar\/blog\/wp-json\/wp\/v2\/media?parent=15973"}],"wp:term":[{"taxonomy":"category","embeddable":true,"href":"https:\/\/larevistadigital.com.ar\/blog\/wp-json\/wp\/v2\/categories?post=15973"},{"taxonomy":"post_tag","embeddable":true,"href":"https:\/\/larevistadigital.com.ar\/blog\/wp-json\/wp\/v2\/tags?post=15973"}],"curies":[{"name":"wp","href":"https:\/\/api.w.org\/{rel}","templated":true}]}}