{"id":15976,"date":"2020-08-12T14:15:39","date_gmt":"2020-08-12T14:15:39","guid":{"rendered":"https:\/\/larevistadigital.com.ar\/blog\/?p=15976"},"modified":"2020-08-12T14:15:39","modified_gmt":"2020-08-12T14:15:39","slug":"revelacion-de-la-nasa-el-planeta-enano-ceres-esconde-lo-que-nadie-esperaba","status":"publish","type":"post","link":"https:\/\/larevistadigital.com.ar\/blog\/revelacion-de-la-nasa-el-planeta-enano-ceres-esconde-lo-que-nadie-esperaba\/","title":{"rendered":"REVELACI\u00d3N DE LA NASA: EL PLANETA ENANO CERES, ESCONDE LO QUE NADIE ESPERABA"},"content":{"rendered":"<h2 class=\"has-text-align-center\">Ubicado entre las \u00f3rbitas de Marte y J\u00fapiter, Ceres ha sido protagonista de muchos titulares de los \u00faltimos a\u00f1os: desde extra\u00f1as luces hasta monta\u00f1as piramidales..<\/h2>\n<p>Ahora, nuevos datos obtenidos por la NASA al analizar lo enviado por la sonda Dawn, han revelado que hay agua en estado l\u00edquido bajo la superficie del planeta enano Ceres.<\/p>\n<blockquote>\n<h3>\u00abPor mucho tiempo se crey\u00f3 que era un cuerpo primitivo, pero ahora\u00a0<a href=\"https:\/\/www.ufo-spain.com\/2019\/02\/15\/descubren-que-el-planeta-ceres-tuvo-agua-durante-millones-de-anos\/\" target=\"_blank\" rel=\"noreferrer noopener\">Ceres<\/a>\u00a0es un mundo oce\u00e1nico con profundas salmueras a escalas regionales y posiblemente globales\u00bb, escribe Julie Castillo-Rogez, cient\u00edfica planetaria que no estuvo involucrada en la investigaci\u00f3n.<\/h3>\n<\/blockquote>\n<p>Pero inst\u00f3 a indagar m\u00e1s en la misi\u00f3n para conocer mayores detalles sobre la evoluci\u00f3n del planeta y su \u00abpotencial de habitabilidad\u00bb.<\/p>\n<p>Los nuevos resultados provienen de la sonda Dawn, la cual orbit\u00f3 el planeta enano entre 2015 y 2018, recogiendo datos cient\u00edficos hasta quedarse sin combustible.<\/p>\n<blockquote>\n<h3>Pero antes de que esto \u00faltimo ocurriera, sobrevol\u00f3 la superficie enfoc\u00e1ndose en el cr\u00e1ter Occator, un caracter\u00edstica de 20 millones de a\u00f1os de antig\u00fcedad que en los primeros acercamientos y fotos era fuente de un extra\u00f1o resplandor.<\/h3>\n<\/blockquote>\n<p><strong>La investigaci\u00f3n muestra que Ceres podr\u00eda haber estado geol\u00f3gicamente activo en al pasado reciente.<\/strong><\/p>\n<p>Tambi\u00e9n agrega m\u00e1s misterios, sugiriendo que varias partes brillantes de la superficie fueron formadas por diferentes causas, entre ellas volcanes de hielo.<\/p>\n<blockquote>\n<h3>Seg\u00fan los autores de uno de los estudios, dirigido por Carol Raymond del Instituto de Tecnolog\u00eda de California, en Estados Unidos, bajo el cr\u00e1ter Occator se esconder\u00eda un gran reservorio de salmuera, una soluci\u00f3n acuosa saturada de sal.<\/h3>\n<\/blockquote>\n<p>En otro art\u00edculo, <strong>Maria Cristina De Sanctis<\/strong> del Instituto Nacional de Astrof\u00edsica de Italia y sus colegas, se\u00f1alan la presencia de cloruro s\u00f3dico hidratado en la zona central y m\u00e1s grande brillante del mismo cr\u00e1ter.<\/p>\n<p>Estas sales usualmente se secan r\u00e1pido, lo que sugiere que nueva salmuera est\u00e1 siendo empujada a trav\u00e9s de la superficie.<\/p>\n<blockquote>\n<h3>\u00abEstos resultados revelan que hay agua en estado l\u00edquido bajo la superficie del planeta y que Ceres es una especie de mundo oce\u00e1nico, como algunas lunas de Saturno y de J\u00fapiter\u00bb, precis\u00f3 De Sanctis.<\/h3>\n<\/blockquote>\n<p><em><strong>\u00abEl material encontrado es muy importante en t\u00e9rminos de astrobiolog\u00eda ya que sabemos que estos minerales son todos esenciales para la emergencia de la vida\u00bb.<\/strong><\/em><\/p>\n<p>Por \u00faltimo, lo publicado tambi\u00e9n indica que mont\u00edculos y colinas halladas en el cr\u00e1ter se habr\u00edan formado luego que flujos de agua -creados por el impacto original- se congelaran.<\/p>\n<p>Tal comportamiento solo ha sido visto antes en la Tierra y en Marte. Estos hallazgos son discutidos en siete art\u00edculos publicados en\u00a0<a href=\"https:\/\/www.nature.com\/articles\/s41550-020-1191-3\" target=\"_blank\" rel=\"noreferrer noopener\">Nature<\/a>.<\/p>\n","protected":false},"excerpt":{"rendered":"<div class=\"mh-excerpt\"><p>Ubicado entre las \u00f3rbitas de Marte y J\u00fapiter, Ceres ha sido protagonista de muchos titulares de los \u00faltimos a\u00f1os: desde extra\u00f1as luces hasta monta\u00f1as piramidales.. Ahora, nuevos datos obtenidos por la NASA al analizar lo <a class=\"mh-excerpt-more\" href=\"https:\/\/larevistadigital.com.ar\/blog\/revelacion-de-la-nasa-el-planeta-enano-ceres-esconde-lo-que-nadie-esperaba\/\" title=\"REVELACI\u00d3N DE LA NASA: EL PLANETA ENANO CERES, ESCONDE LO QUE NADIE ESPERABA\">[Leer M\u00e1s]<\/a><\/p>\n<\/div>","protected":false},"author":3,"featured_media":15977,"comment_status":"open","ping_status":"open","sticky":false,"template":"","format":"standard","meta":{"_jetpack_memberships_contains_paid_content":false,"footnotes":"","jetpack_publicize_message":"","jetpack_publicize_feature_enabled":true,"jetpack_social_post_already_shared":true,"jetpack_social_options":{"image_generator_settings":{"template":"highway","default_image_id":0,"font":"","enabled":false},"version":2}},"categories":[11],"tags":[],"class_list":{"0":"post-15976","1":"post","2":"type-post","3":"status-publish","4":"format-standard","5":"has-post-thumbnail","7":"category-curiosas"},"jetpack_publicize_connections":[],"jetpack_featured_media_url":"https:\/\/i0.wp.com\/larevistadigital.com.ar\/blog\/wp-content\/uploads\/ceres-1-1024x455-1.jpg?fit=1024%2C455&ssl=1","jetpack_sharing_enabled":true,"jetpack_shortlink":"https:\/\/wp.me\/p8qtrQ-49G","jetpack-related-posts":[{"id":5930,"url":"https:\/\/larevistadigital.com.ar\/blog\/enorme-asteroide-podra-observarse-a-simple-vista-desde-la-tierra\/","url_meta":{"origin":15976,"position":0},"title":"ENORME ASTEROIDE PODR\u00c1 OBSERVARSE A SIMPLE VISTA DESDE LA TIERRA","author":"Alejandro Sosa Ruda","date":"26 junio, 2018","format":false,"excerpt":"Se trata de Vesta, que adem\u00e1s de ser un asteroide tambi\u00e9n es catalogado como una protoplaneta, evidentemente por ser el segundo objeto m\u00e1s grande ubicado en el cintur\u00f3n de asteroides entre Marte y J\u00fapiter. El primer puesto se lo lleva el gran Ceres. Aunque a veces es posible verlo a\u2026","rel":"","context":"En \u00abDESTACADAS\u00bb","block_context":{"text":"DESTACADAS","link":"https:\/\/larevistadigital.com.ar\/blog\/category\/destacadas\/"},"img":{"alt_text":"","src":"https:\/\/i0.wp.com\/larevistadigital.com.ar\/blog\/wp-content\/uploads\/2018\/06\/este-enorme-asteroide-sera-visible-a-simple-vista-portada.jpg?fit=1200%2C675&ssl=1&resize=350%2C200","width":350,"height":200,"srcset":"https:\/\/i0.wp.com\/larevistadigital.com.ar\/blog\/wp-content\/uploads\/2018\/06\/este-enorme-asteroide-sera-visible-a-simple-vista-portada.jpg?fit=1200%2C675&ssl=1&resize=350%2C200 1x, https:\/\/i0.wp.com\/larevistadigital.com.ar\/blog\/wp-content\/uploads\/2018\/06\/este-enorme-asteroide-sera-visible-a-simple-vista-portada.jpg?fit=1200%2C675&ssl=1&resize=525%2C300 1.5x, https:\/\/i0.wp.com\/larevistadigital.com.ar\/blog\/wp-content\/uploads\/2018\/06\/este-enorme-asteroide-sera-visible-a-simple-vista-portada.jpg?fit=1200%2C675&ssl=1&resize=700%2C400 2x, https:\/\/i0.wp.com\/larevistadigital.com.ar\/blog\/wp-content\/uploads\/2018\/06\/este-enorme-asteroide-sera-visible-a-simple-vista-portada.jpg?fit=1200%2C675&ssl=1&resize=1050%2C600 3x"},"classes":[]},{"id":4060,"url":"https:\/\/larevistadigital.com.ar\/blog\/diputado-jose-cote-rossi-propone-una-ley-regularice-la-equinoterapia-todos-tengan-acceso-la-misma\/","url_meta":{"origin":15976,"position":1},"title":"El Diputado Jos\u00e9 \u201cCote\u201d Rossi propone una Ley que regularice la Equinoterapia para que todos tengan acceso a la misma","author":"admin","date":"27 noviembre, 2017","format":false,"excerpt":"Legislador chascomunense Con el objetivo de avanzar en un marco legal para oficializar el uso de la terapia con caballos, se present\u00f3 el Programa Ceres Federal Evaluaci\u00f3n Impacto y Resultados que constituye una herramienta fundamental para demostrar la efectividad de estos tratamientos. El diputado del Frente para La Victoria y\u2026","rel":"","context":"En \u00abPOLITICA\u00bb","block_context":{"text":"POLITICA","link":"https:\/\/larevistadigital.com.ar\/blog\/category\/politica\/"},"img":{"alt_text":"","src":"https:\/\/i0.wp.com\/larevistadigital.com.ar\/blog\/wp-content\/uploads\/2017\/11\/cote_19denoviembrede2017_elfuerte.jpg?fit=737%2C415&ssl=1&resize=350%2C200","width":350,"height":200,"srcset":"https:\/\/i0.wp.com\/larevistadigital.com.ar\/blog\/wp-content\/uploads\/2017\/11\/cote_19denoviembrede2017_elfuerte.jpg?fit=737%2C415&ssl=1&resize=350%2C200 1x, https:\/\/i0.wp.com\/larevistadigital.com.ar\/blog\/wp-content\/uploads\/2017\/11\/cote_19denoviembrede2017_elfuerte.jpg?fit=737%2C415&ssl=1&resize=525%2C300 1.5x, https:\/\/i0.wp.com\/larevistadigital.com.ar\/blog\/wp-content\/uploads\/2017\/11\/cote_19denoviembrede2017_elfuerte.jpg?fit=737%2C415&ssl=1&resize=700%2C400 2x"},"classes":[]},{"id":40081,"url":"https:\/\/larevistadigital.com.ar\/blog\/inaugura-oficialmente-el-cat-chascomus\/","url_meta":{"origin":15976,"position":2},"title":"Inaugura oficialmente el CAT Chascom\u00fas","author":"Alejandro Sosa Ruda","date":"12 junio, 2025","format":false,"excerpt":"Un lugar seguro para la devoluci\u00f3n de envases vac\u00edos de agroqu\u00edmicos. 12 de Junio de 2025 CHASCOM\u00daS -\u00a0 \u00a0Se inaugur\u00f3 oficialmente esta ma\u00f1ana el Centro de Almacenamiento Transitorio (CAT) de bidones vac\u00edos de agroqu\u00edmicos. El mismo se encuentra ubicado en el predio Ceres Tolvas, Ruta 2 km 118,5 mano a\u2026","rel":"","context":"En \u00abCHASCOM\u00daS\u00bb","block_context":{"text":"CHASCOM\u00daS","link":"https:\/\/larevistadigital.com.ar\/blog\/category\/chascomus\/"},"img":{"alt_text":"","src":"https:\/\/i0.wp.com\/larevistadigital.com.ar\/blog\/wp-content\/uploads\/684b138ed7dd7.png?fit=668%2C445&ssl=1&resize=350%2C200","width":350,"height":200,"srcset":"https:\/\/i0.wp.com\/larevistadigital.com.ar\/blog\/wp-content\/uploads\/684b138ed7dd7.png?fit=668%2C445&ssl=1&resize=350%2C200 1x, https:\/\/i0.wp.com\/larevistadigital.com.ar\/blog\/wp-content\/uploads\/684b138ed7dd7.png?fit=668%2C445&ssl=1&resize=525%2C300 1.5x"},"classes":[]},{"id":13163,"url":"https:\/\/larevistadigital.com.ar\/blog\/marte-es-el-planeta-mas-habitable-y-adecuado-para-colonizar-dice-un-argentino-que-trabaja-en-la-nasa\/","url_meta":{"origin":15976,"position":3},"title":"\u00abMARTE ES EL PLANETA M\u00c1S HABITABLE Y ADECUADO PARA COLONIZAR\u00bb, DICE UN ARGENTINO QUE TRABAJA EN LA NASA","author":"Alejandro Sosa Ruda","date":"12 noviembre, 2019","format":false,"excerpt":"\"El universo es tan grande que es dif\u00edcil pensar que s\u00f3lo haya vida en la Tierra. Aunque por ahora s\u00f3lo tenemos certezas de que existe vida aqu\u00ed, el resto son conjeturas\", reconoci\u00f3 Miguel San Mart\u00edn, jefe de Ingenier\u00eda del organismo. El argentino Miguel San Mart\u00edn, jefe de Ingenier\u00eda de la\u2026","rel":"","context":"En \u00abCURIOSAS\u00bb","block_context":{"text":"CURIOSAS","link":"https:\/\/larevistadigital.com.ar\/blog\/category\/curiosas\/"},"img":{"alt_text":"","src":"https:\/\/i0.wp.com\/larevistadigital.com.ar\/blog\/wp-content\/uploads\/71aaff3f164951b8e1b02be72a2ef402.jpg?fit=1200%2C675&ssl=1&resize=350%2C200","width":350,"height":200,"srcset":"https:\/\/i0.wp.com\/larevistadigital.com.ar\/blog\/wp-content\/uploads\/71aaff3f164951b8e1b02be72a2ef402.jpg?fit=1200%2C675&ssl=1&resize=350%2C200 1x, https:\/\/i0.wp.com\/larevistadigital.com.ar\/blog\/wp-content\/uploads\/71aaff3f164951b8e1b02be72a2ef402.jpg?fit=1200%2C675&ssl=1&resize=525%2C300 1.5x, https:\/\/i0.wp.com\/larevistadigital.com.ar\/blog\/wp-content\/uploads\/71aaff3f164951b8e1b02be72a2ef402.jpg?fit=1200%2C675&ssl=1&resize=700%2C400 2x, https:\/\/i0.wp.com\/larevistadigital.com.ar\/blog\/wp-content\/uploads\/71aaff3f164951b8e1b02be72a2ef402.jpg?fit=1200%2C675&ssl=1&resize=1050%2C600 3x"},"classes":[]},{"id":8323,"url":"https:\/\/larevistadigital.com.ar\/blog\/la-ciencia-encontro-la-manera-de-sobrevivir-al-fin-del-mundo\/","url_meta":{"origin":15976,"position":4},"title":"LA CIENCIA ENCONTR\u00d3 LA MANERA DE SOBREVIVIR AL FIN DEL MUNDO","author":"Alejandro Sosa Ruda","date":"11 febrero, 2019","format":false,"excerpt":"El planeta Pr\u00f3xima Centauri B es el planeta m\u00e1s cercano y parecido a la Tierra. Si los humanos quieren prolongar su existencia, tendr\u00edan que ir pensando en c\u00f3mo\u00a0viajar hasta all\u00ed. En todas las \u00e9pocas hubo gur\u00faes del fin del mundo. Con mayor o menor grado de charlataner\u00eda. Pero nunca como\u2026","rel":"","context":"En \u00abSin categor\u00eda\u00bb","block_context":{"text":"Sin categor\u00eda","link":"https:\/\/larevistadigital.com.ar\/blog\/category\/sin-categoria\/"},"img":{"alt_text":"","src":"https:\/\/i0.wp.com\/larevistadigital.com.ar\/blog\/wp-content\/uploads\/2019\/02\/akLRI0tqy_1256x620__1.jpg?fit=1200%2C592&ssl=1&resize=350%2C200","width":350,"height":200,"srcset":"https:\/\/i0.wp.com\/larevistadigital.com.ar\/blog\/wp-content\/uploads\/2019\/02\/akLRI0tqy_1256x620__1.jpg?fit=1200%2C592&ssl=1&resize=350%2C200 1x, https:\/\/i0.wp.com\/larevistadigital.com.ar\/blog\/wp-content\/uploads\/2019\/02\/akLRI0tqy_1256x620__1.jpg?fit=1200%2C592&ssl=1&resize=525%2C300 1.5x, https:\/\/i0.wp.com\/larevistadigital.com.ar\/blog\/wp-content\/uploads\/2019\/02\/akLRI0tqy_1256x620__1.jpg?fit=1200%2C592&ssl=1&resize=700%2C400 2x, https:\/\/i0.wp.com\/larevistadigital.com.ar\/blog\/wp-content\/uploads\/2019\/02\/akLRI0tqy_1256x620__1.jpg?fit=1200%2C592&ssl=1&resize=1050%2C600 3x"},"classes":[]},{"id":14703,"url":"https:\/\/larevistadigital.com.ar\/blog\/asteroide-potencialmente-peligroso-pasara-cerca-de-la-tierra-el-15-de-febrero\/","url_meta":{"origin":15976,"position":5},"title":"ASTEROIDE \u00abPOTENCIALMENTE PELIGROSO\u00bb PASAR\u00c1 CERCA DE LA TIERRA EL 15 DE FEBRERO","author":"Alejandro Sosa Ruda","date":"11 febrero, 2020","format":false,"excerpt":"El asteroide que visitar\u00e1 la Tierra, que se espera se acerque a nuestro planeta el 15 de febrero, tiene aproximadamente un kil\u00f3metro de di\u00e1metro. Se cree que una roca espacial de este tama\u00f1o\u00a0puede matar a millones de personas\u00a0en el \u00e1rea del impacto y desencadenar una cat\u00e1strofe a escala mundial. La\u2026","rel":"","context":"En \u00abCURIOSAS\u00bb","block_context":{"text":"CURIOSAS","link":"https:\/\/larevistadigital.com.ar\/blog\/category\/curiosas\/"},"img":{"alt_text":"","src":"https:\/\/i0.wp.com\/larevistadigital.com.ar\/blog\/wp-content\/uploads\/052418_LH_chixculub_feat.jpg?fit=860%2C460&ssl=1&resize=350%2C200","width":350,"height":200,"srcset":"https:\/\/i0.wp.com\/larevistadigital.com.ar\/blog\/wp-content\/uploads\/052418_LH_chixculub_feat.jpg?fit=860%2C460&ssl=1&resize=350%2C200 1x, https:\/\/i0.wp.com\/larevistadigital.com.ar\/blog\/wp-content\/uploads\/052418_LH_chixculub_feat.jpg?fit=860%2C460&ssl=1&resize=525%2C300 1.5x, https:\/\/i0.wp.com\/larevistadigital.com.ar\/blog\/wp-content\/uploads\/052418_LH_chixculub_feat.jpg?fit=860%2C460&ssl=1&resize=700%2C400 2x"},"classes":[]}],"_links":{"self":[{"href":"https:\/\/larevistadigital.com.ar\/blog\/wp-json\/wp\/v2\/posts\/15976","targetHints":{"allow":["GET"]}}],"collection":[{"href":"https:\/\/larevistadigital.com.ar\/blog\/wp-json\/wp\/v2\/posts"}],"about":[{"href":"https:\/\/larevistadigital.com.ar\/blog\/wp-json\/wp\/v2\/types\/post"}],"author":[{"embeddable":true,"href":"https:\/\/larevistadigital.com.ar\/blog\/wp-json\/wp\/v2\/users\/3"}],"replies":[{"embeddable":true,"href":"https:\/\/larevistadigital.com.ar\/blog\/wp-json\/wp\/v2\/comments?post=15976"}],"version-history":[{"count":1,"href":"https:\/\/larevistadigital.com.ar\/blog\/wp-json\/wp\/v2\/posts\/15976\/revisions"}],"predecessor-version":[{"id":15978,"href":"https:\/\/larevistadigital.com.ar\/blog\/wp-json\/wp\/v2\/posts\/15976\/revisions\/15978"}],"wp:featuredmedia":[{"embeddable":true,"href":"https:\/\/larevistadigital.com.ar\/blog\/wp-json\/wp\/v2\/media\/15977"}],"wp:attachment":[{"href":"https:\/\/larevistadigital.com.ar\/blog\/wp-json\/wp\/v2\/media?parent=15976"}],"wp:term":[{"taxonomy":"category","embeddable":true,"href":"https:\/\/larevistadigital.com.ar\/blog\/wp-json\/wp\/v2\/categories?post=15976"},{"taxonomy":"post_tag","embeddable":true,"href":"https:\/\/larevistadigital.com.ar\/blog\/wp-json\/wp\/v2\/tags?post=15976"}],"curies":[{"name":"wp","href":"https:\/\/api.w.org\/{rel}","templated":true}]}}