{"id":15980,"date":"2020-08-12T15:34:39","date_gmt":"2020-08-12T15:34:39","guid":{"rendered":"https:\/\/larevistadigital.com.ar\/blog\/?p=15980"},"modified":"2020-08-12T15:36:59","modified_gmt":"2020-08-12T15:36:59","slug":"terrorifico-pescadores-fueron-perseguidos-por-orcas","status":"publish","type":"post","link":"https:\/\/larevistadigital.com.ar\/blog\/terrorifico-pescadores-fueron-perseguidos-por-orcas\/","title":{"rendered":"[VIDEO] TERROR\u00cdFICO: PESCADORES FUERON PERSEGUIDOS POR ORCAS"},"content":{"rendered":"<h2>Los tripulantes de la embarcaci\u00f3n empezaron a filmar pensando que se hab\u00edan topado con delfines, pero se encontraron con que eran ballenas asesinas. El video no tard\u00f3 en hacerse viral.<\/h2>\n<p>Las salidas de pesca siempre nos dejan alguna que otra an\u00e9cdota para compartir m\u00e1s tarde. Sino hay que preguntarles a los protagonistas del siguiente video, que salieron a pescar y se toparon con un grupo de delfines, o eso creyeron, porque apenas empezaron a filmar\u00a0<strong>se dieron cuenta de que eran orcas.<\/strong><\/p>\n<p><span class=\"embed-youtube\" style=\"text-align:center; display: block;\"><iframe loading=\"lazy\" class=\"youtube-player\" width=\"640\" height=\"360\" src=\"https:\/\/www.youtube.com\/embed\/IsER5vWaGlg?version=3&#038;rel=1&#038;showsearch=0&#038;showinfo=1&#038;iv_load_policy=1&#038;fs=1&#038;hl=es-ES&#038;autohide=2&#038;wmode=transparent\" allowfullscreen=\"true\" style=\"border:0;\" sandbox=\"allow-scripts allow-same-origin allow-popups allow-presentation allow-popups-to-escape-sandbox\"><\/iframe><\/span><\/p>\n<p>Como se puede ver en el video,\u00a0<strong>entre risas y alg\u00fan que otro susto, la embarcaci\u00f3n empez\u00f3 a acelerar mientras las orcas la\u00a0persegu\u00eda<\/strong>. El video se subi\u00f3 a la plataforma <strong>Reddit<\/strong>, que r\u00e1pidamente se volvi\u00f3 viral, aunque no trascendi\u00f3 d\u00f3nde y cu\u00e1ndo se produjo este curioso hecho.<\/p>\n","protected":false},"excerpt":{"rendered":"<div class=\"mh-excerpt\"><p>Los tripulantes de la embarcaci\u00f3n empezaron a filmar pensando que se hab\u00edan topado con delfines, pero se encontraron con que eran ballenas asesinas. El video no tard\u00f3 en hacerse viral. Las salidas de pesca siempre <a class=\"mh-excerpt-more\" href=\"https:\/\/larevistadigital.com.ar\/blog\/terrorifico-pescadores-fueron-perseguidos-por-orcas\/\" title=\"[VIDEO] TERROR\u00cdFICO: PESCADORES FUERON PERSEGUIDOS POR ORCAS\">[Leer M\u00e1s]<\/a><\/p>\n<\/div>","protected":false},"author":3,"featured_media":15981,"comment_status":"open","ping_status":"open","sticky":false,"template":"","format":"standard","meta":{"_jetpack_memberships_contains_paid_content":false,"footnotes":"","jetpack_publicize_message":"","jetpack_publicize_feature_enabled":true,"jetpack_social_post_already_shared":true,"jetpack_social_options":{"image_generator_settings":{"template":"highway","default_image_id":0,"font":"","enabled":false},"version":2}},"categories":[50],"tags":[],"class_list":{"0":"post-15980","1":"post","2":"type-post","3":"status-publish","4":"format-standard","5":"has-post-thumbnail","7":"category-interes-general"},"jetpack_publicize_connections":[],"jetpack_featured_media_url":"https:\/\/i0.wp.com\/larevistadigital.com.ar\/blog\/wp-content\/uploads\/Screenshot_1-128.jpg?fit=1069%2C603&ssl=1","jetpack_sharing_enabled":true,"jetpack_shortlink":"https:\/\/wp.me\/p8qtrQ-49K","jetpack-related-posts":[{"id":8486,"url":"https:\/\/larevistadigital.com.ar\/blog\/mar-del-plata-alerta-por-la-presencia-de-orcas\/","url_meta":{"origin":15980,"position":0},"title":"MAR DEL PLATA: ALERTA POR LA PRESENCIA DE ORCAS (CON VIDEO SUBIDO POR TURISTA)","author":"Alejandro Sosa Ruda","date":"15 febrero, 2019","format":false,"excerpt":"Los mam\u00edferos se hicieron presentes a poca distancia de la orillas en\u00a0Playa Popular y en los balnearios de La Perla. Por precauci\u00f3n, evacuaron a los veraneantes que estaban en el mar.\u00a0Mir\u00e1 las im\u00e1genes. Los veraneantes de la costa argentina que se encuentran en Mar del Plata se sorprendieron este jueves\u00a0por\u2026","rel":"","context":"En \u00abSin categor\u00eda\u00bb","block_context":{"text":"Sin categor\u00eda","link":"https:\/\/larevistadigital.com.ar\/blog\/category\/sin-categoria\/"},"img":{"alt_text":"","src":"https:\/\/i0.wp.com\/larevistadigital.com.ar\/blog\/wp-content\/uploads\/2019\/02\/dzyys8bxcaafxet.jpg_57855992.jpg?fit=720%2C479&ssl=1&resize=350%2C200","width":350,"height":200,"srcset":"https:\/\/i0.wp.com\/larevistadigital.com.ar\/blog\/wp-content\/uploads\/2019\/02\/dzyys8bxcaafxet.jpg_57855992.jpg?fit=720%2C479&ssl=1&resize=350%2C200 1x, https:\/\/i0.wp.com\/larevistadigital.com.ar\/blog\/wp-content\/uploads\/2019\/02\/dzyys8bxcaafxet.jpg_57855992.jpg?fit=720%2C479&ssl=1&resize=525%2C300 1.5x, https:\/\/i0.wp.com\/larevistadigital.com.ar\/blog\/wp-content\/uploads\/2019\/02\/dzyys8bxcaafxet.jpg_57855992.jpg?fit=720%2C479&ssl=1&resize=700%2C400 2x"},"classes":[]},{"id":12065,"url":"https:\/\/larevistadigital.com.ar\/blog\/siete-orcas-quedaron-varadas-entre-camet-norte-y-la-caleta\/","url_meta":{"origin":15980,"position":1},"title":"SIETE ORCAS QUEDARON VARADAS ENTRE CAMET NORTE Y LA CALETA","author":"Alejandro Sosa Ruda","date":"15 septiembre, 2019","format":false,"excerpt":"Los animales aparecieron esta ma\u00f1ana sobre la costa y se acercaron demasiado a la playa. Fauna Argentina, Bomberos, Guardaparques y personal municipal de Mar Chiquita despliegan un operativo para cercar la playa e intentar devolverlas al mar Las costas de La Caleta recibieron esta ma\u00f1ana la visita de\u00a0siete orcas,\u00a0pero el\u2026","rel":"","context":"En \u00abREGIONALES\u00bb","block_context":{"text":"REGIONALES","link":"https:\/\/larevistadigital.com.ar\/blog\/category\/regionales\/"},"img":{"alt_text":"","src":"https:\/\/i0.wp.com\/larevistadigital.com.ar\/blog\/wp-content\/uploads\/Screenshot_3-14.jpg?fit=996%2C598&ssl=1&resize=350%2C200","width":350,"height":200,"srcset":"https:\/\/i0.wp.com\/larevistadigital.com.ar\/blog\/wp-content\/uploads\/Screenshot_3-14.jpg?fit=996%2C598&ssl=1&resize=350%2C200 1x, https:\/\/i0.wp.com\/larevistadigital.com.ar\/blog\/wp-content\/uploads\/Screenshot_3-14.jpg?fit=996%2C598&ssl=1&resize=525%2C300 1.5x, https:\/\/i0.wp.com\/larevistadigital.com.ar\/blog\/wp-content\/uploads\/Screenshot_3-14.jpg?fit=996%2C598&ssl=1&resize=700%2C400 2x"},"classes":[]},{"id":40952,"url":"https:\/\/larevistadigital.com.ar\/blog\/imagenes-elocuentes-denuncian-al-aquarium-de-mar-del-plata-por-abandono-de-animales\/","url_meta":{"origin":15980,"position":2},"title":"Im\u00e1genes elocuentes: Denuncian al Aquarium de Mar del Plata por abandono de animales","author":"Alejandro Sosa Ruda","date":"18 agosto, 2025","format":false,"excerpt":"Vecinos y organizaciones advierten por la cr\u00edtica situaci\u00f3n de delfines y lobos marinos. 18 de agosto de 2025 MAR DEL PLATA -\u00a0 \u00a0En las \u00faltimas horas se conocieron graves denuncias sobre el estado de los animales que permanecen en el predio del ex Aquarium de Mar del Plata, cerrado desde\u2026","rel":"","context":"En \u00abREGIONALES\u00bb","block_context":{"text":"REGIONALES","link":"https:\/\/larevistadigital.com.ar\/blog\/category\/regionales\/"},"img":{"alt_text":"","src":"https:\/\/i0.wp.com\/larevistadigital.com.ar\/blog\/wp-content\/uploads\/AQUARIUM-MAR-DEL-PLATA.jpg?fit=778%2C377&ssl=1&resize=350%2C200","width":350,"height":200,"srcset":"https:\/\/i0.wp.com\/larevistadigital.com.ar\/blog\/wp-content\/uploads\/AQUARIUM-MAR-DEL-PLATA.jpg?fit=778%2C377&ssl=1&resize=350%2C200 1x, https:\/\/i0.wp.com\/larevistadigital.com.ar\/blog\/wp-content\/uploads\/AQUARIUM-MAR-DEL-PLATA.jpg?fit=778%2C377&ssl=1&resize=525%2C300 1.5x, https:\/\/i0.wp.com\/larevistadigital.com.ar\/blog\/wp-content\/uploads\/AQUARIUM-MAR-DEL-PLATA.jpg?fit=778%2C377&ssl=1&resize=700%2C400 2x"},"classes":[]},{"id":21358,"url":"https:\/\/larevistadigital.com.ar\/blog\/mar-del-plata-se-hundio-un-barco-pesquero-y-debieron-rescatar-a-sus-tripulantes\/","url_meta":{"origin":15980,"position":3},"title":"MAR DEL PLATA: SE HUNDI\u00d3 UN BARCO PESQUERO Y DEBIERON RESCATAR A SUS TRIPULANTES","author":"Alejandro Sosa Ruda","date":"2 agosto, 2021","format":false,"excerpt":"Eran ocho tripulantes. Cuatro fueron rescatados desde el agua y los otros desde una balsa salvavidas. MAR DEL PLATA - Un pesquero se hundi\u00f3 este s\u00e1bado por la noche a 140 kil\u00f3metros de la costa marplatense y su tripulaci\u00f3n fue rescatada por otro buque que estaba en zona, inform\u00f3 Prefectura\u2026","rel":"","context":"En \u00abREGIONALES\u00bb","block_context":{"text":"REGIONALES","link":"https:\/\/larevistadigital.com.ar\/blog\/category\/regionales\/"},"img":{"alt_text":"","src":"https:\/\/i0.wp.com\/larevistadigital.com.ar\/blog\/wp-content\/uploads\/40e96ffdd2f4b82dd40ab8d64213100f5c8c3500.jpeg?fit=1140%2C640&ssl=1&resize=350%2C200","width":350,"height":200,"srcset":"https:\/\/i0.wp.com\/larevistadigital.com.ar\/blog\/wp-content\/uploads\/40e96ffdd2f4b82dd40ab8d64213100f5c8c3500.jpeg?fit=1140%2C640&ssl=1&resize=350%2C200 1x, https:\/\/i0.wp.com\/larevistadigital.com.ar\/blog\/wp-content\/uploads\/40e96ffdd2f4b82dd40ab8d64213100f5c8c3500.jpeg?fit=1140%2C640&ssl=1&resize=525%2C300 1.5x, https:\/\/i0.wp.com\/larevistadigital.com.ar\/blog\/wp-content\/uploads\/40e96ffdd2f4b82dd40ab8d64213100f5c8c3500.jpeg?fit=1140%2C640&ssl=1&resize=700%2C400 2x, https:\/\/i0.wp.com\/larevistadigital.com.ar\/blog\/wp-content\/uploads\/40e96ffdd2f4b82dd40ab8d64213100f5c8c3500.jpeg?fit=1140%2C640&ssl=1&resize=1050%2C600 3x"},"classes":[]},{"id":33272,"url":"https:\/\/larevistadigital.com.ar\/blog\/prueban-la-primera-ecolancha-electrica-argentina\/","url_meta":{"origin":15980,"position":4},"title":"PRUEBAN LA PRIMERA \u00abECOLANCHA\u00bb EL\u00c9CTRICA ARGENTINA","author":"Alejandro Sosa Ruda","date":"5 septiembre, 2023","format":false,"excerpt":"Fue pensada como alternativa ecol\u00f3gica para el transporte de pasajeros en la zona del Delta. Para hacer la lancha, se tom\u00f3 una embarcaci\u00f3n hecha en aluminio y capaz de transportar a veintid\u00f3s personas, incluyendo a dos tripulantes y fue redise\u00f1ada por completo. 5 de Septiembre de 2023 BUENOS AIRES -\u00a0\u2026","rel":"","context":"En \u00abINTERES GENERAL\u00bb","block_context":{"text":"INTERES GENERAL","link":"https:\/\/larevistadigital.com.ar\/blog\/category\/interes-general\/"},"img":{"alt_text":"","src":"https:\/\/i0.wp.com\/larevistadigital.com.ar\/blog\/wp-content\/uploads\/20230904191735_ecolancha.jpg?fit=880%2C512&ssl=1&resize=350%2C200","width":350,"height":200,"srcset":"https:\/\/i0.wp.com\/larevistadigital.com.ar\/blog\/wp-content\/uploads\/20230904191735_ecolancha.jpg?fit=880%2C512&ssl=1&resize=350%2C200 1x, https:\/\/i0.wp.com\/larevistadigital.com.ar\/blog\/wp-content\/uploads\/20230904191735_ecolancha.jpg?fit=880%2C512&ssl=1&resize=525%2C300 1.5x, https:\/\/i0.wp.com\/larevistadigital.com.ar\/blog\/wp-content\/uploads\/20230904191735_ecolancha.jpg?fit=880%2C512&ssl=1&resize=700%2C400 2x"},"classes":[]},{"id":709,"url":"https:\/\/larevistadigital.com.ar\/blog\/empezaron-los-trabajos-pavimento-loma-verde%e2%80%90ranchos\/","url_meta":{"origin":15980,"position":5},"title":"Empezaron los trabajos para el pavimento Loma Verde\u2010Ranchos","author":"editor","date":"8 marzo, 2017","format":false,"excerpt":"Personal y maquinarias de la empresa OCSA S.A., comenzaron los trabajos de pavimentaci\u00f3n en el camino Ranchos-Loma Verde, correspondientes al partido de General Paz. Las tareas que tienen un plazo de obra de 8 meses, se iniciaron el d\u00eda lunes 6 del corriente, entre el km. 20 y 21; tomando\u2026","rel":"","context":"En \u00abRANCHOS\u00bb","block_context":{"text":"RANCHOS","link":"https:\/\/larevistadigital.com.ar\/blog\/category\/ranchos\/"},"img":{"alt_text":"","src":"https:\/\/i0.wp.com\/larevistadigital.com.ar\/blog\/wp-content\/uploads\/2017\/03\/CAMINO.jpg?fit=897%2C660&ssl=1&resize=350%2C200","width":350,"height":200,"srcset":"https:\/\/i0.wp.com\/larevistadigital.com.ar\/blog\/wp-content\/uploads\/2017\/03\/CAMINO.jpg?fit=897%2C660&ssl=1&resize=350%2C200 1x, https:\/\/i0.wp.com\/larevistadigital.com.ar\/blog\/wp-content\/uploads\/2017\/03\/CAMINO.jpg?fit=897%2C660&ssl=1&resize=525%2C300 1.5x, https:\/\/i0.wp.com\/larevistadigital.com.ar\/blog\/wp-content\/uploads\/2017\/03\/CAMINO.jpg?fit=897%2C660&ssl=1&resize=700%2C400 2x"},"classes":[]}],"_links":{"self":[{"href":"https:\/\/larevistadigital.com.ar\/blog\/wp-json\/wp\/v2\/posts\/15980","targetHints":{"allow":["GET"]}}],"collection":[{"href":"https:\/\/larevistadigital.com.ar\/blog\/wp-json\/wp\/v2\/posts"}],"about":[{"href":"https:\/\/larevistadigital.com.ar\/blog\/wp-json\/wp\/v2\/types\/post"}],"author":[{"embeddable":true,"href":"https:\/\/larevistadigital.com.ar\/blog\/wp-json\/wp\/v2\/users\/3"}],"replies":[{"embeddable":true,"href":"https:\/\/larevistadigital.com.ar\/blog\/wp-json\/wp\/v2\/comments?post=15980"}],"version-history":[{"count":3,"href":"https:\/\/larevistadigital.com.ar\/blog\/wp-json\/wp\/v2\/posts\/15980\/revisions"}],"predecessor-version":[{"id":15984,"href":"https:\/\/larevistadigital.com.ar\/blog\/wp-json\/wp\/v2\/posts\/15980\/revisions\/15984"}],"wp:featuredmedia":[{"embeddable":true,"href":"https:\/\/larevistadigital.com.ar\/blog\/wp-json\/wp\/v2\/media\/15981"}],"wp:attachment":[{"href":"https:\/\/larevistadigital.com.ar\/blog\/wp-json\/wp\/v2\/media?parent=15980"}],"wp:term":[{"taxonomy":"category","embeddable":true,"href":"https:\/\/larevistadigital.com.ar\/blog\/wp-json\/wp\/v2\/categories?post=15980"},{"taxonomy":"post_tag","embeddable":true,"href":"https:\/\/larevistadigital.com.ar\/blog\/wp-json\/wp\/v2\/tags?post=15980"}],"curies":[{"name":"wp","href":"https:\/\/api.w.org\/{rel}","templated":true}]}}