{"id":15985,"date":"2020-08-12T15:53:41","date_gmt":"2020-08-12T15:53:41","guid":{"rendered":"https:\/\/larevistadigital.com.ar\/blog\/?p=15985"},"modified":"2020-08-12T15:53:41","modified_gmt":"2020-08-12T15:53:41","slug":"no-le-cuentes-a-nadie-el-asqueroso-mensaje-que-un-depravado-le-mando-a-una-nena-de-9-anos-por-whatsapp","status":"publish","type":"post","link":"https:\/\/larevistadigital.com.ar\/blog\/no-le-cuentes-a-nadie-el-asqueroso-mensaje-que-un-depravado-le-mando-a-una-nena-de-9-anos-por-whatsapp\/","title":{"rendered":"\u00abNO LE CUENTES A NADIE\u00bb EL ASQUEROSO MENSAJE QUE UN DEPRAVADO LE MAND\u00d3 A UNA NENA DE 9 A\u00d1OS POR WHATSAPP\u00bb"},"content":{"rendered":"<h2>El depravado reside en la provincia de C\u00f3rdoba y a\u00fan no fue detenido. Escuch\u00e1 el estremecedor relato de la madre de la menor en\u00a0<em><strong>Cr\u00f3nica HD<\/strong><\/em>, que se hizo pasar por la nena.<\/h2>\n<p>Otro lamentable caso de\u00a0<em>\u00abgrooming\u00bb<\/em>\u00a0-tambi\u00e9n conocido como ciberacoso- fue denunciado por la madre de una menor de tan solo 9 a\u00f1os de edad, residente de la ciudad balnearia de Mar del Plata, en el programa\u00a0<em><a href=\"https:\/\/www.cronica.com.ar\/tags\/Cr%C3%B3nica%20Policiales\">Cr\u00f3nica Policiales<\/a><\/em>, por\u00a0<em><strong><a href=\"https:\/\/www.cronica.com.ar\/tags\/Cr%C3%B3nica%20HD\">Cr\u00f3nica HD<\/a><\/strong><\/em>.<\/p>\n<blockquote>\n<h3>Natalia mostr\u00f3 los mensajes que un degenerado le envi\u00f3 a su peque\u00f1a hija por<strong>\u00a0<a href=\"https:\/\/www.cronica.com.ar\/tags\/WhatsApp\">WhatsApp<\/a><\/strong>\u00a0en reiteradas oportunidades. Entre\u00a0ellos,\u00a0<strong>el s\u00e1tiro le hac\u00eda una serie de peticiones a la criatura, para que esta le enviara fotos sin ropa<\/strong>.<\/h3>\n<\/blockquote>\n<p>Al ser consultada por el hecho la madre de la menor le confi\u00f3 a\u00a0<em><strong>Cr\u00f3nica\u00a0<\/strong><\/em>que se hizo pasar por la ni\u00f1a, para develar las intenciones del acosador.\u00a0<strong><em>\u00abElla recibe esos mensajes y no los contesta. Pasados dos d\u00edas, vuelve a mi domicilio, y me advierte que este hombre le estaba escribiendo. A partir de ah\u00ed yo tomo cartas en el asunto y me hago pasar por mi hija\u00bb<\/em><\/strong>, afirm\u00f3.<\/p>\n<blockquote>\n<h3>Sin embargo, tambi\u00e9n asegur\u00f3 que ante la falta de respuesta de la nena, durante esas 48 horas, el degenerado insist\u00eda pregunt\u00e1ndole:\u00a0<strong><em>\u00ab\u00bfPor qu\u00e9 no me quer\u00e9s contestar?, yo quiero ser tu amigo\u00bb<\/em><\/strong>.<\/h3>\n<\/blockquote>\n<p><strong>Este sujeto habr\u00eda encontrado la manera de comunicarse a trav\u00e9s de la popular red social de videos, TikTok<\/strong>, asegur\u00f3 Natalia, quien tambi\u00e9n agreg\u00f3 que el nombre real de esta persona figuraba en su perfil.<\/p>\n<p><em><strong>\u00ab\u00c9l en todo momento le insist\u00eda que le mandara fotos, que se sacara la ropa. Yo hice una videollamada enfocando a la pared, buscando que muestre la cara, para hacer una captura de pantalla\u00bb<\/strong>,\u00a0<\/em>afirm\u00f3 la mam\u00e1 de la v\u00edctima.<\/p>\n<div><\/div>\n","protected":false},"excerpt":{"rendered":"<div class=\"mh-excerpt\"><p>El depravado reside en la provincia de C\u00f3rdoba y a\u00fan no fue detenido. Escuch\u00e1 el estremecedor relato de la madre de la menor en\u00a0Cr\u00f3nica HD, que se hizo pasar por la nena. Otro lamentable caso <a class=\"mh-excerpt-more\" href=\"https:\/\/larevistadigital.com.ar\/blog\/no-le-cuentes-a-nadie-el-asqueroso-mensaje-que-un-depravado-le-mando-a-una-nena-de-9-anos-por-whatsapp\/\" title=\"\u00abNO LE CUENTES A NADIE\u00bb EL ASQUEROSO MENSAJE QUE UN DEPRAVADO LE MAND\u00d3 A UNA NENA DE 9 A\u00d1OS POR WHATSAPP\u00bb\">[Leer M\u00e1s]<\/a><\/p>\n<\/div>","protected":false},"author":3,"featured_media":15986,"comment_status":"open","ping_status":"open","sticky":false,"template":"","format":"standard","meta":{"_jetpack_memberships_contains_paid_content":false,"footnotes":"","jetpack_publicize_message":"","jetpack_publicize_feature_enabled":true,"jetpack_social_post_already_shared":true,"jetpack_social_options":{"image_generator_settings":{"template":"highway","default_image_id":0,"font":"","enabled":false},"version":2}},"categories":[50,44],"tags":[],"class_list":{"0":"post-15985","1":"post","2":"type-post","3":"status-publish","4":"format-standard","5":"has-post-thumbnail","7":"category-interes-general","8":"category-policiales"},"jetpack_publicize_connections":[],"jetpack_featured_media_url":"https:\/\/i0.wp.com\/larevistadigital.com.ar\/blog\/wp-content\/uploads\/Screenshot_2-98.jpg?fit=1204%2C674&ssl=1","jetpack_sharing_enabled":true,"jetpack_shortlink":"https:\/\/wp.me\/p8qtrQ-49P","jetpack-related-posts":[{"id":13105,"url":"https:\/\/larevistadigital.com.ar\/blog\/la-plata-muere-nena-de-4-anos-en-accidente\/","url_meta":{"origin":15985,"position":0},"title":"LA PLATA: MUERE NENA DE 4 A\u00d1OS EN ACCIDENTE","author":"Alejandro Sosa Ruda","date":"7 noviembre, 2019","format":false,"excerpt":"Sucedi\u00f3 esta madrugada, en La Plata. Viajaba junto a su pap\u00e1 y su mam\u00e1 cuando el auto perdi\u00f3 el control y termin\u00f3 contra las rejas de una vivienda. El accidente se produjo alrededor de las 3:30 en la avenida 44 y 157 (en el oeste de la ciudad de La\u2026","rel":"","context":"En \u00abPOLICIALES\u00bb","block_context":{"text":"POLICIALES","link":"https:\/\/larevistadigital.com.ar\/blog\/category\/policiales\/"},"img":{"alt_text":"","src":"https:\/\/i0.wp.com\/larevistadigital.com.ar\/blog\/wp-content\/uploads\/a828ba3b5dd789f33232d191fb12dd290352d9c5.jpg?fit=1140%2C759&ssl=1&resize=350%2C200","width":350,"height":200,"srcset":"https:\/\/i0.wp.com\/larevistadigital.com.ar\/blog\/wp-content\/uploads\/a828ba3b5dd789f33232d191fb12dd290352d9c5.jpg?fit=1140%2C759&ssl=1&resize=350%2C200 1x, https:\/\/i0.wp.com\/larevistadigital.com.ar\/blog\/wp-content\/uploads\/a828ba3b5dd789f33232d191fb12dd290352d9c5.jpg?fit=1140%2C759&ssl=1&resize=525%2C300 1.5x, https:\/\/i0.wp.com\/larevistadigital.com.ar\/blog\/wp-content\/uploads\/a828ba3b5dd789f33232d191fb12dd290352d9c5.jpg?fit=1140%2C759&ssl=1&resize=700%2C400 2x, https:\/\/i0.wp.com\/larevistadigital.com.ar\/blog\/wp-content\/uploads\/a828ba3b5dd789f33232d191fb12dd290352d9c5.jpg?fit=1140%2C759&ssl=1&resize=1050%2C600 3x"},"classes":[]},{"id":32044,"url":"https:\/\/larevistadigital.com.ar\/blog\/32044-2\/","url_meta":{"origin":15985,"position":1},"title":"LA PLATA: GOLPEAN SALVAJEMENTE EN UNA ESCUELA A UNA NENA DE 12 A\u00d1OS","author":"Alejandro Sosa Ruda","date":"16 junio, 2023","format":false,"excerpt":"La madre de la v\u00edctima denuncia la \"inacci\u00f3n\" y \"falta de respuestas\" por parte de las autoridades educativas que no asistieron a la menor. 16 de junio de 2023 LA PLATA\u00a0 -\u00a0 \u00a0Una nena de 12 a\u00f1os sufri\u00f3 una brutal golpiza en la Escuela Media N\u00b026, de La Plata. Como\u2026","rel":"","context":"En \u00abPOLICIALES\u00bb","block_context":{"text":"POLICIALES","link":"https:\/\/larevistadigital.com.ar\/blog\/category\/policiales\/"},"img":{"alt_text":"","src":"https:\/\/i0.wp.com\/larevistadigital.com.ar\/blog\/wp-content\/uploads\/1686952271068.jpg?fit=1200%2C594&ssl=1&resize=350%2C200","width":350,"height":200,"srcset":"https:\/\/i0.wp.com\/larevistadigital.com.ar\/blog\/wp-content\/uploads\/1686952271068.jpg?fit=1200%2C594&ssl=1&resize=350%2C200 1x, https:\/\/i0.wp.com\/larevistadigital.com.ar\/blog\/wp-content\/uploads\/1686952271068.jpg?fit=1200%2C594&ssl=1&resize=525%2C300 1.5x, https:\/\/i0.wp.com\/larevistadigital.com.ar\/blog\/wp-content\/uploads\/1686952271068.jpg?fit=1200%2C594&ssl=1&resize=700%2C400 2x, https:\/\/i0.wp.com\/larevistadigital.com.ar\/blog\/wp-content\/uploads\/1686952271068.jpg?fit=1200%2C594&ssl=1&resize=1050%2C600 3x"},"classes":[]},{"id":11628,"url":"https:\/\/larevistadigital.com.ar\/blog\/leyo-el-diario-intimo-de-su-hijita-y-se-entero-de-lo-peor\/","url_meta":{"origin":15985,"position":2},"title":"LEY\u00d3 EL DIARIO \u00cdNTIMO DE SU HIJITA Y SE ENTER\u00d3 DE LO PEOR","author":"Alejandro Sosa Ruda","date":"30 julio, 2019","format":false,"excerpt":"La madre de la nena de 10 a\u00f1os se enter\u00f3 de esa manera que la criatura era abusada sexualmente desde hac\u00eda mucho tiempo por su propio padre. El aberrante episodio tuvo lugar en Salta. Un indignante episodio de abuso golpe\u00f3 a la opini\u00f3n p\u00fablica salte\u00f1a, cuando se dieron a conocer\u2026","rel":"","context":"En \u00abINTERES GENERAL\u00bb","block_context":{"text":"INTERES GENERAL","link":"https:\/\/larevistadigital.com.ar\/blog\/category\/interes-general\/"},"img":{"alt_text":"","src":"https:\/\/i0.wp.com\/larevistadigital.com.ar\/blog\/wp-content\/uploads\/Screenshot_2-28.jpg?fit=1200%2C609&ssl=1&resize=350%2C200","width":350,"height":200,"srcset":"https:\/\/i0.wp.com\/larevistadigital.com.ar\/blog\/wp-content\/uploads\/Screenshot_2-28.jpg?fit=1200%2C609&ssl=1&resize=350%2C200 1x, https:\/\/i0.wp.com\/larevistadigital.com.ar\/blog\/wp-content\/uploads\/Screenshot_2-28.jpg?fit=1200%2C609&ssl=1&resize=525%2C300 1.5x, https:\/\/i0.wp.com\/larevistadigital.com.ar\/blog\/wp-content\/uploads\/Screenshot_2-28.jpg?fit=1200%2C609&ssl=1&resize=700%2C400 2x, https:\/\/i0.wp.com\/larevistadigital.com.ar\/blog\/wp-content\/uploads\/Screenshot_2-28.jpg?fit=1200%2C609&ssl=1&resize=1050%2C600 3x"},"classes":[]},{"id":23516,"url":"https:\/\/larevistadigital.com.ar\/blog\/nena-de-9-anos-apunalo-a-su-padrastro-cuando-golpeaba-a-su-mama\/","url_meta":{"origin":15985,"position":3},"title":"NENA DE 9 A\u00d1OS APU\u00d1AL\u00d3 A SU PADRASTRO CUANDO GOLPEABA A SU MAM\u00c1","author":"Alejandro Sosa Ruda","date":"22 enero, 2022","format":false,"excerpt":"Mientras el hombre contin\u00faa internado, la causa fue caratulada como \u201cLesiones graves\u201d y qued\u00f3 a cargo del fiscal de la Unidad Funcional N\u00b0 4 de Pilar. Por estas horas se espera la declaraci\u00f3n testimonial de la madre de la nena. PABLO NOGU\u00c9S -\u00a0 Una nena de 9 a\u00f1os sali\u00f3 en\u2026","rel":"","context":"En \u00abINTERES GENERAL\u00bb","block_context":{"text":"INTERES GENERAL","link":"https:\/\/larevistadigital.com.ar\/blog\/category\/interes-general\/"},"img":{"alt_text":"","src":"https:\/\/i0.wp.com\/larevistadigital.com.ar\/blog\/wp-content\/uploads\/20220119175916_patrullero-2.jpg?fit=880%2C512&ssl=1&resize=350%2C200","width":350,"height":200,"srcset":"https:\/\/i0.wp.com\/larevistadigital.com.ar\/blog\/wp-content\/uploads\/20220119175916_patrullero-2.jpg?fit=880%2C512&ssl=1&resize=350%2C200 1x, https:\/\/i0.wp.com\/larevistadigital.com.ar\/blog\/wp-content\/uploads\/20220119175916_patrullero-2.jpg?fit=880%2C512&ssl=1&resize=525%2C300 1.5x, https:\/\/i0.wp.com\/larevistadigital.com.ar\/blog\/wp-content\/uploads\/20220119175916_patrullero-2.jpg?fit=880%2C512&ssl=1&resize=700%2C400 2x"},"classes":[]},{"id":23956,"url":"https:\/\/larevistadigital.com.ar\/blog\/pilar-detienen-a-hombre-acusado-de-violar-a-su-pequena-hija\/","url_meta":{"origin":15985,"position":4},"title":"PILAR: DETIENEN A HOMBRE ACUSADO DE VIOLAR A SU PEQUE\u00d1A HIJA","author":"Alejandro Sosa Ruda","date":"12 febrero, 2022","format":false,"excerpt":"La Polic\u00eda detuvo a un hombre acusado de haber violado en reiteradas oportunidades a su peque\u00f1a hija. La menor tiene 8 a\u00f1os y fue ultrajada en reiteradas oportunidades, de acuerdo a la denuncia de la madre. PILAR -\u00a0 La captura se efectu\u00f3 luego de que el sujeto, de 31 a\u00f1os,\u2026","rel":"","context":"En \u00abPOLICIALES\u00bb","block_context":{"text":"POLICIALES","link":"https:\/\/larevistadigital.com.ar\/blog\/category\/policiales\/"},"img":{"alt_text":"","src":"https:\/\/i0.wp.com\/larevistadigital.com.ar\/blog\/wp-content\/uploads\/20220211111148_detenido-violacion-pilar.jpg?fit=880%2C512&ssl=1&resize=350%2C200","width":350,"height":200,"srcset":"https:\/\/i0.wp.com\/larevistadigital.com.ar\/blog\/wp-content\/uploads\/20220211111148_detenido-violacion-pilar.jpg?fit=880%2C512&ssl=1&resize=350%2C200 1x, https:\/\/i0.wp.com\/larevistadigital.com.ar\/blog\/wp-content\/uploads\/20220211111148_detenido-violacion-pilar.jpg?fit=880%2C512&ssl=1&resize=525%2C300 1.5x, https:\/\/i0.wp.com\/larevistadigital.com.ar\/blog\/wp-content\/uploads\/20220211111148_detenido-violacion-pilar.jpg?fit=880%2C512&ssl=1&resize=700%2C400 2x"},"classes":[]},{"id":9695,"url":"https:\/\/larevistadigital.com.ar\/blog\/encuentran-nena-de-11-anos-violada-y-asesinada-en-descampado\/","url_meta":{"origin":15985,"position":5},"title":"ENCUENTRAN NENA DE 11 A\u00d1OS VIOLADA Y ASESINADA EN DESCAMPADO","author":"Alejandro Sosa Ruda","date":"15 abril, 2019","format":false,"excerpt":"Una ni\u00f1a de 11 a\u00f1os fue violada y asesinada en el barrio Virgen Desatanudos, en la zona del acceso sur de la capital de La Rioja. El cuerpo de la peque\u00f1a fue encontrando ayer a la noche, pasadas las 23, en una zona oscura y con signos de haber sido\u2026","rel":"","context":"En \u00abPOLICIALES\u00bb","block_context":{"text":"POLICIALES","link":"https:\/\/larevistadigital.com.ar\/blog\/category\/policiales\/"},"img":{"alt_text":"","src":"https:\/\/i0.wp.com\/larevistadigital.com.ar\/blog\/wp-content\/uploads\/2019\/04\/la-rioja_0.jpeg?fit=960%2C540&ssl=1&resize=350%2C200","width":350,"height":200,"srcset":"https:\/\/i0.wp.com\/larevistadigital.com.ar\/blog\/wp-content\/uploads\/2019\/04\/la-rioja_0.jpeg?fit=960%2C540&ssl=1&resize=350%2C200 1x, https:\/\/i0.wp.com\/larevistadigital.com.ar\/blog\/wp-content\/uploads\/2019\/04\/la-rioja_0.jpeg?fit=960%2C540&ssl=1&resize=525%2C300 1.5x, https:\/\/i0.wp.com\/larevistadigital.com.ar\/blog\/wp-content\/uploads\/2019\/04\/la-rioja_0.jpeg?fit=960%2C540&ssl=1&resize=700%2C400 2x"},"classes":[]}],"_links":{"self":[{"href":"https:\/\/larevistadigital.com.ar\/blog\/wp-json\/wp\/v2\/posts\/15985","targetHints":{"allow":["GET"]}}],"collection":[{"href":"https:\/\/larevistadigital.com.ar\/blog\/wp-json\/wp\/v2\/posts"}],"about":[{"href":"https:\/\/larevistadigital.com.ar\/blog\/wp-json\/wp\/v2\/types\/post"}],"author":[{"embeddable":true,"href":"https:\/\/larevistadigital.com.ar\/blog\/wp-json\/wp\/v2\/users\/3"}],"replies":[{"embeddable":true,"href":"https:\/\/larevistadigital.com.ar\/blog\/wp-json\/wp\/v2\/comments?post=15985"}],"version-history":[{"count":1,"href":"https:\/\/larevistadigital.com.ar\/blog\/wp-json\/wp\/v2\/posts\/15985\/revisions"}],"predecessor-version":[{"id":15987,"href":"https:\/\/larevistadigital.com.ar\/blog\/wp-json\/wp\/v2\/posts\/15985\/revisions\/15987"}],"wp:featuredmedia":[{"embeddable":true,"href":"https:\/\/larevistadigital.com.ar\/blog\/wp-json\/wp\/v2\/media\/15986"}],"wp:attachment":[{"href":"https:\/\/larevistadigital.com.ar\/blog\/wp-json\/wp\/v2\/media?parent=15985"}],"wp:term":[{"taxonomy":"category","embeddable":true,"href":"https:\/\/larevistadigital.com.ar\/blog\/wp-json\/wp\/v2\/categories?post=15985"},{"taxonomy":"post_tag","embeddable":true,"href":"https:\/\/larevistadigital.com.ar\/blog\/wp-json\/wp\/v2\/tags?post=15985"}],"curies":[{"name":"wp","href":"https:\/\/api.w.org\/{rel}","templated":true}]}}