{"id":15994,"date":"2020-08-12T18:00:34","date_gmt":"2020-08-12T18:00:34","guid":{"rendered":"https:\/\/larevistadigital.com.ar\/blog\/?p=15994"},"modified":"2020-08-12T18:06:11","modified_gmt":"2020-08-12T18:06:11","slug":"una-concejal-organizo-una-olla-popular-y-tenia-covid-19-todo-el-pueblo-en-cuarentena","status":"publish","type":"post","link":"https:\/\/larevistadigital.com.ar\/blog\/una-concejal-organizo-una-olla-popular-y-tenia-covid-19-todo-el-pueblo-en-cuarentena\/","title":{"rendered":"UNA CONCEJAL ORGANIZ\u00d3 UNA OLLA POPULAR Y TEN\u00cdA COVID 19: TODO EL PUEBLO EN CUARENTENA"},"content":{"rendered":"<h2 class=\"fz16 bold ctext\">Ocurri\u00f3 en Pedro Luro, partido de Villarino. Susana Velasquez, concejal de La C\u00e1mpora, organiz\u00f3 una olla solidaria durante el fin de semana. Dos d\u00edas despu\u00e9s se confirm\u00f3 que ten\u00eda COVID 19.<\/h2>\n<div class=\"mt20 cuerpo-nota\">\n<div class=\"flr g12 arial ctext fz16 lh26 wysiwyg mb20 \">\n<div class=\"texto_nota\">\n<p>Una concejal de<strong>\u00a0La C\u00e1mpora de Villarino\u00a0<\/strong>qued\u00f3 en el medio de una fuerte pol\u00e9mica a partir de un brote de COVID 19 en la localidad de\u00a0<strong>Pedro Luro.<\/strong>\u00a0Seguramente con las mejores intenciones,\u00a0<strong>Susana Velasquez organiz\u00f3 durante el fin de semana una olla popular como homenaje a Micaela Garc\u00eda.<\/strong><\/p>\n<blockquote>\n<h3>De la actividad -que no est\u00e1 contemplada entre las excepciones a los decretos que regulan el Aislamiento Social- participaron organizaciones sociales como\u00a0<strong>MTE, Barrios de Pie y Corriente Pueblo Unido<\/strong>. El problema es que apenas 48 horas despu\u00e9s de haber participado, la propia concejal confirm\u00f3 a trav\u00e9s de sus redes sociales que hab\u00eda dado positivo para COVID 19.<\/h3>\n<\/blockquote>\n<p><strong><em>\u201cQuiero comunicar que el resultado del hisopado que me hicieron en el d\u00eda de ayer por covid 19 ha sido positivo. Lamento tener que dar esta noticia sobre todo por la preocupaci\u00f3n que puede causar esto en quienes estuvieron conmigo en estos \u00faltimos d\u00edas\u201d<\/em><\/strong>, se\u00f1al\u00f3.<\/p>\n<blockquote>\n<h3>Pedro Luro es una de las localidades del partido de Villarino, bien al sudoeste de la Provincia de Buenos Aires, a unos 100 kil\u00f3metros de Bah\u00eda Blanca. All\u00ed residen unas 25 mil personas.\u00a0\u00a0<strong>La situaci\u00f3n epidemiol\u00f3gica dio un salto brusco en cuesti\u00f3n de horas. Ayer se informaron 11 casos y m\u00e1s de 100 personas en aislamiento preventivo.<\/strong><\/h3>\n<\/blockquote>\n<p>La propia <strong>Velasquez<\/strong> inform\u00f3 que siempre tuvo <em><strong>\u201clas precauciones necesarias para cuidarme y cuidar de los dem\u00e1s y todxs quienes fueron contactos\u201d y recomend\u00f3 \u201creforzar los cuidados, mantener el distanciamiento, ser responsables y solidarios\u201d<\/strong><\/em>.\u00a0<strong>No fue la \u00fanica precauci\u00f3n que tom\u00f3: adem\u00e1s borr\u00f3 los testimoinos de la actividad que hab\u00eda publicado en las redes sociales.<\/strong><\/p>\n<blockquote>\n<h3>Enteradas de la novedad, las autoridades municipales tomaron una decisi\u00f3n dr\u00e1stica: llevar a toda la localidad a la \u201cFase 1\u201d del aislamiento social. \u201cEs imposible hacer el seguimiento epidemiol\u00f3gico entre todas las personas que fueron a una olla popular\u201d, le dijeron a INFOCIELO fuentes municipales.<\/h3>\n<\/blockquote>\n<p>As\u00ed, Villarino suspendi\u00f3 todas las actividades econ\u00f3micas exceptuando farmacias, venta de comida elaborada mediante sistema de reparto a domicilio o take away, supermercados mayoristas y minoristas y comercios minoristas de proximidad, ferreter\u00edas, veterinarias, provisi\u00f3n de garrafas y le\u00f1a, reparto a domicilio de alimentos, medicamentos, productos de higiene, de limpieza y otros insumos de necesidad y actividades exceptuadas por el DNU N\u00b0641\/2020.<\/p>\n<p>Adem\u00e1s, solo se podr\u00e1 ingresar a la localidad por el acceso principal, el resto de las entradas permanecer\u00e1n cerradas, y se estableci\u00f3 la reorganizaci\u00f3n del personal municipal con guardias m\u00ednimas, para garantizar los servicios de recolecci\u00f3n de residuos, salud, sepelios, obra p\u00fablica, defensa civil y protecci\u00f3n ciudadana.<\/p>\n<p>publicado en Infocielo<\/p>\n<\/div>\n<\/div>\n<\/div>\n","protected":false},"excerpt":{"rendered":"<div class=\"mh-excerpt\"><p>Ocurri\u00f3 en Pedro Luro, partido de Villarino. Susana Velasquez, concejal de La C\u00e1mpora, organiz\u00f3 una olla solidaria durante el fin de semana. Dos d\u00edas despu\u00e9s se confirm\u00f3 que ten\u00eda COVID 19. Una concejal de\u00a0La C\u00e1mpora <a class=\"mh-excerpt-more\" href=\"https:\/\/larevistadigital.com.ar\/blog\/una-concejal-organizo-una-olla-popular-y-tenia-covid-19-todo-el-pueblo-en-cuarentena\/\" title=\"UNA CONCEJAL ORGANIZ\u00d3 UNA OLLA POPULAR Y TEN\u00cdA COVID 19: TODO EL PUEBLO EN CUARENTENA\">[Leer M\u00e1s]<\/a><\/p>\n<\/div>","protected":false},"author":3,"featured_media":15995,"comment_status":"open","ping_status":"open","sticky":false,"template":"","format":"standard","meta":{"_jetpack_memberships_contains_paid_content":false,"footnotes":"","jetpack_publicize_message":"","jetpack_publicize_feature_enabled":true,"jetpack_social_post_already_shared":true,"jetpack_social_options":{"image_generator_settings":{"template":"highway","default_image_id":0,"font":"","enabled":false},"version":2}},"categories":[50,12,24],"tags":[],"class_list":{"0":"post-15994","1":"post","2":"type-post","3":"status-publish","4":"format-standard","5":"has-post-thumbnail","7":"category-interes-general","8":"category-politica","9":"category-politica-provincial"},"jetpack_publicize_connections":[],"jetpack_featured_media_url":"https:\/\/i0.wp.com\/larevistadigital.com.ar\/blog\/wp-content\/uploads\/20200812134352_pedroluro.jpg?fit=887%2C554&ssl=1","jetpack_sharing_enabled":true,"jetpack_shortlink":"https:\/\/wp.me\/p8qtrQ-49Y","jetpack-related-posts":[{"id":11791,"url":"https:\/\/larevistadigital.com.ar\/blog\/larramendy-nego-divisiones-y-reafirmo-la-presencia-de-la-campora-en-la-lista-y-un-futuro-segundo-mandato-de-javier-gaston\/","url_meta":{"origin":15994,"position":0},"title":"LARRAMENDY NEG\u00d3 DIVISI\u00d3NES, Y REAFIRM\u00d3 LA PRESENCIA DE LA CAMPORA EN LA LISTA Y UN FUTURO SEGUNDO MANDATO DE JAVIER GAST\u00d3N","author":"Alejandro Sosa Ruda","date":"9 agosto, 2019","format":false,"excerpt":"El candidato a concejal camporista sostuvo que vienen trabajando todos juntos en un marco de cordialidad y respeto H\u00e9ctor Larramendi, actual concejal fue entrevistado en la Radio FM 97,3 Por siempre y se refiri\u00f3 a las problem\u00e1ticas que se viven a nivel nacional, remarcando la mala situaci\u00f3n econ\u00f3mica que sufren\u2026","rel":"","context":"En \u00abINTERES GENERAL\u00bb","block_context":{"text":"INTERES GENERAL","link":"https:\/\/larevistadigital.com.ar\/blog\/category\/interes-general\/"},"img":{"alt_text":"","src":"https:\/\/i0.wp.com\/larevistadigital.com.ar\/blog\/wp-content\/uploads\/WhatsApp-Image-2019-08-07-at-19.48.36.jpeg?fit=720%2C402&ssl=1&resize=350%2C200","width":350,"height":200,"srcset":"https:\/\/i0.wp.com\/larevistadigital.com.ar\/blog\/wp-content\/uploads\/WhatsApp-Image-2019-08-07-at-19.48.36.jpeg?fit=720%2C402&ssl=1&resize=350%2C200 1x, https:\/\/i0.wp.com\/larevistadigital.com.ar\/blog\/wp-content\/uploads\/WhatsApp-Image-2019-08-07-at-19.48.36.jpeg?fit=720%2C402&ssl=1&resize=525%2C300 1.5x, https:\/\/i0.wp.com\/larevistadigital.com.ar\/blog\/wp-content\/uploads\/WhatsApp-Image-2019-08-07-at-19.48.36.jpeg?fit=720%2C402&ssl=1&resize=700%2C400 2x"},"classes":[]},{"id":16320,"url":"https:\/\/larevistadigital.com.ar\/blog\/el-bloque-de-la-ucr-comunico-que-la-concejal-mariela-alfonsin-dio-positivo-de-covid-19\/","url_meta":{"origin":15994,"position":1},"title":"EL BLOQUE DE LA UCR COMUNIC\u00d3 QUE LA CONCEJAL MARIELA ALFONS\u00cdN DIO POSITIVO DE COVID-19","author":"Alejandro Sosa Ruda","date":"14 septiembre, 2020","format":false,"excerpt":"A trav\u00e9s de un comunicado, el Bloque de la UCR local, hizo saber que la presidenta del mismo, la concejal Mariela Alfons\u00edn, dio resultado positivo del test de COVID-19 por lo que se decidi\u00f3 desde las autoridades sanitarias y como corresponde el aislamiento preventivo de todos los ediles. Se dio\u2026","rel":"","context":"En \u00abINTERES GENERAL\u00bb","block_context":{"text":"INTERES GENERAL","link":"https:\/\/larevistadigital.com.ar\/blog\/category\/interes-general\/"},"img":{"alt_text":"","src":"https:\/\/i0.wp.com\/larevistadigital.com.ar\/blog\/wp-content\/uploads\/118308921_1452587844938980_5773092265647699522_o.jpg?fit=1200%2C878&ssl=1&resize=350%2C200","width":350,"height":200,"srcset":"https:\/\/i0.wp.com\/larevistadigital.com.ar\/blog\/wp-content\/uploads\/118308921_1452587844938980_5773092265647699522_o.jpg?fit=1200%2C878&ssl=1&resize=350%2C200 1x, https:\/\/i0.wp.com\/larevistadigital.com.ar\/blog\/wp-content\/uploads\/118308921_1452587844938980_5773092265647699522_o.jpg?fit=1200%2C878&ssl=1&resize=525%2C300 1.5x, https:\/\/i0.wp.com\/larevistadigital.com.ar\/blog\/wp-content\/uploads\/118308921_1452587844938980_5773092265647699522_o.jpg?fit=1200%2C878&ssl=1&resize=700%2C400 2x, https:\/\/i0.wp.com\/larevistadigital.com.ar\/blog\/wp-content\/uploads\/118308921_1452587844938980_5773092265647699522_o.jpg?fit=1200%2C878&ssl=1&resize=1050%2C600 3x"},"classes":[]},{"id":13784,"url":"https:\/\/larevistadigital.com.ar\/blog\/quilmes-estallo-la-guerra-entre-el-pj-y-la-campora-por-los-espacios-de-poder\/","url_meta":{"origin":15994,"position":2},"title":"QUILMES: ESTALL\u00d3 LA GUERRA ENTRE EL PJ Y LA CAMPORA POR LOS ESPACIOS DE PODER","author":"Alejandro Sosa Ruda","date":"22 diciembre, 2019","format":false,"excerpt":"A una semana de la llegada de\u00a0Mayra Mendoza\u00a0al gobierno municipal de Quilmes, comenzaron los tironeos entre algunos de los referentes del Partido Justicialista de dicha ciudad que participaron en la campa\u00f1a y pretenden ocupar algunos espacios de gobierno e integrantes de la agrupaci\u00f3n \u201cLa C\u00e1mpora\u201d, sector con el cual se\u2026","rel":"","context":"En \u00abPOLITICA\u00bb","block_context":{"text":"POLITICA","link":"https:\/\/larevistadigital.com.ar\/blog\/category\/politica\/"},"img":{"alt_text":"","src":"https:\/\/i0.wp.com\/larevistadigital.com.ar\/blog\/wp-content\/uploads\/bbx_441800380_MAYRAOLY.jpg?fit=1200%2C545&ssl=1&resize=350%2C200","width":350,"height":200,"srcset":"https:\/\/i0.wp.com\/larevistadigital.com.ar\/blog\/wp-content\/uploads\/bbx_441800380_MAYRAOLY.jpg?fit=1200%2C545&ssl=1&resize=350%2C200 1x, https:\/\/i0.wp.com\/larevistadigital.com.ar\/blog\/wp-content\/uploads\/bbx_441800380_MAYRAOLY.jpg?fit=1200%2C545&ssl=1&resize=525%2C300 1.5x, https:\/\/i0.wp.com\/larevistadigital.com.ar\/blog\/wp-content\/uploads\/bbx_441800380_MAYRAOLY.jpg?fit=1200%2C545&ssl=1&resize=700%2C400 2x, https:\/\/i0.wp.com\/larevistadigital.com.ar\/blog\/wp-content\/uploads\/bbx_441800380_MAYRAOLY.jpg?fit=1200%2C545&ssl=1&resize=1050%2C600 3x"},"classes":[]},{"id":34780,"url":"https:\/\/larevistadigital.com.ar\/blog\/mar-del-plata-se-robaron-el-busto-de-eva-peron-en-la-plaza-rocha\/","url_meta":{"origin":15994,"position":3},"title":"MAR DEL PLATA: SE ROBARON EL BUSTO DE EVA PER\u00d3N EN LA PLAZA ROCHA","author":"Alejandro Sosa Ruda","date":"5 diciembre, 2023","format":false,"excerpt":"Fue denunciado por el Partido Justicialista. 5 de diciembre de 2023 MAR DEL PLATA -\u00a0 El busto de bronce que rinde homenaje a Eva Per\u00f3n fue objeto de robo en las \u00faltimas horas en la Plaza Rocha, generando incertidumbre sobre si se trat\u00f3 de un acto vand\u00e1lico o de un\u2026","rel":"","context":"En \u00abPOLICIALES\u00bb","block_context":{"text":"POLICIALES","link":"https:\/\/larevistadigital.com.ar\/blog\/category\/policiales\/"},"img":{"alt_text":"","src":"https:\/\/i0.wp.com\/larevistadigital.com.ar\/blog\/wp-content\/uploads\/Captura-de-pantalla-2023-12-05-181348.png?fit=775%2C513&ssl=1&resize=350%2C200","width":350,"height":200,"srcset":"https:\/\/i0.wp.com\/larevistadigital.com.ar\/blog\/wp-content\/uploads\/Captura-de-pantalla-2023-12-05-181348.png?fit=775%2C513&ssl=1&resize=350%2C200 1x, https:\/\/i0.wp.com\/larevistadigital.com.ar\/blog\/wp-content\/uploads\/Captura-de-pantalla-2023-12-05-181348.png?fit=775%2C513&ssl=1&resize=525%2C300 1.5x, https:\/\/i0.wp.com\/larevistadigital.com.ar\/blog\/wp-content\/uploads\/Captura-de-pantalla-2023-12-05-181348.png?fit=775%2C513&ssl=1&resize=700%2C400 2x"},"classes":[]},{"id":25779,"url":"https:\/\/larevistadigital.com.ar\/blog\/necochea-papelon-de-un-concejal-de-la-ucr-que-presento-un-proyecto-aprobado-hace-10-anos\/","url_meta":{"origin":15994,"position":4},"title":"NECOCHEA: PAPEL\u00d3N DE UN CONCEJAL DE LA UCR QUE PRESENT\u00d3 UN PROYECTO APROBADO HACE 10 A\u00d1OS","author":"Alejandro Sosa Ruda","date":"10 junio, 2022","format":false,"excerpt":"Una ex concejal de Necochea se mostr\u00f3 molesta con el uso de una idea en la que trabaj\u00f3 hace 10 a\u00f1os y al d\u00eda de hoy habr\u00eda sido presentada como novedad por la Uni\u00f3n C\u00edvica Radical en un Comit\u00e9 la semana pasada. NECOCHEA -\u00a0 En la\u00a0b\u00fasqueda de la participaci\u00f3n de\u2026","rel":"","context":"En \u00abPOLITICA\u00bb","block_context":{"text":"POLITICA","link":"https:\/\/larevistadigital.com.ar\/blog\/category\/politica\/"},"img":{"alt_text":"","src":"https:\/\/i0.wp.com\/larevistadigital.com.ar\/blog\/wp-content\/uploads\/20220609175414_concejal-gonzalo-diez-ucr-necochea.jpg?fit=880%2C512&ssl=1&resize=350%2C200","width":350,"height":200,"srcset":"https:\/\/i0.wp.com\/larevistadigital.com.ar\/blog\/wp-content\/uploads\/20220609175414_concejal-gonzalo-diez-ucr-necochea.jpg?fit=880%2C512&ssl=1&resize=350%2C200 1x, https:\/\/i0.wp.com\/larevistadigital.com.ar\/blog\/wp-content\/uploads\/20220609175414_concejal-gonzalo-diez-ucr-necochea.jpg?fit=880%2C512&ssl=1&resize=525%2C300 1.5x, https:\/\/i0.wp.com\/larevistadigital.com.ar\/blog\/wp-content\/uploads\/20220609175414_concejal-gonzalo-diez-ucr-necochea.jpg?fit=880%2C512&ssl=1&resize=700%2C400 2x"},"classes":[]},{"id":21847,"url":"https:\/\/larevistadigital.com.ar\/blog\/otra-vez-ataca-el-chupacabras-hallan-vaca-mutilada\/","url_meta":{"origin":15994,"position":5},"title":"\u00bfOTRA VEZ ATACA EL \u00abCHUPACABRAS\u00bb?&#8230; HALLAN VACA MUTILADA","author":"Alejandro Sosa Ruda","date":"4 septiembre, 2021","format":false,"excerpt":"El animal dos d\u00edas antes del hallazgo se encontraba con vida. La vaca presentaba cortes casi quir\u00fargicos en el sector de la quijada, le faltaban los ojos, la lengua, las ubres y no hab\u00eda rastros ni manchas de sangre. PEDRO LURO - En las \u00faltimas horas una vaca mutilada en\u2026","rel":"","context":"En \u00abINTERES GENERAL\u00bb","block_context":{"text":"INTERES GENERAL","link":"https:\/\/larevistadigital.com.ar\/blog\/category\/interes-general\/"},"img":{"alt_text":"","src":"https:\/\/i0.wp.com\/larevistadigital.com.ar\/blog\/wp-content\/uploads\/20210903164246_vaca.jpg?fit=880%2C512&ssl=1&resize=350%2C200","width":350,"height":200,"srcset":"https:\/\/i0.wp.com\/larevistadigital.com.ar\/blog\/wp-content\/uploads\/20210903164246_vaca.jpg?fit=880%2C512&ssl=1&resize=350%2C200 1x, https:\/\/i0.wp.com\/larevistadigital.com.ar\/blog\/wp-content\/uploads\/20210903164246_vaca.jpg?fit=880%2C512&ssl=1&resize=525%2C300 1.5x, https:\/\/i0.wp.com\/larevistadigital.com.ar\/blog\/wp-content\/uploads\/20210903164246_vaca.jpg?fit=880%2C512&ssl=1&resize=700%2C400 2x"},"classes":[]}],"_links":{"self":[{"href":"https:\/\/larevistadigital.com.ar\/blog\/wp-json\/wp\/v2\/posts\/15994","targetHints":{"allow":["GET"]}}],"collection":[{"href":"https:\/\/larevistadigital.com.ar\/blog\/wp-json\/wp\/v2\/posts"}],"about":[{"href":"https:\/\/larevistadigital.com.ar\/blog\/wp-json\/wp\/v2\/types\/post"}],"author":[{"embeddable":true,"href":"https:\/\/larevistadigital.com.ar\/blog\/wp-json\/wp\/v2\/users\/3"}],"replies":[{"embeddable":true,"href":"https:\/\/larevistadigital.com.ar\/blog\/wp-json\/wp\/v2\/comments?post=15994"}],"version-history":[{"count":1,"href":"https:\/\/larevistadigital.com.ar\/blog\/wp-json\/wp\/v2\/posts\/15994\/revisions"}],"predecessor-version":[{"id":15996,"href":"https:\/\/larevistadigital.com.ar\/blog\/wp-json\/wp\/v2\/posts\/15994\/revisions\/15996"}],"wp:featuredmedia":[{"embeddable":true,"href":"https:\/\/larevistadigital.com.ar\/blog\/wp-json\/wp\/v2\/media\/15995"}],"wp:attachment":[{"href":"https:\/\/larevistadigital.com.ar\/blog\/wp-json\/wp\/v2\/media?parent=15994"}],"wp:term":[{"taxonomy":"category","embeddable":true,"href":"https:\/\/larevistadigital.com.ar\/blog\/wp-json\/wp\/v2\/categories?post=15994"},{"taxonomy":"post_tag","embeddable":true,"href":"https:\/\/larevistadigital.com.ar\/blog\/wp-json\/wp\/v2\/tags?post=15994"}],"curies":[{"name":"wp","href":"https:\/\/api.w.org\/{rel}","templated":true}]}}