{"id":16000,"date":"2020-08-12T23:08:50","date_gmt":"2020-08-12T23:08:50","guid":{"rendered":"https:\/\/larevistadigital.com.ar\/blog\/?p=16000"},"modified":"2020-08-12T23:08:50","modified_gmt":"2020-08-12T23:08:50","slug":"san-vicente-se-prohibio-circular-en-moto-con-acompanantes-habran-severas-multas","status":"publish","type":"post","link":"https:\/\/larevistadigital.com.ar\/blog\/san-vicente-se-prohibio-circular-en-moto-con-acompanantes-habran-severas-multas\/","title":{"rendered":"SAN VICENTE: SE PROHIBI\u00d3 CIRCULAR EN MOTO CON ACOMPA\u00d1ANTES. HABR\u00c1N SEVERAS MULTAS"},"content":{"rendered":"<p>Es para prevenir contagios y evitar robos de motochorros. La medida entrar\u00e1 en vigencia el pr\u00f3ximo s\u00e1bado.<\/p>\n<p>El Intendente Municipal de\u00a0<a title=\"San Vicente\" href=\"https:\/\/detrasdelanoticia.com.ar\/ciudad\/san-vicente\/\" target=\"_blank\" rel=\"noopener noreferrer\" data-seo-automated-link-building=\"2\" data-title=\"San Vicente\">San Vicente<\/a>, <strong>Nicol\u00e1s Mantegazza<\/strong>, firm\u00f3 el Decreto 721 adhiriendo a la Resoluci\u00f3n N\u00ba 30\/2020 de la Subsecretar\u00eda de Transporte del Ministerio de Infraestructura y Servicios P\u00fablicos de la Provincia, que proh\u00edbe el traslado de acompa\u00f1antes en los motoveh\u00edculos y ciclomotores que circulen dentro del distrito.<\/p>\n<blockquote>\n<h3>Si bien la medida es de tipo sanitaria, ya que busca prevenir nuevos contagios de Coronavirus evitando la circulaci\u00f3n de m\u00e1s de una persona en esos veh\u00edculos, debido a que constituye un mayor riesgo para la transmisi\u00f3n del virus, la misma influir\u00e1 directamente en la prevenci\u00f3n del delito en\u00a0<a title=\"San Vicente\" href=\"https:\/\/detrasdelanoticia.com.ar\/ciudad\/san-vicente\/\" target=\"_blank\" rel=\"noopener noreferrer\" data-seo-automated-link-building=\"2\" data-title=\"San Vicente\">San Vicente<\/a>.<\/h3>\n<\/blockquote>\n<p>En su letra, el Decreto firmado por el Intendente <strong>Nicol\u00e1s Mantegazza<\/strong> establece en su art\u00edculo N\u00ba3: <em><strong>\u201cProh\u00edbase el traslado de acompa\u00f1antes en motoveh\u00edculos y ciclomotores en todo el territorio del Partido de San Vicente. S\u00f3lo se permite la circulaci\u00f3n de una persona en esa clase de medios de transporte. Se establece la utilizaci\u00f3n del casco cerrado\u201d (\u2026)<\/strong><\/em><\/p>\n<p>Por su parte el Art\u00edculo N\u00ba5 se\u00f1ala: <em><strong>\u201cLas infracciones a la presente norma ser\u00e1n pasibles de la sanci\u00f3n prevista en el art\u00edculo 23\u00ba de la Ordenanza N\u00ba 1574\/81, y se podr\u00e1 imponer como accesoria el secuestro del veh\u00edculo\u201d<\/strong><\/em> (\u2026)<\/p>\n<blockquote>\n<h3>Con esta nueva medida, que entrar\u00e1 en vigencia el pr\u00f3ximo s\u00e1bado 15 de agosto, el municipio busca profundizar los trabajos efectuados desde la Secretar\u00eda de Protecci\u00f3n Ciudadana y las fuerzas de seguridad, las que se intensifican a diario con distintas acciones y operativos en cada uno de los barrios de las tres localidades del distrito.<\/h3>\n<\/blockquote>\n<p><em><strong>\u201cSeguiremos trabajando y redoblando los esfuerzos para mantener seguros a nuestros vecinos y vecinas\u201d,<\/strong><\/em> se\u00f1al\u00f3 el Intendente <strong>Nicol\u00e1s Mantegazza<\/strong> luego de firmar el Decreto, por el que la Municipalidad de San Vicente adhiere a los t\u00e9rminos de la Resoluci\u00f3n N\u00ba 30\/2020 de la Subsecretar\u00eda de Transporte del Ministerio de Infraestructura y Servicios P\u00fablicos de la Provincia de Buenos Aires en relaci\u00f3n a las <strong><em>\u201crecomendaciones para la circulaci\u00f3n de motoveh\u00edculos particulares\u201d.<\/em><\/strong><\/p>\n","protected":false},"excerpt":{"rendered":"<div class=\"mh-excerpt\"><p>Es para prevenir contagios y evitar robos de motochorros. La medida entrar\u00e1 en vigencia el pr\u00f3ximo s\u00e1bado. El Intendente Municipal de\u00a0San Vicente, Nicol\u00e1s Mantegazza, firm\u00f3 el Decreto 721 adhiriendo a la Resoluci\u00f3n N\u00ba 30\/2020 de <a class=\"mh-excerpt-more\" href=\"https:\/\/larevistadigital.com.ar\/blog\/san-vicente-se-prohibio-circular-en-moto-con-acompanantes-habran-severas-multas\/\" title=\"SAN VICENTE: SE PROHIBI\u00d3 CIRCULAR EN MOTO CON ACOMPA\u00d1ANTES. HABR\u00c1N SEVERAS MULTAS\">[Leer M\u00e1s]<\/a><\/p>\n<\/div>","protected":false},"author":3,"featured_media":16001,"comment_status":"open","ping_status":"open","sticky":false,"template":"","format":"standard","meta":{"_jetpack_memberships_contains_paid_content":false,"footnotes":"","jetpack_publicize_message":"","jetpack_publicize_feature_enabled":true,"jetpack_social_post_already_shared":true,"jetpack_social_options":{"image_generator_settings":{"template":"highway","default_image_id":0,"font":"","enabled":false},"version":2}},"categories":[51],"tags":[],"class_list":{"0":"post-16000","1":"post","2":"type-post","3":"status-publish","4":"format-standard","5":"has-post-thumbnail","7":"category-regionales"},"jetpack_publicize_connections":[],"jetpack_featured_media_url":"https:\/\/i0.wp.com\/larevistadigital.com.ar\/blog\/wp-content\/uploads\/Screenshot_1-130.jpg?fit=1244%2C616&ssl=1","jetpack_sharing_enabled":true,"jetpack_shortlink":"https:\/\/wp.me\/p8qtrQ-4a4","jetpack-related-posts":[{"id":15295,"url":"https:\/\/larevistadigital.com.ar\/blog\/san-vicente-se-confirma-un-nuevo-caso-y-ya-suman-51-contagios-en-el-distrito\/","url_meta":{"origin":16000,"position":0},"title":"SAN VICENTE: SE CONFIRMA UN NUEVO CASO Y YA SUMAN 51 CONTAGIOS EN EL DISTRITO","author":"Alejandro Sosa Ruda","date":"22 mayo, 2020","format":false,"excerpt":"En la tarde de este viernes 22 de mayo la municipalidad de San Vicente\u00a0confirm\u00f3 un nuevo caso de coronavirus y los contagios en el distrito llegaron a 51. \"En el d\u00eda de hoy se ha confirmado un nuevo caso positivo de COVID-19, el que se encuentra en estudio epidemiol\u00f3gico. Tambi\u00e9n,\u2026","rel":"","context":"En \u00abREGIONALES\u00bb","block_context":{"text":"REGIONALES","link":"https:\/\/larevistadigital.com.ar\/blog\/category\/regionales\/"},"img":{"alt_text":"","src":"https:\/\/i0.wp.com\/larevistadigital.com.ar\/blog\/wp-content\/uploads\/20200522_142123_wm.jpg?fit=1080%2C608&ssl=1&resize=350%2C200","width":350,"height":200,"srcset":"https:\/\/i0.wp.com\/larevistadigital.com.ar\/blog\/wp-content\/uploads\/20200522_142123_wm.jpg?fit=1080%2C608&ssl=1&resize=350%2C200 1x, https:\/\/i0.wp.com\/larevistadigital.com.ar\/blog\/wp-content\/uploads\/20200522_142123_wm.jpg?fit=1080%2C608&ssl=1&resize=525%2C300 1.5x, https:\/\/i0.wp.com\/larevistadigital.com.ar\/blog\/wp-content\/uploads\/20200522_142123_wm.jpg?fit=1080%2C608&ssl=1&resize=700%2C400 2x, https:\/\/i0.wp.com\/larevistadigital.com.ar\/blog\/wp-content\/uploads\/20200522_142123_wm.jpg?fit=1080%2C608&ssl=1&resize=1050%2C600 3x"},"classes":[]},{"id":23382,"url":"https:\/\/larevistadigital.com.ar\/blog\/chascomus-preocupacion-y-alerta-gremial-bancaria-abre-el-lunes-el-banco-provincia-se-tomaron-las-medidas-adecuadas-para-prevenir-contagios\/","url_meta":{"origin":16000,"position":1},"title":"CHASCOM\u00daS: PREOCUPACI\u00d3N Y ALERTA GREMIAL BANCARIA&#8230;\u00bfABRE EL LUNES EL BANCO PROVINCIA? \u00bfSE TOMARON LAS MEDIDAS ADECUADAS PARA PREVENIR CONTAGIOS?","author":"Alejandro Sosa Ruda","date":"16 enero, 2022","format":false,"excerpt":"CHASCOM\u00daS -\u00a0\u00a0En el marco del agravamiento de la pandemia, y cuando m\u00e1s cuidados y medidas de prevenci\u00f3n se deben tomar, fuentes del Banco Provincia, nos hacen llegar su gran preocupaci\u00f3n no solo por los contagios de covid, sino que adem\u00e1s por la falta de desinfecci\u00f3n que deber\u00eda practicarse en la\u2026","rel":"","context":"En \u00abGREMIALES\u00bb","block_context":{"text":"GREMIALES","link":"https:\/\/larevistadigital.com.ar\/blog\/category\/gremiales\/"},"img":{"alt_text":"","src":"https:\/\/i0.wp.com\/larevistadigital.com.ar\/blog\/wp-content\/uploads\/banco-provincia-chascomus.png?fit=1200%2C646&ssl=1&resize=350%2C200","width":350,"height":200,"srcset":"https:\/\/i0.wp.com\/larevistadigital.com.ar\/blog\/wp-content\/uploads\/banco-provincia-chascomus.png?fit=1200%2C646&ssl=1&resize=350%2C200 1x, https:\/\/i0.wp.com\/larevistadigital.com.ar\/blog\/wp-content\/uploads\/banco-provincia-chascomus.png?fit=1200%2C646&ssl=1&resize=525%2C300 1.5x, https:\/\/i0.wp.com\/larevistadigital.com.ar\/blog\/wp-content\/uploads\/banco-provincia-chascomus.png?fit=1200%2C646&ssl=1&resize=700%2C400 2x, https:\/\/i0.wp.com\/larevistadigital.com.ar\/blog\/wp-content\/uploads\/banco-provincia-chascomus.png?fit=1200%2C646&ssl=1&resize=1050%2C600 3x"},"classes":[]},{"id":4851,"url":"https:\/\/larevistadigital.com.ar\/blog\/chascomus-doctor-martins-hablo-la-prevencion-enfermedades\/","url_meta":{"origin":16000,"position":2},"title":"CHASCOM\u00daS: EL DOCTOR MARTINS HABL\u00d3 DE LA PREVENCI\u00d3N DE ENFERMEDADES","author":"Alejandro Sosa Ruda","date":"11 febrero, 2018","format":false,"excerpt":"Durante una entrevista en la FM 101.5, el jefe de Medicina preventiva del Hospital Municipal san Vicente de Paul , Carlos Martins hablo acerca de las prevenciones que deben tenerse en cuenta para evitar contagios de distintas enfermedades como diarreas, v\u00f3mitos y gastroenter\u00edtis. Lo primero que dijo el doctor, es\u2026","rel":"","context":"En \u00abPOLITICA\u00bb","block_context":{"text":"POLITICA","link":"https:\/\/larevistadigital.com.ar\/blog\/category\/politica\/"},"img":{"alt_text":"","src":"https:\/\/i0.wp.com\/larevistadigital.com.ar\/blog\/wp-content\/uploads\/2018\/02\/descarga.jpg?fit=650%2C650&ssl=1&resize=350%2C200","width":350,"height":200,"srcset":"https:\/\/i0.wp.com\/larevistadigital.com.ar\/blog\/wp-content\/uploads\/2018\/02\/descarga.jpg?fit=650%2C650&ssl=1&resize=350%2C200 1x, https:\/\/i0.wp.com\/larevistadigital.com.ar\/blog\/wp-content\/uploads\/2018\/02\/descarga.jpg?fit=650%2C650&ssl=1&resize=525%2C300 1.5x"},"classes":[]},{"id":27367,"url":"https:\/\/larevistadigital.com.ar\/blog\/fiebre-hemorragica-argentina-otros-dos-casos-en-territorio-bonaerense\/","url_meta":{"origin":16000,"position":3},"title":"FIEBRE HEMORR\u00c1GICA ARGENTINA: OTROS DOS CASOS EN TERRITORIO BONAERENSE","author":"Alejandro Sosa Ruda","date":"29 agosto, 2022","format":false,"excerpt":"El \u00faltimo bolet\u00edn epidemiol\u00f3gico del Ministerio de Salud bonaerense report\u00f3 dos nuevos casos de Fiebre Hemorr\u00e1gica Argentina. El Ministerio de Salud de la provincia de Buenos Aires confirm\u00f3 dos nuevos contagios de Fiebre Hemorr\u00e1gica Argentina (FHA), por lo que el n\u00famero de casos subi\u00f3 a 22 en toda la regi\u00f3n\u2026","rel":"","context":"En \u00abSOCIEDAD\u00bb","block_context":{"text":"SOCIEDAD","link":"https:\/\/larevistadigital.com.ar\/blog\/category\/sociedad\/"},"img":{"alt_text":"","src":"https:\/\/i0.wp.com\/larevistadigital.com.ar\/blog\/wp-content\/uploads\/20220829161228_fha.jpg?fit=880%2C512&ssl=1&resize=350%2C200","width":350,"height":200,"srcset":"https:\/\/i0.wp.com\/larevistadigital.com.ar\/blog\/wp-content\/uploads\/20220829161228_fha.jpg?fit=880%2C512&ssl=1&resize=350%2C200 1x, https:\/\/i0.wp.com\/larevistadigital.com.ar\/blog\/wp-content\/uploads\/20220829161228_fha.jpg?fit=880%2C512&ssl=1&resize=525%2C300 1.5x, https:\/\/i0.wp.com\/larevistadigital.com.ar\/blog\/wp-content\/uploads\/20220829161228_fha.jpg?fit=880%2C512&ssl=1&resize=700%2C400 2x"},"classes":[]},{"id":27837,"url":"https:\/\/larevistadigital.com.ar\/blog\/mar-del-plata-murio-al-chocar-con-un-paredon-doa-acompanantes-resultaron-internados\/","url_meta":{"origin":16000,"position":4},"title":"MAR DEL PLATA: MURI\u00d3 AL CHOCAR CON UN PARED\u00d3N. DOA ACOMPA\u00d1ANTES RESULTARON INTERNADOS","author":"Alejandro Sosa Ruda","date":"18 septiembre, 2022","format":false,"excerpt":"El siniestro sucedi\u00f3 hace instantes en Galicia y V\u00e9rtiz. El conductor del\u00a0Fiat Duna ten\u00eda 23 a\u00f1os. 18 de septiembre de 2022 El\u00a0conductor\u00a0de un auto\u00a0Fiat Duna\u00a0muri\u00f3\u00a0esta ma\u00f1ana\u00a0tras chocar contra el pared\u00f3n de una casa\u00a0en\u00a0Galicia y V\u00e9rtiz\u00a0mientras que sus dos acompa\u00f1antes fueron trasladados por el Same al Hospital Interzonal General de Agudos\u2026","rel":"","context":"En \u00abPOLICIALES\u00bb","block_context":{"text":"POLICIALES","link":"https:\/\/larevistadigital.com.ar\/blog\/category\/policiales\/"},"img":{"alt_text":"","src":"https:\/\/i0.wp.com\/larevistadigital.com.ar\/blog\/wp-content\/uploads\/Captura-de-pantalla-2022-09-18-122057.jpg?fit=808%2C372&ssl=1&resize=350%2C200","width":350,"height":200,"srcset":"https:\/\/i0.wp.com\/larevistadigital.com.ar\/blog\/wp-content\/uploads\/Captura-de-pantalla-2022-09-18-122057.jpg?fit=808%2C372&ssl=1&resize=350%2C200 1x, https:\/\/i0.wp.com\/larevistadigital.com.ar\/blog\/wp-content\/uploads\/Captura-de-pantalla-2022-09-18-122057.jpg?fit=808%2C372&ssl=1&resize=525%2C300 1.5x, https:\/\/i0.wp.com\/larevistadigital.com.ar\/blog\/wp-content\/uploads\/Captura-de-pantalla-2022-09-18-122057.jpg?fit=808%2C372&ssl=1&resize=700%2C400 2x"},"classes":[]},{"id":13519,"url":"https:\/\/larevistadigital.com.ar\/blog\/san-vicente-feroz-incendio-arraso-con-el-deposito-de-motos\/","url_meta":{"origin":16000,"position":5},"title":"SAN VICENTE: FEROZ INCENDIO ARRAS\u00d3 CON EL DEP\u00d3SITO DE MOTOS","author":"Alejandro Sosa Ruda","date":"6 diciembre, 2019","format":false,"excerpt":"Un incendio de grandes proporciones ocurrido este mediod\u00eda en la terminal de San Vicente, donde tambi\u00e9n funcionan oficinas municipales, arras\u00f3 con el dep\u00f3sito de motos ubicado en el mismo predio. Hasta el momento se desconocen las causas del siniestro como as\u00ed tambi\u00e9n si fue intencional. En el lugar trabajaron varias\u2026","rel":"","context":"En \u00abREGIONALES\u00bb","block_context":{"text":"REGIONALES","link":"https:\/\/larevistadigital.com.ar\/blog\/category\/regionales\/"},"img":{"alt_text":"","src":"https:\/\/i0.wp.com\/larevistadigital.com.ar\/blog\/wp-content\/uploads\/1575664836599.jpg?fit=1200%2C674&ssl=1&resize=350%2C200","width":350,"height":200,"srcset":"https:\/\/i0.wp.com\/larevistadigital.com.ar\/blog\/wp-content\/uploads\/1575664836599.jpg?fit=1200%2C674&ssl=1&resize=350%2C200 1x, https:\/\/i0.wp.com\/larevistadigital.com.ar\/blog\/wp-content\/uploads\/1575664836599.jpg?fit=1200%2C674&ssl=1&resize=525%2C300 1.5x, https:\/\/i0.wp.com\/larevistadigital.com.ar\/blog\/wp-content\/uploads\/1575664836599.jpg?fit=1200%2C674&ssl=1&resize=700%2C400 2x, https:\/\/i0.wp.com\/larevistadigital.com.ar\/blog\/wp-content\/uploads\/1575664836599.jpg?fit=1200%2C674&ssl=1&resize=1050%2C600 3x"},"classes":[]}],"_links":{"self":[{"href":"https:\/\/larevistadigital.com.ar\/blog\/wp-json\/wp\/v2\/posts\/16000","targetHints":{"allow":["GET"]}}],"collection":[{"href":"https:\/\/larevistadigital.com.ar\/blog\/wp-json\/wp\/v2\/posts"}],"about":[{"href":"https:\/\/larevistadigital.com.ar\/blog\/wp-json\/wp\/v2\/types\/post"}],"author":[{"embeddable":true,"href":"https:\/\/larevistadigital.com.ar\/blog\/wp-json\/wp\/v2\/users\/3"}],"replies":[{"embeddable":true,"href":"https:\/\/larevistadigital.com.ar\/blog\/wp-json\/wp\/v2\/comments?post=16000"}],"version-history":[{"count":1,"href":"https:\/\/larevistadigital.com.ar\/blog\/wp-json\/wp\/v2\/posts\/16000\/revisions"}],"predecessor-version":[{"id":16002,"href":"https:\/\/larevistadigital.com.ar\/blog\/wp-json\/wp\/v2\/posts\/16000\/revisions\/16002"}],"wp:featuredmedia":[{"embeddable":true,"href":"https:\/\/larevistadigital.com.ar\/blog\/wp-json\/wp\/v2\/media\/16001"}],"wp:attachment":[{"href":"https:\/\/larevistadigital.com.ar\/blog\/wp-json\/wp\/v2\/media?parent=16000"}],"wp:term":[{"taxonomy":"category","embeddable":true,"href":"https:\/\/larevistadigital.com.ar\/blog\/wp-json\/wp\/v2\/categories?post=16000"},{"taxonomy":"post_tag","embeddable":true,"href":"https:\/\/larevistadigital.com.ar\/blog\/wp-json\/wp\/v2\/tags?post=16000"}],"curies":[{"name":"wp","href":"https:\/\/api.w.org\/{rel}","templated":true}]}}