{"id":16007,"date":"2020-08-13T14:02:19","date_gmt":"2020-08-13T14:02:19","guid":{"rendered":"https:\/\/larevistadigital.com.ar\/blog\/?p=16007"},"modified":"2020-08-13T14:03:00","modified_gmt":"2020-08-13T14:03:00","slug":"terrible-situacion-cavo-la-fosa-para-enterrar-a-su-madre-que-fallecio-por-covid-19","status":"publish","type":"post","link":"https:\/\/larevistadigital.com.ar\/blog\/terrible-situacion-cavo-la-fosa-para-enterrar-a-su-madre-que-fallecio-por-covid-19\/","title":{"rendered":"TERRIBLE SITUACI\u00d3N: CAV\u00d3 LA FOSA PARA ENTERRAR A SU MADRE QUE FALLECI\u00d3 POR COVID-19"},"content":{"rendered":"<h2 class=\"article-prefix\">En la localidad juje\u00f1a de Libertador no hay lugar en el cementerio. Un concejal apunt\u00f3 al Ingenio Ledesma por la concentraci\u00f3n de tierras ociosas frente a un pueblo sin m\u00e1s espacio para enterrar a sus muertos, tener un mercado o dar alivio al d\u00e9ficit habitacional.<\/h2>\n<p>En el medio de un cementerio con tumbas reci\u00e9n abiertas y tapadas, amontonadas entre los mausoleos, un hombre cava una fosa. Pide a quien lo filma que se acerque para decir lo suyo:<em><strong>\u00a0\u201cac\u00e1 en Ledesma, Libertador General San Martin, en Jujuy, as\u00ed tenemos que enterrar a nuestros seres queridos. Tenemos que traer la pala y el pico y enterrar como muchos de los que est\u00e1n ac\u00e1\u2026 para que no digan que mentimos esta es la realidad en Ledesma y Jujuy<\/strong><\/em>\u201d. Es<b>\u00a0Jos\u00e9 Domingo Ram\u00edrez,<\/b>\u00a0quien el martes<b>\u00a0enterr\u00f3 a su madre, Paula Pereyra, una de las fallecidas a causa de la Covid-19 en esa ciudad juje\u00f1a<\/b>.<\/p>\n<blockquote>\n<h3>\u201c<b>Uno se tiene que guardar las l\u00e1grimas, la rabia, y estar en esta situaci\u00f3n\u201d<\/b>, dijo en una entrevista realizada por\u00a0<b>Christian Ariel Rodr\u00edguez<\/b>, periodista de\u00a0<b>Canal 7 de Jujuy<\/b>. Por su relato se pudo conocer que la situaci\u00f3n tuvo como origen la falta de pago a la funeraria. Lo cual hab\u00eda ocurrido, a su vez, por la cuarentena estricta que hay en el pueblo donde la Covid-19 est\u00e1 descontrolada. Tras llegar a un acuerdo, la funeraria reconoci\u00f3 a <strong>Ram\u00edrez<\/strong> el caj\u00f3n y el traslado, pero \u00e9l deb\u00eda encargarse de la excavaci\u00f3n. <em>\u201c<b>Ac\u00e1 el asunto es el negacionismo (\u2026), esto es algo que se deber\u00eda haber previsto<\/b>\u201d<\/em>, dijo <strong>Ram\u00edrez<\/strong>, con la voz quebrada de a tramos.<\/h3>\n<\/blockquote>\n<p><b>Con la pandemia nada qued\u00f3 invisible<\/b>. Y la situaci\u00f3n de <strong>Ram\u00edrez<\/strong> mostr\u00f3 algunos problemas que son preexistentes y otros que prometen mostrarse a futuro.<\/p>\n<p>El\u00a0<b>concejal por el PTS-FIT, docente de artes pl\u00e1sticas y periodista Miguel L\u00f3pe<\/b>z, afirm\u00f3 ante Salta\/12 que\u00a0<b>el \u00fanico cementerio p\u00fablico y municipal est\u00e1 ubicado en el barrio 9 de Julio<\/b>. <strong><em>\u201cSe encuentra abarrotado de cajones, y de tumbas desde hace tiempo ya. Pero se profundiz\u00f3 con la situaci\u00f3n actual de propagaci\u00f3n del virus y letalidad en la localidad\u201d<\/em><\/strong>, sostuvo. Afirm\u00f3 que en Libertador ya se contabiliza un total de 801 contagios y que<b>\u00a0hay m\u00e1s de medio centenar de fallecidos<\/b>. En el Ingenio Ledesma, en tanto, suman ya 10 los trabajadores fallecidos (la empresa s\u00f3lo reconoce 8), y 305 los contagiados, dijo. Sin embargo, aclar\u00f3 que solo los trabajadores que presentaron s\u00edntomas fueron testeados y no la totalidad del personal, como solicit\u00f3 en su momento el\u00a0<b>Sindicato de Obreros y Empleados del Az\u00facar del Ingenio Ledesma (SOEAIL)<\/b>.<\/p>\n<p>publicado en p\u00e1gina12<\/p>\n","protected":false},"excerpt":{"rendered":"<div class=\"mh-excerpt\"><p>En la localidad juje\u00f1a de Libertador no hay lugar en el cementerio. Un concejal apunt\u00f3 al Ingenio Ledesma por la concentraci\u00f3n de tierras ociosas frente a un pueblo sin m\u00e1s espacio para enterrar a sus <a class=\"mh-excerpt-more\" href=\"https:\/\/larevistadigital.com.ar\/blog\/terrible-situacion-cavo-la-fosa-para-enterrar-a-su-madre-que-fallecio-por-covid-19\/\" title=\"TERRIBLE SITUACI\u00d3N: CAV\u00d3 LA FOSA PARA ENTERRAR A SU MADRE QUE FALLECI\u00d3 POR COVID-19\">[Leer M\u00e1s]<\/a><\/p>\n<\/div>","protected":false},"author":3,"featured_media":16008,"comment_status":"open","ping_status":"open","sticky":false,"template":"","format":"standard","meta":{"_jetpack_memberships_contains_paid_content":false,"footnotes":"","jetpack_publicize_message":"","jetpack_publicize_feature_enabled":true,"jetpack_social_post_already_shared":true,"jetpack_social_options":{"image_generator_settings":{"template":"highway","default_image_id":0,"font":"","enabled":false},"version":2}},"categories":[50],"tags":[],"class_list":{"0":"post-16007","1":"post","2":"type-post","3":"status-publish","4":"format-standard","5":"has-post-thumbnail","7":"category-interes-general"},"jetpack_publicize_connections":[],"jetpack_featured_media_url":"https:\/\/i0.wp.com\/larevistadigital.com.ar\/blog\/wp-content\/uploads\/Screenshot_1-131.jpg?fit=993%2C658&ssl=1","jetpack_sharing_enabled":true,"jetpack_shortlink":"https:\/\/wp.me\/p8qtrQ-4ab","jetpack-related-posts":[{"id":4744,"url":"https:\/\/larevistadigital.com.ar\/blog\/matan-punaladas-al-baterista-grupo-quilmes\/","url_meta":{"origin":16007,"position":0},"title":"MATAN A PU\u00d1ALADAS AL BATERISTA DE UN GRUPO EN QUILMES","author":"Alejandro Sosa Ruda","date":"5 febrero, 2018","format":false,"excerpt":"El baterista del grupo de punk rock\u00a0Superuva\u00a0fue asesinado a pu\u00f1aladas en una violenta pelea ocurrida en las \u00faltimas horas a la salida de un boliche ubicado en la localidad bonaerense de\u00a0Quilmes,\u00a0donde la banda hab\u00eda realizado una presentaci\u00f3n. Se trata de\u00a0Juan Ledesma (38),\u00a0quien recibi\u00f3 tres pu\u00f1aladas a la salida del bar\u2026","rel":"","context":"En \u00abPOLICIALES\u00bb","block_context":{"text":"POLICIALES","link":"https:\/\/larevistadigital.com.ar\/blog\/category\/policiales\/"},"img":{"alt_text":"","src":"","width":0,"height":0},"classes":[]},{"id":5943,"url":"https:\/\/larevistadigital.com.ar\/blog\/el-diario-la-nacion-recordo-la-estafa-del-crematorio-del-cementerio-municipal\/","url_meta":{"origin":16007,"position":1},"title":"El diario La Naci\u00f3n record\u00f3 la estafa del crematorio del Cementerio Municipal","author":"admin","date":"16 julio, 2018","format":false,"excerpt":"Poco se conoce p\u00fablicamente sobre c\u00f3mo avanz\u00f3 esta causa en la Justicia, ni en qu\u00e9 estado est\u00e1 y menos a\u00fan cu\u00e1l fue el destino de los cuerpos encontrados sin cremar. D\u00edas atr\u00e1s el diario La Naci\u00f3n de Capital Federal, se\u00f1al\u00f3 en una nota que los crematorios de los cementerios fueron\u2026","rel":"","context":"En \u00abCHASCOM\u00daS\u00bb","block_context":{"text":"CHASCOM\u00daS","link":"https:\/\/larevistadigital.com.ar\/blog\/category\/chascomus\/"},"img":{"alt_text":"","src":"https:\/\/i0.wp.com\/larevistadigital.com.ar\/blog\/wp-content\/uploads\/2018\/07\/Crematorio-El-Fuerte.jpg?fit=800%2C486&ssl=1&resize=350%2C200","width":350,"height":200,"srcset":"https:\/\/i0.wp.com\/larevistadigital.com.ar\/blog\/wp-content\/uploads\/2018\/07\/Crematorio-El-Fuerte.jpg?fit=800%2C486&ssl=1&resize=350%2C200 1x, https:\/\/i0.wp.com\/larevistadigital.com.ar\/blog\/wp-content\/uploads\/2018\/07\/Crematorio-El-Fuerte.jpg?fit=800%2C486&ssl=1&resize=525%2C300 1.5x, https:\/\/i0.wp.com\/larevistadigital.com.ar\/blog\/wp-content\/uploads\/2018\/07\/Crematorio-El-Fuerte.jpg?fit=800%2C486&ssl=1&resize=700%2C400 2x"},"classes":[]},{"id":29750,"url":"https:\/\/larevistadigital.com.ar\/blog\/crimen-de-lucio-dupuy-emotiva-carta-del-papa-a-dias-del-veredicto\/","url_meta":{"origin":16007,"position":2},"title":"CRIMEN DE LUCIO DUPUY: EMOTIVA CARTA DEL PAP\u00c1 A D\u00cdAS DEL VEREDICTO","author":"Alejandro Sosa Ruda","date":"16 enero, 2023","format":false,"excerpt":"Christian Dupuy le dedic\u00f3 unas conmovedoras palabras a su hijo, quien habr\u00eda sido asesinado por su madre y la pareja. El 2 de febrero se conocer\u00e1 la sentencia contra las acusadas. A comienzos de febrero finalmente se conocer\u00e1 el veredicto por el aberrante crimen de Lucio Dupuy, ocurrido a fines\u2026","rel":"","context":"En \u00abINTERES GENERAL\u00bb","block_context":{"text":"INTERES GENERAL","link":"https:\/\/larevistadigital.com.ar\/blog\/category\/interes-general\/"},"img":{"alt_text":"","src":"https:\/\/i0.wp.com\/larevistadigital.com.ar\/blog\/wp-content\/uploads\/683562-48379-lucio-2520dupuy.jpg?fit=1200%2C1050&ssl=1&resize=350%2C200","width":350,"height":200,"srcset":"https:\/\/i0.wp.com\/larevistadigital.com.ar\/blog\/wp-content\/uploads\/683562-48379-lucio-2520dupuy.jpg?fit=1200%2C1050&ssl=1&resize=350%2C200 1x, https:\/\/i0.wp.com\/larevistadigital.com.ar\/blog\/wp-content\/uploads\/683562-48379-lucio-2520dupuy.jpg?fit=1200%2C1050&ssl=1&resize=525%2C300 1.5x, https:\/\/i0.wp.com\/larevistadigital.com.ar\/blog\/wp-content\/uploads\/683562-48379-lucio-2520dupuy.jpg?fit=1200%2C1050&ssl=1&resize=700%2C400 2x, https:\/\/i0.wp.com\/larevistadigital.com.ar\/blog\/wp-content\/uploads\/683562-48379-lucio-2520dupuy.jpg?fit=1200%2C1050&ssl=1&resize=1050%2C600 3x"},"classes":[]},{"id":17257,"url":"https:\/\/larevistadigital.com.ar\/blog\/detuvieron-a-un-sacerdote-que-habria-abusado-sexualmente-de-nina-de-10-anos\/","url_meta":{"origin":16007,"position":3},"title":"DETUVIERON A UN SACERDOTE QUE HABR\u00cdA ABUSADO SEXUALMENTE DE NI\u00d1A DE 10 A\u00d1OS","author":"Alejandro Sosa Ruda","date":"27 octubre, 2020","format":false,"excerpt":"Se trata del p\u00e1rroco Ricardo Oscar Quiroga, alias \"Padre Coco\", quien fue detenido e imputado por el delito de abuso sexual con acceso carnal doblemente calificado. Investigan a dos posibles c\u00f3mplices. Un sacerdote que reside en la localidad de El Carmen, en la provincia de Jujuy,\u00a0fue detenido este lunes tras\u2026","rel":"","context":"En \u00abINTERES GENERAL\u00bb","block_context":{"text":"INTERES GENERAL","link":"https:\/\/larevistadigital.com.ar\/blog\/category\/interes-general\/"},"img":{"alt_text":"","src":"https:\/\/i0.wp.com\/larevistadigital.com.ar\/blog\/wp-content\/uploads\/0007079771.jpg?fit=1063%2C603&ssl=1&resize=350%2C200","width":350,"height":200,"srcset":"https:\/\/i0.wp.com\/larevistadigital.com.ar\/blog\/wp-content\/uploads\/0007079771.jpg?fit=1063%2C603&ssl=1&resize=350%2C200 1x, https:\/\/i0.wp.com\/larevistadigital.com.ar\/blog\/wp-content\/uploads\/0007079771.jpg?fit=1063%2C603&ssl=1&resize=525%2C300 1.5x, https:\/\/i0.wp.com\/larevistadigital.com.ar\/blog\/wp-content\/uploads\/0007079771.jpg?fit=1063%2C603&ssl=1&resize=700%2C400 2x, https:\/\/i0.wp.com\/larevistadigital.com.ar\/blog\/wp-content\/uploads\/0007079771.jpg?fit=1063%2C603&ssl=1&resize=1050%2C600 3x"},"classes":[]},{"id":16013,"url":"https:\/\/larevistadigital.com.ar\/blog\/video-asi-el-cuerpo-de-la-mujer-fue-descartado-en-la-zanja-por-su-pareja-se-lo-busca-intensamente\/","url_meta":{"origin":16007,"position":4},"title":"[VIDEO] AS\u00cd EL CUERPO DE LA MUJER FUE DESCARTADO EN LA ZANJA POR SU PAREJA. SE LO BUSCA INTENSAMENTE","author":"Alejandro Sosa Ruda","date":"13 agosto, 2020","format":false,"excerpt":"Un video clave fue incorporado a la causa por el femicidio de\u00a0Sandra Lorena Mercado\u00a0(22),\u00a0hallada\u00a0asesinada en el interior de una bolsa\u00a0de arpillera en la localidad bonaerense de Guernica, en el partido de Presidente Per\u00f3n. Se trata de las im\u00e1genes de una c\u00e1mara de vigilancia de la zona, dadas a conocer por\u00a0Cr\u00f3nica\u2026","rel":"","context":"En \u00abDESTACADAS\u00bb","block_context":{"text":"DESTACADAS","link":"https:\/\/larevistadigital.com.ar\/blog\/category\/destacadas\/"},"img":{"alt_text":"","src":"https:\/\/i0.wp.com\/larevistadigital.com.ar\/blog\/wp-content\/uploads\/1597330261035.jpg?fit=1200%2C674&ssl=1&resize=350%2C200","width":350,"height":200,"srcset":"https:\/\/i0.wp.com\/larevistadigital.com.ar\/blog\/wp-content\/uploads\/1597330261035.jpg?fit=1200%2C674&ssl=1&resize=350%2C200 1x, https:\/\/i0.wp.com\/larevistadigital.com.ar\/blog\/wp-content\/uploads\/1597330261035.jpg?fit=1200%2C674&ssl=1&resize=525%2C300 1.5x, https:\/\/i0.wp.com\/larevistadigital.com.ar\/blog\/wp-content\/uploads\/1597330261035.jpg?fit=1200%2C674&ssl=1&resize=700%2C400 2x, https:\/\/i0.wp.com\/larevistadigital.com.ar\/blog\/wp-content\/uploads\/1597330261035.jpg?fit=1200%2C674&ssl=1&resize=1050%2C600 3x"},"classes":[]},{"id":14624,"url":"https:\/\/larevistadigital.com.ar\/blog\/inhumano-padres-entierran-a-su-nena-de-2-anos-para-poder-meterse-al-mar-estan-detenidos\/","url_meta":{"origin":16007,"position":5},"title":"INHUMANO: PADRES ENTIERRAN A SU NENA DE 2 A\u00d1OS PARA PODER METERSE AL MAR. EST\u00c1N DETENIDOS","author":"Alejandro Sosa Ruda","date":"4 febrero, 2020","format":false,"excerpt":"Pens\u00e1bamos que estaba todo dicho en materia de inhumanidad, irresponsabilidad, insensibilidad e idiotez humana, pero evidentemente no es as\u00ed. Una pareja fue detenida en La Costa luego de enterrar en la arena a su hija de tan solo 2 a\u00f1os, para que no se moviera y pudieran meterse \"tranquilos\" al\u2026","rel":"","context":"En \u00abPOLICIALES\u00bb","block_context":{"text":"POLICIALES","link":"https:\/\/larevistadigital.com.ar\/blog\/category\/policiales\/"},"img":{"alt_text":"","src":"https:\/\/i0.wp.com\/larevistadigital.com.ar\/blog\/wp-content\/uploads\/1580832214291.jpg?fit=1200%2C674&ssl=1&resize=350%2C200","width":350,"height":200,"srcset":"https:\/\/i0.wp.com\/larevistadigital.com.ar\/blog\/wp-content\/uploads\/1580832214291.jpg?fit=1200%2C674&ssl=1&resize=350%2C200 1x, https:\/\/i0.wp.com\/larevistadigital.com.ar\/blog\/wp-content\/uploads\/1580832214291.jpg?fit=1200%2C674&ssl=1&resize=525%2C300 1.5x, https:\/\/i0.wp.com\/larevistadigital.com.ar\/blog\/wp-content\/uploads\/1580832214291.jpg?fit=1200%2C674&ssl=1&resize=700%2C400 2x, https:\/\/i0.wp.com\/larevistadigital.com.ar\/blog\/wp-content\/uploads\/1580832214291.jpg?fit=1200%2C674&ssl=1&resize=1050%2C600 3x"},"classes":[]}],"_links":{"self":[{"href":"https:\/\/larevistadigital.com.ar\/blog\/wp-json\/wp\/v2\/posts\/16007","targetHints":{"allow":["GET"]}}],"collection":[{"href":"https:\/\/larevistadigital.com.ar\/blog\/wp-json\/wp\/v2\/posts"}],"about":[{"href":"https:\/\/larevistadigital.com.ar\/blog\/wp-json\/wp\/v2\/types\/post"}],"author":[{"embeddable":true,"href":"https:\/\/larevistadigital.com.ar\/blog\/wp-json\/wp\/v2\/users\/3"}],"replies":[{"embeddable":true,"href":"https:\/\/larevistadigital.com.ar\/blog\/wp-json\/wp\/v2\/comments?post=16007"}],"version-history":[{"count":3,"href":"https:\/\/larevistadigital.com.ar\/blog\/wp-json\/wp\/v2\/posts\/16007\/revisions"}],"predecessor-version":[{"id":16011,"href":"https:\/\/larevistadigital.com.ar\/blog\/wp-json\/wp\/v2\/posts\/16007\/revisions\/16011"}],"wp:featuredmedia":[{"embeddable":true,"href":"https:\/\/larevistadigital.com.ar\/blog\/wp-json\/wp\/v2\/media\/16008"}],"wp:attachment":[{"href":"https:\/\/larevistadigital.com.ar\/blog\/wp-json\/wp\/v2\/media?parent=16007"}],"wp:term":[{"taxonomy":"category","embeddable":true,"href":"https:\/\/larevistadigital.com.ar\/blog\/wp-json\/wp\/v2\/categories?post=16007"},{"taxonomy":"post_tag","embeddable":true,"href":"https:\/\/larevistadigital.com.ar\/blog\/wp-json\/wp\/v2\/tags?post=16007"}],"curies":[{"name":"wp","href":"https:\/\/api.w.org\/{rel}","templated":true}]}}