{"id":16047,"date":"2020-08-15T16:04:09","date_gmt":"2020-08-15T16:04:09","guid":{"rendered":"https:\/\/larevistadigital.com.ar\/blog\/?p=16047"},"modified":"2020-08-15T16:04:09","modified_gmt":"2020-08-15T16:04:09","slug":"tres-personas-robaban-durmientes-en-solis-entre-rico-y-ameghino-la-policia-llego-pero-eran-menores-el-mayor-ya-no-estaba","status":"publish","type":"post","link":"https:\/\/larevistadigital.com.ar\/blog\/tres-personas-robaban-durmientes-en-solis-entre-rico-y-ameghino-la-policia-llego-pero-eran-menores-el-mayor-ya-no-estaba\/","title":{"rendered":"TRES PERSONAS ROBABAN DURMIENTES EN SOLIS ENTRE RICO Y AMEGHINO. LA POLIC\u00cdA LLEG\u00d3 PERO ERAN MENORES. EL MAYOR YA NO ESTABA"},"content":{"rendered":"<p><strong>CHASCOM\u00daS &#8211;<\/strong> Vecinos denunciaron a tres individuos (un mayor y dos menores) que se encontraban robando durmientes en la vieja traza ferroviaria en calle Sol\u00eds entre Grito de Dolores y Ameghino.<\/p>\n<p>La polic\u00eda lleg\u00f3 al lugar, logrando aprender a los menores, porque el mayor ya se hab\u00eda retirado.<\/p>\n<p>Un vecino nos coment\u00f3 que desde temprano, estaban \u00abmarcando\u00bb con un hacha los durmientes para luego pasar y retirarlos.<\/p>\n<p>&nbsp;<\/p>\n<p><img data-recalc-dims=\"1\" loading=\"lazy\" decoding=\"async\" class=\"size-full wp-image-16049 aligncenter\" src=\"https:\/\/i0.wp.com\/larevistadigital.com.ar\/blog\/wp-content\/uploads\/WhatsApp-Image-2020-08-15-at-11.30.31.jpeg?resize=721%2C1280&#038;ssl=1\" alt=\"\" width=\"721\" height=\"1280\" srcset=\"https:\/\/i0.wp.com\/larevistadigital.com.ar\/blog\/wp-content\/uploads\/WhatsApp-Image-2020-08-15-at-11.30.31.jpeg?w=721&amp;ssl=1 721w, https:\/\/i0.wp.com\/larevistadigital.com.ar\/blog\/wp-content\/uploads\/WhatsApp-Image-2020-08-15-at-11.30.31.jpeg?resize=169%2C300&amp;ssl=1 169w, https:\/\/i0.wp.com\/larevistadigital.com.ar\/blog\/wp-content\/uploads\/WhatsApp-Image-2020-08-15-at-11.30.31.jpeg?resize=577%2C1024&amp;ssl=1 577w\" sizes=\"auto, (max-width: 721px) 100vw, 721px\" \/><\/p>\n<p>&nbsp;<\/p>\n<p>&nbsp;<\/p>\n","protected":false},"excerpt":{"rendered":"<div class=\"mh-excerpt\"><p>CHASCOM\u00daS &#8211; Vecinos denunciaron a tres individuos (un mayor y dos menores) que se encontraban robando durmientes en la vieja traza ferroviaria en calle Sol\u00eds entre Grito de Dolores y Ameghino. La polic\u00eda lleg\u00f3 al <a class=\"mh-excerpt-more\" href=\"https:\/\/larevistadigital.com.ar\/blog\/tres-personas-robaban-durmientes-en-solis-entre-rico-y-ameghino-la-policia-llego-pero-eran-menores-el-mayor-ya-no-estaba\/\" title=\"TRES PERSONAS ROBABAN DURMIENTES EN SOLIS ENTRE RICO Y AMEGHINO. LA POLIC\u00cdA LLEG\u00d3 PERO ERAN MENORES. EL MAYOR YA NO ESTABA\">[Leer M\u00e1s]<\/a><\/p>\n<\/div>","protected":false},"author":3,"featured_media":16048,"comment_status":"open","ping_status":"open","sticky":false,"template":"","format":"standard","meta":{"_jetpack_memberships_contains_paid_content":false,"footnotes":"","jetpack_publicize_message":"","jetpack_publicize_feature_enabled":true,"jetpack_social_post_already_shared":true,"jetpack_social_options":{"image_generator_settings":{"template":"highway","default_image_id":0,"font":"","enabled":false},"version":2}},"categories":[6,44],"tags":[],"class_list":{"0":"post-16047","1":"post","2":"type-post","3":"status-publish","4":"format-standard","5":"has-post-thumbnail","7":"category-chascomus","8":"category-policiales"},"jetpack_publicize_connections":[],"jetpack_featured_media_url":"https:\/\/i0.wp.com\/larevistadigital.com.ar\/blog\/wp-content\/uploads\/WhatsApp-Image-2020-08-15-at-11.27.25.jpeg?fit=1280%2C721&ssl=1","jetpack_sharing_enabled":true,"jetpack_shortlink":"https:\/\/wp.me\/p8qtrQ-4aP","jetpack-related-posts":[{"id":30958,"url":"https:\/\/larevistadigital.com.ar\/blog\/cuestion-de-prioridades-por-gustavo-lopez\/","url_meta":{"origin":16047,"position":0},"title":"CUESTION DE PRIORIDADES (Por Gustavo L\u00f3pez)","author":"Alejandro Sosa Ruda","date":"8 abril, 2023","format":false,"excerpt":"En los \u00faltimos d\u00edas se ha podido observar como camiones y personal de la Secretaria de Obras y Servicios est\u00e1n trabajando en la zona de la Bajadita. All\u00ed, por lo visto, se han reemplazado los macetones de cemento que se encontraban en los ingresos, y los de fibra de vidrio\u2026","rel":"","context":"En \u00abCHASCOM\u00daS\u00bb","block_context":{"text":"CHASCOM\u00daS","link":"https:\/\/larevistadigital.com.ar\/blog\/category\/chascomus\/"},"img":{"alt_text":"","src":"https:\/\/i0.wp.com\/larevistadigital.com.ar\/blog\/wp-content\/uploads\/WhatsApp-Image-2023-04-08-at-12.12.10.jpeg?fit=900%2C1200&ssl=1&resize=350%2C200","width":350,"height":200,"srcset":"https:\/\/i0.wp.com\/larevistadigital.com.ar\/blog\/wp-content\/uploads\/WhatsApp-Image-2023-04-08-at-12.12.10.jpeg?fit=900%2C1200&ssl=1&resize=350%2C200 1x, https:\/\/i0.wp.com\/larevistadigital.com.ar\/blog\/wp-content\/uploads\/WhatsApp-Image-2023-04-08-at-12.12.10.jpeg?fit=900%2C1200&ssl=1&resize=525%2C300 1.5x, https:\/\/i0.wp.com\/larevistadigital.com.ar\/blog\/wp-content\/uploads\/WhatsApp-Image-2023-04-08-at-12.12.10.jpeg?fit=900%2C1200&ssl=1&resize=700%2C400 2x"},"classes":[]},{"id":9402,"url":"https:\/\/larevistadigital.com.ar\/blog\/dolores-tres-menores-aprehendidos-por-intento-de-robo\/","url_meta":{"origin":16047,"position":1},"title":"DOLORES: TRES MENORES APREHENDIDOS POR INTENTO DE ROBO","author":"Alejandro Sosa Ruda","date":"26 marzo, 2019","format":false,"excerpt":"Ayer, siendo aproximadamente las 0:30 hs de la madrugada, en calle Sol\u00eds entre Olavarr\u00eda y Necochea, personal de la Polic\u00eda Local aprehendi\u00f3 a tres menores de edad. Fue tras un llamado telef\u00f3nico que personal policial se present\u00f3 en el mencionado lugar, donde funcionan instalaciones municipales, al llegar al lugar, los\u2026","rel":"","context":"En \u00abDOLORES\u00bb","block_context":{"text":"DOLORES","link":"https:\/\/larevistadigital.com.ar\/blog\/category\/dolores\/"},"img":{"alt_text":"","src":"https:\/\/i0.wp.com\/larevistadigital.com.ar\/blog\/wp-content\/uploads\/2019\/03\/Screenshot_4-3.jpg?fit=855%2C537&ssl=1&resize=350%2C200","width":350,"height":200,"srcset":"https:\/\/i0.wp.com\/larevistadigital.com.ar\/blog\/wp-content\/uploads\/2019\/03\/Screenshot_4-3.jpg?fit=855%2C537&ssl=1&resize=350%2C200 1x, https:\/\/i0.wp.com\/larevistadigital.com.ar\/blog\/wp-content\/uploads\/2019\/03\/Screenshot_4-3.jpg?fit=855%2C537&ssl=1&resize=525%2C300 1.5x, https:\/\/i0.wp.com\/larevistadigital.com.ar\/blog\/wp-content\/uploads\/2019\/03\/Screenshot_4-3.jpg?fit=855%2C537&ssl=1&resize=700%2C400 2x"},"classes":[]},{"id":42467,"url":"https:\/\/larevistadigital.com.ar\/blog\/chascomus-tres-menores-fueron-interceptados-tras-una-peligrosa-maniobra-en-moto-y-una-agresion-a-la-policia\/","url_meta":{"origin":16047,"position":2},"title":"Chascom\u00fas: Tres menores fueron interceptados tras una peligrosa maniobra en moto y una agresi\u00f3n a la polic\u00eda","author":"Alejandro Sosa Ruda","date":"14 noviembre, 2025","format":false,"excerpt":"Dos adolescentes circulaban en una moto sin casco, sin patente y a alta velocidad. Una joven lleg\u00f3 al lugar y agredi\u00f3 a efectivos policiales. Interviene la Fiscal\u00eda del Joven N\u00b02. 14 de Noviembre de 2025 CHASCOM\u00daS -\u00a0 \u00a0Autoridades policiales informaron que, durante una recorrida de prevenci\u00f3n en Chascom\u00fas, personal de\u2026","rel":"","context":"En \u00abINTERES GENERAL\u00bb","block_context":{"text":"INTERES GENERAL","link":"https:\/\/larevistadigital.com.ar\/blog\/category\/interes-general\/"},"img":{"alt_text":"","src":"https:\/\/i0.wp.com\/larevistadigital.com.ar\/blog\/wp-content\/uploads\/2017\/08\/comisaria.jpg?fit=640%2C324&ssl=1&resize=350%2C200","width":350,"height":200,"srcset":"https:\/\/i0.wp.com\/larevistadigital.com.ar\/blog\/wp-content\/uploads\/2017\/08\/comisaria.jpg?fit=640%2C324&ssl=1&resize=350%2C200 1x, https:\/\/i0.wp.com\/larevistadigital.com.ar\/blog\/wp-content\/uploads\/2017\/08\/comisaria.jpg?fit=640%2C324&ssl=1&resize=525%2C300 1.5x"},"classes":[]},{"id":2442,"url":"https:\/\/larevistadigital.com.ar\/blog\/detalles-del-regreso-del-tren-hacia-mar-del-plata-el-proximo-3-de-julio\/","url_meta":{"origin":16047,"position":3},"title":"DETALLES DEL REGRESO DEL TREN HACIA MAR DEL PLATA EL PR\u00d3XIMO 3 DE JULIO","author":"Alejandro Sosa Ruda","date":"16 junio, 2017","format":false,"excerpt":"Luego de varios inconvenientes de infraestructura, serios y reiterados problemas en el puente que cruza el r\u00edo Salado y dos a\u00f1os sin servicio, llegando casi al olvido, regresar\u00e1 el tren que une Plaza Constituci\u00f3n con Mar del Plata, pasando por 121 localidades bonaerenses, entre ellas la ciudad de Chascom\u00fas. La\u2026","rel":"","context":"En \u00abCHASCOM\u00daS\u00bb","block_context":{"text":"CHASCOM\u00daS","link":"https:\/\/larevistadigital.com.ar\/blog\/category\/chascomus\/"},"img":{"alt_text":"","src":"https:\/\/i0.wp.com\/larevistadigital.com.ar\/blog\/wp-content\/uploads\/2017\/06\/not_861086_02_145728.jpg?fit=1000%2C540&ssl=1&resize=350%2C200","width":350,"height":200,"srcset":"https:\/\/i0.wp.com\/larevistadigital.com.ar\/blog\/wp-content\/uploads\/2017\/06\/not_861086_02_145728.jpg?fit=1000%2C540&ssl=1&resize=350%2C200 1x, https:\/\/i0.wp.com\/larevistadigital.com.ar\/blog\/wp-content\/uploads\/2017\/06\/not_861086_02_145728.jpg?fit=1000%2C540&ssl=1&resize=525%2C300 1.5x, https:\/\/i0.wp.com\/larevistadigital.com.ar\/blog\/wp-content\/uploads\/2017\/06\/not_861086_02_145728.jpg?fit=1000%2C540&ssl=1&resize=700%2C400 2x"},"classes":[]},{"id":31613,"url":"https:\/\/larevistadigital.com.ar\/blog\/chascomus-una-mama-con-sus-dos-hijitos-impacto-su-auto-contra-un-poste\/","url_meta":{"origin":16047,"position":4},"title":"CHASCOM\u00daS: UNA MAM\u00c1 CON SUS DOS HIJITOS IMPACT\u00d3 SU AUTO CONTRA UN POSTE","author":"Alejandro Sosa Ruda","date":"16 mayo, 2023","format":false,"excerpt":"Ocurri\u00f3 durante la madrugada y afortunadamente todos resultaron ilesos. 16 de mayo de 2023 CHASCOM\u00daS -\u00a0 Durante la madrugada del d\u00eda de ayer, 15 de mayo, el 911 comision\u00f3 un m\u00f3vil policial a la intersecci\u00f3n de las calles Inmigrantes \u00c1rabes entre Obligado y Ameghino, donde un autom\u00f3vil habr\u00eda colisionado un\u2026","rel":"","context":"En \u00abDESTACADAS\u00bb","block_context":{"text":"DESTACADAS","link":"https:\/\/larevistadigital.com.ar\/blog\/category\/destacadas\/"},"img":{"alt_text":"","src":"https:\/\/i0.wp.com\/larevistadigital.com.ar\/blog\/wp-content\/uploads\/WhatsApp-Image-2023-05-16-at-20.34.04-1.jpeg?fit=1200%2C903&ssl=1&resize=350%2C200","width":350,"height":200,"srcset":"https:\/\/i0.wp.com\/larevistadigital.com.ar\/blog\/wp-content\/uploads\/WhatsApp-Image-2023-05-16-at-20.34.04-1.jpeg?fit=1200%2C903&ssl=1&resize=350%2C200 1x, https:\/\/i0.wp.com\/larevistadigital.com.ar\/blog\/wp-content\/uploads\/WhatsApp-Image-2023-05-16-at-20.34.04-1.jpeg?fit=1200%2C903&ssl=1&resize=525%2C300 1.5x, https:\/\/i0.wp.com\/larevistadigital.com.ar\/blog\/wp-content\/uploads\/WhatsApp-Image-2023-05-16-at-20.34.04-1.jpeg?fit=1200%2C903&ssl=1&resize=700%2C400 2x, https:\/\/i0.wp.com\/larevistadigital.com.ar\/blog\/wp-content\/uploads\/WhatsApp-Image-2023-05-16-at-20.34.04-1.jpeg?fit=1200%2C903&ssl=1&resize=1050%2C600 3x"},"classes":[]},{"id":15248,"url":"https:\/\/larevistadigital.com.ar\/blog\/muchacho-es-golpeado-por-tres-menores-al-evitar-el-robo-a-un-vecino\/","url_meta":{"origin":16047,"position":5},"title":"MUCHACHO ES GOLPEADO POR TRES MENORES AL EVITAR EL ROBO A UN VECINO","author":"Alejandro Sosa Ruda","date":"20 mayo, 2020","format":false,"excerpt":"Los hechos sucedieron a media ma\u00f1ana, en las calles Sol\u00eds y Rico, cuando el hombre llamado Alfredo, pudo observar que tres muchachos se encontraban por ingresar a la casa de un vecino suyo, entre los \u00e1rboles del frente de la misma. Al advertir esto, Alfredo les llam\u00f3 la atenci\u00f3n, pregunt\u00e1ndoles\u2026","rel":"","context":"En \u00abCHASCOM\u00daS\u00bb","block_context":{"text":"CHASCOM\u00daS","link":"https:\/\/larevistadigital.com.ar\/blog\/category\/chascomus\/"},"img":{"alt_text":"","src":"https:\/\/i0.wp.com\/larevistadigital.com.ar\/blog\/wp-content\/uploads\/alfredo.jpg?fit=720%2C626&ssl=1&resize=350%2C200","width":350,"height":200,"srcset":"https:\/\/i0.wp.com\/larevistadigital.com.ar\/blog\/wp-content\/uploads\/alfredo.jpg?fit=720%2C626&ssl=1&resize=350%2C200 1x, https:\/\/i0.wp.com\/larevistadigital.com.ar\/blog\/wp-content\/uploads\/alfredo.jpg?fit=720%2C626&ssl=1&resize=525%2C300 1.5x, https:\/\/i0.wp.com\/larevistadigital.com.ar\/blog\/wp-content\/uploads\/alfredo.jpg?fit=720%2C626&ssl=1&resize=700%2C400 2x"},"classes":[]}],"_links":{"self":[{"href":"https:\/\/larevistadigital.com.ar\/blog\/wp-json\/wp\/v2\/posts\/16047","targetHints":{"allow":["GET"]}}],"collection":[{"href":"https:\/\/larevistadigital.com.ar\/blog\/wp-json\/wp\/v2\/posts"}],"about":[{"href":"https:\/\/larevistadigital.com.ar\/blog\/wp-json\/wp\/v2\/types\/post"}],"author":[{"embeddable":true,"href":"https:\/\/larevistadigital.com.ar\/blog\/wp-json\/wp\/v2\/users\/3"}],"replies":[{"embeddable":true,"href":"https:\/\/larevistadigital.com.ar\/blog\/wp-json\/wp\/v2\/comments?post=16047"}],"version-history":[{"count":1,"href":"https:\/\/larevistadigital.com.ar\/blog\/wp-json\/wp\/v2\/posts\/16047\/revisions"}],"predecessor-version":[{"id":16050,"href":"https:\/\/larevistadigital.com.ar\/blog\/wp-json\/wp\/v2\/posts\/16047\/revisions\/16050"}],"wp:featuredmedia":[{"embeddable":true,"href":"https:\/\/larevistadigital.com.ar\/blog\/wp-json\/wp\/v2\/media\/16048"}],"wp:attachment":[{"href":"https:\/\/larevistadigital.com.ar\/blog\/wp-json\/wp\/v2\/media?parent=16047"}],"wp:term":[{"taxonomy":"category","embeddable":true,"href":"https:\/\/larevistadigital.com.ar\/blog\/wp-json\/wp\/v2\/categories?post=16047"},{"taxonomy":"post_tag","embeddable":true,"href":"https:\/\/larevistadigital.com.ar\/blog\/wp-json\/wp\/v2\/tags?post=16047"}],"curies":[{"name":"wp","href":"https:\/\/api.w.org\/{rel}","templated":true}]}}