{"id":16058,"date":"2020-08-18T12:45:48","date_gmt":"2020-08-18T12:45:48","guid":{"rendered":"https:\/\/larevistadigital.com.ar\/blog\/?p=16058"},"modified":"2020-08-18T12:45:48","modified_gmt":"2020-08-18T12:45:48","slug":"toma-de-rehenes-en-escribania","status":"publish","type":"post","link":"https:\/\/larevistadigital.com.ar\/blog\/toma-de-rehenes-en-escribania\/","title":{"rendered":"TOMA DE REHENES EN ESCRIBAN\u00cdA"},"content":{"rendered":"<h2>Un hombre ingres\u00f3 con machete a la Escriban\u00eda ubicada frente a la Comisar\u00eda 1ra. de Ca\u00f1uelas.<\/h2>\n<p>Un hombre ingres\u00f3 hace minutos a la<strong>\u00a0Escriban\u00eda de Elena Lamarca<\/strong>, ubicada en Av. Libertad 749 de Ca\u00f1uelas frente a la Comisar\u00eda 1ra. de Ca\u00f1uelas y a metros del palacio municipal.<\/p>\n<blockquote>\n<h3>Seg\u00fan fuentes consultadas por este portal, el hombre\u00a0<strong>ingres\u00f3 con un machete<\/strong>\u00a0<strong>o cuchillo de carnicero grande,\u00a0<\/strong>y tendr\u00eda como reh\u00e9n dentro de la Escribania\u00a0a\u00a0<strong>Julieta Matheu, de 48 a\u00f1os,<\/strong>\u00a0tambi\u00e9n escribana e hija de la titular.<\/h3>\n<\/blockquote>\n<p>El incidente estar\u00eda motivado por una\u00a0<strong>presunta estafa que le habr\u00eda cometido un tercero al agresor, en una operaci\u00f3n firmada por la notaria.<\/strong><\/p>\n<p>Seg\u00fan voceros, al irrumpir armado en la oficina el hombre\u00a0<strong>ped\u00eda a los gritos hablar con el gobernador Axel Kicillof.\u00a0<\/strong><\/p>\n<blockquote>\n<h3>El sector ya fue acordonado y hay fuerzas especiales del Grupo GAD negociando con el hombre para que deponga su actitud.<\/h3>\n<\/blockquote>\n<p>A las 11.45 el hombre fue retirado por el GAD y trasladado a la comisar\u00eda, en tanto que Julieta fue liberada, sana y salva.<\/p>\n<p>&nbsp;<\/p>\n","protected":false},"excerpt":{"rendered":"<div class=\"mh-excerpt\"><p>Un hombre ingres\u00f3 con machete a la Escriban\u00eda ubicada frente a la Comisar\u00eda 1ra. de Ca\u00f1uelas. Un hombre ingres\u00f3 hace minutos a la\u00a0Escriban\u00eda de Elena Lamarca, ubicada en Av. Libertad 749 de Ca\u00f1uelas frente a <a class=\"mh-excerpt-more\" href=\"https:\/\/larevistadigital.com.ar\/blog\/toma-de-rehenes-en-escribania\/\" title=\"TOMA DE REHENES EN ESCRIBAN\u00cdA\">[Leer M\u00e1s]<\/a><\/p>\n<\/div>","protected":false},"author":3,"featured_media":16059,"comment_status":"open","ping_status":"open","sticky":false,"template":"","format":"standard","meta":{"_jetpack_memberships_contains_paid_content":false,"footnotes":"","jetpack_publicize_message":"","jetpack_publicize_feature_enabled":true,"jetpack_social_post_already_shared":true,"jetpack_social_options":{"image_generator_settings":{"template":"highway","default_image_id":0,"font":"","enabled":false},"version":2}},"categories":[50,44],"tags":[],"class_list":{"0":"post-16058","1":"post","2":"type-post","3":"status-publish","4":"format-standard","5":"has-post-thumbnail","7":"category-interes-general","8":"category-policiales"},"jetpack_publicize_connections":[],"jetpack_featured_media_url":"https:\/\/i0.wp.com\/larevistadigital.com.ar\/blog\/wp-content\/uploads\/incidente-con-toma-de-rehenes-en-la-escribania-lamarca-21684.jpg?fit=950%2C500&ssl=1","jetpack_sharing_enabled":true,"jetpack_shortlink":"https:\/\/wp.me\/p8qtrQ-4b0","jetpack-related-posts":[{"id":5290,"url":"https:\/\/larevistadigital.com.ar\/blog\/el-club-de-abuelos-y-mas-de-70-familias-de-general-belgrano-seran-las-protagonistas-de-un-acto-de-escrituracion\/","url_meta":{"origin":16058,"position":0},"title":"EL CLUB DE ABUELOS Y M\u00c1S DE 70 FAMILIAS DE GENERAL BELGRANO SER\u00c1N LAS PROTAGONISTAS DE UN ACTO DE ESCRITURACI\u00d3N.","author":"admin","date":"29 marzo, 2018","format":false,"excerpt":"\u00a0 El Club de Abuelos de General Belgrano dar\u00e1 el\u00a0primer paso para tener su escritura. Es que en un acto de escrituraci\u00f3n social, la Escriban\u00eda General de Gobierno entregar\u00e1 una escritura a favor del municipio con el objetivo de que luego se done a la instituci\u00f3n dedicada a la tercera\u2026","rel":"","context":"En \u00abGENERAL BELGRANO\u00bb","block_context":{"text":"GENERAL BELGRANO","link":"https:\/\/larevistadigital.com.ar\/blog\/category\/general-belgrano\/"},"img":{"alt_text":"","src":"https:\/\/i0.wp.com\/larevistadigital.com.ar\/blog\/wp-content\/uploads\/2018\/03\/29572357_1580944818619750_7396436809824185259_n.jpg?fit=960%2C639&ssl=1&resize=350%2C200","width":350,"height":200,"srcset":"https:\/\/i0.wp.com\/larevistadigital.com.ar\/blog\/wp-content\/uploads\/2018\/03\/29572357_1580944818619750_7396436809824185259_n.jpg?fit=960%2C639&ssl=1&resize=350%2C200 1x, https:\/\/i0.wp.com\/larevistadigital.com.ar\/blog\/wp-content\/uploads\/2018\/03\/29572357_1580944818619750_7396436809824185259_n.jpg?fit=960%2C639&ssl=1&resize=525%2C300 1.5x, https:\/\/i0.wp.com\/larevistadigital.com.ar\/blog\/wp-content\/uploads\/2018\/03\/29572357_1580944818619750_7396436809824185259_n.jpg?fit=960%2C639&ssl=1&resize=700%2C400 2x"},"classes":[]},{"id":42749,"url":"https:\/\/larevistadigital.com.ar\/blog\/detuvieron-a-un-hombre-que-ingreso-y-agredio-a-trabajadores-en-la-planta-depuradora-de-absa\/","url_meta":{"origin":16058,"position":1},"title":"Detuvieron a un hombre que ingres\u00f3 y agredi\u00f3 a trabajadores en la planta depuradora de ABSA","author":"Alejandro Sosa Ruda","date":"3 diciembre, 2025","format":false,"excerpt":"Un violento episodio se registr\u00f3 esta tarde en el predio de la planta depuradora de ABSA, cuando un hombre en evidente estado de ebriedad ingres\u00f3 sin autorizaci\u00f3n y termin\u00f3 atacando al personal que intent\u00f3 impedirle el paso. Seg\u00fan informaron fuentes policiales, los trabajadores le indicaron que el acceso est\u00e1 restringido\u2026","rel":"","context":"En \u00abPOLICIALES\u00bb","block_context":{"text":"POLICIALES","link":"https:\/\/larevistadigital.com.ar\/blog\/category\/policiales\/"},"img":{"alt_text":"","src":"https:\/\/i0.wp.com\/larevistadigital.com.ar\/blog\/wp-content\/uploads\/policia-24-9-2021-4.jpg?fit=1199%2C1200&ssl=1&resize=350%2C200","width":350,"height":200,"srcset":"https:\/\/i0.wp.com\/larevistadigital.com.ar\/blog\/wp-content\/uploads\/policia-24-9-2021-4.jpg?fit=1199%2C1200&ssl=1&resize=350%2C200 1x, https:\/\/i0.wp.com\/larevistadigital.com.ar\/blog\/wp-content\/uploads\/policia-24-9-2021-4.jpg?fit=1199%2C1200&ssl=1&resize=525%2C300 1.5x, https:\/\/i0.wp.com\/larevistadigital.com.ar\/blog\/wp-content\/uploads\/policia-24-9-2021-4.jpg?fit=1199%2C1200&ssl=1&resize=700%2C400 2x, https:\/\/i0.wp.com\/larevistadigital.com.ar\/blog\/wp-content\/uploads\/policia-24-9-2021-4.jpg?fit=1199%2C1200&ssl=1&resize=1050%2C600 3x"},"classes":[]},{"id":29004,"url":"https:\/\/larevistadigital.com.ar\/blog\/canuelas-brutal-femicidio-y-masacre-conmociona-la-ciudad\/","url_meta":{"origin":16058,"position":2},"title":"CA\u00d1UELAS: BRUTAL FEMICIDIO Y MASACRE CONMOCIONA LA CIUDAD","author":"Alejandro Sosa Ruda","date":"23 noviembre, 2022","format":false,"excerpt":"Mar\u00eda Alejandra Gim\u00e9nez D\u00edaz sufr\u00eda violencia de g\u00e9nero y hab\u00eda decidido dejar su hogar en La Matanza para mudarse con sus dos hijos a Ca\u00f1uelas en busca de paz. Pero\u00a0Jos\u00e9 Averio Na\u00f3n, que ten\u00eda una perimetral, decidi\u00f3 acabar con su vida. Viaj\u00f3 hasta esa ciudad y asesin\u00f3 a la mujer\u2026","rel":"","context":"En \u00abPOLICIALES\u00bb","block_context":{"text":"POLICIALES","link":"https:\/\/larevistadigital.com.ar\/blog\/category\/policiales\/"},"img":{"alt_text":"","src":"https:\/\/i0.wp.com\/larevistadigital.com.ar\/blog\/wp-content\/uploads\/081941_whatsapp-image-20221123-at-08.17.45.jpeg?fit=799%2C529&ssl=1&resize=350%2C200","width":350,"height":200,"srcset":"https:\/\/i0.wp.com\/larevistadigital.com.ar\/blog\/wp-content\/uploads\/081941_whatsapp-image-20221123-at-08.17.45.jpeg?fit=799%2C529&ssl=1&resize=350%2C200 1x, https:\/\/i0.wp.com\/larevistadigital.com.ar\/blog\/wp-content\/uploads\/081941_whatsapp-image-20221123-at-08.17.45.jpeg?fit=799%2C529&ssl=1&resize=525%2C300 1.5x, https:\/\/i0.wp.com\/larevistadigital.com.ar\/blog\/wp-content\/uploads\/081941_whatsapp-image-20221123-at-08.17.45.jpeg?fit=799%2C529&ssl=1&resize=700%2C400 2x"},"classes":[]},{"id":11996,"url":"https:\/\/larevistadigital.com.ar\/blog\/canuelas-encuentran-mujera-ahorcada-sospechan-de-su-ex-pareja\/","url_meta":{"origin":16058,"position":3},"title":"CA\u00d1UELAS: ENCUENTRAN MUJERA AHORCADA. SOSPECHAN DE SU EX PAREJA","author":"Alejandro Sosa Ruda","date":"13 septiembre, 2019","format":false,"excerpt":"El lunes por la noche, la polic\u00eda de Ca\u00f1uelas\u00a0se dirigi\u00f3 a la vivienda de\u00a0M\u00f3nica Judith Riboli, de 29 a\u00f1os, en el barrio Libertad despu\u00e9s de que recibieron un llamado del 911 : les dijeron que la mujer se hab\u00eda ahorcado en el patio de su casa. Al llegar al lugar,\u2026","rel":"","context":"En \u00abPOLICIALES\u00bb","block_context":{"text":"POLICIALES","link":"https:\/\/larevistadigital.com.ar\/blog\/category\/policiales\/"},"img":{"alt_text":"","src":"https:\/\/i0.wp.com\/larevistadigital.com.ar\/blog\/wp-content\/uploads\/femicidio-se-confirmo-que-monica-riboli-fue-ahorcada-manualmente-20270.jpg?fit=950%2C500&ssl=1&resize=350%2C200","width":350,"height":200,"srcset":"https:\/\/i0.wp.com\/larevistadigital.com.ar\/blog\/wp-content\/uploads\/femicidio-se-confirmo-que-monica-riboli-fue-ahorcada-manualmente-20270.jpg?fit=950%2C500&ssl=1&resize=350%2C200 1x, https:\/\/i0.wp.com\/larevistadigital.com.ar\/blog\/wp-content\/uploads\/femicidio-se-confirmo-que-monica-riboli-fue-ahorcada-manualmente-20270.jpg?fit=950%2C500&ssl=1&resize=525%2C300 1.5x, https:\/\/i0.wp.com\/larevistadigital.com.ar\/blog\/wp-content\/uploads\/femicidio-se-confirmo-que-monica-riboli-fue-ahorcada-manualmente-20270.jpg?fit=950%2C500&ssl=1&resize=700%2C400 2x"},"classes":[]},{"id":20820,"url":"https:\/\/larevistadigital.com.ar\/blog\/mar-del-tuyu-abuelo-fue-victima-de-una-viuda-negra\/","url_meta":{"origin":16058,"position":4},"title":"MAR DEL TUY\u00da: ABUELO FUE V\u00cdCTIMA DE UNA VIUDA NEGRA","author":"Alejandro Sosa Ruda","date":"22 junio, 2021","format":false,"excerpt":"Los estafadores, lo llevaron a Capital y lo internaron en un geri\u00e1trico MAR DEL TUY\u00da - Un hombre fue enga\u00f1ado, llevado a Capital Federal y estafado econ\u00f3micamente. Seg\u00fan relat\u00f3 el hijo de la v\u00edctima a Radios Noticias Web dos personas ingresaron al Hotel propiedad de su padre y con estrategias\u2026","rel":"","context":"En \u00abPOLICIALES\u00bb","block_context":{"text":"POLICIALES","link":"https:\/\/larevistadigital.com.ar\/blog\/category\/policiales\/"},"img":{"alt_text":"","src":"https:\/\/i0.wp.com\/larevistadigital.com.ar\/blog\/wp-content\/uploads\/10d57d3807001393f8868a21df542340ede6cf4c.jpg?fit=1140%2C592&ssl=1&resize=350%2C200","width":350,"height":200,"srcset":"https:\/\/i0.wp.com\/larevistadigital.com.ar\/blog\/wp-content\/uploads\/10d57d3807001393f8868a21df542340ede6cf4c.jpg?fit=1140%2C592&ssl=1&resize=350%2C200 1x, https:\/\/i0.wp.com\/larevistadigital.com.ar\/blog\/wp-content\/uploads\/10d57d3807001393f8868a21df542340ede6cf4c.jpg?fit=1140%2C592&ssl=1&resize=525%2C300 1.5x, https:\/\/i0.wp.com\/larevistadigital.com.ar\/blog\/wp-content\/uploads\/10d57d3807001393f8868a21df542340ede6cf4c.jpg?fit=1140%2C592&ssl=1&resize=700%2C400 2x, https:\/\/i0.wp.com\/larevistadigital.com.ar\/blog\/wp-content\/uploads\/10d57d3807001393f8868a21df542340ede6cf4c.jpg?fit=1140%2C592&ssl=1&resize=1050%2C600 3x"},"classes":[]},{"id":36210,"url":"https:\/\/larevistadigital.com.ar\/blog\/nueva-firma-de-escrituras-de-viviendas-para-191-familias\/","url_meta":{"origin":16058,"position":5},"title":"NUEVA FIRMA DE ESCRITURAS DE VIVIENDAS PARA 191 FAMILIAS","author":"Alejandro Sosa Ruda","date":"4 junio, 2024","format":false,"excerpt":"El jueves desde las 11 horas, en el Teatro Municipal Brazzola, se llevar\u00e1 a cabo el acto organizado en conjunto por la Municipalidad de Chascom\u00fas y la Escriban\u00eda General de Gobierno de la provincia de Buenos Aires. 04 de Junio de 2024 CHASCOM\u00daS -\u00a0 En la oportunidad, 191 vecinos de\u2026","rel":"","context":"En \u00abINTERES GENERAL\u00bb","block_context":{"text":"INTERES GENERAL","link":"https:\/\/larevistadigital.com.ar\/blog\/category\/interes-general\/"},"img":{"alt_text":"","src":"https:\/\/i0.wp.com\/larevistadigital.com.ar\/blog\/wp-content\/uploads\/2024_06_05_00_46_30_9574460.jpg?fit=600%2C401&ssl=1&resize=350%2C200","width":350,"height":200,"srcset":"https:\/\/i0.wp.com\/larevistadigital.com.ar\/blog\/wp-content\/uploads\/2024_06_05_00_46_30_9574460.jpg?fit=600%2C401&ssl=1&resize=350%2C200 1x, https:\/\/i0.wp.com\/larevistadigital.com.ar\/blog\/wp-content\/uploads\/2024_06_05_00_46_30_9574460.jpg?fit=600%2C401&ssl=1&resize=525%2C300 1.5x"},"classes":[]}],"_links":{"self":[{"href":"https:\/\/larevistadigital.com.ar\/blog\/wp-json\/wp\/v2\/posts\/16058","targetHints":{"allow":["GET"]}}],"collection":[{"href":"https:\/\/larevistadigital.com.ar\/blog\/wp-json\/wp\/v2\/posts"}],"about":[{"href":"https:\/\/larevistadigital.com.ar\/blog\/wp-json\/wp\/v2\/types\/post"}],"author":[{"embeddable":true,"href":"https:\/\/larevistadigital.com.ar\/blog\/wp-json\/wp\/v2\/users\/3"}],"replies":[{"embeddable":true,"href":"https:\/\/larevistadigital.com.ar\/blog\/wp-json\/wp\/v2\/comments?post=16058"}],"version-history":[{"count":1,"href":"https:\/\/larevistadigital.com.ar\/blog\/wp-json\/wp\/v2\/posts\/16058\/revisions"}],"predecessor-version":[{"id":16060,"href":"https:\/\/larevistadigital.com.ar\/blog\/wp-json\/wp\/v2\/posts\/16058\/revisions\/16060"}],"wp:featuredmedia":[{"embeddable":true,"href":"https:\/\/larevistadigital.com.ar\/blog\/wp-json\/wp\/v2\/media\/16059"}],"wp:attachment":[{"href":"https:\/\/larevistadigital.com.ar\/blog\/wp-json\/wp\/v2\/media?parent=16058"}],"wp:term":[{"taxonomy":"category","embeddable":true,"href":"https:\/\/larevistadigital.com.ar\/blog\/wp-json\/wp\/v2\/categories?post=16058"},{"taxonomy":"post_tag","embeddable":true,"href":"https:\/\/larevistadigital.com.ar\/blog\/wp-json\/wp\/v2\/tags?post=16058"}],"curies":[{"name":"wp","href":"https:\/\/api.w.org\/{rel}","templated":true}]}}