{"id":16064,"date":"2020-08-18T13:13:26","date_gmt":"2020-08-18T13:13:26","guid":{"rendered":"https:\/\/larevistadigital.com.ar\/blog\/?p=16064"},"modified":"2020-08-18T13:13:26","modified_gmt":"2020-08-18T13:13:26","slug":"mardel-como-seran-y-donde-los-primeros-corredores-gastronomicos","status":"publish","type":"post","link":"https:\/\/larevistadigital.com.ar\/blog\/mardel-como-seran-y-donde-los-primeros-corredores-gastronomicos\/","title":{"rendered":"MARDEL: C\u00d3MO SER\u00c1N Y DONDE LOS PRIMEROS CORREDORES GASTRON\u00d3MICOS"},"content":{"rendered":"<h2>El Concejo Deliberante aprobar\u00e1 la ordenanza el viernes. Se peatonalizar\u00e1n dos calles durante los fines de semana y los feriados hasta el final de la temporada. Es un impulso a la actividad en tiempos de pandemia.<\/h2>\n<p>En el paquete de ordenanzas que el Concejo Deliberante tiene consensuadas y aprobar\u00e1 en la sesi\u00f3n del pr\u00f3ximo viernes est\u00e1 la creaci\u00f3n del\u00a0<strong>programa municipal \u201cCorredores Gastron\u00f3micos\u201d,<\/strong>\u00a0que busca ser un impulso para uno de los sectores m\u00e1s castigados por la pandemia.<\/p>\n<blockquote>\n<h3>Impulsada por el jefe del bloque del Frente de Todos, Marcos Guti\u00e9rrez, la iniciativa original mencionaba cuatro corredore: Hip\u00f3lito Yrigoyen entre Castelli y Gasc\u00f3n, C\u00f3rdoba entre Primera Junta y Castelli, Olavarr\u00eda entre Rodr\u00edguez Pe\u00f1a y Falucho, y Diagonal Pueyrredon entre San Mart\u00edn y Bol\u00edvar. Inlcuso de mencionaba la posibilidad de establecer otro en Alem desde Almafuerte hasta Rodr\u00edguez Pe\u00f1a.<\/h3>\n<\/blockquote>\n<p>En el tratamiento en comisiones, sin embargo, el proyecto fue modificado con el objetivo de que lograra un consenso con el oficialismo. Y quedaron solo dos sectores:<strong>\u00a0Olavarr\u00eda entre Rodr\u00edguez Pe\u00f1a y Rawson, y Diagonal Pueyrredon entre San Mart\u00edn y Bol\u00edvar.<\/strong><\/p>\n<p>De todos modos, se agreg\u00f3 un art\u00edculo mediante el cual el Ejecutivo quedar\u00e1 facultado a\u00a0<strong>\u201cdefinir disposiciones complementarias sobre las calles transversales as\u00ed como a la creaci\u00f3n de otros corredores en diferentes sectores\u201d del distrito.<\/strong><\/p>\n<blockquote>\n<h3>De acuerdo con el texto, el Ejecutivo definir\u00e1 \u201cla forma de cesi\u00f3n del espacio p\u00fablico (peatonalizaci\u00f3n de la calle, cesi\u00f3n parcial de la calzada, cesi\u00f3n de estacionamiento)\u201d para la generaci\u00f3n de los corredores.<\/h3>\n<\/blockquote>\n<p>La disposici\u00f3n se har\u00e1 efectiva durante los d\u00edas viernes, s\u00e1bados, domingos y feriados \u201ccon horarios y condiciones supeditadas a la jerarqu\u00eda de cada arteria, utilizando como criterio\u00a0<strong>el rol en el sistema de movilidad, las caracter\u00edsticas del entorno y el impacto sobre el tr\u00e1nsito\u201d,<\/strong>\u00a0seg\u00fan se desprende de la redacci\u00f3n que logr\u00f3 despacho de comisiones. La prioridad ser\u00e1\u00a0<strong>\u201cgarantizar los adecuados niveles de seguridad a los usuarios del espacio p\u00fablico\u201d.<\/strong><\/p>\n<p>Adem\u00e1s, el Ejecutivo \u201c<strong>promover\u00e1 el trabajo conjunto con los comerciantes frentistas que posean habilitaci\u00f3n municipal sobre los corredores gastron\u00f3micos para definir de manera particular y espec\u00edfica el uso del espacio p\u00fablico,<\/strong>\u00a0considerando sus caracter\u00edsticas espaciales y la din\u00e1mica comercial preexistentes\u201d.<\/p>\n<blockquote>\n<h3>Tambi\u00e9n deber\u00e1n impulsarse \u201crefuerzos en la iluminaci\u00f3n de la v\u00eda p\u00fablica mediante la instalaci\u00f3n de focos bajo consumo, acondicionamiento de calles y veredas, instalaci\u00f3n de mesas para gastronom\u00eda sobre el espacio p\u00fablico, la presentaci\u00f3n de espect\u00e1culos culturales con diversos lenguajes art\u00edsticos y<strong>\u00a0espacios de intercambio o uso com\u00fan al aire libre\u201d.<\/strong><\/h3>\n<\/blockquote>\n<p>Ser\u00e1 responsabilidad del Ejecutivo\u00a0<strong>la realizaci\u00f3n de la limpieza de calles y veredas con cami\u00f3n hidrante sanitizante con al menos una hora de anticipaci\u00f3n al inicio de las actividades en los corredores gastron\u00f3micos,<\/strong>\u00a0mientras que el mantenimiento y la limpieza posterior a la utilizaci\u00f3n del espacio p\u00fablico estar\u00e1 a cargo de los permisionarios.<\/p>\n<p>La iniciativa hab\u00eda sido presentada en junio por el bloque del Frente de Todos ante\u00a0<strong>\u201cla necesidad de reformular pautas vinculadas con la movilidad urbana y la recreaci\u00f3n producto de la pandemia\u201d.<\/strong><\/p>\n<p>Seg\u00fan los argumentos que puntualizaron los concejales opositores, \u201cdeben tomarse medidas que se ajusten a la nueva normalidad\u201d y\u00a0<strong>\u201cse deben pensar soluciones de car\u00e1cter excepcional, que tiendan a garantizar la salud p\u00fablica y promover pr\u00e1cticas de cuidado comunitario\u201d.<\/strong><\/p>\n","protected":false},"excerpt":{"rendered":"<div class=\"mh-excerpt\"><p>El Concejo Deliberante aprobar\u00e1 la ordenanza el viernes. Se peatonalizar\u00e1n dos calles durante los fines de semana y los feriados hasta el final de la temporada. Es un impulso a la actividad en tiempos de <a class=\"mh-excerpt-more\" href=\"https:\/\/larevistadigital.com.ar\/blog\/mardel-como-seran-y-donde-los-primeros-corredores-gastronomicos\/\" title=\"MARDEL: C\u00d3MO SER\u00c1N Y DONDE LOS PRIMEROS CORREDORES GASTRON\u00d3MICOS\">[Leer M\u00e1s]<\/a><\/p>\n<\/div>","protected":false},"author":3,"featured_media":16065,"comment_status":"open","ping_status":"open","sticky":false,"template":"","format":"standard","meta":{"_jetpack_memberships_contains_paid_content":false,"footnotes":"","jetpack_publicize_message":"","jetpack_publicize_feature_enabled":true,"jetpack_social_post_already_shared":true,"jetpack_social_options":{"image_generator_settings":{"template":"highway","default_image_id":0,"font":"","enabled":false},"version":2}},"categories":[51],"tags":[],"class_list":{"0":"post-16064","1":"post","2":"type-post","3":"status-publish","4":"format-standard","5":"has-post-thumbnail","7":"category-regionales"},"jetpack_publicize_connections":[],"jetpack_featured_media_url":"https:\/\/i0.wp.com\/larevistadigital.com.ar\/blog\/wp-content\/uploads\/Screenshot_2-100.jpg?fit=1009%2C664&ssl=1","jetpack_sharing_enabled":true,"jetpack_shortlink":"https:\/\/wp.me\/p8qtrQ-4b6","jetpack-related-posts":[{"id":13271,"url":"https:\/\/larevistadigital.com.ar\/blog\/el-concejo-deliberante-aprobo-el-cultivo-medicinal-de-marihuana\/","url_meta":{"origin":16064,"position":0},"title":"EL CONCEJO DELIBERANTE APROB\u00d3 EL CULTIVO MEDICINAL DE MARIHUANA","author":"Alejandro Sosa Ruda","date":"20 noviembre, 2019","format":false,"excerpt":"El Concejo Deliberante de\u00a0Castelli aprob\u00f3 por unanimidad durante la sesi\u00f3n de este martes una ordenanza impulsada por el ejecutivo que regula el cultivo de Cannabis medicinal en la Ciudad. De esta manera Castelli se suma a los distritos de San Vicente, Gral Lamadrid, Hurlinghan, que aprobaron a trav\u00e9s del concejo\u2026","rel":"","context":"En \u00abCASTELLI\u00bb","block_context":{"text":"CASTELLI","link":"https:\/\/larevistadigital.com.ar\/blog\/category\/castelli\/"},"img":{"alt_text":"","src":"https:\/\/i0.wp.com\/larevistadigital.com.ar\/blog\/wp-content\/uploads\/20181017-Marihuana-1200x750.jpg?fit=1200%2C750&ssl=1&resize=350%2C200","width":350,"height":200,"srcset":"https:\/\/i0.wp.com\/larevistadigital.com.ar\/blog\/wp-content\/uploads\/20181017-Marihuana-1200x750.jpg?fit=1200%2C750&ssl=1&resize=350%2C200 1x, https:\/\/i0.wp.com\/larevistadigital.com.ar\/blog\/wp-content\/uploads\/20181017-Marihuana-1200x750.jpg?fit=1200%2C750&ssl=1&resize=525%2C300 1.5x, https:\/\/i0.wp.com\/larevistadigital.com.ar\/blog\/wp-content\/uploads\/20181017-Marihuana-1200x750.jpg?fit=1200%2C750&ssl=1&resize=700%2C400 2x, https:\/\/i0.wp.com\/larevistadigital.com.ar\/blog\/wp-content\/uploads\/20181017-Marihuana-1200x750.jpg?fit=1200%2C750&ssl=1&resize=1050%2C600 3x"},"classes":[]},{"id":5535,"url":"https:\/\/larevistadigital.com.ar\/blog\/castelli-denuncian-aprietes-en-el-concejo-deliberante-suspenden-sesion\/","url_meta":{"origin":16064,"position":1},"title":"CASTELLI: Denuncian Aprietes en el Concejo Deliberante&#8230; Suspenden sesi\u00f3n.","author":"Alejandro Sosa Ruda","date":"9 mayo, 2018","format":false,"excerpt":"As\u00ed lo inform\u00f3 la Presidenta del cuerpo deliberativo local, Azucena Traverso, que en dialogo con castellidiario manifest\u00f3 \u201chubo concejales que fueron presionados para que no haya sesi\u00f3n\u201d. En la jornada de este martes, el Concejo Deliberante iba a sesionar, en una convocatoria \u201cEspecial\u201d convocada para las 19.30 hs. pero media\u2026","rel":"","context":"En \u00abCASTELLI\u00bb","block_context":{"text":"CASTELLI","link":"https:\/\/larevistadigital.com.ar\/blog\/category\/castelli\/"},"img":{"alt_text":"","src":"https:\/\/i0.wp.com\/larevistadigital.com.ar\/blog\/wp-content\/uploads\/2018\/05\/foto-baja-1.jpg?fit=800%2C534&ssl=1&resize=350%2C200","width":350,"height":200,"srcset":"https:\/\/i0.wp.com\/larevistadigital.com.ar\/blog\/wp-content\/uploads\/2018\/05\/foto-baja-1.jpg?fit=800%2C534&ssl=1&resize=350%2C200 1x, https:\/\/i0.wp.com\/larevistadigital.com.ar\/blog\/wp-content\/uploads\/2018\/05\/foto-baja-1.jpg?fit=800%2C534&ssl=1&resize=525%2C300 1.5x, https:\/\/i0.wp.com\/larevistadigital.com.ar\/blog\/wp-content\/uploads\/2018\/05\/foto-baja-1.jpg?fit=800%2C534&ssl=1&resize=700%2C400 2x"},"classes":[]},{"id":16324,"url":"https:\/\/larevistadigital.com.ar\/blog\/desinfeccion-en-el-concejo-deliberante\/","url_meta":{"origin":16064,"position":2},"title":"DESINFECCI\u00d3N EN EL CONCEJO DELIBERANTE","author":"Alejandro Sosa Ruda","date":"14 septiembre, 2020","format":false,"excerpt":"El presidente del Concejo Deliberante de Chascom\u00fas, inform\u00f3 que el d\u00eda de hoy se realizar\u00e1 una desinfecci\u00f3n del recinto, en raz\u00f3n de haber aparecido un caso positivo entre los ediles. LA NOTA: Atento haber dado `positivo de Covid-19 el hisopado realizado a una concejala del cuerpo, el equipo epidemiol\u00f3gico municipal\u2026","rel":"","context":"En \u00abINTERES GENERAL\u00bb","block_context":{"text":"INTERES GENERAL","link":"https:\/\/larevistadigital.com.ar\/blog\/category\/interes-general\/"},"img":{"alt_text":"","src":"https:\/\/i0.wp.com\/larevistadigital.com.ar\/blog\/wp-content\/uploads\/2019\/05\/Screenshot_2-7.jpg?fit=1200%2C707&ssl=1&resize=350%2C200","width":350,"height":200,"srcset":"https:\/\/i0.wp.com\/larevistadigital.com.ar\/blog\/wp-content\/uploads\/2019\/05\/Screenshot_2-7.jpg?fit=1200%2C707&ssl=1&resize=350%2C200 1x, https:\/\/i0.wp.com\/larevistadigital.com.ar\/blog\/wp-content\/uploads\/2019\/05\/Screenshot_2-7.jpg?fit=1200%2C707&ssl=1&resize=525%2C300 1.5x, https:\/\/i0.wp.com\/larevistadigital.com.ar\/blog\/wp-content\/uploads\/2019\/05\/Screenshot_2-7.jpg?fit=1200%2C707&ssl=1&resize=700%2C400 2x, https:\/\/i0.wp.com\/larevistadigital.com.ar\/blog\/wp-content\/uploads\/2019\/05\/Screenshot_2-7.jpg?fit=1200%2C707&ssl=1&resize=1050%2C600 3x"},"classes":[]},{"id":3595,"url":"https:\/\/larevistadigital.com.ar\/blog\/chascomus-vecinos-autoconvocados-promueven-marcha-al-concejo-deliberante\/","url_meta":{"origin":16064,"position":3},"title":"CHASCOM\u00daS: VECINOS AUTOCONVOCADOS PROMUEVEN MARCHA AL CONCEJO DELIBERANTE","author":"Alejandro Sosa Ruda","date":"24 octubre, 2017","format":false,"excerpt":"En el d\u00eda de hoy, comenz\u00f3 a circular por las redes sociales y los grupos de whats app, una convocatoria a una marcha para el d\u00eda jueves a las 16,30 horas al Concejo Deliberante, ubicado en calle Mitre entre Lastra y Cr\u00e1mer. La consigna se trata de que la sociedad\u2026","rel":"","context":"En \u00abDESTACADAS\u00bb","block_context":{"text":"DESTACADAS","link":"https:\/\/larevistadigital.com.ar\/blog\/category\/destacadas\/"},"img":{"alt_text":"","src":"","width":0,"height":0},"classes":[]},{"id":5099,"url":"https:\/\/larevistadigital.com.ar\/blog\/inversion-salud-castelli-se-sumara-al-same-la-provincia\/","url_meta":{"origin":16064,"position":4},"title":"INVERSI\u00d3N EN SALUD: CASTELLI SE SUMAR\u00c1 AL SAME DE LA PROVINCIA","author":"admin","date":"15 febrero, 2018","format":false,"excerpt":"Esta semana, luego de la aprobaci\u00f3n del convenio por parte del Concejo Deliberante, nuestra ciudad quedar\u00e1 adherida al Sistema de Atenci\u00f3n M\u00e9dica en Emergencias (SAME) a trav\u00e9s del Ministerio de Salud de la Provincia de Buenos Aires. Esto requerir\u00e1 una inversi\u00f3n en salud que redundar\u00e1 en m\u00e1s y mejor atenci\u00f3n\u2026","rel":"","context":"En \u00abCASTELLI\u00bb","block_context":{"text":"CASTELLI","link":"https:\/\/larevistadigital.com.ar\/blog\/category\/castelli\/"},"img":{"alt_text":"","src":"https:\/\/i0.wp.com\/larevistadigital.com.ar\/blog\/wp-content\/uploads\/2018\/03\/same-664x335.jpg?fit=664%2C335&ssl=1&resize=350%2C200","width":350,"height":200,"srcset":"https:\/\/i0.wp.com\/larevistadigital.com.ar\/blog\/wp-content\/uploads\/2018\/03\/same-664x335.jpg?fit=664%2C335&ssl=1&resize=350%2C200 1x, https:\/\/i0.wp.com\/larevistadigital.com.ar\/blog\/wp-content\/uploads\/2018\/03\/same-664x335.jpg?fit=664%2C335&ssl=1&resize=525%2C300 1.5x"},"classes":[]},{"id":22819,"url":"https:\/\/larevistadigital.com.ar\/blog\/ultimo-momento-chascomus-en-plena-sesion-desalojan-de-urgencia-el-concejo-deliberante-por-una-amenaza-de-bomba\/","url_meta":{"origin":16064,"position":5},"title":"ULTIMO MOMENTO! CHASCOM\u00daS: EN PLENA SESI\u00d3N, DESALOJAN DE URGENCIA EL CONCEJO DELIBERANTE POR UNA AMENAZA DE BOMBA","author":"Alejandro Sosa Ruda","date":"2 diciembre, 2021","format":false,"excerpt":"CHASCOM\u00daS -\u00a0 \u00a0Hace instantes y mientras se desarrollaba la sesi\u00f3n del Concejo se recibi\u00f3 un llamado al 911 dando cuenta que hab\u00eda un aparato explosivo en el recinto. Las autoridades entonces, procedieron a evacuar el edificio, para ser inspeccionado por el personal, haciendo salir a todos los presentes, entre los\u2026","rel":"","context":"En \u00abDESTACADAS\u00bb","block_context":{"text":"DESTACADAS","link":"https:\/\/larevistadigital.com.ar\/blog\/category\/destacadas\/"},"img":{"alt_text":"","src":"https:\/\/i0.wp.com\/larevistadigital.com.ar\/blog\/wp-content\/uploads\/WhatsApp-Image-2021-12-02-at-10.36.41.jpeg?fit=1200%2C898&ssl=1&resize=350%2C200","width":350,"height":200,"srcset":"https:\/\/i0.wp.com\/larevistadigital.com.ar\/blog\/wp-content\/uploads\/WhatsApp-Image-2021-12-02-at-10.36.41.jpeg?fit=1200%2C898&ssl=1&resize=350%2C200 1x, https:\/\/i0.wp.com\/larevistadigital.com.ar\/blog\/wp-content\/uploads\/WhatsApp-Image-2021-12-02-at-10.36.41.jpeg?fit=1200%2C898&ssl=1&resize=525%2C300 1.5x, https:\/\/i0.wp.com\/larevistadigital.com.ar\/blog\/wp-content\/uploads\/WhatsApp-Image-2021-12-02-at-10.36.41.jpeg?fit=1200%2C898&ssl=1&resize=700%2C400 2x, https:\/\/i0.wp.com\/larevistadigital.com.ar\/blog\/wp-content\/uploads\/WhatsApp-Image-2021-12-02-at-10.36.41.jpeg?fit=1200%2C898&ssl=1&resize=1050%2C600 3x"},"classes":[]}],"_links":{"self":[{"href":"https:\/\/larevistadigital.com.ar\/blog\/wp-json\/wp\/v2\/posts\/16064","targetHints":{"allow":["GET"]}}],"collection":[{"href":"https:\/\/larevistadigital.com.ar\/blog\/wp-json\/wp\/v2\/posts"}],"about":[{"href":"https:\/\/larevistadigital.com.ar\/blog\/wp-json\/wp\/v2\/types\/post"}],"author":[{"embeddable":true,"href":"https:\/\/larevistadigital.com.ar\/blog\/wp-json\/wp\/v2\/users\/3"}],"replies":[{"embeddable":true,"href":"https:\/\/larevistadigital.com.ar\/blog\/wp-json\/wp\/v2\/comments?post=16064"}],"version-history":[{"count":1,"href":"https:\/\/larevistadigital.com.ar\/blog\/wp-json\/wp\/v2\/posts\/16064\/revisions"}],"predecessor-version":[{"id":16066,"href":"https:\/\/larevistadigital.com.ar\/blog\/wp-json\/wp\/v2\/posts\/16064\/revisions\/16066"}],"wp:featuredmedia":[{"embeddable":true,"href":"https:\/\/larevistadigital.com.ar\/blog\/wp-json\/wp\/v2\/media\/16065"}],"wp:attachment":[{"href":"https:\/\/larevistadigital.com.ar\/blog\/wp-json\/wp\/v2\/media?parent=16064"}],"wp:term":[{"taxonomy":"category","embeddable":true,"href":"https:\/\/larevistadigital.com.ar\/blog\/wp-json\/wp\/v2\/categories?post=16064"},{"taxonomy":"post_tag","embeddable":true,"href":"https:\/\/larevistadigital.com.ar\/blog\/wp-json\/wp\/v2\/tags?post=16064"}],"curies":[{"name":"wp","href":"https:\/\/api.w.org\/{rel}","templated":true}]}}