{"id":16067,"date":"2020-08-18T13:37:37","date_gmt":"2020-08-18T13:37:37","guid":{"rendered":"https:\/\/larevistadigital.com.ar\/blog\/?p=16067"},"modified":"2020-08-18T13:37:37","modified_gmt":"2020-08-18T13:37:37","slug":"peleas-balazos-un-herido-y-amenaza-narco","status":"publish","type":"post","link":"https:\/\/larevistadigital.com.ar\/blog\/peleas-balazos-un-herido-y-amenaza-narco\/","title":{"rendered":"PELEAS, BALAZOS, UN HERIDO Y AMENAZA NARCO"},"content":{"rendered":"<h2>Ca\u00f1uelas: Barrio La Uni\u00f3n. Vecinos denuncian que narcotraficantes de Isidro Casanova quieren expulsar a los ocupantes que en 2018 se instalaron en una fracci\u00f3n lindera al arroyo. El objetivo: volver a vender los lotes usurpados.<\/h2>\n<p>Unas 15 familias que viven en un predio de 3 hect\u00e1reas lindero al arroyo La Monta\u00f1eta viven<strong>\u00a0horas de mucho miedo y tensi\u00f3n:\u00a0<\/strong>desde ayer sufren la\u00a0<strong>amenaza de un grupo narco<\/strong>\u00a0que quiere echarlos para revender las parcelas a nuevos usurpadores.<\/p>\n<p>El conflicto comenz\u00f3 el domingo al mediod\u00eda con una\u00a0<strong>confrontaci\u00f3n entre los ocupantes que viven en el predio desde hace dos a\u00f1os y los facilitadores de la usurpaci\u00f3n<\/strong>, liderados por un puntero y narcotraficante conocido como \u00abPablo\u00bb. Ante la intervenci\u00f3n de la polic\u00eda, el choque no pas\u00f3 a mayores.<\/p>\n<p>A la noche, mientras los vecinos montaban guardia, algunos con fogatas,\u00a0<strong>aparecieron ocho atacantes, dos de ellos con armas de fuego, quienes empezaron a disparar contra las casillas.\u00a0<\/strong>Las mujeres escaparon corriendo con los ni\u00f1os, atravesando el arroyo en direcci\u00f3n al campo.<\/p>\n<p>Una de las viviendas atacadas se encuentra en Aguado 790 casi esquina Mosconi, donde vive Janett Gabriela Revainera, de 26 a\u00f1os.\u00a0<strong>Uno de los proyectiles ingres\u00f3 a la vivienda e hiri\u00f3 en un brazo a Alejo C\u00e1rdenas<\/strong>, de 18 a\u00f1os, domiciliado a metros del lugar. Tras ser atendido en el Hospital Marzetti, fue dado de alta. Se constat\u00f3 que adem\u00e1s de la herida de arma, ten\u00eda alg\u00fan grado de intoxicaci\u00f3n.<\/p>\n<p><strong>\u00abEl organizador de toda esta \u00a0movida es un tal Pablo, que suele merodear por la zona en una moto<\/strong>.\u00a0<strong>Es un puntero y jefe narco de Isidro Casanova<\/strong>\u00a0y es el que organiz\u00f3 la toma de hace dos a\u00f1os asociado con un tal Cristian, que ahora est\u00e1 preso. Ahora\u00a0<strong>vino a sacar a la gente que \u00e9l mismo trajo para vender nuevamente los terrenos<\/strong>\u00a0a otros usurpadores, obviamente a otro precio\u00bb dijo a\u00a0<strong>InfoCa\u00f1uelas\u00a0<\/strong>un vecino de la zona que tiene conocidos dentro del predio atacado.<\/p>\n<p>\u00abAnoche vinieron con mujeres para golpear a las mujeres y hombres para encargarse de los hombres. Como vino la polic\u00eda no pudieron echar a nadie y adem\u00e1s muchos se refugiaron en el campo cruzando el arroyo.<strong>\u00a0Fue muy triste ver a las mujeres correr asustadas con los nenes chiquitos en brazos. Est\u00e1n diciendo que esta noche van a volver con m\u00e1s refuerzos para apoderarse de las casas\u00bb<\/strong>\u00a0agreg\u00f3 el vecino.<\/p>\n<p>Ese predio, ubicado entre la calle Kennedy, el campo de Las Ca\u00f1as y el arroyo La Monta\u00f1eta,\u00a0<strong><a href=\"https:\/\/www.infocanuelas.com\/policiales\/masiva-usurpacion-de-lotes-en-el-barrio-la-union\" target=\"_blank\" rel=\"noopener noreferrer\">fue usurpado el domingo 27 de mayo de 2018<\/a>\u00a0por unas 50 personas pertenecientes a 10 familias.\u00a0<\/strong><\/p>\n<p>El lunes 28 de mayo la Municipalidad realiz\u00f3 una presentaci\u00f3n ante la Fiscal\u00eda 2 de la Dra. Norma Pippo, con copia de la resoluci\u00f3n del juez Federal de Quilmes, Luis Armella, que ordena\u00a0<strong>evitar cualquier asentamiento dentro del Camino de Sirga<\/strong>\u00a0(franja paralela al arroyo que no puede ser habitada por ser inundable).<\/p>\n<p>El jueves 31 a trav\u00e9s del abogado<strong>\u00a0Jos\u00e9 Luis Perrotat<\/strong>\u00a0la Municipalidad present\u00f3 el escrito ante el\u00a0<strong>juez Federal Jorge Rodr\u00edguez<\/strong>\u00a0cuestionando la\u00a0<strong>\u201cdilaci\u00f3n de los organismos e instituciones p\u00fablicas que no nos han brindado un procedimiento o actuaci\u00f3n contundente que resuelva el tema de una buena vez\u201d.\u00a0<\/strong><\/p>\n<p><a href=\"https:\/\/www.infocanuelas.com\/informacion-general\/norma-pippo-es-complejo-desalojar-sobre-todo-cuando-hay-chicos\" target=\"_blank\" rel=\"noopener noreferrer\"><strong>El 4 de junio de 2018 t\u00e9cnicos de la Autoridad del Agua (ADA) realizaron una medici\u00f3n<\/strong><\/a>\u00a0de la l\u00ednea de ribera para determinar si las casillas estaban dentro o fuera del Camino de Sirga. Hace pocas semanas (a dos a\u00f1os de la pericia) el ADA envi\u00f3 el informe a Pippo detallando que casi todas las parcelas est\u00e1n fuera del Camino de Sirga, de manera que la causa no pasar\u00e1 a la justicia Federal sino que continuar\u00e1 bajo la \u00f3rbita de la fiscal\u00eda local.<!--more--><!--more--><\/p>\n","protected":false},"excerpt":{"rendered":"<div class=\"mh-excerpt\"><p>Ca\u00f1uelas: Barrio La Uni\u00f3n. Vecinos denuncian que narcotraficantes de Isidro Casanova quieren expulsar a los ocupantes que en 2018 se instalaron en una fracci\u00f3n lindera al arroyo. El objetivo: volver a vender los lotes usurpados. <a class=\"mh-excerpt-more\" href=\"https:\/\/larevistadigital.com.ar\/blog\/peleas-balazos-un-herido-y-amenaza-narco\/\" title=\"PELEAS, BALAZOS, UN HERIDO Y AMENAZA NARCO\">[Leer M\u00e1s]<\/a><\/p>\n<\/div>","protected":false},"author":3,"featured_media":16068,"comment_status":"open","ping_status":"open","sticky":false,"template":"","format":"standard","meta":{"_jetpack_memberships_contains_paid_content":false,"footnotes":"","jetpack_publicize_message":"","jetpack_publicize_feature_enabled":true,"jetpack_social_post_already_shared":true,"jetpack_social_options":{"image_generator_settings":{"template":"highway","default_image_id":0,"font":"","enabled":false},"version":2}},"categories":[51],"tags":[],"class_list":{"0":"post-16067","1":"post","2":"type-post","3":"status-publish","4":"format-standard","5":"has-post-thumbnail","7":"category-regionales"},"jetpack_publicize_connections":[],"jetpack_featured_media_url":"https:\/\/i0.wp.com\/larevistadigital.com.ar\/blog\/wp-content\/uploads\/barrio-la-union-peleas-balazos-un-herido-y-amenaza-narco-21671.jpg?fit=950%2C500&ssl=1","jetpack_sharing_enabled":true,"jetpack_shortlink":"https:\/\/wp.me\/p8qtrQ-4b9","jetpack-related-posts":[{"id":18449,"url":"https:\/\/larevistadigital.com.ar\/blog\/toma-en-villa-mascardi-vecinos-denuncian-a-los-okupas-mapuches-por-venta-ilegal-de-lena\/","url_meta":{"origin":16067,"position":0},"title":"TOMA EN VILLA MASCARDI: VECINOS DENUNCIAN A LOS OKUPAS MAPUCHES POR VENTA ILEGAL DE LE\u00d1A","author":"Alejandro Sosa Ruda","date":"3 enero, 2021","format":false,"excerpt":"Los vecinos de la zona denunciaron semanas atr\u00e1s la tala con motosierras dentro del predio tomado por la lof Laftken Winkul Mapu. Ahora, la ofrecen a la venta para quienes van a pasar el d\u00eda Vecinos de Villa Mascardi denunciaron la venta de le\u00f1a ilegal parte de la comunidad mapuche\u2026","rel":"","context":"En \u00abINTERES GENERAL\u00bb","block_context":{"text":"INTERES GENERAL","link":"https:\/\/larevistadigital.com.ar\/blog\/category\/interes-general\/"},"img":{"alt_text":"","src":"https:\/\/i0.wp.com\/larevistadigital.com.ar\/blog\/wp-content\/uploads\/Screenshot_1-189.jpg?fit=1157%2C574&ssl=1&resize=350%2C200","width":350,"height":200,"srcset":"https:\/\/i0.wp.com\/larevistadigital.com.ar\/blog\/wp-content\/uploads\/Screenshot_1-189.jpg?fit=1157%2C574&ssl=1&resize=350%2C200 1x, https:\/\/i0.wp.com\/larevistadigital.com.ar\/blog\/wp-content\/uploads\/Screenshot_1-189.jpg?fit=1157%2C574&ssl=1&resize=525%2C300 1.5x, https:\/\/i0.wp.com\/larevistadigital.com.ar\/blog\/wp-content\/uploads\/Screenshot_1-189.jpg?fit=1157%2C574&ssl=1&resize=700%2C400 2x, https:\/\/i0.wp.com\/larevistadigital.com.ar\/blog\/wp-content\/uploads\/Screenshot_1-189.jpg?fit=1157%2C574&ssl=1&resize=1050%2C600 3x"},"classes":[]},{"id":38940,"url":"https:\/\/larevistadigital.com.ar\/blog\/un-predio-ocupado-ilegalmente-desde-2021-por-mapuches-vuelve-a-su-legitimo-propietario\/","url_meta":{"origin":16067,"position":1},"title":"Un predio ocupado ilegalmente desde 2021 por Mapuches, vuelve a su leg\u00edtimo propietario","author":"Alejandro Sosa Ruda","date":"6 marzo, 2025","format":false,"excerpt":"Luego de dos largos a\u00f1os de tomado el predio por supuestos Mapuches, la justicia hizo que premie la cordura y que se retiren los usurpadores. 06 de Marzo de 2025 R\u00cdO NEGRO -\u00a0 El gobierno de R\u00edo Negro concret\u00f3 hoy el desalojo de un predio forestal ubicado entre Bariloche y\u2026","rel":"","context":"En \u00abINTERES GENERAL\u00bb","block_context":{"text":"INTERES GENERAL","link":"https:\/\/larevistadigital.com.ar\/blog\/category\/interes-general\/"},"img":{"alt_text":"","src":"https:\/\/i0.wp.com\/larevistadigital.com.ar\/blog\/wp-content\/uploads\/Captura-de-pantalla-2025-03-06-154309.jpg?fit=678%2C392&ssl=1&resize=350%2C200","width":350,"height":200,"srcset":"https:\/\/i0.wp.com\/larevistadigital.com.ar\/blog\/wp-content\/uploads\/Captura-de-pantalla-2025-03-06-154309.jpg?fit=678%2C392&ssl=1&resize=350%2C200 1x, https:\/\/i0.wp.com\/larevistadigital.com.ar\/blog\/wp-content\/uploads\/Captura-de-pantalla-2025-03-06-154309.jpg?fit=678%2C392&ssl=1&resize=525%2C300 1.5x"},"classes":[]},{"id":19607,"url":"https:\/\/larevistadigital.com.ar\/blog\/los-medios-nacionales-reflejaron-la-manifestacion-a-la-vera-de-la-ruta-2-contra-la-instalacion-del-basural-en-inmediaciones-de-la-ruta-20\/","url_meta":{"origin":16067,"position":2},"title":"LOS MEDIOS NACIONALES REFLEJARON LA MANIFESTACI\u00d3N A LA VERA DE LA RUTA 2 CONTRA LA INSTALACI\u00d3N DEL BASURAL EN INMEDIACIONES  DE LA RUTA 20","author":"Alejandro Sosa Ruda","date":"5 abril, 2021","format":false,"excerpt":"Durante la jornada de ayer, se llev\u00f3 a cabo una manifestaci\u00f3n a la vera de la ruta 2 por parte de vecinos autoconvocados de Chascom\u00fas, particularmente quienes tienen sus propiedades en las inmediaciones de la ruta 20, aunque contando con el acompa\u00f1amiento de quienes no viven en esa zona, pero\u2026","rel":"","context":"En \u00abINTERES GENERAL\u00bb","block_context":{"text":"INTERES GENERAL","link":"https:\/\/larevistadigital.com.ar\/blog\/category\/interes-general\/"},"img":{"alt_text":"","src":"https:\/\/i0.wp.com\/larevistadigital.com.ar\/blog\/wp-content\/uploads\/WhatsApp-Image-2021-04-04-at-18.42.53.jpeg?fit=1200%2C750&ssl=1&resize=350%2C200","width":350,"height":200,"srcset":"https:\/\/i0.wp.com\/larevistadigital.com.ar\/blog\/wp-content\/uploads\/WhatsApp-Image-2021-04-04-at-18.42.53.jpeg?fit=1200%2C750&ssl=1&resize=350%2C200 1x, https:\/\/i0.wp.com\/larevistadigital.com.ar\/blog\/wp-content\/uploads\/WhatsApp-Image-2021-04-04-at-18.42.53.jpeg?fit=1200%2C750&ssl=1&resize=525%2C300 1.5x, https:\/\/i0.wp.com\/larevistadigital.com.ar\/blog\/wp-content\/uploads\/WhatsApp-Image-2021-04-04-at-18.42.53.jpeg?fit=1200%2C750&ssl=1&resize=700%2C400 2x, https:\/\/i0.wp.com\/larevistadigital.com.ar\/blog\/wp-content\/uploads\/WhatsApp-Image-2021-04-04-at-18.42.53.jpeg?fit=1200%2C750&ssl=1&resize=1050%2C600 3x"},"classes":[]},{"id":17060,"url":"https:\/\/larevistadigital.com.ar\/blog\/mas-vecinos-que-se-consideran-olvidados-reclamos-por-el-estado-de-los-caminos-rurales\/","url_meta":{"origin":16067,"position":3},"title":"M\u00c1S VECINOS QUE SE CONSIDERAN OLVIDADOS: RECLAMOS POR EL ESTADO DE LOS CAMINOS RURALES","author":"Alejandro Sosa Ruda","date":"20 octubre, 2020","format":false,"excerpt":"A los reclamos que vienen llegando a nuestra redacci\u00f3n, debemos sumar otro que tambi\u00e9n es parte del olvido de las autoridades hace mucho tiempo: LOS CAMINOS RURALES. Realmente es lamentable apreciar como la gente que no cuenta con el asfalto, en los momentos que llueve, ven impedida la posibilidad de\u2026","rel":"","context":"En \u00abDESTACADAS\u00bb","block_context":{"text":"DESTACADAS","link":"https:\/\/larevistadigital.com.ar\/blog\/category\/destacadas\/"},"img":{"alt_text":"","src":"https:\/\/i0.wp.com\/larevistadigital.com.ar\/blog\/wp-content\/uploads\/caminos-rurales.jpg?fit=900%2C1200&ssl=1&resize=350%2C200","width":350,"height":200,"srcset":"https:\/\/i0.wp.com\/larevistadigital.com.ar\/blog\/wp-content\/uploads\/caminos-rurales.jpg?fit=900%2C1200&ssl=1&resize=350%2C200 1x, https:\/\/i0.wp.com\/larevistadigital.com.ar\/blog\/wp-content\/uploads\/caminos-rurales.jpg?fit=900%2C1200&ssl=1&resize=525%2C300 1.5x, https:\/\/i0.wp.com\/larevistadigital.com.ar\/blog\/wp-content\/uploads\/caminos-rurales.jpg?fit=900%2C1200&ssl=1&resize=700%2C400 2x"},"classes":[]},{"id":18740,"url":"https:\/\/larevistadigital.com.ar\/blog\/chascomus-preocupacion-de-vecinos-por-la-instalacion-del-basurero-en-las-inmediaciones-de-la-ruta-20\/","url_meta":{"origin":16067,"position":4},"title":"CHASCOM\u00daS: PREOCUPACI\u00d3N DE VECINOS POR LA INSTALACI\u00d3N DEL BASURERO EN LAS INMEDIACIONES DE LA RUTA 20","author":"Alejandro Sosa Ruda","date":"6 febrero, 2021","format":false,"excerpt":"Luego que trascendiera el lugar en el que el gobierno de Chascom\u00fas tiene pensado instalar el basurero local, los vecinos de las inmediaciones, est\u00e1n realmente muy alarmados por las consecuencias que esto traer\u00eda aparejado, a punto tal que enviaron una nota al intendente Javier Gast\u00f3n, manifestando su preocupaci\u00f3n, y pidiendo\u2026","rel":"","context":"En \u00abDESTACADAS\u00bb","block_context":{"text":"DESTACADAS","link":"https:\/\/larevistadigital.com.ar\/blog\/category\/destacadas\/"},"img":{"alt_text":"","src":"https:\/\/i0.wp.com\/larevistadigital.com.ar\/blog\/wp-content\/uploads\/CARTELES-RUTA-20-2.jpg?fit=675%2C1200&ssl=1&resize=350%2C200","width":350,"height":200,"srcset":"https:\/\/i0.wp.com\/larevistadigital.com.ar\/blog\/wp-content\/uploads\/CARTELES-RUTA-20-2.jpg?fit=675%2C1200&ssl=1&resize=350%2C200 1x, https:\/\/i0.wp.com\/larevistadigital.com.ar\/blog\/wp-content\/uploads\/CARTELES-RUTA-20-2.jpg?fit=675%2C1200&ssl=1&resize=525%2C300 1.5x"},"classes":[]},{"id":18076,"url":"https:\/\/larevistadigital.com.ar\/blog\/la-plata-cae-profugo-desde-junio-por-crimen-con-sello-narco\/","url_meta":{"origin":16067,"position":5},"title":"LA PLATA: CAE PR\u00d3FUGO DESDE JUNIO, POR CRIMEN CON \u00abSELLO NARCO\u00bb","author":"Alejandro Sosa Ruda","date":"11 diciembre, 2020","format":false,"excerpt":"Se trata de un joven de 28 a\u00f1os quien, junto a su hermano, mataron de dos tiros a un muchacho de nacionalidad colombiana que vend\u00eda drogas en Villa Elvira. Tras una intensa investigaci\u00f3n, la Polic\u00eda arrest\u00f3 a un joven de 28 a\u00f1os\u00a0acusado de haber asesinado a V\u00edctor Mej\u00edas (27), un\u2026","rel":"","context":"En \u00abPOLICIALES\u00bb","block_context":{"text":"POLICIALES","link":"https:\/\/larevistadigital.com.ar\/blog\/category\/policiales\/"},"img":{"alt_text":"","src":"https:\/\/i0.wp.com\/larevistadigital.com.ar\/blog\/wp-content\/uploads\/1607691036775.jpg?fit=588%2C817&ssl=1&resize=350%2C200","width":350,"height":200,"srcset":"https:\/\/i0.wp.com\/larevistadigital.com.ar\/blog\/wp-content\/uploads\/1607691036775.jpg?fit=588%2C817&ssl=1&resize=350%2C200 1x, https:\/\/i0.wp.com\/larevistadigital.com.ar\/blog\/wp-content\/uploads\/1607691036775.jpg?fit=588%2C817&ssl=1&resize=525%2C300 1.5x"},"classes":[]}],"_links":{"self":[{"href":"https:\/\/larevistadigital.com.ar\/blog\/wp-json\/wp\/v2\/posts\/16067","targetHints":{"allow":["GET"]}}],"collection":[{"href":"https:\/\/larevistadigital.com.ar\/blog\/wp-json\/wp\/v2\/posts"}],"about":[{"href":"https:\/\/larevistadigital.com.ar\/blog\/wp-json\/wp\/v2\/types\/post"}],"author":[{"embeddable":true,"href":"https:\/\/larevistadigital.com.ar\/blog\/wp-json\/wp\/v2\/users\/3"}],"replies":[{"embeddable":true,"href":"https:\/\/larevistadigital.com.ar\/blog\/wp-json\/wp\/v2\/comments?post=16067"}],"version-history":[{"count":1,"href":"https:\/\/larevistadigital.com.ar\/blog\/wp-json\/wp\/v2\/posts\/16067\/revisions"}],"predecessor-version":[{"id":16069,"href":"https:\/\/larevistadigital.com.ar\/blog\/wp-json\/wp\/v2\/posts\/16067\/revisions\/16069"}],"wp:featuredmedia":[{"embeddable":true,"href":"https:\/\/larevistadigital.com.ar\/blog\/wp-json\/wp\/v2\/media\/16068"}],"wp:attachment":[{"href":"https:\/\/larevistadigital.com.ar\/blog\/wp-json\/wp\/v2\/media?parent=16067"}],"wp:term":[{"taxonomy":"category","embeddable":true,"href":"https:\/\/larevistadigital.com.ar\/blog\/wp-json\/wp\/v2\/categories?post=16067"},{"taxonomy":"post_tag","embeddable":true,"href":"https:\/\/larevistadigital.com.ar\/blog\/wp-json\/wp\/v2\/tags?post=16067"}],"curies":[{"name":"wp","href":"https:\/\/api.w.org\/{rel}","templated":true}]}}