{"id":16071,"date":"2020-08-20T11:44:38","date_gmt":"2020-08-20T11:44:38","guid":{"rendered":"https:\/\/larevistadigital.com.ar\/blog\/?p=16071"},"modified":"2020-08-20T11:44:38","modified_gmt":"2020-08-20T11:44:38","slug":"fuerte-golpiza-a-un-hombre-tras-fiesta-clandestina","status":"publish","type":"post","link":"https:\/\/larevistadigital.com.ar\/blog\/fuerte-golpiza-a-un-hombre-tras-fiesta-clandestina\/","title":{"rendered":"FUERTE GOLPIZA A UN HOMBRE TRAS FIESTA CLANDESTINA"},"content":{"rendered":"<p><strong>DOLORES &#8211;<\/strong> A pesar de las disposiciones que lo prohiben, a diario se tiene conocimiento de personas demoradas por no poder justificar porqu\u00e9 est\u00e1n en la calle, o reuniones que se realizan clandestinamente y que son denunciadas por los vecinos.<\/p>\n<blockquote>\n<h3>As\u00ed fue que el pasado fin de semana, en casa de una joven que ser\u00eda polic\u00eda se organiz\u00f3 una reuni\u00f3n, pero fueron denunciados y un vecino fue brutalmente agredido en presencia su peque\u00f1o hijo.<\/h3>\n<\/blockquote>\n<p>Todo ocurri\u00f3 en una vivienda ubicada en calle Mendiola entre Wallace y Vilgr\u00e9 Lamadrid.<\/p>\n<blockquote>\n<h3><strong>Seg\u00fan inform\u00f3 Diariocol, la due\u00f1a de casa, que ser\u00eda una joven polic\u00eda, habr\u00eda organizado una fiesta el viernes por la noche que continu\u00f3 hasta altas horas de la madrugada del s\u00e1bado con m\u00fasica a todo volumen y donde habr\u00eda varios invitados, todo esto en medio del aislamiento social, preventivo y obligatorio como medida de seguridad ante el coronavirus.<\/strong><\/h3>\n<\/blockquote>\n<p>La situaci\u00f3n en horas de la madrugada se desbord\u00f3 cuando dos o tres masculinos habr\u00edan agredido a un vecino que se encontraba en su casa, con su peque\u00f1o hijo, que tuvo que presenciar como golpeaban brutalmente a su padre, a tal punto que el hombre hasta sufri\u00f3 la p\u00e9rdida de piezas dentales.<\/p>\n<p>Si bien los vecinos llamaron varias veces a la polic\u00eda que se hizo presente en el lugar, no habr\u00eda aprehendidos.<\/p>\n","protected":false},"excerpt":{"rendered":"<div class=\"mh-excerpt\"><p>DOLORES &#8211; A pesar de las disposiciones que lo prohiben, a diario se tiene conocimiento de personas demoradas por no poder justificar porqu\u00e9 est\u00e1n en la calle, o reuniones que se realizan clandestinamente y que <a class=\"mh-excerpt-more\" href=\"https:\/\/larevistadigital.com.ar\/blog\/fuerte-golpiza-a-un-hombre-tras-fiesta-clandestina\/\" title=\"FUERTE GOLPIZA A UN HOMBRE TRAS FIESTA CLANDESTINA\">[Leer M\u00e1s]<\/a><\/p>\n<\/div>","protected":false},"author":3,"featured_media":16072,"comment_status":"open","ping_status":"open","sticky":false,"template":"","format":"standard","meta":{"_jetpack_memberships_contains_paid_content":false,"footnotes":"","jetpack_publicize_message":"","jetpack_publicize_feature_enabled":true,"jetpack_social_post_already_shared":true,"jetpack_social_options":{"image_generator_settings":{"template":"highway","default_image_id":0,"font":"","enabled":false},"version":2}},"categories":[43,44],"tags":[],"class_list":{"0":"post-16071","1":"post","2":"type-post","3":"status-publish","4":"format-standard","5":"has-post-thumbnail","7":"category-dolores","8":"category-policiales"},"jetpack_publicize_connections":[],"jetpack_featured_media_url":"https:\/\/i0.wp.com\/larevistadigital.com.ar\/blog\/wp-content\/uploads\/fiesta_50_1595700205.jpg?fit=984%2C541&ssl=1","jetpack_sharing_enabled":true,"jetpack_shortlink":"https:\/\/wp.me\/p8qtrQ-4bd","jetpack-related-posts":[{"id":9603,"url":"https:\/\/larevistadigital.com.ar\/blog\/dolores-clausura-y-disturbios-y-detenidos\/","url_meta":{"origin":16071,"position":0},"title":"DOLORES: CLAUSURA Y DISTURBIOS Y DETENIDOS","author":"Alejandro Sosa Ruda","date":"8 abril, 2019","format":false,"excerpt":"La Direcci\u00f3n Provincial de Registro y Control de la Comercializaci\u00f3n de Bebidas Alcoh\u00f3licas (ReBA), que pertenece al Ministerio de Seguridad de la Provincia de Buenos Aires, incaut\u00f3 botellas con bebidas alcoh\u00f3licas, inspeccion\u00f3 y clausur\u00f3 dos locales de esparcimiento nocturno en Dolores. El Director Provincial de Coordinaci\u00f3n y Fiscalizaci\u00f3n de la\u2026","rel":"","context":"En \u00abDOLORES\u00bb","block_context":{"text":"DOLORES","link":"https:\/\/larevistadigital.com.ar\/blog\/category\/dolores\/"},"img":{"alt_text":"","src":"https:\/\/i0.wp.com\/larevistadigital.com.ar\/blog\/wp-content\/uploads\/2019\/04\/Screenshot_3-2.jpg?fit=754%2C475&ssl=1&resize=350%2C200","width":350,"height":200,"srcset":"https:\/\/i0.wp.com\/larevistadigital.com.ar\/blog\/wp-content\/uploads\/2019\/04\/Screenshot_3-2.jpg?fit=754%2C475&ssl=1&resize=350%2C200 1x, https:\/\/i0.wp.com\/larevistadigital.com.ar\/blog\/wp-content\/uploads\/2019\/04\/Screenshot_3-2.jpg?fit=754%2C475&ssl=1&resize=525%2C300 1.5x, https:\/\/i0.wp.com\/larevistadigital.com.ar\/blog\/wp-content\/uploads\/2019\/04\/Screenshot_3-2.jpg?fit=754%2C475&ssl=1&resize=700%2C400 2x"},"classes":[]},{"id":11464,"url":"https:\/\/larevistadigital.com.ar\/blog\/encuentran-sin-vida-a-joven-de-17-anos\/","url_meta":{"origin":16071,"position":1},"title":"ENCUENTRAN SIN VIDA A JOVEN DE 17 A\u00d1OS","author":"Alejandro Sosa Ruda","date":"24 julio, 2019","format":false,"excerpt":"Sucedi\u00f3 en la intersecci\u00f3n de calles Chacabuco y Casalins, cuando fue encontrada sin vida, sin conocerse el motivo de su deceso. Aparentemente los \u00faltimos tiempos sufr\u00eda dolores estomacales, y no habr\u00eda despertado de su sue\u00f1o. La polic\u00eda cient\u00edfica trabaja en el hecho. AMPLIAREMOS. NOTICIA EN DESARROLLO.","rel":"","context":"En \u00abCHASCOM\u00daS\u00bb","block_context":{"text":"CHASCOM\u00daS","link":"https:\/\/larevistadigital.com.ar\/blog\/category\/chascomus\/"},"img":{"alt_text":"","src":"https:\/\/i0.wp.com\/larevistadigital.com.ar\/blog\/wp-content\/uploads\/2017\/10\/CRESP%C3%93N-NEGRO.jpg?fit=900%2C900&ssl=1&resize=350%2C200","width":350,"height":200,"srcset":"https:\/\/i0.wp.com\/larevistadigital.com.ar\/blog\/wp-content\/uploads\/2017\/10\/CRESP%C3%93N-NEGRO.jpg?fit=900%2C900&ssl=1&resize=350%2C200 1x, https:\/\/i0.wp.com\/larevistadigital.com.ar\/blog\/wp-content\/uploads\/2017\/10\/CRESP%C3%93N-NEGRO.jpg?fit=900%2C900&ssl=1&resize=525%2C300 1.5x, https:\/\/i0.wp.com\/larevistadigital.com.ar\/blog\/wp-content\/uploads\/2017\/10\/CRESP%C3%93N-NEGRO.jpg?fit=900%2C900&ssl=1&resize=700%2C400 2x"},"classes":[]},{"id":26910,"url":"https:\/\/larevistadigital.com.ar\/blog\/dolores-muere-un-joven-apunalado-por-su-vecino\/","url_meta":{"origin":16071,"position":2},"title":"DOLORES: MUERE UN J\u00d3VEN APU\u00d1ALADO POR SU VECINO","author":"Alejandro Sosa Ruda","date":"1 agosto, 2022","format":false,"excerpt":"La v\u00edctima ten\u00eda 23 a\u00f1os, y muri\u00f3 luego de que fuera trasladado al Hospital Municipal. DOLORES -\u00a0 Un hombre muri\u00f3 tras ser\u00a0apu\u00f1alado en\u00a0una pelea con un vecino que se gener\u00f3 en el Barrio \"Embarcadero\"\u00a0de la ciudad de Dolores. El hecho ocurri\u00f3 durante la noche del s\u00e1bado y si bien, el\u00a0herido\u2026","rel":"","context":"En \u00abDOLORES\u00bb","block_context":{"text":"DOLORES","link":"https:\/\/larevistadigital.com.ar\/blog\/category\/dolores\/"},"img":{"alt_text":"","src":"https:\/\/i0.wp.com\/larevistadigital.com.ar\/blog\/wp-content\/uploads\/73144f089b49837ea8d5d38df23886621ea58c4e.jpg?fit=1120%2C900&ssl=1&resize=350%2C200","width":350,"height":200,"srcset":"https:\/\/i0.wp.com\/larevistadigital.com.ar\/blog\/wp-content\/uploads\/73144f089b49837ea8d5d38df23886621ea58c4e.jpg?fit=1120%2C900&ssl=1&resize=350%2C200 1x, https:\/\/i0.wp.com\/larevistadigital.com.ar\/blog\/wp-content\/uploads\/73144f089b49837ea8d5d38df23886621ea58c4e.jpg?fit=1120%2C900&ssl=1&resize=525%2C300 1.5x, https:\/\/i0.wp.com\/larevistadigital.com.ar\/blog\/wp-content\/uploads\/73144f089b49837ea8d5d38df23886621ea58c4e.jpg?fit=1120%2C900&ssl=1&resize=700%2C400 2x, https:\/\/i0.wp.com\/larevistadigital.com.ar\/blog\/wp-content\/uploads\/73144f089b49837ea8d5d38df23886621ea58c4e.jpg?fit=1120%2C900&ssl=1&resize=1050%2C600 3x"},"classes":[]},{"id":10679,"url":"https:\/\/larevistadigital.com.ar\/blog\/dolores-la-policia-recupera-objetos-robados-a-una-joven\/","url_meta":{"origin":16071,"position":3},"title":"DOLORES: LA POLIC\u00cdA RECUPERA OBJETOS ROBADOS A UNA JOVEN","author":"Alejandro Sosa Ruda","date":"21 junio, 2019","format":false,"excerpt":"Luego de una investigaci\u00f3n el Gabinete de Prevenci\u00f3n de la polic\u00eda de Dolores logr\u00f3 recuperar un tel\u00e9fono celular y otros objetos que hab\u00edan sido robados a una joven de 18 a\u00f1os. Tras las tareas de rigor, se logr\u00f3 interceptar a un joven que intent\u00f3 fugarse pero fue aprehendido, y luego\u2026","rel":"","context":"En \u00abDOLORES\u00bb","block_context":{"text":"DOLORES","link":"https:\/\/larevistadigital.com.ar\/blog\/category\/dolores\/"},"img":{"alt_text":"","src":"https:\/\/i0.wp.com\/larevistadigital.com.ar\/blog\/wp-content\/uploads\/comisaria-de-dolores0220.jpg?fit=783%2C505&ssl=1&resize=350%2C200","width":350,"height":200,"srcset":"https:\/\/i0.wp.com\/larevistadigital.com.ar\/blog\/wp-content\/uploads\/comisaria-de-dolores0220.jpg?fit=783%2C505&ssl=1&resize=350%2C200 1x, https:\/\/i0.wp.com\/larevistadigital.com.ar\/blog\/wp-content\/uploads\/comisaria-de-dolores0220.jpg?fit=783%2C505&ssl=1&resize=525%2C300 1.5x, https:\/\/i0.wp.com\/larevistadigital.com.ar\/blog\/wp-content\/uploads\/comisaria-de-dolores0220.jpg?fit=783%2C505&ssl=1&resize=700%2C400 2x"},"classes":[]},{"id":36460,"url":"https:\/\/larevistadigital.com.ar\/blog\/dolores-una-casa-usurpada-fue-desalojada-por-la-policia\/","url_meta":{"origin":16071,"position":4},"title":"DOLORES: UNA CASA USURPADA FUE DESALOJADA POR LA POLIC\u00cdA","author":"Alejandro Sosa Ruda","date":"27 junio, 2024","format":false,"excerpt":"La familia present\u00f3 la escritura que demuestra que desde 1946 es la propietaria de la vivienda ubicada a s\u00f3lo 3 cuadras de la Plaza Castelli. 27 de Junio de 2024 DOLORES -\u00a0 \u00a0Luego de una denuncia realizada por vecinos, la polic\u00eda de Dolores, desaloj\u00f3 una vivienda que hab\u00eda sido usurpada\u2026","rel":"","context":"En \u00abPOLICIALES\u00bb","block_context":{"text":"POLICIALES","link":"https:\/\/larevistadigital.com.ar\/blog\/category\/policiales\/"},"img":{"alt_text":"","src":"https:\/\/i0.wp.com\/larevistadigital.com.ar\/blog\/wp-content\/uploads\/c336f6846ce16b25e77cf769d77ae33281a20d65.jpg?fit=1140%2C643&ssl=1&resize=350%2C200","width":350,"height":200,"srcset":"https:\/\/i0.wp.com\/larevistadigital.com.ar\/blog\/wp-content\/uploads\/c336f6846ce16b25e77cf769d77ae33281a20d65.jpg?fit=1140%2C643&ssl=1&resize=350%2C200 1x, https:\/\/i0.wp.com\/larevistadigital.com.ar\/blog\/wp-content\/uploads\/c336f6846ce16b25e77cf769d77ae33281a20d65.jpg?fit=1140%2C643&ssl=1&resize=525%2C300 1.5x, https:\/\/i0.wp.com\/larevistadigital.com.ar\/blog\/wp-content\/uploads\/c336f6846ce16b25e77cf769d77ae33281a20d65.jpg?fit=1140%2C643&ssl=1&resize=700%2C400 2x, https:\/\/i0.wp.com\/larevistadigital.com.ar\/blog\/wp-content\/uploads\/c336f6846ce16b25e77cf769d77ae33281a20d65.jpg?fit=1140%2C643&ssl=1&resize=1050%2C600 3x"},"classes":[]},{"id":18900,"url":"https:\/\/larevistadigital.com.ar\/blog\/sangriento-ataque-en-fiesta-clandestina-de-dolores-le-pegaron-por-ser-puto\/","url_meta":{"origin":16071,"position":5},"title":"SANGRIENTO ATAQUE EN FIESTA CLANDESTINA DE DOLORES: LE PEGARON \u00abPOR SER PUTO\u00bb","author":"Alejandro Sosa Ruda","date":"17 febrero, 2021","format":false,"excerpt":"Sucedi\u00f3 esta madrugada en Dolores. El joven atacado, que es docente y remisero, hizo su descargo en las redes sociales. El detalle. Un joven de Dolores fue v\u00edctima anoche de una feroz paliza por parte de una patota \"por ser puto\", seg\u00fan le gritaron los agresores. El hecho ocurri\u00f3\u00a0aproximadamente a\u2026","rel":"","context":"En \u00abDOLORES\u00bb","block_context":{"text":"DOLORES","link":"https:\/\/larevistadigital.com.ar\/blog\/category\/dolores\/"},"img":{"alt_text":"","src":"https:\/\/i0.wp.com\/larevistadigital.com.ar\/blog\/wp-content\/uploads\/88029c3cbfb0077a2a928cfd430546f027a91693.jpg?fit=1140%2C759&ssl=1&resize=350%2C200","width":350,"height":200,"srcset":"https:\/\/i0.wp.com\/larevistadigital.com.ar\/blog\/wp-content\/uploads\/88029c3cbfb0077a2a928cfd430546f027a91693.jpg?fit=1140%2C759&ssl=1&resize=350%2C200 1x, https:\/\/i0.wp.com\/larevistadigital.com.ar\/blog\/wp-content\/uploads\/88029c3cbfb0077a2a928cfd430546f027a91693.jpg?fit=1140%2C759&ssl=1&resize=525%2C300 1.5x, https:\/\/i0.wp.com\/larevistadigital.com.ar\/blog\/wp-content\/uploads\/88029c3cbfb0077a2a928cfd430546f027a91693.jpg?fit=1140%2C759&ssl=1&resize=700%2C400 2x, https:\/\/i0.wp.com\/larevistadigital.com.ar\/blog\/wp-content\/uploads\/88029c3cbfb0077a2a928cfd430546f027a91693.jpg?fit=1140%2C759&ssl=1&resize=1050%2C600 3x"},"classes":[]}],"_links":{"self":[{"href":"https:\/\/larevistadigital.com.ar\/blog\/wp-json\/wp\/v2\/posts\/16071","targetHints":{"allow":["GET"]}}],"collection":[{"href":"https:\/\/larevistadigital.com.ar\/blog\/wp-json\/wp\/v2\/posts"}],"about":[{"href":"https:\/\/larevistadigital.com.ar\/blog\/wp-json\/wp\/v2\/types\/post"}],"author":[{"embeddable":true,"href":"https:\/\/larevistadigital.com.ar\/blog\/wp-json\/wp\/v2\/users\/3"}],"replies":[{"embeddable":true,"href":"https:\/\/larevistadigital.com.ar\/blog\/wp-json\/wp\/v2\/comments?post=16071"}],"version-history":[{"count":1,"href":"https:\/\/larevistadigital.com.ar\/blog\/wp-json\/wp\/v2\/posts\/16071\/revisions"}],"predecessor-version":[{"id":16073,"href":"https:\/\/larevistadigital.com.ar\/blog\/wp-json\/wp\/v2\/posts\/16071\/revisions\/16073"}],"wp:featuredmedia":[{"embeddable":true,"href":"https:\/\/larevistadigital.com.ar\/blog\/wp-json\/wp\/v2\/media\/16072"}],"wp:attachment":[{"href":"https:\/\/larevistadigital.com.ar\/blog\/wp-json\/wp\/v2\/media?parent=16071"}],"wp:term":[{"taxonomy":"category","embeddable":true,"href":"https:\/\/larevistadigital.com.ar\/blog\/wp-json\/wp\/v2\/categories?post=16071"},{"taxonomy":"post_tag","embeddable":true,"href":"https:\/\/larevistadigital.com.ar\/blog\/wp-json\/wp\/v2\/tags?post=16071"}],"curies":[{"name":"wp","href":"https:\/\/api.w.org\/{rel}","templated":true}]}}