{"id":16074,"date":"2020-08-20T12:18:08","date_gmt":"2020-08-20T12:18:08","guid":{"rendered":"https:\/\/larevistadigital.com.ar\/blog\/?p=16074"},"modified":"2020-08-20T12:18:08","modified_gmt":"2020-08-20T12:18:08","slug":"lezama-dio-negativo-el-hisopado-del-intendente-harispe","status":"publish","type":"post","link":"https:\/\/larevistadigital.com.ar\/blog\/lezama-dio-negativo-el-hisopado-del-intendente-harispe\/","title":{"rendered":"LEZAMA: DIO NEGATIVO EL HISOPADO DEL INTENDENTE HARISPE"},"content":{"rendered":"<p>El Intendente de Lezama <strong>Arnaldo Harispe<\/strong> dio a conocer a trav\u00e9s de las redes sociales el siguiente mensaje:<\/p>\n<p><em><strong>\u201cQuiero informar a la comunidad que, despu\u00e9s de haber sido hisopado por presentar s\u00edntomas compatibles, recib\u00ed hoy el resultado negativo para Covid-19.<\/strong><\/em><\/p>\n<p><em><strong>Estoy con un cuadro gripal pero en buen estado de salud y ma\u00f1ana estar\u00e9 presente en el municipio, retomando las actividades y con una reuni\u00f3n prevista en el IPS, en la ciudad de La Plata. Hoy compart\u00ed, junto al intendente de Chascom\u00fas Javier Gast\u00f3n, una reuni\u00f3n virtual con autoridades de Hidra\u00falica Provincial, Recursos H\u00eddricos y la Autoridad del Agua por la cuenca lacustre de la regi\u00f3n.<\/strong><\/em><\/p>\n<p><em><strong>Quiero agradecer a todos los vecinos por los mensajes recibidos, a mi familia por el acompa\u00f1amiento y al Equipo de Salud local por su excelente atenci\u00f3n\u201d<\/strong><\/em>.<\/p>\n","protected":false},"excerpt":{"rendered":"<div class=\"mh-excerpt\"><p>El Intendente de Lezama Arnaldo Harispe dio a conocer a trav\u00e9s de las redes sociales el siguiente mensaje: \u201cQuiero informar a la comunidad que, despu\u00e9s de haber sido hisopado por presentar s\u00edntomas compatibles, recib\u00ed hoy <a class=\"mh-excerpt-more\" href=\"https:\/\/larevistadigital.com.ar\/blog\/lezama-dio-negativo-el-hisopado-del-intendente-harispe\/\" title=\"LEZAMA: DIO NEGATIVO EL HISOPADO DEL INTENDENTE HARISPE\">[Leer M\u00e1s]<\/a><\/p>\n<\/div>","protected":false},"author":3,"featured_media":16076,"comment_status":"open","ping_status":"open","sticky":false,"template":"","format":"standard","meta":{"_jetpack_memberships_contains_paid_content":false,"footnotes":"","jetpack_publicize_message":"","jetpack_publicize_feature_enabled":true,"jetpack_social_post_already_shared":true,"jetpack_social_options":{"image_generator_settings":{"template":"highway","default_image_id":0,"font":"","enabled":false},"version":2}},"categories":[7,51],"tags":[],"class_list":{"0":"post-16074","1":"post","2":"type-post","3":"status-publish","4":"format-standard","5":"has-post-thumbnail","7":"category-lezama","8":"category-regionales"},"jetpack_publicize_connections":[],"jetpack_featured_media_url":"https:\/\/i0.wp.com\/larevistadigital.com.ar\/blog\/wp-content\/uploads\/WhatsApp-Image-2020-08-19-at-10.08.17-PM.jpeg?fit=600%2C600&ssl=1","jetpack_sharing_enabled":true,"jetpack_shortlink":"https:\/\/wp.me\/p8qtrQ-4bg","jetpack-related-posts":[{"id":2787,"url":"https:\/\/larevistadigital.com.ar\/blog\/lezama-el-intendente-harispe-inaugurara-en-nuevo-concejo-delibertante\/","url_meta":{"origin":16074,"position":0},"title":"LEZAMA: EL INTENDENTE HARISPE INAUGURAR\u00c1 EN NUEVO CONCEJO DELIBERTANTE","author":"Alejandro Sosa Ruda","date":"27 julio, 2017","format":false,"excerpt":"Ma\u00f1ana a las 11 horas el intendente de Lezama, \u00a0Arnaldo Harispe, \u00a0pondr\u00e1 en funcionamiento el Geri\u00e1trico Do\u00f1a Celina de Girard, acompa\u00f1ado de funcionarios del PAMI. Se supo que dar\u00e1 a conocer los motivos por los cuales se retras\u00f3 su puesta en funcionamiento, adem\u00e1s de los tr\u00e1mites para hacer efectiva la\u2026","rel":"","context":"En \u00abLEZAMA\u00bb","block_context":{"text":"LEZAMA","link":"https:\/\/larevistadigital.com.ar\/blog\/category\/lezama\/"},"img":{"alt_text":"","src":"https:\/\/i0.wp.com\/larevistadigital.com.ar\/blog\/wp-content\/uploads\/2017\/07\/lezama.jpg?fit=960%2C720&ssl=1&resize=350%2C200","width":350,"height":200,"srcset":"https:\/\/i0.wp.com\/larevistadigital.com.ar\/blog\/wp-content\/uploads\/2017\/07\/lezama.jpg?fit=960%2C720&ssl=1&resize=350%2C200 1x, https:\/\/i0.wp.com\/larevistadigital.com.ar\/blog\/wp-content\/uploads\/2017\/07\/lezama.jpg?fit=960%2C720&ssl=1&resize=525%2C300 1.5x, https:\/\/i0.wp.com\/larevistadigital.com.ar\/blog\/wp-content\/uploads\/2017\/07\/lezama.jpg?fit=960%2C720&ssl=1&resize=700%2C400 2x"},"classes":[]},{"id":16520,"url":"https:\/\/larevistadigital.com.ar\/blog\/chascomus-claudio-ortega-dio-negativo-de-covid-19\/","url_meta":{"origin":16074,"position":1},"title":"CHASCOM\u00daS: CLAUDIO ORTEGA DI\u00d3 NEGATIVO DE COVID 19,","author":"Alejandro Sosa Ruda","date":"26 septiembre, 2020","format":false,"excerpt":"Finalmente y gracias a Dios, dio negativo el hisopado de Claudio Leonardo Ortega, amigo y colaborador del intendente municipal de Chascom\u00fas, Javier Gast\u00f3n. Esto se conoci\u00f3 en la tarde de hoy, y llev\u00f3 tranquilidad y alegr\u00eda a sus compa\u00f1eros y amigos.\u00a0Claudio Leonardo Ortega habr\u00eda presentado el jueves s\u00edntomas compatibles con\u2026","rel":"","context":"En \u00abDESTACADAS\u00bb","block_context":{"text":"DESTACADAS","link":"https:\/\/larevistadigital.com.ar\/blog\/category\/destacadas\/"},"img":{"alt_text":"","src":"https:\/\/i0.wp.com\/larevistadigital.com.ar\/blog\/wp-content\/uploads\/73270558_2477120862334577_6958532668099133440_o.jpg?fit=1200%2C900&ssl=1&resize=350%2C200","width":350,"height":200,"srcset":"https:\/\/i0.wp.com\/larevistadigital.com.ar\/blog\/wp-content\/uploads\/73270558_2477120862334577_6958532668099133440_o.jpg?fit=1200%2C900&ssl=1&resize=350%2C200 1x, https:\/\/i0.wp.com\/larevistadigital.com.ar\/blog\/wp-content\/uploads\/73270558_2477120862334577_6958532668099133440_o.jpg?fit=1200%2C900&ssl=1&resize=525%2C300 1.5x, https:\/\/i0.wp.com\/larevistadigital.com.ar\/blog\/wp-content\/uploads\/73270558_2477120862334577_6958532668099133440_o.jpg?fit=1200%2C900&ssl=1&resize=700%2C400 2x, https:\/\/i0.wp.com\/larevistadigital.com.ar\/blog\/wp-content\/uploads\/73270558_2477120862334577_6958532668099133440_o.jpg?fit=1200%2C900&ssl=1&resize=1050%2C600 3x"},"classes":[]},{"id":9132,"url":"https:\/\/larevistadigital.com.ar\/blog\/lezama-harispe-participo-del-encuentro-de-intendentes-en-la-quinta-de-olivos\/","url_meta":{"origin":16074,"position":2},"title":"LEZAMA: HARISPE PARTICIP\u00d3 DEL ENCUENTRO DE INTENDENTES EN LA QUINTA DE OLIVOS","author":"Alejandro Sosa Ruda","date":"16 marzo, 2019","format":false,"excerpt":"En la ma\u00f1ana deL viernes el intendente municipal de Lezama, Agrim. Arnaldo Harispe, fue parte de la reuni\u00f3n de trabajo convocada por el presidente de la Naci\u00f3n Mauricio Macri, la gobernadora Mar\u00eda Eugenia Vidal, y el vicegobernador Daniel Salvador. El encuentro tuvo lugar en la residencia presidencial de Olivos, donde\u2026","rel":"","context":"En \u00abLEZAMA\u00bb","block_context":{"text":"LEZAMA","link":"https:\/\/larevistadigital.com.ar\/blog\/category\/lezama\/"},"img":{"alt_text":"","src":"https:\/\/i0.wp.com\/larevistadigital.com.ar\/blog\/wp-content\/uploads\/2019\/03\/54006210_1421700251356005_8604928438794452992_n.jpg?fit=960%2C605&ssl=1&resize=350%2C200","width":350,"height":200,"srcset":"https:\/\/i0.wp.com\/larevistadigital.com.ar\/blog\/wp-content\/uploads\/2019\/03\/54006210_1421700251356005_8604928438794452992_n.jpg?fit=960%2C605&ssl=1&resize=350%2C200 1x, https:\/\/i0.wp.com\/larevistadigital.com.ar\/blog\/wp-content\/uploads\/2019\/03\/54006210_1421700251356005_8604928438794452992_n.jpg?fit=960%2C605&ssl=1&resize=525%2C300 1.5x, https:\/\/i0.wp.com\/larevistadigital.com.ar\/blog\/wp-content\/uploads\/2019\/03\/54006210_1421700251356005_8604928438794452992_n.jpg?fit=960%2C605&ssl=1&resize=700%2C400 2x"},"classes":[]},{"id":13636,"url":"https:\/\/larevistadigital.com.ar\/blog\/lezama-harispe-asumio-su-nuevo-mandato\/","url_meta":{"origin":16074,"position":3},"title":"LEZAMA: HARISPE ASUMI\u00d3 SU NUEVO MANDATO","author":"Alejandro Sosa Ruda","date":"12 diciembre, 2019","format":false,"excerpt":"El jefe comunal Lezamense asumi\u00f3 el segundo mandato al frente del municipio durante un concurrido acto en el Complejo Cultural General San Mart\u00edn. En el D\u00eda de la Restauraci\u00f3n de la Democracia Argentina la comunidad de Lezama se reuni\u00f3 en el Centro Cultural General San Mart\u00edn para ser parte de\u2026","rel":"","context":"En \u00abLEZAMA\u00bb","block_context":{"text":"LEZAMA","link":"https:\/\/larevistadigital.com.ar\/blog\/category\/lezama\/"},"img":{"alt_text":"","src":"https:\/\/i0.wp.com\/larevistadigital.com.ar\/blog\/wp-content\/uploads\/78953230_1626519054207456_4266015243580211200_o.jpg?fit=960%2C639&ssl=1&resize=350%2C200","width":350,"height":200,"srcset":"https:\/\/i0.wp.com\/larevistadigital.com.ar\/blog\/wp-content\/uploads\/78953230_1626519054207456_4266015243580211200_o.jpg?fit=960%2C639&ssl=1&resize=350%2C200 1x, https:\/\/i0.wp.com\/larevistadigital.com.ar\/blog\/wp-content\/uploads\/78953230_1626519054207456_4266015243580211200_o.jpg?fit=960%2C639&ssl=1&resize=525%2C300 1.5x, https:\/\/i0.wp.com\/larevistadigital.com.ar\/blog\/wp-content\/uploads\/78953230_1626519054207456_4266015243580211200_o.jpg?fit=960%2C639&ssl=1&resize=700%2C400 2x"},"classes":[]},{"id":2733,"url":"https:\/\/larevistadigital.com.ar\/blog\/lezama-arranco-la-cuarta-fecha-del-rally-mar-y-sierras\/","url_meta":{"origin":16074,"position":4},"title":"LEZAMA: ARRANC\u00d3 LA CUARTA FECHA DEL RALLY \u00abMAR Y SIERRAS\u00bb","author":"Alejandro Sosa Ruda","date":"23 julio, 2017","format":false,"excerpt":"Anoche se larg\u00f3 la cuarta fecha del Rally \u201cMar y Sierras\u201d que se corre en Lezama este fin de semana. Antes se hab\u00eda realizado una reuni\u00f3n en el club Cobo, en donde adem\u00e1s de los pilotos, participaron entre otros el intendente de la ciudad, Arnaldo Harispe, el Secretario de Gobierno\u2026","rel":"","context":"En \u00abDEPORTES\u00bb","block_context":{"text":"DEPORTES","link":"https:\/\/larevistadigital.com.ar\/blog\/category\/deportes\/"},"img":{"alt_text":"","src":"https:\/\/i0.wp.com\/larevistadigital.com.ar\/blog\/wp-content\/uploads\/2017\/07\/16265190_644209929123372_7505035226210743719_n.jpg?fit=720%2C480&ssl=1&resize=350%2C200","width":350,"height":200,"srcset":"https:\/\/i0.wp.com\/larevistadigital.com.ar\/blog\/wp-content\/uploads\/2017\/07\/16265190_644209929123372_7505035226210743719_n.jpg?fit=720%2C480&ssl=1&resize=350%2C200 1x, https:\/\/i0.wp.com\/larevistadigital.com.ar\/blog\/wp-content\/uploads\/2017\/07\/16265190_644209929123372_7505035226210743719_n.jpg?fit=720%2C480&ssl=1&resize=525%2C300 1.5x, https:\/\/i0.wp.com\/larevistadigital.com.ar\/blog\/wp-content\/uploads\/2017\/07\/16265190_644209929123372_7505035226210743719_n.jpg?fit=720%2C480&ssl=1&resize=700%2C400 2x"},"classes":[]},{"id":192,"url":"https:\/\/larevistadigital.com.ar\/blog\/intendente-harispe-presento-la-nueva-ambulancia-del-hospital\/","url_meta":{"origin":16074,"position":5},"title":"El Intendente Harispe present\u00f3 la nueva ambulancia del Hospital","author":"editor","date":"14 enero, 2017","format":false,"excerpt":"En horas del mediod\u00eda de ayer, viernes 13, fue presentada oficialmente la nueva UTIM (Unidad de Terapia Intensiva M\u00f3vil) que el Municipio de Lezama incorpor\u00f3 al Hospital \"Dr. Francisco Quijano\" de tal ciudad, mediante gestiones efectuadas en el Ministerio de Salud de la Provincia de Buenos Aires. La unidad cuenta\u2026","rel":"","context":"En \u00abLEZAMA\u00bb","block_context":{"text":"LEZAMA","link":"https:\/\/larevistadigital.com.ar\/blog\/category\/lezama\/"},"img":{"alt_text":"","src":"https:\/\/i0.wp.com\/larevistadigital.com.ar\/blog\/wp-content\/uploads\/2017\/02\/DSC01399-Copiar1-324x160-300x148.jpg?resize=350%2C200&ssl=1","width":350,"height":200},"classes":[]}],"_links":{"self":[{"href":"https:\/\/larevistadigital.com.ar\/blog\/wp-json\/wp\/v2\/posts\/16074","targetHints":{"allow":["GET"]}}],"collection":[{"href":"https:\/\/larevistadigital.com.ar\/blog\/wp-json\/wp\/v2\/posts"}],"about":[{"href":"https:\/\/larevistadigital.com.ar\/blog\/wp-json\/wp\/v2\/types\/post"}],"author":[{"embeddable":true,"href":"https:\/\/larevistadigital.com.ar\/blog\/wp-json\/wp\/v2\/users\/3"}],"replies":[{"embeddable":true,"href":"https:\/\/larevistadigital.com.ar\/blog\/wp-json\/wp\/v2\/comments?post=16074"}],"version-history":[{"count":1,"href":"https:\/\/larevistadigital.com.ar\/blog\/wp-json\/wp\/v2\/posts\/16074\/revisions"}],"predecessor-version":[{"id":16077,"href":"https:\/\/larevistadigital.com.ar\/blog\/wp-json\/wp\/v2\/posts\/16074\/revisions\/16077"}],"wp:featuredmedia":[{"embeddable":true,"href":"https:\/\/larevistadigital.com.ar\/blog\/wp-json\/wp\/v2\/media\/16076"}],"wp:attachment":[{"href":"https:\/\/larevistadigital.com.ar\/blog\/wp-json\/wp\/v2\/media?parent=16074"}],"wp:term":[{"taxonomy":"category","embeddable":true,"href":"https:\/\/larevistadigital.com.ar\/blog\/wp-json\/wp\/v2\/categories?post=16074"},{"taxonomy":"post_tag","embeddable":true,"href":"https:\/\/larevistadigital.com.ar\/blog\/wp-json\/wp\/v2\/tags?post=16074"}],"curies":[{"name":"wp","href":"https:\/\/api.w.org\/{rel}","templated":true}]}}