{"id":16078,"date":"2020-08-20T12:47:53","date_gmt":"2020-08-20T12:47:53","guid":{"rendered":"https:\/\/larevistadigital.com.ar\/blog\/?p=16078"},"modified":"2020-08-20T12:47:53","modified_gmt":"2020-08-20T12:47:53","slug":"mar-del-plata-hallan-un-hombre-carbonizado-en-plaza-guemes-se-busca-su-acompanante","status":"publish","type":"post","link":"https:\/\/larevistadigital.com.ar\/blog\/mar-del-plata-hallan-un-hombre-carbonizado-en-plaza-guemes-se-busca-su-acompanante\/","title":{"rendered":"MAR DEL PLATA: HALLAN UN HOMBRE CARBONIZADO EN PLAZA G\u00dcEMES. SE BUSCA SU ACOMPA\u00d1ANTE"},"content":{"rendered":"<h2>La Justicia y la polic\u00eda investigan el hecho y sospechan que se trat\u00f3 de un accidente, aunque todav\u00eda no descartan ninguna otra hip\u00f3tesis. La v\u00edctima no fue identificada y aguardan los resultados de la autopsia.<\/h2>\n<p>Un\u00a0<strong>hombre fue hallado carbonizado este jueves a la madrugada en la Plaza G\u00fcemes<\/strong>, en el coraz\u00f3n del barrio Primera Junta, y ahora tanto la Justicia como la polic\u00eda investigan si se trat\u00f3 de un accidente, aunque no descartan ninguna otra hip\u00f3tesis.<\/p>\n<p>El hecho se conoci\u00f3 cerca de las 2 de la ma\u00f1ana, cuando un joven de 24 a\u00f1os llam\u00f3 al 911 tras advertir el fuego en un sector de la plaza ubicada en\u00a0<strong>Roca y Tucum\u00e1n<\/strong>. Al llegar personal del\u00a0<strong>CPC Centro<\/strong>\u00a0y la\u00a0<strong>comisar\u00eda segunda<\/strong>\u00a0-con jurisdicci\u00f3n en esa zona-, se encontr\u00f3 con un cad\u00e1ver carbonizado perteneciente a un hombre, aunque sin documentaci\u00f3n que permitiera su r\u00e1pida identificaci\u00f3n.<\/p>\n<blockquote>\n<h3>Seg\u00fan informaron fuentes de la investigaci\u00f3n consultadas por\u00a0<strong>LA CAPITAL<\/strong>, con el paso de las horas se supo que la v\u00edctima estaba junto a un amigo o conocido con el que podr\u00eda haber estado ingiriendo alg\u00fan tipo de bebida alcoh\u00f3lica y fumando, lo cual\u00a0<strong>habr\u00eda podido desencadenar en el incendio del colch\u00f3n sobre el que estaban tendidos en el c\u00e9sped<\/strong>. Sin embargo, ese testigo a\u00fan no fue identificado tampoco y por ese motivo se desconoce su versi\u00f3n de lo ocurrido.<\/h3>\n<\/blockquote>\n<p>Si bien, como se explic\u00f3 antes, no se descarta ninguna hip\u00f3tesis, en principio el fiscal\u00a0<strong>Leandro Ar\u00e9valo<\/strong>, que interviene en el caso, y los polic\u00edas que participaron del operativo sospechan que podr\u00eda haberse tratado de un accidente. Durante la jornada de este jueves, cuando se realice la autopsia al cad\u00e1ver de la v\u00edctima y se logre identificarla, podr\u00edan existir avances en la pesquisa, por la cual se inici\u00f3 una causa penal caratulada \u201cAveriguaci\u00f3n causales de muerte\u201d.<\/p>\n<p><strong>SE BUSCA AL ACOMPA\u00d1ANTE DEL FALLECIDO:<\/strong><\/p>\n<p>La polic\u00eda procura conocer su versi\u00f3n del hecho ocurrido este jueves a la madrugada en la Plaza G\u00fcemes, a la vez que analiza c\u00e1maras de seguridad de la zona. Los vecinos contaron detalles del caso a LA CAPITAL.<\/p>\n<p>Eran dos hombres: uno rubio y el otro morocho. Durante ocho de las \u00faltimas diez noches durmieron sobre un colch\u00f3n en la\u00a0<strong>Plaza G\u00fcemes<\/strong>: s\u00f3lo en dos de ellas accedieron a resguardarse tras la intervenci\u00f3n de\u00a0<strong>Defensa Civil<\/strong>. A pesar de los esfuerzos del personal municipal, decidieron volver al predio de Roca y Buenos Aires durante la madrugada m\u00e1s fr\u00eda del a\u00f1o.<\/p>\n<blockquote>\n<h3>Los habitantes de la zona contaron a los uniformados, y tambi\u00e9n a\u00a0<strong>LA CAPITAL<\/strong>, que hac\u00eda muy poco tiempo que ambas personas hab\u00edan comenzado a pernoctar en la plaza. \u201cEran tranquilos, s\u00f3lo gritaron en algunas noches, mientras tomaban alcohol y fumaban cigarrillos. Pero en general, no ocasionaron ning\u00fan disturbio\u201d, se\u00f1al\u00f3 a este medio una mujer que reside en un departamento del primer piso de un edifico lindero al lugar donde se produjo el hallazgo.<\/h3>\n<\/blockquote>\n<p>Y agreg\u00f3: <em><strong>\u201cMi ventana da justo al lugar donde paraban y dorm\u00edan, sobre un colch\u00f3n. Eran dos muchachos j\u00f3venes y yo llam\u00e9 a todos los tel\u00e9fonos que hay de la Municipalidad y la polic\u00eda para que los ayudaran. Vinieron varias veces, les pidieron documentos y una vez Defensa Civil logr\u00f3 que fueran a un centro de asistencia, creo, pero despu\u00e9s volvieron\u201d.<\/strong><\/em><\/p>\n<blockquote>\n<h3>La vecina de la\u00a0<strong>Plaza G\u00fcemes<\/strong>\u00a0lament\u00f3 la muerte de uno de los hombres y aclar\u00f3 que \u201csalvo en la noche del s\u00e1bado, cuando se emborracharon y quer\u00edan subir a una palmera\u201d no ocasionaron disturbio alguno. \u201cAnoche yo estaba lavando los platos y me saludaban, se re\u00edan, pero m\u00e1s tarde escuch\u00e9 gritos y me enter\u00e9 que uno hab\u00eda fallecido carbonizado\u201d, a\u00f1adi\u00f3 la mujer.<\/h3>\n<\/blockquote>\n<p>Es todo. No hay m\u00e1s datos que puedan aportar los habitantes de la zona. Por eso, la polic\u00eda procura dar con el acompa\u00f1ante de la v\u00edctima, aunque sin conocer la identidad de ninguno de los dos. <em><strong>\u201cNi siquiera sabemos si el que muri\u00f3 es el rubio o el morocho, porque el cad\u00e1ver estaba totalmente quemado\u201d<\/strong><\/em>, confi\u00f3 una fuente de la fuerza, extraoficialmente.<\/p>\n<p>PUBLICADO EN LC<\/p>\n","protected":false},"excerpt":{"rendered":"<div class=\"mh-excerpt\"><p>La Justicia y la polic\u00eda investigan el hecho y sospechan que se trat\u00f3 de un accidente, aunque todav\u00eda no descartan ninguna otra hip\u00f3tesis. La v\u00edctima no fue identificada y aguardan los resultados de la autopsia. <a class=\"mh-excerpt-more\" href=\"https:\/\/larevistadigital.com.ar\/blog\/mar-del-plata-hallan-un-hombre-carbonizado-en-plaza-guemes-se-busca-su-acompanante\/\" title=\"MAR DEL PLATA: HALLAN UN HOMBRE CARBONIZADO EN PLAZA G\u00dcEMES. SE BUSCA SU ACOMPA\u00d1ANTE\">[Leer M\u00e1s]<\/a><\/p>\n<\/div>","protected":false},"author":3,"featured_media":16079,"comment_status":"open","ping_status":"open","sticky":false,"template":"","format":"standard","meta":{"_jetpack_memberships_contains_paid_content":false,"footnotes":"","jetpack_publicize_message":"","jetpack_publicize_feature_enabled":true,"jetpack_social_post_already_shared":true,"jetpack_social_options":{"image_generator_settings":{"template":"highway","default_image_id":0,"font":"","enabled":false},"version":2}},"categories":[44,51],"tags":[],"class_list":{"0":"post-16078","1":"post","2":"type-post","3":"status-publish","4":"format-standard","5":"has-post-thumbnail","7":"category-policiales","8":"category-regionales"},"jetpack_publicize_connections":[],"jetpack_featured_media_url":"https:\/\/i0.wp.com\/larevistadigital.com.ar\/blog\/wp-content\/uploads\/Screenshot_2-101.jpg?fit=1000%2C666&ssl=1","jetpack_sharing_enabled":true,"jetpack_shortlink":"https:\/\/wp.me\/p8qtrQ-4bk","jetpack-related-posts":[{"id":16081,"url":"https:\/\/larevistadigital.com.ar\/blog\/mar-del-plata-fue-asesinato-confirman-que-el-indigente-encontrado-en-plaza-guemes-fue-muerto-a-golpes-y-prendido-fuego\/","url_meta":{"origin":16078,"position":0},"title":"MAR DEL PLATA: FUE ASESINATO. CONFIRMAN QUE EL INDIGENTE ENCONTRADO EN PLAZA G\u00dcEMES FUE MUERTO A GOLPES Y PRENDIDO FUEGO","author":"Alejandro Sosa Ruda","date":"20 agosto, 2020","format":false,"excerpt":"La operaci\u00f3n de autopsia realizada esta tarde al cuerpo carbonizado que fue hallado en la Plaza G\u00fcemes estableci\u00f3 que presentaba golpes y que estaba vivo cuando fue prendido fuego. Buscan a un hombre que estaba con \u00e9l. MAR DEL PLATA- El indigente de 31 a\u00f1os cuyo cuerpo fue hallado carbonizado\u2026","rel":"","context":"En \u00abPOLICIALES\u00bb","block_context":{"text":"POLICIALES","link":"https:\/\/larevistadigital.com.ar\/blog\/category\/policiales\/"},"img":{"alt_text":"","src":"https:\/\/i0.wp.com\/larevistadigital.com.ar\/blog\/wp-content\/uploads\/Screenshot_3-48.jpg?fit=1003%2C671&ssl=1&resize=350%2C200","width":350,"height":200,"srcset":"https:\/\/i0.wp.com\/larevistadigital.com.ar\/blog\/wp-content\/uploads\/Screenshot_3-48.jpg?fit=1003%2C671&ssl=1&resize=350%2C200 1x, https:\/\/i0.wp.com\/larevistadigital.com.ar\/blog\/wp-content\/uploads\/Screenshot_3-48.jpg?fit=1003%2C671&ssl=1&resize=525%2C300 1.5x, https:\/\/i0.wp.com\/larevistadigital.com.ar\/blog\/wp-content\/uploads\/Screenshot_3-48.jpg?fit=1003%2C671&ssl=1&resize=700%2C400 2x"},"classes":[]},{"id":16975,"url":"https:\/\/larevistadigital.com.ar\/blog\/encuentran-muerta-a-una-mujer-en-empalme-lobos-investigan-si-se-trato-de-un-femicidio\/","url_meta":{"origin":16078,"position":1},"title":"ENCUENTRAN MUERTA A UNA MUJER EN EMPALME LOBOS. INVESTIGAN SI SE TRAT\u00d3 DE UN FEMICIDIO","author":"Alejandro Sosa Ruda","date":"14 octubre, 2020","format":false,"excerpt":"Se trata de una mujer de unos 50 a\u00f1os. Su cuerpo fue encontrado sobre un mont\u00edculo de tierra, aparentemente sin signos de violencia en el cuerpo. El cuerpo de una mujer de unos 50 a\u00f1os fue encontrado este mir\u00e9coles en la localidad bonaerense de Empalme Lobos y se investigan las\u2026","rel":"","context":"En \u00abPOLICIALES\u00bb","block_context":{"text":"POLICIALES","link":"https:\/\/larevistadigital.com.ar\/blog\/category\/policiales\/"},"img":{"alt_text":"","src":"https:\/\/i0.wp.com\/larevistadigital.com.ar\/blog\/wp-content\/uploads\/0038145406.jpg?fit=1140%2C640&ssl=1&resize=350%2C200","width":350,"height":200,"srcset":"https:\/\/i0.wp.com\/larevistadigital.com.ar\/blog\/wp-content\/uploads\/0038145406.jpg?fit=1140%2C640&ssl=1&resize=350%2C200 1x, https:\/\/i0.wp.com\/larevistadigital.com.ar\/blog\/wp-content\/uploads\/0038145406.jpg?fit=1140%2C640&ssl=1&resize=525%2C300 1.5x, https:\/\/i0.wp.com\/larevistadigital.com.ar\/blog\/wp-content\/uploads\/0038145406.jpg?fit=1140%2C640&ssl=1&resize=700%2C400 2x, https:\/\/i0.wp.com\/larevistadigital.com.ar\/blog\/wp-content\/uploads\/0038145406.jpg?fit=1140%2C640&ssl=1&resize=1050%2C600 3x"},"classes":[]},{"id":11916,"url":"https:\/\/larevistadigital.com.ar\/blog\/investigan-en-san-vicente-la-muerte-de-unos-35-anos\/","url_meta":{"origin":16078,"position":2},"title":"INVESTIGAN EN SAN VICENTE LA MUERTE DE UNOS 35 A\u00d1OS","author":"Alejandro Sosa Ruda","date":"20 agosto, 2019","format":false,"excerpt":"Una polic\u00eda de 35 a\u00f1os de edad falleci\u00f3 despu\u00e9s de haber ingreso al hospital Ramo Carrillo con un disparo. A pesar de la actuaci\u00f3n de los m\u00e9dicos falleci\u00f3 esta tarde. La mujer, oriunda de San Vicente viv\u00eda sobre la calle Buenos Aires. Seg\u00fan trascendi\u00f3 su marido -tambi\u00e9n polic\u00eda- la habr\u00eda\u2026","rel":"","context":"En \u00abREGIONALES\u00bb","block_context":{"text":"REGIONALES","link":"https:\/\/larevistadigital.com.ar\/blog\/category\/regionales\/"},"img":{"alt_text":"","src":"https:\/\/i0.wp.com\/larevistadigital.com.ar\/blog\/wp-content\/uploads\/1519966099115_wm-1.jpg?fit=1024%2C575&ssl=1&resize=350%2C200","width":350,"height":200,"srcset":"https:\/\/i0.wp.com\/larevistadigital.com.ar\/blog\/wp-content\/uploads\/1519966099115_wm-1.jpg?fit=1024%2C575&ssl=1&resize=350%2C200 1x, https:\/\/i0.wp.com\/larevistadigital.com.ar\/blog\/wp-content\/uploads\/1519966099115_wm-1.jpg?fit=1024%2C575&ssl=1&resize=525%2C300 1.5x, https:\/\/i0.wp.com\/larevistadigital.com.ar\/blog\/wp-content\/uploads\/1519966099115_wm-1.jpg?fit=1024%2C575&ssl=1&resize=700%2C400 2x"},"classes":[]},{"id":15961,"url":"https:\/\/larevistadigital.com.ar\/blog\/lo-confunden-con-otro-y-le-pegan-un-tiro-en-la-pierna\/","url_meta":{"origin":16078,"position":3},"title":"LO CONFUNDEN CON OTRO Y LE PEGAN UN TIRO EN LA PIERNA","author":"Alejandro Sosa Ruda","date":"12 agosto, 2020","format":false,"excerpt":"El ataque ocurri\u00f3 ayer a la noche en el barrio Fortunato de la Plaza. La v\u00edctima tiene 18 a\u00f1os y fue trasladado de urgencia al Hospital Interzonal. Un\u00a0joven de 18 a\u00f1os fue baleado\u00a0en una pierna ayer a la noche mientras caminaba por el barrio\u00a0Fortunato de la Plaza\u00a0y, seg\u00fan le explic\u00f3\u2026","rel":"","context":"En \u00abPOLICIALES\u00bb","block_context":{"text":"POLICIALES","link":"https:\/\/larevistadigital.com.ar\/blog\/category\/policiales\/"},"img":{"alt_text":"","src":"https:\/\/i0.wp.com\/larevistadigital.com.ar\/blog\/wp-content\/uploads\/Screenshot_1-127.jpg?fit=1008%2C661&ssl=1&resize=350%2C200","width":350,"height":200,"srcset":"https:\/\/i0.wp.com\/larevistadigital.com.ar\/blog\/wp-content\/uploads\/Screenshot_1-127.jpg?fit=1008%2C661&ssl=1&resize=350%2C200 1x, https:\/\/i0.wp.com\/larevistadigital.com.ar\/blog\/wp-content\/uploads\/Screenshot_1-127.jpg?fit=1008%2C661&ssl=1&resize=525%2C300 1.5x, https:\/\/i0.wp.com\/larevistadigital.com.ar\/blog\/wp-content\/uploads\/Screenshot_1-127.jpg?fit=1008%2C661&ssl=1&resize=700%2C400 2x"},"classes":[]},{"id":43453,"url":"https:\/\/larevistadigital.com.ar\/blog\/hallaron-a-un-hombre-sin-vida-dentro-de-un-vehiculo\/","url_meta":{"origin":16078,"position":4},"title":"Hallaron a un hombre sin vida dentro de un veh\u00edculo","author":"Alejandro Sosa Ruda","date":"19 enero, 2026","format":false,"excerpt":"El hecho ocurri\u00f3 a unos cinco kil\u00f3metros de la localidad, de Lavarden, en el partido de General Guido. La Justicia investiga el caso y no se descartan hip\u00f3tesis vinculadas a una autodeterminaci\u00f3n. 19 de enero de 2026 GRAL. GUIDO -\u00a0 \u00a0 Un hombre de aproximadamente 30 a\u00f1os fue hallado sin\u2026","rel":"","context":"En \u00abPOLICIALES\u00bb","block_context":{"text":"POLICIALES","link":"https:\/\/larevistadigital.com.ar\/blog\/category\/policiales\/"},"img":{"alt_text":"","src":"https:\/\/i0.wp.com\/larevistadigital.com.ar\/blog\/wp-content\/uploads\/Captura-de-pantalla-2021-12-29-203210.jpg?fit=1013%2C675&ssl=1&resize=350%2C200","width":350,"height":200,"srcset":"https:\/\/i0.wp.com\/larevistadigital.com.ar\/blog\/wp-content\/uploads\/Captura-de-pantalla-2021-12-29-203210.jpg?fit=1013%2C675&ssl=1&resize=350%2C200 1x, https:\/\/i0.wp.com\/larevistadigital.com.ar\/blog\/wp-content\/uploads\/Captura-de-pantalla-2021-12-29-203210.jpg?fit=1013%2C675&ssl=1&resize=525%2C300 1.5x, https:\/\/i0.wp.com\/larevistadigital.com.ar\/blog\/wp-content\/uploads\/Captura-de-pantalla-2021-12-29-203210.jpg?fit=1013%2C675&ssl=1&resize=700%2C400 2x"},"classes":[]},{"id":29755,"url":"https:\/\/larevistadigital.com.ar\/blog\/chapadmalal-cayo-a-la-playa-desde-un-acantilado-y-esta-grave\/","url_meta":{"origin":16078,"position":5},"title":"CHAPADMALAL: CAY\u00d3 A LA PLAYA DESDE UN ACANTILADO Y EST\u00c1 GRAVE","author":"Alejandro Sosa Ruda","date":"16 enero, 2023","format":false,"excerpt":"Tiene aproximadamente 40 a\u00f1os y fue trasladado al Hospital Interzonal General de Agudos. En el lugar trabaj\u00f3 personal de Prefectura y bomberos. CHAPADMALAL -\u00a0 Un hombre de aproximadamente 40 a\u00f1os se encuentra en grave estado\u00a0tras haber ca\u00eddo de un acantilado de 10 metros de altura en la zona de Chapadmalal.\u2026","rel":"","context":"En \u00abPOLICIALES\u00bb","block_context":{"text":"POLICIALES","link":"https:\/\/larevistadigital.com.ar\/blog\/category\/policiales\/"},"img":{"alt_text":"","src":"https:\/\/i0.wp.com\/larevistadigital.com.ar\/blog\/wp-content\/uploads\/acantilados.jpg?fit=809%2C438&ssl=1&resize=350%2C200","width":350,"height":200,"srcset":"https:\/\/i0.wp.com\/larevistadigital.com.ar\/blog\/wp-content\/uploads\/acantilados.jpg?fit=809%2C438&ssl=1&resize=350%2C200 1x, https:\/\/i0.wp.com\/larevistadigital.com.ar\/blog\/wp-content\/uploads\/acantilados.jpg?fit=809%2C438&ssl=1&resize=525%2C300 1.5x, https:\/\/i0.wp.com\/larevistadigital.com.ar\/blog\/wp-content\/uploads\/acantilados.jpg?fit=809%2C438&ssl=1&resize=700%2C400 2x"},"classes":[]}],"_links":{"self":[{"href":"https:\/\/larevistadigital.com.ar\/blog\/wp-json\/wp\/v2\/posts\/16078","targetHints":{"allow":["GET"]}}],"collection":[{"href":"https:\/\/larevistadigital.com.ar\/blog\/wp-json\/wp\/v2\/posts"}],"about":[{"href":"https:\/\/larevistadigital.com.ar\/blog\/wp-json\/wp\/v2\/types\/post"}],"author":[{"embeddable":true,"href":"https:\/\/larevistadigital.com.ar\/blog\/wp-json\/wp\/v2\/users\/3"}],"replies":[{"embeddable":true,"href":"https:\/\/larevistadigital.com.ar\/blog\/wp-json\/wp\/v2\/comments?post=16078"}],"version-history":[{"count":1,"href":"https:\/\/larevistadigital.com.ar\/blog\/wp-json\/wp\/v2\/posts\/16078\/revisions"}],"predecessor-version":[{"id":16080,"href":"https:\/\/larevistadigital.com.ar\/blog\/wp-json\/wp\/v2\/posts\/16078\/revisions\/16080"}],"wp:featuredmedia":[{"embeddable":true,"href":"https:\/\/larevistadigital.com.ar\/blog\/wp-json\/wp\/v2\/media\/16079"}],"wp:attachment":[{"href":"https:\/\/larevistadigital.com.ar\/blog\/wp-json\/wp\/v2\/media?parent=16078"}],"wp:term":[{"taxonomy":"category","embeddable":true,"href":"https:\/\/larevistadigital.com.ar\/blog\/wp-json\/wp\/v2\/categories?post=16078"},{"taxonomy":"post_tag","embeddable":true,"href":"https:\/\/larevistadigital.com.ar\/blog\/wp-json\/wp\/v2\/tags?post=16078"}],"curies":[{"name":"wp","href":"https:\/\/api.w.org\/{rel}","templated":true}]}}