{"id":16081,"date":"2020-08-20T19:09:05","date_gmt":"2020-08-20T19:09:05","guid":{"rendered":"https:\/\/larevistadigital.com.ar\/blog\/?p=16081"},"modified":"2020-08-20T19:09:05","modified_gmt":"2020-08-20T19:09:05","slug":"mar-del-plata-fue-asesinato-confirman-que-el-indigente-encontrado-en-plaza-guemes-fue-muerto-a-golpes-y-prendido-fuego","status":"publish","type":"post","link":"https:\/\/larevistadigital.com.ar\/blog\/mar-del-plata-fue-asesinato-confirman-que-el-indigente-encontrado-en-plaza-guemes-fue-muerto-a-golpes-y-prendido-fuego\/","title":{"rendered":"MAR DEL PLATA: FUE ASESINATO. CONFIRMAN QUE EL INDIGENTE ENCONTRADO EN PLAZA G\u00dcEMES FUE MUERTO A GOLPES Y PRENDIDO FUEGO"},"content":{"rendered":"<h2>La operaci\u00f3n de autopsia realizada esta tarde al cuerpo carbonizado que fue hallado en la Plaza G\u00fcemes estableci\u00f3 que presentaba golpes y que estaba vivo cuando fue prendido fuego. Buscan a un hombre que estaba con \u00e9l.<\/h2>\n<p><strong>MAR DEL PLATA- <\/strong>El indigente de 31 a\u00f1os cuyo cuerpo fue hallado carbonizado en una plaza de esta ciudad presentaba golpes\u00a0por lo cual se descart\u00f3 la muerte accidental y el caso pas\u00f3 a investigarse como un homicidio.<\/p>\n<blockquote>\n<h3>De acuerdo a los datos a los que tuvo acceso LA CAPITAL, tanto el fiscal Leandro Ar\u00e9valo como el personal de la comisar\u00eda segunda tienen identificado al hombre que acompa\u00f1aba al indigente.<\/h3>\n<\/blockquote>\n<p>La operaci\u00f3n de autopsia realizada por el cuerpo m\u00e9dico forense de la Polic\u00eda Cient\u00edfica verific\u00f3 contusiones y golpes en el pecho y t\u00f3rax, y hallazgo de holl\u00edn en los pulmones que revelar\u00eda que estaba vivo cuando fue prendido fuego. Adem\u00e1s tambi\u00e9n los peritos descubrieron un importante traumatismo de cr\u00e1neo.<\/p>\n","protected":false},"excerpt":{"rendered":"<div class=\"mh-excerpt\"><p>La operaci\u00f3n de autopsia realizada esta tarde al cuerpo carbonizado que fue hallado en la Plaza G\u00fcemes estableci\u00f3 que presentaba golpes y que estaba vivo cuando fue prendido fuego. Buscan a un hombre que estaba <a class=\"mh-excerpt-more\" href=\"https:\/\/larevistadigital.com.ar\/blog\/mar-del-plata-fue-asesinato-confirman-que-el-indigente-encontrado-en-plaza-guemes-fue-muerto-a-golpes-y-prendido-fuego\/\" title=\"MAR DEL PLATA: FUE ASESINATO. CONFIRMAN QUE EL INDIGENTE ENCONTRADO EN PLAZA G\u00dcEMES FUE MUERTO A GOLPES Y PRENDIDO FUEGO\">[Leer M\u00e1s]<\/a><\/p>\n<\/div>","protected":false},"author":3,"featured_media":16082,"comment_status":"open","ping_status":"open","sticky":false,"template":"","format":"standard","meta":{"_jetpack_memberships_contains_paid_content":false,"footnotes":"","jetpack_publicize_message":"","jetpack_publicize_feature_enabled":true,"jetpack_social_post_already_shared":true,"jetpack_social_options":{"image_generator_settings":{"template":"highway","default_image_id":0,"font":"","enabled":false},"version":2}},"categories":[44,51],"tags":[],"class_list":{"0":"post-16081","1":"post","2":"type-post","3":"status-publish","4":"format-standard","5":"has-post-thumbnail","7":"category-policiales","8":"category-regionales"},"jetpack_publicize_connections":[],"jetpack_featured_media_url":"https:\/\/i0.wp.com\/larevistadigital.com.ar\/blog\/wp-content\/uploads\/Screenshot_3-48.jpg?fit=1003%2C671&ssl=1","jetpack_sharing_enabled":true,"jetpack_shortlink":"https:\/\/wp.me\/p8qtrQ-4bn","jetpack-related-posts":[{"id":16078,"url":"https:\/\/larevistadigital.com.ar\/blog\/mar-del-plata-hallan-un-hombre-carbonizado-en-plaza-guemes-se-busca-su-acompanante\/","url_meta":{"origin":16081,"position":0},"title":"MAR DEL PLATA: HALLAN UN HOMBRE CARBONIZADO EN PLAZA G\u00dcEMES. SE BUSCA SU ACOMPA\u00d1ANTE","author":"Alejandro Sosa Ruda","date":"20 agosto, 2020","format":false,"excerpt":"La Justicia y la polic\u00eda investigan el hecho y sospechan que se trat\u00f3 de un accidente, aunque todav\u00eda no descartan ninguna otra hip\u00f3tesis. La v\u00edctima no fue identificada y aguardan los resultados de la autopsia. Un\u00a0hombre fue hallado carbonizado este jueves a la madrugada en la Plaza G\u00fcemes, en el\u2026","rel":"","context":"En \u00abPOLICIALES\u00bb","block_context":{"text":"POLICIALES","link":"https:\/\/larevistadigital.com.ar\/blog\/category\/policiales\/"},"img":{"alt_text":"","src":"https:\/\/i0.wp.com\/larevistadigital.com.ar\/blog\/wp-content\/uploads\/Screenshot_2-101.jpg?fit=1000%2C666&ssl=1&resize=350%2C200","width":350,"height":200,"srcset":"https:\/\/i0.wp.com\/larevistadigital.com.ar\/blog\/wp-content\/uploads\/Screenshot_2-101.jpg?fit=1000%2C666&ssl=1&resize=350%2C200 1x, https:\/\/i0.wp.com\/larevistadigital.com.ar\/blog\/wp-content\/uploads\/Screenshot_2-101.jpg?fit=1000%2C666&ssl=1&resize=525%2C300 1.5x, https:\/\/i0.wp.com\/larevistadigital.com.ar\/blog\/wp-content\/uploads\/Screenshot_2-101.jpg?fit=1000%2C666&ssl=1&resize=700%2C400 2x"},"classes":[]},{"id":23026,"url":"https:\/\/larevistadigital.com.ar\/blog\/trascienden-detalles-de-la-autopsia-del-abuelo-encontrado-muerto-en-la-plata\/","url_meta":{"origin":16081,"position":1},"title":"TRASCIENDEN DETALLES DE LA AUTOPSIA DEL ABUELO ENCONTRADO MUERTO EN LA PLATA","author":"Alejandro Sosa Ruda","date":"26 diciembre, 2021","format":false,"excerpt":"La autopsia revel\u00f3 que\u00a0ten\u00eda\u00a0al menos 20 golpes fuertes en el cuerpo y se presume que podr\u00eda haber muerto de un paro card\u00edaco por estr\u00e9s. LA PLATA\u00a0 -\u00a0 Contin\u00faan las repercusiones del brutal asesinato en La Plata de un jubilado de 80 a\u00f1os, que fue hallado sin vida en su casa\u2026","rel":"","context":"En \u00abPOLICIALES\u00bb","block_context":{"text":"POLICIALES","link":"https:\/\/larevistadigital.com.ar\/blog\/category\/policiales\/"},"img":{"alt_text":"","src":"https:\/\/i0.wp.com\/larevistadigital.com.ar\/blog\/wp-content\/uploads\/1618098088868.jpeg?fit=1200%2C838&ssl=1&resize=350%2C200","width":350,"height":200,"srcset":"https:\/\/i0.wp.com\/larevistadigital.com.ar\/blog\/wp-content\/uploads\/1618098088868.jpeg?fit=1200%2C838&ssl=1&resize=350%2C200 1x, https:\/\/i0.wp.com\/larevistadigital.com.ar\/blog\/wp-content\/uploads\/1618098088868.jpeg?fit=1200%2C838&ssl=1&resize=525%2C300 1.5x, https:\/\/i0.wp.com\/larevistadigital.com.ar\/blog\/wp-content\/uploads\/1618098088868.jpeg?fit=1200%2C838&ssl=1&resize=700%2C400 2x, https:\/\/i0.wp.com\/larevistadigital.com.ar\/blog\/wp-content\/uploads\/1618098088868.jpeg?fit=1200%2C838&ssl=1&resize=1050%2C600 3x"},"classes":[]},{"id":24543,"url":"https:\/\/larevistadigital.com.ar\/blog\/imagenes-revelaron-la-identidad-del-cadaver-hallado-ayer-en-la-ruta-2\/","url_meta":{"origin":16081,"position":2},"title":"[IMAGENES] REVELARON LA IDENTIDAD DEL CADAVER HALLADO AYER EN LA RUTA 2","author":"Alejandro Sosa Ruda","date":"12 marzo, 2022","format":false,"excerpt":"Amordazado y atado con cables, as\u00ed hallaron el cuerpo sin vida de un hombre arrojado bajo un puente de la autov\u00eda, en las afueras de La Plata. El perturbador hallazgo de un cuerpo sin vida en el kil\u00f3metro 67 de la Ruta 2 sacudi\u00f3 a la ciudad durante la tarde\u2026","rel":"","context":"En \u00abPOLICIALES\u00bb","block_context":{"text":"POLICIALES","link":"https:\/\/larevistadigital.com.ar\/blog\/category\/policiales\/"},"img":{"alt_text":"","src":"https:\/\/i0.wp.com\/larevistadigital.com.ar\/blog\/wp-content\/uploads\/1647095527752.jpg?fit=1200%2C594&ssl=1&resize=350%2C200","width":350,"height":200,"srcset":"https:\/\/i0.wp.com\/larevistadigital.com.ar\/blog\/wp-content\/uploads\/1647095527752.jpg?fit=1200%2C594&ssl=1&resize=350%2C200 1x, https:\/\/i0.wp.com\/larevistadigital.com.ar\/blog\/wp-content\/uploads\/1647095527752.jpg?fit=1200%2C594&ssl=1&resize=525%2C300 1.5x, https:\/\/i0.wp.com\/larevistadigital.com.ar\/blog\/wp-content\/uploads\/1647095527752.jpg?fit=1200%2C594&ssl=1&resize=700%2C400 2x, https:\/\/i0.wp.com\/larevistadigital.com.ar\/blog\/wp-content\/uploads\/1647095527752.jpg?fit=1200%2C594&ssl=1&resize=1050%2C600 3x"},"classes":[]},{"id":22037,"url":"https:\/\/larevistadigital.com.ar\/blog\/horror-confirman-que-un-bebe-de-18-meses-murio-por-golpes-con-un-palo\/","url_meta":{"origin":16081,"position":3},"title":"HORROR: CONFIRMAN QUE UN BEB\u00c9 DE 18 MESES MURI\u00d3 POR GOLPES CON UN PALO","author":"Alejandro Sosa Ruda","date":"18 septiembre, 2021","format":false,"excerpt":"El detenido tiene 24 a\u00f1os, qued\u00f3 imputado por \"homicidio\" y fue trasladado a la Unidad Penal 44 de Bat\u00e1n. Intent\u00f3 hacer pasar la gravedad del estado del beb\u00e9 por un simple atragantamiento. MAR DEL PLATA - Un hombre de 24 a\u00f1os fue detenido ayer acusado de haber matado a golpes\u2026","rel":"","context":"En \u00abPOLICIALES\u00bb","block_context":{"text":"POLICIALES","link":"https:\/\/larevistadigital.com.ar\/blog\/category\/policiales\/"},"img":{"alt_text":"","src":"https:\/\/i0.wp.com\/larevistadigital.com.ar\/blog\/wp-content\/uploads\/Captura-de-pantalla-2021-09-18-201804.jpg?fit=1007%2C668&ssl=1&resize=350%2C200","width":350,"height":200,"srcset":"https:\/\/i0.wp.com\/larevistadigital.com.ar\/blog\/wp-content\/uploads\/Captura-de-pantalla-2021-09-18-201804.jpg?fit=1007%2C668&ssl=1&resize=350%2C200 1x, https:\/\/i0.wp.com\/larevistadigital.com.ar\/blog\/wp-content\/uploads\/Captura-de-pantalla-2021-09-18-201804.jpg?fit=1007%2C668&ssl=1&resize=525%2C300 1.5x, https:\/\/i0.wp.com\/larevistadigital.com.ar\/blog\/wp-content\/uploads\/Captura-de-pantalla-2021-09-18-201804.jpg?fit=1007%2C668&ssl=1&resize=700%2C400 2x"},"classes":[]},{"id":18108,"url":"https:\/\/larevistadigital.com.ar\/blog\/mar-del-plata-asesinan-a-golpes-a-un-hombre-en-el-barrio-las-heras\/","url_meta":{"origin":16081,"position":4},"title":"MAR DEL PLATA: ASESINAN A GOLPES A UN HOMBRE, EN EL BARRIO LAS HERAS","author":"Alejandro Sosa Ruda","date":"14 diciembre, 2020","format":false,"excerpt":"Fue encontrado inconsciente en la calle y muri\u00f3 poco despu\u00e9s. Investigan las circunstancias en que se produjo el asesinato. Un\u00a0hombre de 27 a\u00f1os\u00a0fue asesinado a golpes en la v\u00eda p\u00fablica. El sujeto fue hallado el s\u00e1bado en el barrio Las Heras, inconsciente, y pocas horas despu\u00e9s muri\u00f3 producto del ataque.\u2026","rel":"","context":"En \u00abPOLICIALES\u00bb","block_context":{"text":"POLICIALES","link":"https:\/\/larevistadigital.com.ar\/blog\/category\/policiales\/"},"img":{"alt_text":"","src":"https:\/\/i0.wp.com\/larevistadigital.com.ar\/blog\/wp-content\/uploads\/Screenshot_1-176.jpg?fit=1004%2C563&ssl=1&resize=350%2C200","width":350,"height":200,"srcset":"https:\/\/i0.wp.com\/larevistadigital.com.ar\/blog\/wp-content\/uploads\/Screenshot_1-176.jpg?fit=1004%2C563&ssl=1&resize=350%2C200 1x, https:\/\/i0.wp.com\/larevistadigital.com.ar\/blog\/wp-content\/uploads\/Screenshot_1-176.jpg?fit=1004%2C563&ssl=1&resize=525%2C300 1.5x, https:\/\/i0.wp.com\/larevistadigital.com.ar\/blog\/wp-content\/uploads\/Screenshot_1-176.jpg?fit=1004%2C563&ssl=1&resize=700%2C400 2x"},"classes":[]},{"id":18270,"url":"https:\/\/larevistadigital.com.ar\/blog\/mar-del-plata-matan-a-un-hombre-en-parque-palermo-y-lo-encuentran-cuando-era-devorado-por-los-perros\/","url_meta":{"origin":16081,"position":5},"title":"MAR DEL PLATA: MATAN A UN HOMBRE EN PARQUE PALERMO Y LO ENCUENTRAN CUANDO ERA DEVORADO POR LOS PERROS","author":"Alejandro Sosa Ruda","date":"21 diciembre, 2020","format":false,"excerpt":"El cad\u00e1ver fue hallado este domingo y horas despu\u00e9s la autopsia revel\u00f3 que fue asfixiado. El hombre ten\u00eda 56 a\u00f1os y era un pe\u00f3n de campo. Tras un llamado al 911, la polic\u00eda encontr\u00f3 este domingo el\u00a0cad\u00e1ver de un hombre\u00a0en un descampado en el barrio\u00a0Parque Palermo, mientras era\u00a0comido por una\u2026","rel":"","context":"En \u00abPOLICIALES\u00bb","block_context":{"text":"POLICIALES","link":"https:\/\/larevistadigital.com.ar\/blog\/category\/policiales\/"},"img":{"alt_text":"","src":"https:\/\/i0.wp.com\/larevistadigital.com.ar\/blog\/wp-content\/uploads\/Screenshot_2-123.jpg?fit=1001%2C560&ssl=1&resize=350%2C200","width":350,"height":200,"srcset":"https:\/\/i0.wp.com\/larevistadigital.com.ar\/blog\/wp-content\/uploads\/Screenshot_2-123.jpg?fit=1001%2C560&ssl=1&resize=350%2C200 1x, https:\/\/i0.wp.com\/larevistadigital.com.ar\/blog\/wp-content\/uploads\/Screenshot_2-123.jpg?fit=1001%2C560&ssl=1&resize=525%2C300 1.5x, https:\/\/i0.wp.com\/larevistadigital.com.ar\/blog\/wp-content\/uploads\/Screenshot_2-123.jpg?fit=1001%2C560&ssl=1&resize=700%2C400 2x"},"classes":[]}],"_links":{"self":[{"href":"https:\/\/larevistadigital.com.ar\/blog\/wp-json\/wp\/v2\/posts\/16081","targetHints":{"allow":["GET"]}}],"collection":[{"href":"https:\/\/larevistadigital.com.ar\/blog\/wp-json\/wp\/v2\/posts"}],"about":[{"href":"https:\/\/larevistadigital.com.ar\/blog\/wp-json\/wp\/v2\/types\/post"}],"author":[{"embeddable":true,"href":"https:\/\/larevistadigital.com.ar\/blog\/wp-json\/wp\/v2\/users\/3"}],"replies":[{"embeddable":true,"href":"https:\/\/larevistadigital.com.ar\/blog\/wp-json\/wp\/v2\/comments?post=16081"}],"version-history":[{"count":1,"href":"https:\/\/larevistadigital.com.ar\/blog\/wp-json\/wp\/v2\/posts\/16081\/revisions"}],"predecessor-version":[{"id":16083,"href":"https:\/\/larevistadigital.com.ar\/blog\/wp-json\/wp\/v2\/posts\/16081\/revisions\/16083"}],"wp:featuredmedia":[{"embeddable":true,"href":"https:\/\/larevistadigital.com.ar\/blog\/wp-json\/wp\/v2\/media\/16082"}],"wp:attachment":[{"href":"https:\/\/larevistadigital.com.ar\/blog\/wp-json\/wp\/v2\/media?parent=16081"}],"wp:term":[{"taxonomy":"category","embeddable":true,"href":"https:\/\/larevistadigital.com.ar\/blog\/wp-json\/wp\/v2\/categories?post=16081"},{"taxonomy":"post_tag","embeddable":true,"href":"https:\/\/larevistadigital.com.ar\/blog\/wp-json\/wp\/v2\/tags?post=16081"}],"curies":[{"name":"wp","href":"https:\/\/api.w.org\/{rel}","templated":true}]}}