{"id":16087,"date":"2020-08-22T11:59:39","date_gmt":"2020-08-22T11:59:39","guid":{"rendered":"https:\/\/larevistadigital.com.ar\/blog\/?p=16087"},"modified":"2020-08-22T12:02:53","modified_gmt":"2020-08-22T12:02:53","slug":"16087-2","status":"publish","type":"post","link":"https:\/\/larevistadigital.com.ar\/blog\/16087-2\/","title":{"rendered":"LADRONES FUERON FILMADOS EN DOS OPORTUNIDADES DURANTE LA MISMA NOCHE. DEBER\u00cdAN SEAN IDENTIFICADOS POR LAS C\u00c1MARAS DE SEGURIDAD DEL MUNICIPIO"},"content":{"rendered":"<p>Durante la madrugada de la antevispera sucedi\u00f3 uno de los tantos hechos de inseguridad que asolan a Chascom\u00fas, pero en esta ocasi\u00f3n qued\u00f3 registrado en c\u00e1maras privadas de seguridad, por lo que se viraliz\u00f3 en las redes sociales, llegando a casi toda la sociedad chascomunense.<\/p>\n<blockquote>\n<h3>El hecho, indigna por lo impune, agresivo y despreocupado por parte de los ladrones, que adem\u00e1s fue cometido por lo menos en dos establecimientos que pudieron filmar los robos. Probablemente, hayan robado en alg\u00fan lugar m\u00e1s del que no tenemos registro.<\/h3>\n<\/blockquote>\n<p>En el primer caso, se trat\u00f3 del robo al kiosco ubicado en la esquina de calles Soler y Belgrano, donde se aprecia como el delincuente rompe el vidrio de la puerta y luego destroza gran parte del local, tomando aparentemente dinero en efectivo y luego bebidas alcoholicas. Se puede apreciar como atr\u00e1s una moto gira y aparentemente se colocar\u00eda en la puerta o cerca, como para levantar a su c\u00f3mplice al salir del local.<\/p>\n<div style=\"width: 640px;\" class=\"wp-video\"><!--[if lt IE 9]><script>document.createElement('video');<\/script><![endif]-->\n<video class=\"wp-video-shortcode\" id=\"video-16087-1\" width=\"640\" height=\"360\" preload=\"metadata\" controls=\"controls\"><source type=\"video\/mp4\" src=\"https:\/\/larevistadigital.com.ar\/blog\/wp-content\/uploads\/WhatsApp-Video-2020-08-21-at-17.24.39.mp4?_=1\" \/><a href=\"https:\/\/larevistadigital.com.ar\/blog\/wp-content\/uploads\/WhatsApp-Video-2020-08-21-at-17.24.39.mp4\">https:\/\/larevistadigital.com.ar\/blog\/wp-content\/uploads\/WhatsApp-Video-2020-08-21-at-17.24.39.mp4<\/a><\/video><\/div>\n<p>El segundo hecho, sucedi\u00f3 en una carnicer\u00eda \u00abLos Ranqueles\u00bb que estar\u00eda ubicada en calle EEUU. AEn esta ocasi\u00f3n, quien aparentemente ser\u00eda el mismo sujeto del hecho del kiosco, rompe un vidrio tambi\u00e9n de una pedrada, ingresa y de nuevo rompiendo instalaciones, se lleva dinero.<\/p>\n<blockquote><div style=\"width: 640px;\" class=\"wp-video\"><video class=\"wp-video-shortcode\" id=\"video-16087-2\" width=\"640\" height=\"360\" preload=\"metadata\" controls=\"controls\"><source type=\"video\/mp4\" src=\"https:\/\/larevistadigital.com.ar\/blog\/wp-content\/uploads\/los-ranqueles.mp4?_=2\" \/><a href=\"https:\/\/larevistadigital.com.ar\/blog\/wp-content\/uploads\/los-ranqueles.mp4\">https:\/\/larevistadigital.com.ar\/blog\/wp-content\/uploads\/los-ranqueles.mp4<\/a><\/video><\/div>\n<h3>Desconocemos el monto de lo robado, pero lo que queda en evidencia, es que en ambos negocios, los da\u00f1os ocasionados superan con amplitud los $50.000.-<\/h3>\n<\/blockquote>\n<p>Lo que podemos asegurar es que esta situaci\u00f3n puede resolverse. Y con rapidez.<\/p>\n<blockquote>\n<h3>Hace unos meses, visitamos las oficinas de \u00abmonitoreo\u00bb, durante la gesti\u00f3n de <strong>Santiago Muscarello<\/strong>, y nos asombr\u00f3 la prolijidad del ambiente de trabajo y la profesionalidad que se apreciaba. Pero sobre todo, el manejo de las c\u00e1maras y la sorpresa que TODO QUEDA GRABADO POR UN TIEMPO.<\/h3>\n<\/blockquote>\n<p>No recordamos si eran dos meses, pero lo importante es que se puede poner la fecha, y de esa manera ingresando la hora aproximada, ver lo sucedido en las c\u00e1maras de esa esquina o de las cercan\u00edas.\u00a0 Por esa raz\u00f3n, se puede ver a quienes cometieron el hecho, y seguirlos en su escapatoria, a trav\u00e9s de las c\u00e1maras en la ciudad, hasta que lleguen a su destino final. Luego se trata de conseguir la orden e ir a detenerlos. Deber\u00eda ser as\u00ed de sencillo.<\/p>\n<p>Esperemos entonces que as\u00ed ocurra, y que estos hechos no queden impunes. Deber\u00edan haber \u00abvarias c\u00e1maras rotas\u00bb para que no se pueda llegar a los culpables, y queremos creer que est\u00e1n todas operativas como corresponde.<\/p>\n<p>Caso contrario, los responsables de Seguridad, deber\u00edan dar las explicaciones pertinentes.<\/p>\n<p>&nbsp;<\/p>\n","protected":false},"excerpt":{"rendered":"<div class=\"mh-excerpt\"><p>Durante la madrugada de la antevispera sucedi\u00f3 uno de los tantos hechos de inseguridad que asolan a Chascom\u00fas, pero en esta ocasi\u00f3n qued\u00f3 registrado en c\u00e1maras privadas de seguridad, por lo que se viraliz\u00f3 en <a class=\"mh-excerpt-more\" href=\"https:\/\/larevistadigital.com.ar\/blog\/16087-2\/\" title=\"LADRONES FUERON FILMADOS EN DOS OPORTUNIDADES DURANTE LA MISMA NOCHE. DEBER\u00cdAN SEAN IDENTIFICADOS POR LAS C\u00c1MARAS DE SEGURIDAD DEL MUNICIPIO\">[Leer M\u00e1s]<\/a><\/p>\n<\/div>","protected":false},"author":3,"featured_media":16096,"comment_status":"open","ping_status":"open","sticky":false,"template":"","format":"standard","meta":{"_jetpack_memberships_contains_paid_content":false,"footnotes":"","jetpack_publicize_message":"","jetpack_publicize_feature_enabled":true,"jetpack_social_post_already_shared":true,"jetpack_social_options":{"image_generator_settings":{"template":"highway","default_image_id":0,"font":"","enabled":false},"version":2}},"categories":[41],"tags":[],"class_list":{"0":"post-16087","1":"post","2":"type-post","3":"status-publish","4":"format-standard","5":"has-post-thumbnail","7":"category-destacadas"},"jetpack_publicize_connections":[],"jetpack_featured_media_url":"https:\/\/i0.wp.com\/larevistadigital.com.ar\/blog\/wp-content\/uploads\/Screenshot_1-135.jpg?fit=767%2C376&ssl=1","jetpack_sharing_enabled":true,"jetpack_shortlink":"https:\/\/wp.me\/p8qtrQ-4bt","jetpack-related-posts":[{"id":17674,"url":"https:\/\/larevistadigital.com.ar\/blog\/cuando-la-seguridad-se-maneja-a-favor-de-la-inseguridad-camaras-que-apuntan-al-piso-esto-es-en-serio\/","url_meta":{"origin":16087,"position":0},"title":"CUANDO LA SEGURIDAD SE MANEJA A FAVOR DE LA INSEGURIDAD&#8230;(C\u00c1MARAS QUE APUNTAN AL PISO) \u00bfESTO ES EN SERIO?","author":"Alejandro Sosa Ruda","date":"14 noviembre, 2020","format":false,"excerpt":"Fuimos a la Plaza Libertad, a corroborar que estaban las c\u00e1maras que hab\u00eda colocado durante su gesti\u00f3n Santiago Muscarello. Grande fue la sorpresa al observar que hicieron un \"enroque entre un domo y una c\u00e1mara\" como tambi\u00e9n que el domo ahora tiene la visi\u00f3n reducida, y la c\u00e1mara apunta hacia\u2026","rel":"","context":"En \u00abDESTACADAS\u00bb","block_context":{"text":"DESTACADAS","link":"https:\/\/larevistadigital.com.ar\/blog\/category\/destacadas\/"},"img":{"alt_text":"","src":"https:\/\/i0.wp.com\/larevistadigital.com.ar\/blog\/wp-content\/uploads\/CAMARA-TAPADA-APUNTA-AL-SUELO.jpg?fit=1200%2C1175&ssl=1&resize=350%2C200","width":350,"height":200,"srcset":"https:\/\/i0.wp.com\/larevistadigital.com.ar\/blog\/wp-content\/uploads\/CAMARA-TAPADA-APUNTA-AL-SUELO.jpg?fit=1200%2C1175&ssl=1&resize=350%2C200 1x, https:\/\/i0.wp.com\/larevistadigital.com.ar\/blog\/wp-content\/uploads\/CAMARA-TAPADA-APUNTA-AL-SUELO.jpg?fit=1200%2C1175&ssl=1&resize=525%2C300 1.5x, https:\/\/i0.wp.com\/larevistadigital.com.ar\/blog\/wp-content\/uploads\/CAMARA-TAPADA-APUNTA-AL-SUELO.jpg?fit=1200%2C1175&ssl=1&resize=700%2C400 2x, https:\/\/i0.wp.com\/larevistadigital.com.ar\/blog\/wp-content\/uploads\/CAMARA-TAPADA-APUNTA-AL-SUELO.jpg?fit=1200%2C1175&ssl=1&resize=1050%2C600 3x"},"classes":[]},{"id":24759,"url":"https:\/\/larevistadigital.com.ar\/blog\/ranchos-robaron-y-maniataron-a-una-familia-durante-la-madrugada\/","url_meta":{"origin":16087,"position":1},"title":"RANCHOS: ROBARON Y MANIATARON A UNA FAMILIA DURANTE LA MADRUGADA","author":"Alejandro Sosa Ruda","date":"22 marzo, 2022","format":false,"excerpt":"RANCHOS -\u00a0 Inform\u00f3 el portal \"Multimedio\u00a0 Digital\" que en la madrugada ingresaron ladrones a una casa, mientras la familia se encontraba durmiendo, y se llevaron una importante suma de dinero, y otros elementos. Todo ocurri\u00f3 en una casa quinta de Ranchos, ubicada en Calle 73 al 4000, cuando sus moradores\u2026","rel":"","context":"En \u00abRANCHOS\u00bb","block_context":{"text":"RANCHOS","link":"https:\/\/larevistadigital.com.ar\/blog\/category\/ranchos\/"},"img":{"alt_text":"","src":"https:\/\/i0.wp.com\/larevistadigital.com.ar\/blog\/wp-content\/uploads\/policia-ranchos.png?fit=867%2C573&ssl=1&resize=350%2C200","width":350,"height":200,"srcset":"https:\/\/i0.wp.com\/larevistadigital.com.ar\/blog\/wp-content\/uploads\/policia-ranchos.png?fit=867%2C573&ssl=1&resize=350%2C200 1x, https:\/\/i0.wp.com\/larevistadigital.com.ar\/blog\/wp-content\/uploads\/policia-ranchos.png?fit=867%2C573&ssl=1&resize=525%2C300 1.5x, https:\/\/i0.wp.com\/larevistadigital.com.ar\/blog\/wp-content\/uploads\/policia-ranchos.png?fit=867%2C573&ssl=1&resize=700%2C400 2x"},"classes":[]},{"id":24107,"url":"https:\/\/larevistadigital.com.ar\/blog\/tolosa-roban-una-libreria-hubo-golpes-y-una-mujer-fue-herida-con-una-tijera\/","url_meta":{"origin":16087,"position":2},"title":"TOLOSA: ROBAN UNA LIBRER\u00cdA. HUBO GOLPES Y UNA MUJER FUE HERIDA CON UNA TIJERA","author":"Alejandro Sosa Ruda","date":"18 febrero, 2022","format":false,"excerpt":"El violento episodio se registr\u00f3 cuando dos j\u00f3venes ingresaron al comercio y en medio del atraco\u00a0apu\u00f1alaron a la propietaria en el hombro. TOLOSA -\u00a0 Un violento episodio de inseguridad se registr\u00f3 en las \u00faltimas horas en una librer\u00eda de Tolosa, cuando dos ladrones entraron a robar y en medio de\u2026","rel":"","context":"En \u00abINTERES GENERAL\u00bb","block_context":{"text":"INTERES GENERAL","link":"https:\/\/larevistadigital.com.ar\/blog\/category\/interes-general\/"},"img":{"alt_text":"","src":"https:\/\/i0.wp.com\/larevistadigital.com.ar\/blog\/wp-content\/uploads\/1645181844285.jpg?fit=658%2C386&ssl=1&resize=350%2C200","width":350,"height":200,"srcset":"https:\/\/i0.wp.com\/larevistadigital.com.ar\/blog\/wp-content\/uploads\/1645181844285.jpg?fit=658%2C386&ssl=1&resize=350%2C200 1x, https:\/\/i0.wp.com\/larevistadigital.com.ar\/blog\/wp-content\/uploads\/1645181844285.jpg?fit=658%2C386&ssl=1&resize=525%2C300 1.5x"},"classes":[]},{"id":9269,"url":"https:\/\/larevistadigital.com.ar\/blog\/muere-joven-atropellado-por-el-tren-cuando-escapaba-de-ladrones\/","url_meta":{"origin":16087,"position":3},"title":"MUERE JOVEN ATROPELLADO POR EL TREN, CUANDO ESCAPABA DE LADRONES","author":"Alejandro Sosa Ruda","date":"22 marzo, 2019","format":false,"excerpt":"El terrible hecho ocurri\u00f3 en el cruce peatonal que est\u00e1 sobre el bajo nivel de Carrefour, de Glew. La polic\u00eda busca testigos para dar con los delincuentes. En la noche del martes 19 de marzo, un joven de 17 a\u00f1os fue embestido por una formaci\u00f3n del tren roca cuando cruzaba\u2026","rel":"","context":"En \u00abPOLICIALES\u00bb","block_context":{"text":"POLICIALES","link":"https:\/\/larevistadigital.com.ar\/blog\/category\/policiales\/"},"img":{"alt_text":"","src":"https:\/\/i0.wp.com\/larevistadigital.com.ar\/blog\/wp-content\/uploads\/2019\/03\/20190321_002556.jpg?fit=972%2C773&ssl=1&resize=350%2C200","width":350,"height":200,"srcset":"https:\/\/i0.wp.com\/larevistadigital.com.ar\/blog\/wp-content\/uploads\/2019\/03\/20190321_002556.jpg?fit=972%2C773&ssl=1&resize=350%2C200 1x, https:\/\/i0.wp.com\/larevistadigital.com.ar\/blog\/wp-content\/uploads\/2019\/03\/20190321_002556.jpg?fit=972%2C773&ssl=1&resize=525%2C300 1.5x, https:\/\/i0.wp.com\/larevistadigital.com.ar\/blog\/wp-content\/uploads\/2019\/03\/20190321_002556.jpg?fit=972%2C773&ssl=1&resize=700%2C400 2x"},"classes":[]},{"id":17666,"url":"https:\/\/larevistadigital.com.ar\/blog\/chascomus-robo-con-arma-blanca-en-plaza-libertad-frente-a-monitoreo\/","url_meta":{"origin":16087,"position":4},"title":"CHASCOM\u00daS: ROBO CON ARMA BLANCA EN PLAZA LIBERTAD, FRENTE A MONITOREO","author":"Alejandro Sosa Ruda","date":"13 noviembre, 2020","format":false,"excerpt":"Los hechos de inseguridad, ya no conocen l\u00edmites ni restricciones. Ahora los ladrones protagonizaron un hecho que adem\u00e1s de violento se produjo en la Plaza Libertad, precisamente frente al Centro de Monitoreo, y a metros de la comisar\u00eda 1ra. de la ciudad. La madre de la v\u00edctima, se comunic\u00f3 con\u2026","rel":"","context":"En \u00abCHASCOM\u00daS\u00bb","block_context":{"text":"CHASCOM\u00daS","link":"https:\/\/larevistadigital.com.ar\/blog\/category\/chascomus\/"},"img":{"alt_text":"","src":"https:\/\/i0.wp.com\/larevistadigital.com.ar\/blog\/wp-content\/uploads\/PLAZA-LIBERTAD-CHASCOMUS.jpg?fit=1000%2C725&ssl=1&resize=350%2C200","width":350,"height":200,"srcset":"https:\/\/i0.wp.com\/larevistadigital.com.ar\/blog\/wp-content\/uploads\/PLAZA-LIBERTAD-CHASCOMUS.jpg?fit=1000%2C725&ssl=1&resize=350%2C200 1x, https:\/\/i0.wp.com\/larevistadigital.com.ar\/blog\/wp-content\/uploads\/PLAZA-LIBERTAD-CHASCOMUS.jpg?fit=1000%2C725&ssl=1&resize=525%2C300 1.5x, https:\/\/i0.wp.com\/larevistadigital.com.ar\/blog\/wp-content\/uploads\/PLAZA-LIBERTAD-CHASCOMUS.jpg?fit=1000%2C725&ssl=1&resize=700%2C400 2x"},"classes":[]},{"id":33917,"url":"https:\/\/larevistadigital.com.ar\/blog\/lo-asaltaron-cuando-volvia-del-banco-con-us-15-000-en-su-mochila\/","url_meta":{"origin":16087,"position":5},"title":"LO ASALTARON CUANDO VOLV\u00cdA DEL BANCO CON  U$S 15.000 EN SU MOCHILA","author":"Alejandro Sosa Ruda","date":"7 octubre, 2023","format":false,"excerpt":"La v\u00edctima declar\u00f3 que no se trat\u00f3 de un robo al voleo. Lo abordaron \"motochorros\" cuando descend\u00eda de su veh\u00edculo. Los acompa\u00f1antes que viajaban en dos motos sustrajeron la mochila con el dinero y se dieron a la fuga. 7 de octubre de 2023 ITUZAING\u00d3 -\u00a0 Un hombre que\u00a0hab\u00eda retirado\u2026","rel":"","context":"En \u00abREGIONALES\u00bb","block_context":{"text":"REGIONALES","link":"https:\/\/larevistadigital.com.ar\/blog\/category\/regionales\/"},"img":{"alt_text":"","src":"https:\/\/i0.wp.com\/larevistadigital.com.ar\/blog\/wp-content\/uploads\/POLICIA.png?fit=1002%2C658&ssl=1&resize=350%2C200","width":350,"height":200,"srcset":"https:\/\/i0.wp.com\/larevistadigital.com.ar\/blog\/wp-content\/uploads\/POLICIA.png?fit=1002%2C658&ssl=1&resize=350%2C200 1x, https:\/\/i0.wp.com\/larevistadigital.com.ar\/blog\/wp-content\/uploads\/POLICIA.png?fit=1002%2C658&ssl=1&resize=525%2C300 1.5x, https:\/\/i0.wp.com\/larevistadigital.com.ar\/blog\/wp-content\/uploads\/POLICIA.png?fit=1002%2C658&ssl=1&resize=700%2C400 2x"},"classes":[]}],"_links":{"self":[{"href":"https:\/\/larevistadigital.com.ar\/blog\/wp-json\/wp\/v2\/posts\/16087","targetHints":{"allow":["GET"]}}],"collection":[{"href":"https:\/\/larevistadigital.com.ar\/blog\/wp-json\/wp\/v2\/posts"}],"about":[{"href":"https:\/\/larevistadigital.com.ar\/blog\/wp-json\/wp\/v2\/types\/post"}],"author":[{"embeddable":true,"href":"https:\/\/larevistadigital.com.ar\/blog\/wp-json\/wp\/v2\/users\/3"}],"replies":[{"embeddable":true,"href":"https:\/\/larevistadigital.com.ar\/blog\/wp-json\/wp\/v2\/comments?post=16087"}],"version-history":[{"count":5,"href":"https:\/\/larevistadigital.com.ar\/blog\/wp-json\/wp\/v2\/posts\/16087\/revisions"}],"predecessor-version":[{"id":16097,"href":"https:\/\/larevistadigital.com.ar\/blog\/wp-json\/wp\/v2\/posts\/16087\/revisions\/16097"}],"wp:featuredmedia":[{"embeddable":true,"href":"https:\/\/larevistadigital.com.ar\/blog\/wp-json\/wp\/v2\/media\/16096"}],"wp:attachment":[{"href":"https:\/\/larevistadigital.com.ar\/blog\/wp-json\/wp\/v2\/media?parent=16087"}],"wp:term":[{"taxonomy":"category","embeddable":true,"href":"https:\/\/larevistadigital.com.ar\/blog\/wp-json\/wp\/v2\/categories?post=16087"},{"taxonomy":"post_tag","embeddable":true,"href":"https:\/\/larevistadigital.com.ar\/blog\/wp-json\/wp\/v2\/tags?post=16087"}],"curies":[{"name":"wp","href":"https:\/\/api.w.org\/{rel}","templated":true}]}}