{"id":16098,"date":"2020-08-22T12:40:10","date_gmt":"2020-08-22T12:40:10","guid":{"rendered":"https:\/\/larevistadigital.com.ar\/blog\/?p=16098"},"modified":"2020-08-22T12:42:58","modified_gmt":"2020-08-22T12:42:58","slug":"atencion-cinco-jovenes-escaparon-de-un-instituto-de-menores","status":"publish","type":"post","link":"https:\/\/larevistadigital.com.ar\/blog\/atencion-cinco-jovenes-escaparon-de-un-instituto-de-menores\/","title":{"rendered":"\u00a1ATENCI\u00d3N! CINCO J\u00d3VENES ESCAPARON DE UN INSTITUTO DE MENORES"},"content":{"rendered":"<h2 class=\"fparrafo ctext fz18 lh25\">Amenazaron con facas a los celadores y le sacaron el auto a uno de ellos, adem\u00e1s de una billetera<\/h2>\n<p class=\"selectionShareable\">Cinco internos de un instituto de menores de Abasto se escaparon durante la noche de este viernes tras amenazar con facas a los celadores y se llevaron adem\u00e1s el auto de uno de ellos, indicaron fuentes policiales.<\/p>\n<blockquote>\n<h3 class=\"selectionShareable\"><strong>Los implicados no respetaron la orden de regresar a sus habitaciones y, con las mencionadas armas caseras, amedrentaron a sus v\u00edctimas, obteniendo de una de ellas adem\u00e1s las llaves de su coche. En tanto, un vocero cont\u00f3 que tambi\u00e9n le sacaron su billetera.<\/strong><\/h3>\n<\/blockquote>\n<p class=\"selectionShareable\">Sin p\u00e9rdida de tiempo, abandonaron la instituci\u00f3n emplazada en la zona de 520 y 226 en el Peugeot 308 del empleado del lugar, quien luego radic\u00f3 la denuncia en la comisar\u00eda S\u00e9ptima.<\/p>\n<p class=\"selectionShareable\">Pese al rastrillaje implementado para ubicarlos, hasta el momento contin\u00faan pr\u00f3fugos.<\/p>\n","protected":false},"excerpt":{"rendered":"<div class=\"mh-excerpt\"><p>Amenazaron con facas a los celadores y le sacaron el auto a uno de ellos, adem\u00e1s de una billetera Cinco internos de un instituto de menores de Abasto se escaparon durante la noche de este <a class=\"mh-excerpt-more\" href=\"https:\/\/larevistadigital.com.ar\/blog\/atencion-cinco-jovenes-escaparon-de-un-instituto-de-menores\/\" title=\"\u00a1ATENCI\u00d3N! CINCO J\u00d3VENES ESCAPARON DE UN INSTITUTO DE MENORES\">[Leer M\u00e1s]<\/a><\/p>\n<\/div>","protected":false},"author":3,"featured_media":0,"comment_status":"open","ping_status":"open","sticky":false,"template":"","format":"standard","meta":{"_jetpack_memberships_contains_paid_content":false,"footnotes":"","jetpack_publicize_message":"","jetpack_publicize_feature_enabled":true,"jetpack_social_post_already_shared":true,"jetpack_social_options":{"image_generator_settings":{"template":"highway","default_image_id":0,"font":"","enabled":false},"version":2}},"categories":[44,51],"tags":[],"class_list":{"0":"post-16098","1":"post","2":"type-post","3":"status-publish","4":"format-standard","6":"category-policiales","7":"category-regionales"},"jetpack_publicize_connections":[],"jetpack_featured_media_url":"","jetpack_sharing_enabled":true,"jetpack_shortlink":"https:\/\/wp.me\/p8qtrQ-4bE","jetpack-related-posts":[{"id":31273,"url":"https:\/\/larevistadigital.com.ar\/blog\/mar-del-plata-robaron-600-000-en-una-salidera\/","url_meta":{"origin":16098,"position":0},"title":"MAR DEL PLATA: ROBARON $600.000.- EN UNA SALIDERA","author":"Alejandro Sosa Ruda","date":"27 abril, 2023","format":false,"excerpt":"La v\u00edctima sali\u00f3 de un banco c\u00e9ntrico y lo interceptaron cuan do lleg\u00f3 a su casa en el barrio Estrada. Los delincuentes escaparon a bordo de un autom\u00f3vil. 27 de abril de 2023 MAR DEL PLATA -\u00a0 Un comerciante que sac\u00f3 de un banco en el centro\u00a0600 mil pesos para\u2026","rel":"","context":"En \u00abPOLICIALES\u00bb","block_context":{"text":"POLICIALES","link":"https:\/\/larevistadigital.com.ar\/blog\/category\/policiales\/"},"img":{"alt_text":"","src":"https:\/\/i0.wp.com\/larevistadigital.com.ar\/blog\/wp-content\/uploads\/Captura-de-pantalla-2023-04-27-205421.png?fit=808%2C419&ssl=1&resize=350%2C200","width":350,"height":200,"srcset":"https:\/\/i0.wp.com\/larevistadigital.com.ar\/blog\/wp-content\/uploads\/Captura-de-pantalla-2023-04-27-205421.png?fit=808%2C419&ssl=1&resize=350%2C200 1x, https:\/\/i0.wp.com\/larevistadigital.com.ar\/blog\/wp-content\/uploads\/Captura-de-pantalla-2023-04-27-205421.png?fit=808%2C419&ssl=1&resize=525%2C300 1.5x, https:\/\/i0.wp.com\/larevistadigital.com.ar\/blog\/wp-content\/uploads\/Captura-de-pantalla-2023-04-27-205421.png?fit=808%2C419&ssl=1&resize=700%2C400 2x"},"classes":[]},{"id":22703,"url":"https:\/\/larevistadigital.com.ar\/blog\/feroz-asalto-en-la-plata-venian-de-hacer-los-mandados-y-fueron-atacados-por-ladrones\/","url_meta":{"origin":16098,"position":1},"title":"FEROZ ASALTO EN LA PLATA: VEN\u00cdAN DE HACER LOS MANDADOS Y FUERON ATACADOS POR LADRONES","author":"Alejandro Sosa Ruda","date":"18 noviembre, 2021","format":false,"excerpt":"Ocurri\u00f3 a plena luz del d\u00eda, cuando las v\u00edctimas regresaban del supermercado. Bajo amenazas, dos delincuentes se apoderaron de sus pertenencias y escaparon. Dos adolescentes fueron asaltados por una pareja de delincuentes cuando llegaban a su casa de La Plata. El hecho se registr\u00f3 el martes por la ma\u00f1ana, a\u2026","rel":"","context":"En \u00abPOLICIALES\u00bb","block_context":{"text":"POLICIALES","link":"https:\/\/larevistadigital.com.ar\/blog\/category\/policiales\/"},"img":{"alt_text":"","src":"https:\/\/i0.wp.com\/larevistadigital.com.ar\/blog\/wp-content\/uploads\/Patrullero-La-Plata-Berisso-Policia.jpg?fit=882%2C492&ssl=1&resize=350%2C200","width":350,"height":200,"srcset":"https:\/\/i0.wp.com\/larevistadigital.com.ar\/blog\/wp-content\/uploads\/Patrullero-La-Plata-Berisso-Policia.jpg?fit=882%2C492&ssl=1&resize=350%2C200 1x, https:\/\/i0.wp.com\/larevistadigital.com.ar\/blog\/wp-content\/uploads\/Patrullero-La-Plata-Berisso-Policia.jpg?fit=882%2C492&ssl=1&resize=525%2C300 1.5x, https:\/\/i0.wp.com\/larevistadigital.com.ar\/blog\/wp-content\/uploads\/Patrullero-La-Plata-Berisso-Policia.jpg?fit=882%2C492&ssl=1&resize=700%2C400 2x"},"classes":[]},{"id":13915,"url":"https:\/\/larevistadigital.com.ar\/blog\/chascomus-grupo-de-adolescentes-cometen-varios-delitos-hay-un-detenido\/","url_meta":{"origin":16098,"position":2},"title":"CHASCOMUS: GRUPO DE ADOLESCENTES COMETEN VARIOS DELITOS. HAY UN DETENIDO","author":"Alejandro Sosa Ruda","date":"30 diciembre, 2019","format":false,"excerpt":"En la ma\u00f1ana de ayer Un grupo de cuatro j\u00f3venes mayores de edad m\u00e1s un menor, concretaron lo que puede calificarse como un ra\u00cdd delictivo, durante la ma\u00f1ana de ayer. Alrededor de las seis de la ma\u00f1ana y por algunas cuadras de calle Casalins como tambi\u00e9n Franklin, se dedicaron a\u2026","rel":"","context":"En \u00abINTERES GENERAL\u00bb","block_context":{"text":"INTERES GENERAL","link":"https:\/\/larevistadigital.com.ar\/blog\/category\/interes-general\/"},"img":{"alt_text":"","src":"https:\/\/i0.wp.com\/larevistadigital.com.ar\/blog\/wp-content\/uploads\/2019\/01\/bbx_755050019_comisaria_chasco_01.jpg?fit=800%2C579&ssl=1&resize=350%2C200","width":350,"height":200,"srcset":"https:\/\/i0.wp.com\/larevistadigital.com.ar\/blog\/wp-content\/uploads\/2019\/01\/bbx_755050019_comisaria_chasco_01.jpg?fit=800%2C579&ssl=1&resize=350%2C200 1x, https:\/\/i0.wp.com\/larevistadigital.com.ar\/blog\/wp-content\/uploads\/2019\/01\/bbx_755050019_comisaria_chasco_01.jpg?fit=800%2C579&ssl=1&resize=525%2C300 1.5x, https:\/\/i0.wp.com\/larevistadigital.com.ar\/blog\/wp-content\/uploads\/2019\/01\/bbx_755050019_comisaria_chasco_01.jpg?fit=800%2C579&ssl=1&resize=700%2C400 2x"},"classes":[]},{"id":16605,"url":"https:\/\/larevistadigital.com.ar\/blog\/falsos-policias-someten-a-una-familia-en-romero\/","url_meta":{"origin":16098,"position":3},"title":"FALSOS POLIC\u00cdAS SOMETEN A UNA FAMILIA EN ROMERO","author":"Alejandro Sosa Ruda","date":"29 septiembre, 2020","format":false,"excerpt":"Escaparon a los tiros a bordo de un auto y hasta el momento permanecen pr\u00f3fugos Tres delincuentes vestidos como polic\u00edas cometieron en las \u00faltimas horas una entradera contra una familia de Melchor Romero, y escaparon a los tiros, informaron hoy desde la fuerza. Los ladrones llegaron hasta una casa de\u2026","rel":"","context":"En \u00abPOLICIALES\u00bb","block_context":{"text":"POLICIALES","link":"https:\/\/larevistadigital.com.ar\/blog\/category\/policiales\/"},"img":{"alt_text":"","src":"https:\/\/i0.wp.com\/larevistadigital.com.ar\/blog\/wp-content\/uploads\/2018\/03\/Policia-allanamiento-noche.jpg?fit=777%2C498&ssl=1&resize=350%2C200","width":350,"height":200,"srcset":"https:\/\/i0.wp.com\/larevistadigital.com.ar\/blog\/wp-content\/uploads\/2018\/03\/Policia-allanamiento-noche.jpg?fit=777%2C498&ssl=1&resize=350%2C200 1x, https:\/\/i0.wp.com\/larevistadigital.com.ar\/blog\/wp-content\/uploads\/2018\/03\/Policia-allanamiento-noche.jpg?fit=777%2C498&ssl=1&resize=525%2C300 1.5x, https:\/\/i0.wp.com\/larevistadigital.com.ar\/blog\/wp-content\/uploads\/2018\/03\/Policia-allanamiento-noche.jpg?fit=777%2C498&ssl=1&resize=700%2C400 2x"},"classes":[]},{"id":45189,"url":"https:\/\/larevistadigital.com.ar\/blog\/le-robaron-en-la-plata-y-desataron-una-pesadilla-en-berisso-golpearon-a-sus-padres-y-escaparon-con-todo\/","url_meta":{"origin":16098,"position":4},"title":"Le robaron en La Plata y desataron una pesadilla en Berisso: golpearon a sus padres y escaparon con todo","author":"Alejandro Sosa Ruda","date":"18 abril, 2026","format":false,"excerpt":"Delincuentes usaron informaci\u00f3n obtenida en un robo previo para irrumpir en la vivienda familiar. Hubo amenazas, violencia extrema y un auto robado que es intensamente buscado. 08 de abril de 2026 Una familia vivi\u00f3 horas de terror tras un violento asalto que comenz\u00f3 con un robo en la v\u00eda p\u00fablica\u2026","rel":"","context":"En \u00abPOLICIALES\u00bb","block_context":{"text":"POLICIALES","link":"https:\/\/larevistadigital.com.ar\/blog\/category\/policiales\/"},"img":{"alt_text":"","src":"https:\/\/i0.wp.com\/larevistadigital.com.ar\/blog\/wp-content\/uploads\/Captura-de-pantalla-2026-04-18-195827.jpg?fit=883%2C476&ssl=1&resize=350%2C200","width":350,"height":200,"srcset":"https:\/\/i0.wp.com\/larevistadigital.com.ar\/blog\/wp-content\/uploads\/Captura-de-pantalla-2026-04-18-195827.jpg?fit=883%2C476&ssl=1&resize=350%2C200 1x, https:\/\/i0.wp.com\/larevistadigital.com.ar\/blog\/wp-content\/uploads\/Captura-de-pantalla-2026-04-18-195827.jpg?fit=883%2C476&ssl=1&resize=525%2C300 1.5x, https:\/\/i0.wp.com\/larevistadigital.com.ar\/blog\/wp-content\/uploads\/Captura-de-pantalla-2026-04-18-195827.jpg?fit=883%2C476&ssl=1&resize=700%2C400 2x"},"classes":[]},{"id":9220,"url":"https:\/\/larevistadigital.com.ar\/blog\/dolores-se-escaparon-dos-presos-de-la-unidad-6-uno-fue-recapturado-en-maipu\/","url_meta":{"origin":16098,"position":5},"title":"DOLORES: SE ESCAPARON DOS PRESOS DE LA UNIDAD 6, UNO FUE RECAPTURADO EN MAIP\u00da","author":"Alejandro Sosa Ruda","date":"20 marzo, 2019","format":false,"excerpt":"Dos internos que estaban en la c\u00e1rcel de Dolores, quebrantaron el r\u00e9gimen abierto art\u00edculo 100 de la ley 12.256 que fuera otorgado por sus respectivos juzgados. Este r\u00e9gimen implica una faz de confianza con custodia m\u00ednima, aclarando que no se fugaron del instituto, ni saltaron el muro. Los internos son\u2026","rel":"","context":"En \u00abDOLORES\u00bb","block_context":{"text":"DOLORES","link":"https:\/\/larevistadigital.com.ar\/blog\/category\/dolores\/"},"img":{"alt_text":"","src":"https:\/\/i0.wp.com\/larevistadigital.com.ar\/blog\/wp-content\/uploads\/2019\/03\/Screenshot_2-10.jpg?fit=872%2C548&ssl=1&resize=350%2C200","width":350,"height":200,"srcset":"https:\/\/i0.wp.com\/larevistadigital.com.ar\/blog\/wp-content\/uploads\/2019\/03\/Screenshot_2-10.jpg?fit=872%2C548&ssl=1&resize=350%2C200 1x, https:\/\/i0.wp.com\/larevistadigital.com.ar\/blog\/wp-content\/uploads\/2019\/03\/Screenshot_2-10.jpg?fit=872%2C548&ssl=1&resize=525%2C300 1.5x, https:\/\/i0.wp.com\/larevistadigital.com.ar\/blog\/wp-content\/uploads\/2019\/03\/Screenshot_2-10.jpg?fit=872%2C548&ssl=1&resize=700%2C400 2x"},"classes":[]}],"_links":{"self":[{"href":"https:\/\/larevistadigital.com.ar\/blog\/wp-json\/wp\/v2\/posts\/16098","targetHints":{"allow":["GET"]}}],"collection":[{"href":"https:\/\/larevistadigital.com.ar\/blog\/wp-json\/wp\/v2\/posts"}],"about":[{"href":"https:\/\/larevistadigital.com.ar\/blog\/wp-json\/wp\/v2\/types\/post"}],"author":[{"embeddable":true,"href":"https:\/\/larevistadigital.com.ar\/blog\/wp-json\/wp\/v2\/users\/3"}],"replies":[{"embeddable":true,"href":"https:\/\/larevistadigital.com.ar\/blog\/wp-json\/wp\/v2\/comments?post=16098"}],"version-history":[{"count":1,"href":"https:\/\/larevistadigital.com.ar\/blog\/wp-json\/wp\/v2\/posts\/16098\/revisions"}],"predecessor-version":[{"id":16099,"href":"https:\/\/larevistadigital.com.ar\/blog\/wp-json\/wp\/v2\/posts\/16098\/revisions\/16099"}],"wp:attachment":[{"href":"https:\/\/larevistadigital.com.ar\/blog\/wp-json\/wp\/v2\/media?parent=16098"}],"wp:term":[{"taxonomy":"category","embeddable":true,"href":"https:\/\/larevistadigital.com.ar\/blog\/wp-json\/wp\/v2\/categories?post=16098"},{"taxonomy":"post_tag","embeddable":true,"href":"https:\/\/larevistadigital.com.ar\/blog\/wp-json\/wp\/v2\/tags?post=16098"}],"curies":[{"name":"wp","href":"https:\/\/api.w.org\/{rel}","templated":true}]}}