{"id":161,"date":"2017-02-12T01:49:30","date_gmt":"2017-02-12T01:49:30","guid":{"rendered":"https:\/\/larevistadigital.com.ar\/blog\/?p=161"},"modified":"2017-02-12T01:49:30","modified_gmt":"2017-02-12T01:49:30","slug":"nueva-capacitacion-fomento-rural-productores-aplicadores","status":"publish","type":"post","link":"https:\/\/larevistadigital.com.ar\/blog\/nueva-capacitacion-fomento-rural-productores-aplicadores\/","title":{"rendered":"NUEVA CAPACITACION EN FOMENTO RURAL PARA PRODUCTORES Y APLICADORES"},"content":{"rendered":"<p dir=\"ltr\">Ayer en la Sociedad de Fomento Rural, Gustavo Calvanese, Director de Fiscalizaci\u00f3n de Vegetal dependiente del Ministerio de Agroindustria de la Provincia \u00a0de Buenos Aires, realiz\u00f3 un encuentro con productores locales y aplicadores de fitosanitarios, para presentar la receta agron\u00f3mica obligatoria de sanidad vegetal como as\u00ed tambi\u00e9n capacitar a profesionales de agroqu\u00edmicos.<\/p>\n<p class=\"caps\">\n<p dir=\"ltr\">Calvanese dio las razones de su presencia en Belgrano al se\u00f1alar que \u201cmi misi\u00f3n hoy (por ayer) es la difusi\u00f3n de la receta agron\u00f3mica obligatoria sanitaria vegetal, que es un instrumento para los profesionales del agro y que hemos estado implementado desde el a\u00f1o pasado. Seguimos con esta difusi\u00f3n, en pos de que entiendan que es una herramienta tecnol\u00f3gica para los profesionales de la ingenier\u00eda agron\u00f3mica\u201d.<\/p>\n<p>En tanto en relaci\u00f3n a la capacitaci\u00f3n para aplicadores de fitosanitarios dijo: \u201cEn particular estamos trabajando con Paco Almada, que es nuestro extensionista del Ministerio de Agro-industria, y apoyando la capacitaci\u00f3n de los operarios de aplicaci\u00f3n de agro-qu\u00edmicos. Por su puesto aqu\u00ed siempre recibimos un gran apoyo de parte de la Sociedad de Fomento Rural, que nos cede las instalaciones y el apoyo log\u00edstico para hacer las capacitaciones. La idea que luego de esta capacitaci\u00f3n se lleven un carnet habilitante y que las empresas est\u00e9n inscriptas y reguladas por la Direcci\u00f3n de Fiscalizaci\u00f3n de Vegetal\u201d.<\/p>\n<p>&nbsp;<\/p>\n","protected":false},"excerpt":{"rendered":"<div class=\"mh-excerpt\"><p>Ayer en la Sociedad de Fomento Rural, Gustavo Calvanese, Director de Fiscalizaci\u00f3n de Vegetal dependiente del Ministerio de Agroindustria de la Provincia \u00a0de Buenos Aires, realiz\u00f3 un encuentro con productores locales y aplicadores de fitosanitarios, <a class=\"mh-excerpt-more\" href=\"https:\/\/larevistadigital.com.ar\/blog\/nueva-capacitacion-fomento-rural-productores-aplicadores\/\" title=\"NUEVA CAPACITACION EN FOMENTO RURAL PARA PRODUCTORES Y APLICADORES\">[Leer M\u00e1s]<\/a><\/p>\n<\/div>","protected":false},"author":2,"featured_media":162,"comment_status":"open","ping_status":"open","sticky":false,"template":"","format":"standard","meta":{"_jetpack_memberships_contains_paid_content":false,"footnotes":"","jetpack_publicize_message":"","jetpack_publicize_feature_enabled":true,"jetpack_social_post_already_shared":false,"jetpack_social_options":{"image_generator_settings":{"template":"highway","default_image_id":0,"font":"","enabled":false},"version":2}},"categories":[3],"tags":[],"class_list":{"0":"post-161","1":"post","2":"type-post","3":"status-publish","4":"format-standard","5":"has-post-thumbnail","7":"category-general-belgrano"},"jetpack_publicize_connections":[],"jetpack_featured_media_url":"https:\/\/i0.wp.com\/larevistadigital.com.ar\/blog\/wp-content\/uploads\/2017\/02\/GB2.jpg?fit=680%2C365&ssl=1","jetpack_sharing_enabled":true,"jetpack_shortlink":"https:\/\/wp.me\/p8qtrQ-2B","jetpack-related-posts":[{"id":32514,"url":"https:\/\/larevistadigital.com.ar\/blog\/carlos-casares-un-grupo-de-productores-rurales-irrumpieron-en-el-concejo-deliberante-por-el-estado-de-los-caminos\/","url_meta":{"origin":161,"position":0},"title":"CARLOS CASARES: UN GRUPO DE PRODUCTORES RURALES IRRUMPIERON EN EL CONCEJO DELIBERANTE POR EL ESTADO DE LOS CAMINOS","author":"Alejandro Sosa Ruda","date":"20 julio, 2023","format":false,"excerpt":"Los productores estaban ilusionados con la posibilidad de una revisi\u00f3n de ese esquema, ya hab\u00edan reunido m\u00e1s de 650 firmas para apoyar un proyecto que propon\u00eda la rebaja, pero poco antes de la reuni\u00f3n del jueves pasado fueron anoticiados de que el proyecto no se debatir\u00eda hasta agosto. 20 de\u2026","rel":"","context":"En \u00abPOLITICA\u00bb","block_context":{"text":"POLITICA","link":"https:\/\/larevistadigital.com.ar\/blog\/category\/politica\/"},"img":{"alt_text":"","src":"https:\/\/i0.wp.com\/larevistadigital.com.ar\/blog\/wp-content\/uploads\/20230719164236_casares-productores.png?fit=880%2C512&ssl=1&resize=350%2C200","width":350,"height":200,"srcset":"https:\/\/i0.wp.com\/larevistadigital.com.ar\/blog\/wp-content\/uploads\/20230719164236_casares-productores.png?fit=880%2C512&ssl=1&resize=350%2C200 1x, https:\/\/i0.wp.com\/larevistadigital.com.ar\/blog\/wp-content\/uploads\/20230719164236_casares-productores.png?fit=880%2C512&ssl=1&resize=525%2C300 1.5x, https:\/\/i0.wp.com\/larevistadigital.com.ar\/blog\/wp-content\/uploads\/20230719164236_casares-productores.png?fit=880%2C512&ssl=1&resize=700%2C400 2x"},"classes":[]},{"id":41871,"url":"https:\/\/larevistadigital.com.ar\/blog\/chascomus-se-realizo-en-la-manana-del-jueves-a-beneficiarios-del-programa-provincial-de-fomento-a-la-fruticultura-este-jueves-por-la-manana-y-en-articulacion-con-el-area-agroecologia-y-biodiversidad\/","url_meta":{"origin":161,"position":1},"title":"Chascom\u00fas: Se realiz\u00f3 en la ma\u00f1ana del jueves a beneficiarios del programa provincial de fomento a la fruticultura Este jueves por la ma\u00f1ana y en articulaci\u00f3n con el \u00e1rea Agroecolog\u00eda y Biodiversidad de la Municipalidad de Chascom\u00fas, se realiz\u00f3 la entrega de frutales a productores que presentaron un proyecto productivo al programa del Ministerio de Desarrollo Agrario.  Es as\u00ed que siete productores locales recibieron frutales por primera vez e incluso por segunda vez, al haber demostrado un correcto cuidado de los ejemplares anteriores. Las especies entregadas fueron c\u00edtricos, como naranja de jugo, limones y mandarinas. Tambi\u00e9n se entregaron membrillos, peras, duraznos, manzanos y nuez pecan.  El programa de fomento a la fruticultura, implementado por la Provincia de Buenos Aires por cuarto a\u00f1o consecutivo, busca fortalecer y diversificar la actividad productiva mediante la entrega de frutales a productores, cooperativas e instituciones, y tambi\u00e9n brinda la capacitaci\u00f3n t\u00e9cnica para impulsar el desarrollo sustentable y agroecol\u00f3gico con el objetivo de mejorar la productividad y el arraigo local.  Los proyectos que fueron presentados por los productores fueron evaluados por la provincia y dentro de sus objetivos fueron dar inicio a plantaciones o ampliar montes existentes bajo la adopci\u00f3n de pr\u00e1cticas sostenibles.","author":"Alejandro Sosa Ruda","date":"9 octubre, 2025","format":false,"excerpt":"Se realiz\u00f3 en la ma\u00f1ana del jueves a beneficiarios del programa provincial de fomento a la fruticultura 09 de Octubre de 2025 CHASCOM\u00daS -\u00a0 \u00a0Este jueves por la ma\u00f1ana y en articulaci\u00f3n con el \u00e1rea Agroecolog\u00eda y Biodiversidad de la Municipalidad de Chascom\u00fas, se realiz\u00f3 la entrega de frutales a\u2026","rel":"","context":"En \u00abCHASCOM\u00daS\u00bb","block_context":{"text":"CHASCOM\u00daS","link":"https:\/\/larevistadigital.com.ar\/blog\/category\/chascomus\/"},"img":{"alt_text":"","src":"https:\/\/i0.wp.com\/larevistadigital.com.ar\/blog\/wp-content\/uploads\/68e7e3447170d.png?fit=668%2C445&ssl=1&resize=350%2C200","width":350,"height":200,"srcset":"https:\/\/i0.wp.com\/larevistadigital.com.ar\/blog\/wp-content\/uploads\/68e7e3447170d.png?fit=668%2C445&ssl=1&resize=350%2C200 1x, https:\/\/i0.wp.com\/larevistadigital.com.ar\/blog\/wp-content\/uploads\/68e7e3447170d.png?fit=668%2C445&ssl=1&resize=525%2C300 1.5x"},"classes":[]},{"id":208,"url":"https:\/\/larevistadigital.com.ar\/blog\/municipalidad-gral-paz-intendente-alvarez-solicito-la-conciliacion-obligatoria-conflicto-rapido-argentino\/","url_meta":{"origin":161,"position":2},"title":"Municipalidad de Gral. Paz: EL INTENDENTE ALVAREZ SOLICITO LA CONCILIACI\u00d3N OBLIGATORIA EN EL CONFLICTO DE \u00c9L R\u00c1PIDO ARGENTINO.","author":"editor","date":"12 febrero, 2017","format":false,"excerpt":"La Municipalidad de General Paz informa, que a ra\u00edz del conflicto que mantienen los trabajadores agremiados en UTA (Uni\u00f3n de Tranviarios Automotor) y la empresa El R\u00e1pido Argentino y que consecuentemente ha originado el cese por tiempo indeterminado del servicio de transporte de pasajeros del ramal La Plata \u2013 General\u2026","rel":"","context":"En \u00abRANCHOS\u00bb","block_context":{"text":"RANCHOS","link":"https:\/\/larevistadigital.com.ar\/blog\/category\/ranchos\/"},"img":{"alt_text":"","src":"https:\/\/i0.wp.com\/larevistadigital.com.ar\/blog\/wp-content\/uploads\/2017\/02\/micro.jpg?fit=388%2C235&ssl=1&resize=350%2C200","width":350,"height":200},"classes":[]},{"id":21641,"url":"https:\/\/larevistadigital.com.ar\/blog\/mar-del-tuyu-indignacion-por-robo-en-la-sociedad-de-fomento-residencial\/","url_meta":{"origin":161,"position":3},"title":"MAR DEL TUY\u00da: INDIGNACI\u00d3N POR ROBO EN LA SOCIEDAD DE FOMENTO RESIDENCIAL","author":"Alejandro Sosa Ruda","date":"22 agosto, 2021","format":false,"excerpt":"Se llevaron un televisor de 48 pulgadas y las garrafas de la cocina. \u201cRobar es muy malo, pero peor es robar en un lugar donde se le brinda ayuda alimentaria a tanta gente\u201d, expres\u00f3 Miguel \u00c1lvarez, presidente de la Sociedad de Fomento. MAR DEL TUY\u00da -\u00a0 Sucedi\u00f3 ayer por la\u2026","rel":"","context":"En \u00abPOLICIALES\u00bb","block_context":{"text":"POLICIALES","link":"https:\/\/larevistadigital.com.ar\/blog\/category\/policiales\/"},"img":{"alt_text":"","src":"https:\/\/i0.wp.com\/larevistadigital.com.ar\/blog\/wp-content\/uploads\/6451194082169ad3fd47476829ab16eaa8d5bd75.jpg?fit=1140%2C718&ssl=1&resize=350%2C200","width":350,"height":200,"srcset":"https:\/\/i0.wp.com\/larevistadigital.com.ar\/blog\/wp-content\/uploads\/6451194082169ad3fd47476829ab16eaa8d5bd75.jpg?fit=1140%2C718&ssl=1&resize=350%2C200 1x, https:\/\/i0.wp.com\/larevistadigital.com.ar\/blog\/wp-content\/uploads\/6451194082169ad3fd47476829ab16eaa8d5bd75.jpg?fit=1140%2C718&ssl=1&resize=525%2C300 1.5x, https:\/\/i0.wp.com\/larevistadigital.com.ar\/blog\/wp-content\/uploads\/6451194082169ad3fd47476829ab16eaa8d5bd75.jpg?fit=1140%2C718&ssl=1&resize=700%2C400 2x, https:\/\/i0.wp.com\/larevistadigital.com.ar\/blog\/wp-content\/uploads\/6451194082169ad3fd47476829ab16eaa8d5bd75.jpg?fit=1140%2C718&ssl=1&resize=1050%2C600 3x"},"classes":[]},{"id":7138,"url":"https:\/\/larevistadigital.com.ar\/blog\/belgrano-denuncian-persecucion-sindical-a-dirigente-de-cicop-de-general-belgrano\/","url_meta":{"origin":161,"position":4},"title":"BELGRANO: DENUNCIAN PERSECUCI\u00d3N SINDICAL A DIRIGENTE DE CICOP DE GENERAL BELGRANO","author":"Alejandro Sosa Ruda","date":"10 diciembre, 2018","format":false,"excerpt":"Los trabajadores y las trabajadoras nucleados en la Asociaci\u00f3n Sindical de Profesionales de la Salud de la Provincia de Buenos Aires (CICOP) de General Belgrano denunciaron que\u00a0\u201cviolando todas las normas vigentes, ante una querella penal por una presunta mala praxis profesional, el Gobierno municipal\u00a0inici\u00f3 un sumario administrativo sobre la Secretaria\u2026","rel":"","context":"En \u00abGREMIALES\u00bb","block_context":{"text":"GREMIALES","link":"https:\/\/larevistadigital.com.ar\/blog\/category\/gremiales\/"},"img":{"alt_text":"","src":"https:\/\/i0.wp.com\/larevistadigital.com.ar\/blog\/wp-content\/uploads\/2018\/12\/a108262.jpg?fit=880%2C662&ssl=1&resize=350%2C200","width":350,"height":200,"srcset":"https:\/\/i0.wp.com\/larevistadigital.com.ar\/blog\/wp-content\/uploads\/2018\/12\/a108262.jpg?fit=880%2C662&ssl=1&resize=350%2C200 1x, https:\/\/i0.wp.com\/larevistadigital.com.ar\/blog\/wp-content\/uploads\/2018\/12\/a108262.jpg?fit=880%2C662&ssl=1&resize=525%2C300 1.5x, https:\/\/i0.wp.com\/larevistadigital.com.ar\/blog\/wp-content\/uploads\/2018\/12\/a108262.jpg?fit=880%2C662&ssl=1&resize=700%2C400 2x"},"classes":[]},{"id":3468,"url":"https:\/\/larevistadigital.com.ar\/blog\/general-belgrano-el-same-recibio-capacitacion\/","url_meta":{"origin":161,"position":5},"title":"GENERAL BELGRANO: EL SAME RECIBI\u00d3 CAPACITACI\u00d3N","author":"Alejandro Sosa Ruda","date":"12 octubre, 2017","format":false,"excerpt":"Durante la jornada de ayer, fue realizada en General Belgrano una capacitaci\u00f3n al SAME provincia que se desempe\u00f1a en esa ciudad. El objetivo es brindar herramientas, fortalecer la competencia de todo los equipos, m\u00e9dicos, enfermeros, conductores y radio operadores. Tambi\u00e9n participaron personal de Defensa Civil y Bomberos Voluntarios. La capacitaci\u00f3n\u2026","rel":"","context":"En \u00abGENERAL BELGRANO\u00bb","block_context":{"text":"GENERAL BELGRANO","link":"https:\/\/larevistadigital.com.ar\/blog\/category\/general-belgrano\/"},"img":{"alt_text":"","src":"https:\/\/i0.wp.com\/larevistadigital.com.ar\/blog\/wp-content\/uploads\/2017\/10\/SAME-GRAN-BELGRANO.jpg?fit=960%2C640&ssl=1&resize=350%2C200","width":350,"height":200,"srcset":"https:\/\/i0.wp.com\/larevistadigital.com.ar\/blog\/wp-content\/uploads\/2017\/10\/SAME-GRAN-BELGRANO.jpg?fit=960%2C640&ssl=1&resize=350%2C200 1x, https:\/\/i0.wp.com\/larevistadigital.com.ar\/blog\/wp-content\/uploads\/2017\/10\/SAME-GRAN-BELGRANO.jpg?fit=960%2C640&ssl=1&resize=525%2C300 1.5x, https:\/\/i0.wp.com\/larevistadigital.com.ar\/blog\/wp-content\/uploads\/2017\/10\/SAME-GRAN-BELGRANO.jpg?fit=960%2C640&ssl=1&resize=700%2C400 2x"},"classes":[]}],"_links":{"self":[{"href":"https:\/\/larevistadigital.com.ar\/blog\/wp-json\/wp\/v2\/posts\/161","targetHints":{"allow":["GET"]}}],"collection":[{"href":"https:\/\/larevistadigital.com.ar\/blog\/wp-json\/wp\/v2\/posts"}],"about":[{"href":"https:\/\/larevistadigital.com.ar\/blog\/wp-json\/wp\/v2\/types\/post"}],"author":[{"embeddable":true,"href":"https:\/\/larevistadigital.com.ar\/blog\/wp-json\/wp\/v2\/users\/2"}],"replies":[{"embeddable":true,"href":"https:\/\/larevistadigital.com.ar\/blog\/wp-json\/wp\/v2\/comments?post=161"}],"version-history":[{"count":1,"href":"https:\/\/larevistadigital.com.ar\/blog\/wp-json\/wp\/v2\/posts\/161\/revisions"}],"predecessor-version":[{"id":163,"href":"https:\/\/larevistadigital.com.ar\/blog\/wp-json\/wp\/v2\/posts\/161\/revisions\/163"}],"wp:featuredmedia":[{"embeddable":true,"href":"https:\/\/larevistadigital.com.ar\/blog\/wp-json\/wp\/v2\/media\/162"}],"wp:attachment":[{"href":"https:\/\/larevistadigital.com.ar\/blog\/wp-json\/wp\/v2\/media?parent=161"}],"wp:term":[{"taxonomy":"category","embeddable":true,"href":"https:\/\/larevistadigital.com.ar\/blog\/wp-json\/wp\/v2\/categories?post=161"},{"taxonomy":"post_tag","embeddable":true,"href":"https:\/\/larevistadigital.com.ar\/blog\/wp-json\/wp\/v2\/tags?post=161"}],"curies":[{"name":"wp","href":"https:\/\/api.w.org\/{rel}","templated":true}]}}