{"id":16100,"date":"2020-08-22T13:30:41","date_gmt":"2020-08-22T13:30:41","guid":{"rendered":"https:\/\/larevistadigital.com.ar\/blog\/?p=16100"},"modified":"2020-08-22T16:04:34","modified_gmt":"2020-08-22T16:04:34","slug":"una-concejal-habria-protagonizado-un-escandalo-por-una-multa-de-transito","status":"publish","type":"post","link":"https:\/\/larevistadigital.com.ar\/blog\/una-concejal-habria-protagonizado-un-escandalo-por-una-multa-de-transito\/","title":{"rendered":"UNA CONCEJAL (MC) HABR\u00cdA PROTAGONIZADO UN ESC\u00c1NDALO POR UNA MULTA DE TR\u00c1NSITO"},"content":{"rendered":"<p>Varios vecinos se pusieron en contacto con nosotros por una lamentable situaci\u00f3n que habr\u00eda ocurrido durante el d\u00eda viernes en la oficina donde se sacan y renuevan las licencias de conducir.<\/p>\n<p>Seg\u00fan nos han comentado (y nos han confirmado empleados del lugar) la concejal (Mandato Cumplido) de procedencia gremial <strong>Cecilia Machado<\/strong>, se present\u00f3 al lugar, solicitando las boletas nacionales y provinciales que se pagan los timbrados, y ah\u00ed aparecieron los detalles de las multas. Que en estos casos, nos aseguran que \u00abtienen sentencia\u00bb y deben ser pagadas.<\/p>\n<blockquote>\n<h3>Esto, provoc\u00f3 la ira de la concejal, que pregunt\u00f3 por qu\u00e9 deb\u00eda pagarlas, y se le explic\u00f3 que eso obedec\u00eda a que las multas \u00abestaban con sentencia\u00bb. Seg\u00fan nos refirieron, Machado habr\u00eda comenzado a gritar que \u00aba mi que me importan las multas, soy concejal\u00bb mientras las empleadas del lugar trataban de explicarle que deb\u00eda abonarlas. Luego, el jefe del lugar, tuvo que salir e intervenir, repiti\u00e9ndole que las infracciones tienen sentencia firme y deben ser pagadas.<\/h3>\n<\/blockquote>\n<p><strong>Machado<\/strong>, lejos de calmarse, se retir\u00f3 muy enojada, y nos dicen que habr\u00eda gritado <strong><em>\u00ab\u00a1entonces voy a andar sin licencia! y \u00a1qu\u00e9 me importa la licencia!\u00bb<\/em><\/strong> al tiempo que pegaba un fuerte portazo que nos relataron que hizo temblar todos los vidrios.<\/p>\n<p>Los vecinos que se pusieron en contacto, hicieron menci\u00f3n a que un funcionario p\u00fablico, por lo menos deber\u00eda dar el ejemplo.<\/p>\n<p>Sin palabras.<\/p>\n","protected":false},"excerpt":{"rendered":"<div class=\"mh-excerpt\"><p>Varios vecinos se pusieron en contacto con nosotros por una lamentable situaci\u00f3n que habr\u00eda ocurrido durante el d\u00eda viernes en la oficina donde se sacan y renuevan las licencias de conducir. Seg\u00fan nos han comentado <a class=\"mh-excerpt-more\" href=\"https:\/\/larevistadigital.com.ar\/blog\/una-concejal-habria-protagonizado-un-escandalo-por-una-multa-de-transito\/\" title=\"UNA CONCEJAL (MC) HABR\u00cdA PROTAGONIZADO UN ESC\u00c1NDALO POR UNA MULTA DE TR\u00c1NSITO\">[Leer M\u00e1s]<\/a><\/p>\n<\/div>","protected":false},"author":3,"featured_media":16102,"comment_status":"open","ping_status":"open","sticky":false,"template":"","format":"standard","meta":{"_jetpack_memberships_contains_paid_content":false,"footnotes":"","jetpack_publicize_message":"","jetpack_publicize_feature_enabled":true,"jetpack_social_post_already_shared":true,"jetpack_social_options":{"image_generator_settings":{"template":"highway","default_image_id":0,"font":"","enabled":false},"version":2}},"categories":[6,12,23],"tags":[],"class_list":{"0":"post-16100","1":"post","2":"type-post","3":"status-publish","4":"format-standard","5":"has-post-thumbnail","7":"category-chascomus","8":"category-politica","9":"category-politica-local"},"jetpack_publicize_connections":[],"jetpack_featured_media_url":"https:\/\/i0.wp.com\/larevistadigital.com.ar\/blog\/wp-content\/uploads\/bbx_177693680_1_FB_IMG_1593452753778.jpg?fit=800%2C579&ssl=1","jetpack_sharing_enabled":true,"jetpack_shortlink":"https:\/\/wp.me\/p8qtrQ-4bG","jetpack-related-posts":[{"id":8852,"url":"https:\/\/larevistadigital.com.ar\/blog\/chascomus-para-la-concejal-cecilia-machado-el-discurso-de-gaston-fue-light\/","url_meta":{"origin":16100,"position":0},"title":"CHASCOM\u00daS: PARA LA CONCEJAL CECILIA MACHADO, EL DISCURSO DE GAST\u00d3N FUE LIGHT","author":"Alejandro Sosa Ruda","date":"3 marzo, 2019","format":false,"excerpt":"La concejal de Red x Argentina, Cecilia Machado, fue entrevistada en programa que conduce Alberto Morel y Mart\u00edn Palmero, donde se refiri\u00f3 a lo que fue el discurso del Intendente Municipal Javier Gast\u00f3n en la apertura de las sesiones ordinarias del Concejo Deliberante; la edil tuvo una visi\u00f3n cr\u00edtica de\u2026","rel":"","context":"En \u00abCHASCOM\u00daS\u00bb","block_context":{"text":"CHASCOM\u00daS","link":"https:\/\/larevistadigital.com.ar\/blog\/category\/chascomus\/"},"img":{"alt_text":"","src":"https:\/\/i0.wp.com\/larevistadigital.com.ar\/blog\/wp-content\/uploads\/2019\/03\/48379782_2361746627173146_4360034731979440128_n.jpg?fit=956%2C960&ssl=1&resize=350%2C200","width":350,"height":200,"srcset":"https:\/\/i0.wp.com\/larevistadigital.com.ar\/blog\/wp-content\/uploads\/2019\/03\/48379782_2361746627173146_4360034731979440128_n.jpg?fit=956%2C960&ssl=1&resize=350%2C200 1x, https:\/\/i0.wp.com\/larevistadigital.com.ar\/blog\/wp-content\/uploads\/2019\/03\/48379782_2361746627173146_4360034731979440128_n.jpg?fit=956%2C960&ssl=1&resize=525%2C300 1.5x, https:\/\/i0.wp.com\/larevistadigital.com.ar\/blog\/wp-content\/uploads\/2019\/03\/48379782_2361746627173146_4360034731979440128_n.jpg?fit=956%2C960&ssl=1&resize=700%2C400 2x"},"classes":[]},{"id":13634,"url":"https:\/\/larevistadigital.com.ar\/blog\/chascomus-vecinos-de-el-porteno-enojados-elevan-nota-al-municipio\/","url_meta":{"origin":16100,"position":1},"title":"CHASCOM\u00daS: VECINOS DE EL PORTE\u00d1O ENOJADOS, ELEVAN NOTA AL MUNICIPIO","author":"Alejandro Sosa Ruda","date":"12 diciembre, 2019","format":false,"excerpt":"Vecinos del barrio \"El Porte\u00f1o\", y algunos propietarios de la zona rural, presentaron una nota por mesa de entradas de la Municipalidad de Chascom\u00fas, en donde solicitan que se vuelvan a colocar los moderadores de velocidad por la escuela 8. Tambi\u00e9n, est\u00e1n reclamando el mejorado de piedra para camino de\u2026","rel":"","context":"En \u00abINTERES GENERAL\u00bb","block_context":{"text":"INTERES GENERAL","link":"https:\/\/larevistadigital.com.ar\/blog\/category\/interes-general\/"},"img":{"alt_text":"","src":"https:\/\/i0.wp.com\/larevistadigital.com.ar\/blog\/wp-content\/uploads\/WhatsApp-Image-2019-12-12-at-20.21.28.jpeg?fit=1152%2C864&ssl=1&resize=350%2C200","width":350,"height":200,"srcset":"https:\/\/i0.wp.com\/larevistadigital.com.ar\/blog\/wp-content\/uploads\/WhatsApp-Image-2019-12-12-at-20.21.28.jpeg?fit=1152%2C864&ssl=1&resize=350%2C200 1x, https:\/\/i0.wp.com\/larevistadigital.com.ar\/blog\/wp-content\/uploads\/WhatsApp-Image-2019-12-12-at-20.21.28.jpeg?fit=1152%2C864&ssl=1&resize=525%2C300 1.5x, https:\/\/i0.wp.com\/larevistadigital.com.ar\/blog\/wp-content\/uploads\/WhatsApp-Image-2019-12-12-at-20.21.28.jpeg?fit=1152%2C864&ssl=1&resize=700%2C400 2x, https:\/\/i0.wp.com\/larevistadigital.com.ar\/blog\/wp-content\/uploads\/WhatsApp-Image-2019-12-12-at-20.21.28.jpeg?fit=1152%2C864&ssl=1&resize=1050%2C600 3x"},"classes":[]},{"id":18951,"url":"https:\/\/larevistadigital.com.ar\/blog\/concejal-nacho-lopez-aseguro-que-el-gobierno-local-sigue-muy-comodo-escuchando-lo-que-quiere-escuchar\/","url_meta":{"origin":16100,"position":2},"title":"CONCEJAL \u00abNACHO\u00bb LOPEZ ASEGUR\u00d3 QUE EL GOBIERNO LOCAL \u00abSIGUE MUY C\u00d3MODO, ESCUCHANDO LO QUE QUIERE ESCUCHAR\u00bb","author":"Alejandro Sosa Ruda","date":"22 febrero, 2021","format":false,"excerpt":"Las declaraciones del concejal de la UCR, se dieron en el marco de una entrevista que mantuvo con nuestros colegas de \"Medios Coranto\", y luego del accidente que sufriera un ciclista en el Vel\u00f3dromo. Un accidente que le ocasion\u00f3 m\u00faltiples fracturas, y que seg\u00fan dichos del concejal de la UCR\u2026","rel":"","context":"En \u00abDESTACADAS\u00bb","block_context":{"text":"DESTACADAS","link":"https:\/\/larevistadigital.com.ar\/blog\/category\/destacadas\/"},"img":{"alt_text":"","src":"https:\/\/i0.wp.com\/larevistadigital.com.ar\/blog\/wp-content\/uploads\/nacho-lopez-1.jpg?fit=900%2C722&ssl=1&resize=350%2C200","width":350,"height":200,"srcset":"https:\/\/i0.wp.com\/larevistadigital.com.ar\/blog\/wp-content\/uploads\/nacho-lopez-1.jpg?fit=900%2C722&ssl=1&resize=350%2C200 1x, https:\/\/i0.wp.com\/larevistadigital.com.ar\/blog\/wp-content\/uploads\/nacho-lopez-1.jpg?fit=900%2C722&ssl=1&resize=525%2C300 1.5x, https:\/\/i0.wp.com\/larevistadigital.com.ar\/blog\/wp-content\/uploads\/nacho-lopez-1.jpg?fit=900%2C722&ssl=1&resize=700%2C400 2x"},"classes":[]},{"id":35062,"url":"https:\/\/larevistadigital.com.ar\/blog\/conmocion-en-la-costa-encontraron-muerto-a-concejal-de-la-libertad-avanza\/","url_meta":{"origin":16100,"position":3},"title":"CONMOCI\u00d3N EN LA COSTA: ENCONTRARON MUERTO A CONCEJAL DE LA LIBERTAD AVANZA","author":"Alejandro Sosa Ruda","date":"21 enero, 2024","format":false,"excerpt":"Lo encontraron por la ma\u00f1ana de hoy, domingo 21\/1. Se habr\u00eda quitado la vida. 21 de enero de 2023 LA COSTA -\u00a0 \u00a0Seg\u00fan inform\u00f3 el sitio \"miradacentral.com\", hoy por la ma\u00f1ana fue encontrado muerto el concejal electo por la Libertad Avanza, Gonzalo Rojo.\u00a0La novedad conmocion\u00f3 a la pol\u00edtica costera ante\u2026","rel":"","context":"En \u00abPOLITICA\u00bb","block_context":{"text":"POLITICA","link":"https:\/\/larevistadigital.com.ar\/blog\/category\/politica\/"},"img":{"alt_text":"","src":"https:\/\/i0.wp.com\/larevistadigital.com.ar\/blog\/wp-content\/uploads\/Captura-de-pantalla-2024-01-21-154300.png?fit=747%2C444&ssl=1&resize=350%2C200","width":350,"height":200,"srcset":"https:\/\/i0.wp.com\/larevistadigital.com.ar\/blog\/wp-content\/uploads\/Captura-de-pantalla-2024-01-21-154300.png?fit=747%2C444&ssl=1&resize=350%2C200 1x, https:\/\/i0.wp.com\/larevistadigital.com.ar\/blog\/wp-content\/uploads\/Captura-de-pantalla-2024-01-21-154300.png?fit=747%2C444&ssl=1&resize=525%2C300 1.5x, https:\/\/i0.wp.com\/larevistadigital.com.ar\/blog\/wp-content\/uploads\/Captura-de-pantalla-2024-01-21-154300.png?fit=747%2C444&ssl=1&resize=700%2C400 2x"},"classes":[]},{"id":1293,"url":"https:\/\/larevistadigital.com.ar\/blog\/intendente-de-cambiemos-se-clavo-un-hierro-en-el-cuello\/","url_meta":{"origin":16100,"position":4},"title":"INTENDENTE DE CAMBIEMOS SE CLAV\u00d3 UN HIERRO EN EL CUELLO","author":"Alejandro Sosa Ruda","date":"18 marzo, 2017","format":false,"excerpt":"Es el Intendente de Magdalena Gonzalo Peluso, que sufri\u00f3 un accidente dom\u00e9stico y debi\u00f3 ser trasladado del nosocomio local al hospital san Mart\u00edn en La Plata. El hecho tuvo lugar ayer cerca de las 22 hs cuando realizaba tareas dom\u00e9sticas en el barrio de Las Quintas en Magdalena. Aparentemente por\u2026","rel":"","context":"En \u00abDESTACADAS\u00bb","block_context":{"text":"DESTACADAS","link":"https:\/\/larevistadigital.com.ar\/blog\/category\/destacadas\/"},"img":{"alt_text":"","src":"https:\/\/i0.wp.com\/larevistadigital.com.ar\/blog\/wp-content\/uploads\/2017\/03\/dsc_2918_fileminimizer.jpg?fit=929%2C1200&ssl=1&resize=350%2C200","width":350,"height":200,"srcset":"https:\/\/i0.wp.com\/larevistadigital.com.ar\/blog\/wp-content\/uploads\/2017\/03\/dsc_2918_fileminimizer.jpg?fit=929%2C1200&ssl=1&resize=350%2C200 1x, https:\/\/i0.wp.com\/larevistadigital.com.ar\/blog\/wp-content\/uploads\/2017\/03\/dsc_2918_fileminimizer.jpg?fit=929%2C1200&ssl=1&resize=525%2C300 1.5x, https:\/\/i0.wp.com\/larevistadigital.com.ar\/blog\/wp-content\/uploads\/2017\/03\/dsc_2918_fileminimizer.jpg?fit=929%2C1200&ssl=1&resize=700%2C400 2x"},"classes":[]},{"id":6141,"url":"https:\/\/larevistadigital.com.ar\/blog\/chascomus-malos-tratos-en-dependencia-municipal\/","url_meta":{"origin":16100,"position":5},"title":"CHASCOM\u00daS: \u00bfMALOS TRATOS EN DEPENDENCIA MUNICIPAL?","author":"Alejandro Sosa Ruda","date":"3 agosto, 2018","format":false,"excerpt":"Una vez m\u00e1s ha llegado hasta nuestra redacci\u00f3n un ciudadano chascomunense que presenci\u00f3 una fuerte y desubicada discusi\u00f3n en una oficina municipal de calle Dorrego. Con esta son varias las ocasiones que nos llegan quejas de esa dependencia. El vecino asegura que mientras \u00e9l solicitaba informaci\u00f3n para la renovaci\u00f3n de\u2026","rel":"","context":"En \u00abCHASCOM\u00daS\u00bb","block_context":{"text":"CHASCOM\u00daS","link":"https:\/\/larevistadigital.com.ar\/blog\/category\/chascomus\/"},"img":{"alt_text":"","src":"https:\/\/i0.wp.com\/larevistadigital.com.ar\/blog\/wp-content\/uploads\/2018\/08\/4E0.jpg?fit=660%2C350&ssl=1&resize=350%2C200","width":350,"height":200,"srcset":"https:\/\/i0.wp.com\/larevistadigital.com.ar\/blog\/wp-content\/uploads\/2018\/08\/4E0.jpg?fit=660%2C350&ssl=1&resize=350%2C200 1x, https:\/\/i0.wp.com\/larevistadigital.com.ar\/blog\/wp-content\/uploads\/2018\/08\/4E0.jpg?fit=660%2C350&ssl=1&resize=525%2C300 1.5x"},"classes":[]}],"_links":{"self":[{"href":"https:\/\/larevistadigital.com.ar\/blog\/wp-json\/wp\/v2\/posts\/16100","targetHints":{"allow":["GET"]}}],"collection":[{"href":"https:\/\/larevistadigital.com.ar\/blog\/wp-json\/wp\/v2\/posts"}],"about":[{"href":"https:\/\/larevistadigital.com.ar\/blog\/wp-json\/wp\/v2\/types\/post"}],"author":[{"embeddable":true,"href":"https:\/\/larevistadigital.com.ar\/blog\/wp-json\/wp\/v2\/users\/3"}],"replies":[{"embeddable":true,"href":"https:\/\/larevistadigital.com.ar\/blog\/wp-json\/wp\/v2\/comments?post=16100"}],"version-history":[{"count":2,"href":"https:\/\/larevistadigital.com.ar\/blog\/wp-json\/wp\/v2\/posts\/16100\/revisions"}],"predecessor-version":[{"id":16106,"href":"https:\/\/larevistadigital.com.ar\/blog\/wp-json\/wp\/v2\/posts\/16100\/revisions\/16106"}],"wp:featuredmedia":[{"embeddable":true,"href":"https:\/\/larevistadigital.com.ar\/blog\/wp-json\/wp\/v2\/media\/16102"}],"wp:attachment":[{"href":"https:\/\/larevistadigital.com.ar\/blog\/wp-json\/wp\/v2\/media?parent=16100"}],"wp:term":[{"taxonomy":"category","embeddable":true,"href":"https:\/\/larevistadigital.com.ar\/blog\/wp-json\/wp\/v2\/categories?post=16100"},{"taxonomy":"post_tag","embeddable":true,"href":"https:\/\/larevistadigital.com.ar\/blog\/wp-json\/wp\/v2\/tags?post=16100"}],"curies":[{"name":"wp","href":"https:\/\/api.w.org\/{rel}","templated":true}]}}