{"id":16108,"date":"2020-08-23T15:27:43","date_gmt":"2020-08-23T15:27:43","guid":{"rendered":"https:\/\/larevistadigital.com.ar\/blog\/?p=16108"},"modified":"2020-08-23T15:27:43","modified_gmt":"2020-08-23T15:27:43","slug":"cine-y-series-hoy-el-negro-carrizo-nos-habla-de-un-clasico-de-la-tv-argentina-los-simuladores","status":"publish","type":"post","link":"https:\/\/larevistadigital.com.ar\/blog\/cine-y-series-hoy-el-negro-carrizo-nos-habla-de-un-clasico-de-la-tv-argentina-los-simuladores\/","title":{"rendered":"CINE Y SERIES: HOY EL \u00abNEGRO CARRIZO\u00bb NOS HABLA DE UN CL\u00c1SICO DE LA TV ARGENTINA \u00abLOS SIMULADORES\u00bb"},"content":{"rendered":"<p><strong><em>\u201cYo conozco un grupo de personas que resuelve cualquier tipo de problemas\u201d<\/em><\/strong> era la frase que esper\u00e1bamos cada jueves con ansias por el 2002, cuando un veintipico de Marzo se estrena una serie que quedar\u00eda perpetuada en el coraz\u00f3n de muchos argentinos.<\/p>\n<p>Poco presupuesto, efectos especiales dudosos, pero el ingenio argento a flor de piel, Los simuladores es sin duda una de las mejores series argentinas de la historia y duro tan solo dos temporadas con 24 episodios de menos de 60 minutos y que tan solo nos parec\u00edan 10, porque como les contaba los fallos t\u00e9cnicos eran muchos sin embargo quedo demostrado que cuando la idea es genuina no se necesita tanto para convertir ese proyecto en un gran \u00e9xito.<\/p>\n<p>Por si alguno no sabe de qu\u00e9 estoy escribiendo hoy, la historia se trata de cuatro personas, y que constantemente durante el desarrollo de la trama se busca mostrar sus claras diferencias aun en los m\u00ednimos detalles, sin embargo este carism\u00e1tico equipo de trabajo llevan a cabo operativos exquisitamente estrat\u00e9gicos como algunos totalmente disparatados, sorprendiendo al espectador con cada cap\u00edtulo y demostrando un ingenio sin igual.<\/p>\n<p>Desde el intelecto y direcci\u00f3n del gran director Argentino <strong>Dami\u00e1n Szifron<\/strong> (creador tambi\u00e9n de hermanos y detectives, y relatos salvajes) me gustar\u00eda invitarlos a que vuelvan a vivir esta gran serie y recordar tan buenos momentos, y si nunca o\u00edste hablar o no te convenci\u00f3 aun esta serie argentina exportada y re versionada por 4 Pa\u00edses, sin contar los 7 galardones donde se incluye un Martin fierro de oro al mejor unitario, es un buen momento para vivir por vos mismo la experiencia y ver porque estamos tan orgullosos de ser argentinos y tener series de este nivel creativo de primer mundo.<\/p>\n<p>Disponible en Netflix y YouTube, y la espera de una pel\u00edcula quiz\u00e1 alg\u00fan d\u00eda\u2026<strong>LOS SIMULADORES<\/strong>.<\/p>\n<p>&nbsp;<\/p>\n<div class=\"fb-video\" data-allowfullscreen=\"true\" data-href=\"https:\/\/www.facebook.com\/782202051905792\/videos\/742171219687951\" style=\"background-color: #fff; display: inline-block;\"><\/div>\n","protected":false},"excerpt":{"rendered":"<div class=\"mh-excerpt\"><p>\u201cYo conozco un grupo de personas que resuelve cualquier tipo de problemas\u201d era la frase que esper\u00e1bamos cada jueves con ansias por el 2002, cuando un veintipico de Marzo se estrena una serie que quedar\u00eda <a class=\"mh-excerpt-more\" href=\"https:\/\/larevistadigital.com.ar\/blog\/cine-y-series-hoy-el-negro-carrizo-nos-habla-de-un-clasico-de-la-tv-argentina-los-simuladores\/\" title=\"CINE Y SERIES: HOY EL \u00abNEGRO CARRIZO\u00bb NOS HABLA DE UN CL\u00c1SICO DE LA TV ARGENTINA \u00abLOS SIMULADORES\u00bb\">[Leer M\u00e1s]<\/a><\/p>\n<\/div>","protected":false},"author":3,"featured_media":15349,"comment_status":"open","ping_status":"open","sticky":false,"template":"","format":"standard","meta":{"_jetpack_memberships_contains_paid_content":false,"footnotes":"","jetpack_publicize_message":"","jetpack_publicize_feature_enabled":true,"jetpack_social_post_already_shared":true,"jetpack_social_options":{"image_generator_settings":{"template":"highway","default_image_id":0,"font":"","enabled":false},"version":2}},"categories":[15,50],"tags":[],"class_list":{"0":"post-16108","1":"post","2":"type-post","3":"status-publish","4":"format-standard","5":"has-post-thumbnail","7":"category-cultura","8":"category-interes-general"},"jetpack_publicize_connections":[],"jetpack_featured_media_url":"https:\/\/i0.wp.com\/larevistadigital.com.ar\/blog\/wp-content\/uploads\/LO-QUE-VIENE-NETFLIX.jpg?fit=620%2C330&ssl=1","jetpack_sharing_enabled":true,"jetpack_shortlink":"https:\/\/wp.me\/p8qtrQ-4bO","jetpack-related-posts":[{"id":17497,"url":"https:\/\/larevistadigital.com.ar\/blog\/feliz-dia-del-empleado-municipal-no-solo-debe-ser-un-deseo-sino-un-compromiso-por-jose-fares\/","url_meta":{"origin":16108,"position":0},"title":"\u201cFELIZ D\u00cdA DEL EMPLEADO MUNICIPAL\u201d. NO SOLO DEBE SER UN DESEO, SINO UN COMPROMISO (por JOS\u00c9 FARES)","author":"Alejandro Sosa Ruda","date":"8 noviembre, 2020","format":false,"excerpt":"Jos\u00e9 Fares, referente de \"Cambio Federal\" por la quinta secci\u00f3n, nos hizo llegar una nota de opini\u00f3n, con motivo del \"D\u00eda del Municipal\" que a continuaci\u00f3n publicamos: Hoy, es el d\u00eda del empleado municipal. Cuando me dije que iba a enviar un saludo por las redes, comenc\u00e9 a reflexionar y\u2026","rel":"","context":"En \u00abDESTACADAS\u00bb","block_context":{"text":"DESTACADAS","link":"https:\/\/larevistadigital.com.ar\/blog\/category\/destacadas\/"},"img":{"alt_text":"","src":"https:\/\/i0.wp.com\/larevistadigital.com.ar\/blog\/wp-content\/uploads\/2019\/05\/municipio-copia.jpg?fit=1200%2C795&ssl=1&resize=350%2C200","width":350,"height":200,"srcset":"https:\/\/i0.wp.com\/larevistadigital.com.ar\/blog\/wp-content\/uploads\/2019\/05\/municipio-copia.jpg?fit=1200%2C795&ssl=1&resize=350%2C200 1x, https:\/\/i0.wp.com\/larevistadigital.com.ar\/blog\/wp-content\/uploads\/2019\/05\/municipio-copia.jpg?fit=1200%2C795&ssl=1&resize=525%2C300 1.5x, https:\/\/i0.wp.com\/larevistadigital.com.ar\/blog\/wp-content\/uploads\/2019\/05\/municipio-copia.jpg?fit=1200%2C795&ssl=1&resize=700%2C400 2x, https:\/\/i0.wp.com\/larevistadigital.com.ar\/blog\/wp-content\/uploads\/2019\/05\/municipio-copia.jpg?fit=1200%2C795&ssl=1&resize=1050%2C600 3x"},"classes":[]},{"id":2308,"url":"https:\/\/larevistadigital.com.ar\/blog\/haz-lo-que-yo-digo\/","url_meta":{"origin":16108,"position":1},"title":"\u00abHAZ LO QUE YO DIGO&#8230;\u00bb","author":"Alejandro Sosa Ruda","date":"15 mayo, 2017","format":false,"excerpt":"\u201cEl pez por la boca muere\u201d reza el viejo refr\u00e1n, y refleja una gran verdad que se transforma en un boomerang, sobre todo cuando se trata de pol\u00edtica y m\u00e1s a\u00fan, cuando quienes realizan acciones o anuncios, luego terminan estando del otro lado del escritorio. Esto, va en el mismo\u2026","rel":"","context":"En \u00abCHASCOM\u00daS\u00bb","block_context":{"text":"CHASCOM\u00daS","link":"https:\/\/larevistadigital.com.ar\/blog\/category\/chascomus\/"},"img":{"alt_text":"","src":"https:\/\/i0.wp.com\/larevistadigital.com.ar\/blog\/wp-content\/uploads\/2017\/05\/WhatsApp-Image-2017-05-14-at-11.43.05-1.jpeg?fit=1040%2C585&ssl=1&resize=350%2C200","width":350,"height":200,"srcset":"https:\/\/i0.wp.com\/larevistadigital.com.ar\/blog\/wp-content\/uploads\/2017\/05\/WhatsApp-Image-2017-05-14-at-11.43.05-1.jpeg?fit=1040%2C585&ssl=1&resize=350%2C200 1x, https:\/\/i0.wp.com\/larevistadigital.com.ar\/blog\/wp-content\/uploads\/2017\/05\/WhatsApp-Image-2017-05-14-at-11.43.05-1.jpeg?fit=1040%2C585&ssl=1&resize=525%2C300 1.5x, https:\/\/i0.wp.com\/larevistadigital.com.ar\/blog\/wp-content\/uploads\/2017\/05\/WhatsApp-Image-2017-05-14-at-11.43.05-1.jpeg?fit=1040%2C585&ssl=1&resize=700%2C400 2x"},"classes":[]},{"id":15386,"url":"https:\/\/larevistadigital.com.ar\/blog\/imperdible-2-x-1-el-negro-carrizo-hoy-peliculas\/","url_meta":{"origin":16108,"position":2},"title":"IMPERDIBLE! 2 X 1 EL \u00abNEGRO CARRIZO\u00bb HOY PEL\u00cdCULAS!","author":"Alejandro Sosa Ruda","date":"28 mayo, 2020","format":false,"excerpt":"#Batman Lego (2017) NO debe existir versi\u00f3n mejor! Bueno obviamente que s\u00ed; aunque esta versi\u00f3n desde un perfil un tanto ir\u00f3nico sintetiza al gran Bruno D\u00edaz y su identidad a esta altura poco secreta. En esta historia podemos conocer al Batman detr\u00e1s del s\u00faper h\u00e9roe; como a pesar del \u00e9xito\u2026","rel":"","context":"En \u00abINTERES GENERAL\u00bb","block_context":{"text":"INTERES GENERAL","link":"https:\/\/larevistadigital.com.ar\/blog\/category\/interes-general\/"},"img":{"alt_text":"","src":"https:\/\/i0.wp.com\/larevistadigital.com.ar\/blog\/wp-content\/uploads\/LO-QUE-VIENE-NETFLIX.jpg?fit=620%2C330&ssl=1&resize=350%2C200","width":350,"height":200,"srcset":"https:\/\/i0.wp.com\/larevistadigital.com.ar\/blog\/wp-content\/uploads\/LO-QUE-VIENE-NETFLIX.jpg?fit=620%2C330&ssl=1&resize=350%2C200 1x, https:\/\/i0.wp.com\/larevistadigital.com.ar\/blog\/wp-content\/uploads\/LO-QUE-VIENE-NETFLIX.jpg?fit=620%2C330&ssl=1&resize=525%2C300 1.5x"},"classes":[]},{"id":39637,"url":"https:\/\/larevistadigital.com.ar\/blog\/fumata-blanca-fumata-negra-el-enigmatico-ritual-del-humo-en-el-vaticano\/","url_meta":{"origin":16108,"position":3},"title":"Fumata blanca, fumata negra: el enigm\u00e1tico ritual del humo en el Vaticano","author":"Alejandro Sosa Ruda","date":"3 mayo, 2025","format":false,"excerpt":"Desde hace siglos, una se\u00f1al de humo que se eleva sobre Roma marca uno de los momentos m\u00e1s solemnes del catolicismo: la elecci\u00f3n de un nuevo Papa. \u00bfC\u00f3mo naci\u00f3 esta costumbre? \u00bfQu\u00e9 significado tiene hoy la fumata que todos esperan en la Plaza San Pedro? 03 de Mayo de 2025\u2026","rel":"","context":"En \u00abCULTURA\u00bb","block_context":{"text":"CULTURA","link":"https:\/\/larevistadigital.com.ar\/blog\/category\/cultura\/"},"img":{"alt_text":"","src":"https:\/\/i0.wp.com\/larevistadigital.com.ar\/blog\/wp-content\/uploads\/Captura-de-pantalla-2025-05-03-201634.jpg?fit=638%2C352&ssl=1&resize=350%2C200","width":350,"height":200,"srcset":"https:\/\/i0.wp.com\/larevistadigital.com.ar\/blog\/wp-content\/uploads\/Captura-de-pantalla-2025-05-03-201634.jpg?fit=638%2C352&ssl=1&resize=350%2C200 1x, https:\/\/i0.wp.com\/larevistadigital.com.ar\/blog\/wp-content\/uploads\/Captura-de-pantalla-2025-05-03-201634.jpg?fit=638%2C352&ssl=1&resize=525%2C300 1.5x"},"classes":[]},{"id":16023,"url":"https:\/\/larevistadigital.com.ar\/blog\/volver-a-la-cultura-del-trabajo-por-juan-lemik\/","url_meta":{"origin":16108,"position":4},"title":"VOLVER A LA CULTURA DEL TRABAJO (Por Juan Lemik)","author":"Alejandro Sosa Ruda","date":"13 agosto, 2020","format":false,"excerpt":"En tiempo de pandemia, uno trata de ocupar su tiempo, por lo que entre otras cosas, leo y miro tv, pero hay momentos que escucho y leo algunas cosas que son dif\u00edciles de creer. Los actores est\u00e1n pidiendo un subsidio por la falta de trabajo. \u00a1Si! un subsidio. Y entonces\u2026","rel":"","context":"En \u00abSOCIEDAD\u00bb","block_context":{"text":"SOCIEDAD","link":"https:\/\/larevistadigital.com.ar\/blog\/category\/sociedad\/"},"img":{"alt_text":"","src":"https:\/\/i0.wp.com\/larevistadigital.com.ar\/blog\/wp-content\/uploads\/Cultura_1.jpg?fit=830%2C400&ssl=1&resize=350%2C200","width":350,"height":200,"srcset":"https:\/\/i0.wp.com\/larevistadigital.com.ar\/blog\/wp-content\/uploads\/Cultura_1.jpg?fit=830%2C400&ssl=1&resize=350%2C200 1x, https:\/\/i0.wp.com\/larevistadigital.com.ar\/blog\/wp-content\/uploads\/Cultura_1.jpg?fit=830%2C400&ssl=1&resize=525%2C300 1.5x, https:\/\/i0.wp.com\/larevistadigital.com.ar\/blog\/wp-content\/uploads\/Cultura_1.jpg?fit=830%2C400&ssl=1&resize=700%2C400 2x"},"classes":[]},{"id":15367,"url":"https:\/\/larevistadigital.com.ar\/blog\/queen-bohemian-rapsody-y-un-personaje-curioso-por-el-negro-carrizo\/","url_meta":{"origin":16108,"position":5},"title":"QUEEN, BOHEMIAN RHAPSODY Y UN PERSONAJE CURIOSO&#8230; (Por \u00abEl Negro Carrizo\u00bb)","author":"Alejandro Sosa Ruda","date":"26 mayo, 2020","format":false,"excerpt":"Mike Myers se lo podr\u00eda tal vez considerar el responsable de devolvernos a Queen al continente Americano; la banda inglesa contaba con una buena imagen por el norte pero cuando se estrena \u201cI Want To Break Free\u201d, una naci\u00f3n ultra conservadora no ve\u00eda con buenos ojos que cuatro muchachos se\u2026","rel":"","context":"En \u00abINTERES GENERAL\u00bb","block_context":{"text":"INTERES GENERAL","link":"https:\/\/larevistadigital.com.ar\/blog\/category\/interes-general\/"},"img":{"alt_text":"","src":"https:\/\/i0.wp.com\/larevistadigital.com.ar\/blog\/wp-content\/uploads\/TODO-SOBRE-M%C3%9ASICA.jpg?fit=1200%2C771&ssl=1&resize=350%2C200","width":350,"height":200,"srcset":"https:\/\/i0.wp.com\/larevistadigital.com.ar\/blog\/wp-content\/uploads\/TODO-SOBRE-M%C3%9ASICA.jpg?fit=1200%2C771&ssl=1&resize=350%2C200 1x, https:\/\/i0.wp.com\/larevistadigital.com.ar\/blog\/wp-content\/uploads\/TODO-SOBRE-M%C3%9ASICA.jpg?fit=1200%2C771&ssl=1&resize=525%2C300 1.5x, https:\/\/i0.wp.com\/larevistadigital.com.ar\/blog\/wp-content\/uploads\/TODO-SOBRE-M%C3%9ASICA.jpg?fit=1200%2C771&ssl=1&resize=700%2C400 2x, https:\/\/i0.wp.com\/larevistadigital.com.ar\/blog\/wp-content\/uploads\/TODO-SOBRE-M%C3%9ASICA.jpg?fit=1200%2C771&ssl=1&resize=1050%2C600 3x"},"classes":[]}],"_links":{"self":[{"href":"https:\/\/larevistadigital.com.ar\/blog\/wp-json\/wp\/v2\/posts\/16108","targetHints":{"allow":["GET"]}}],"collection":[{"href":"https:\/\/larevistadigital.com.ar\/blog\/wp-json\/wp\/v2\/posts"}],"about":[{"href":"https:\/\/larevistadigital.com.ar\/blog\/wp-json\/wp\/v2\/types\/post"}],"author":[{"embeddable":true,"href":"https:\/\/larevistadigital.com.ar\/blog\/wp-json\/wp\/v2\/users\/3"}],"replies":[{"embeddable":true,"href":"https:\/\/larevistadigital.com.ar\/blog\/wp-json\/wp\/v2\/comments?post=16108"}],"version-history":[{"count":1,"href":"https:\/\/larevistadigital.com.ar\/blog\/wp-json\/wp\/v2\/posts\/16108\/revisions"}],"predecessor-version":[{"id":16109,"href":"https:\/\/larevistadigital.com.ar\/blog\/wp-json\/wp\/v2\/posts\/16108\/revisions\/16109"}],"wp:featuredmedia":[{"embeddable":true,"href":"https:\/\/larevistadigital.com.ar\/blog\/wp-json\/wp\/v2\/media\/15349"}],"wp:attachment":[{"href":"https:\/\/larevistadigital.com.ar\/blog\/wp-json\/wp\/v2\/media?parent=16108"}],"wp:term":[{"taxonomy":"category","embeddable":true,"href":"https:\/\/larevistadigital.com.ar\/blog\/wp-json\/wp\/v2\/categories?post=16108"},{"taxonomy":"post_tag","embeddable":true,"href":"https:\/\/larevistadigital.com.ar\/blog\/wp-json\/wp\/v2\/tags?post=16108"}],"curies":[{"name":"wp","href":"https:\/\/api.w.org\/{rel}","templated":true}]}}