{"id":1613,"date":"2017-03-25T17:20:37","date_gmt":"2017-03-25T17:20:37","guid":{"rendered":"https:\/\/larevistadigital.com.ar\/blog\/?p=1613"},"modified":"2017-03-25T17:20:37","modified_gmt":"2017-03-25T17:20:37","slug":"kirchnerismo-mapa-de-un-acto-dividido","status":"publish","type":"post","link":"https:\/\/larevistadigital.com.ar\/blog\/kirchnerismo-mapa-de-un-acto-dividido\/","title":{"rendered":"KIRCHNERISMO: MAPA DE UN ACTO DIVIDIDO"},"content":{"rendered":"<p>El acto por los 41 a\u00f1os del golpe de estado de 1976, adem\u00e1s de ser multitudinario, dej\u00f3 al descubierto algo que si bien se sabe, ante semejante convocatoria qued\u00f3 expuesto: La interna en el kirchnerismo est\u00e1 al rojo vivo, y las heridas ser\u00e1n dif\u00edciles de cerrar.<\/p>\n<p>Como primera medida, decenas de miles de personas se agruparon en la plaza de mayo, frente a un escenario presidido por <strong>Estela de Carlotto<\/strong> (presidenta de abuelas de plaza de mayo) junto a Madres de Plaza de mayo l\u00ednea fundadora y la agrupaci\u00f3n Hijos. Hasta ese lugar, tambi\u00e9n llegaron agrupaciones K como por ejemplo el Movimiento Evita, y otras organizaciones pol\u00edticas, sociales y de derechos humanos vinculadas al kirchnerismo, portando banderas, sumando a la escuela de percusi\u00f3n \u201cLa Chinga\u201d que sum\u00f3 su bullicio y contando tambi\u00e9n con familias, turistas y curiosos que se acercaron a tomar fotos o sumarse a la movilizaci\u00f3n.<\/p>\n<p>Mientras en el escenario montado a espaldas de la casa rosada, se pasaron videos e historias de desaparecidos.<\/p>\n<p>En todo el recorrido de Avenida de Mayo, por donde ingresaron los manifestantes a la plaza, se colocaron carteles con afiches en contra del Gobierno con<strong>\u00a0<\/strong>im\u00e1genes de<strong> Mauricio Macri, Dario Loperfido y el titular de la Aduana, Juan Jos\u00e9 G\u00f3mez Centuri\u00f3n<\/strong>, estos dos \u00faltimos por sus declaraciones en las que pusieron en duda que hubieran desaparecido 30 mil personas durante la dictadura. Por ese motivo, el n\u00famero \u00ab30 mil\u00bb se repiti\u00f3 en buena parte de los carteles pegados en la zona.<\/p>\n<p>Por otro lado, distanciada de <strong>Carlotto<\/strong> y \u201cMadres L\u00ednea Fundadora\u201d, <strong>Bonafini<\/strong> lleg\u00f3 a la plaza en el acoplado de un cami\u00f3n, habiendo salido desde su agrupaci\u00f3n en Plaza Congreso, acompa\u00f1ada por ex funcionarios kirchneristas como<strong>\u00a0An\u00edbal Fern\u00e1ndez<\/strong>, sindicalistas docentes como\u00a0<strong>Roberto Baradel<\/strong>, de Suteba, y\u00a0<strong>H\u00e9ctor Segovia<\/strong>, de los Metrodelegados del subte porte\u00f1o. Las agrupaciones del kirchnerismo m\u00e1s duro estuvieron junto a ellos, con la excepci\u00f3n de La C\u00e1mpora.<\/p>\n<p>Estos \u00faltimos, comandados por su fundador, <strong>M\u00e1ximo Kirchner<\/strong> se reunieron por la ma\u00f1ana<strong>\u00a0frente al edificio de la ex ESMA, en Nu\u00f1ez<\/strong>, y desde all\u00ed se dirigieron hacia el centro porte\u00f1o.<\/p>\n<p>As\u00ed, todos en la plaza pero todos divididos. Habr\u00e1 que ver como sigue esta historia en el comienzo de un a\u00f1o electoral que promete ser bastante complicado para propios y ajenos.<\/p>\n<p>&nbsp;<\/p>\n","protected":false},"excerpt":{"rendered":"<div class=\"mh-excerpt\"><p>El acto por los 41 a\u00f1os del golpe de estado de 1976, adem\u00e1s de ser multitudinario, dej\u00f3 al descubierto algo que si bien se sabe, ante semejante convocatoria qued\u00f3 expuesto: La interna en el kirchnerismo <a class=\"mh-excerpt-more\" href=\"https:\/\/larevistadigital.com.ar\/blog\/kirchnerismo-mapa-de-un-acto-dividido\/\" title=\"KIRCHNERISMO: MAPA DE UN ACTO DIVIDIDO\">[Leer M\u00e1s]<\/a><\/p>\n<\/div>","protected":false},"author":3,"featured_media":1614,"comment_status":"open","ping_status":"open","sticky":false,"template":"","format":"standard","meta":{"_jetpack_memberships_contains_paid_content":false,"footnotes":"","jetpack_publicize_message":"","jetpack_publicize_feature_enabled":true,"jetpack_social_post_already_shared":true,"jetpack_social_options":{"image_generator_settings":{"template":"highway","default_image_id":0,"font":"","enabled":false},"version":2}},"categories":[41,12,25],"tags":[],"class_list":{"0":"post-1613","1":"post","2":"type-post","3":"status-publish","4":"format-standard","5":"has-post-thumbnail","7":"category-destacadas","8":"category-politica","9":"category-politica-nacional"},"jetpack_publicize_connections":[],"jetpack_featured_media_url":"https:\/\/i0.wp.com\/larevistadigital.com.ar\/blog\/wp-content\/uploads\/2017\/03\/Sin-t%C3%ADtulo-1.jpg?fit=1280%2C720&ssl=1","jetpack_sharing_enabled":true,"jetpack_shortlink":"https:\/\/wp.me\/p8qtrQ-q1","jetpack-related-posts":[{"id":741,"url":"https:\/\/larevistadigital.com.ar\/blog\/la-cgt-culpo-al-kirchnerismo-los-incidentes-al-final-la-movilizacion\/","url_meta":{"origin":1613,"position":0},"title":"La CGT culp\u00f3 al kirchnerismo por los incidentes al final de la movilizaci\u00f3n","author":"Alejandro Sosa Ruda","date":"8 marzo, 2017","format":false,"excerpt":"Schmid y Piumato, de judiciales, buscaron desligar a los sindicatos de los incidentes registrados cuando estaba finalizando el acto. Triste final tuvo la jornada de la primera gran movilizaci\u00f3n contra el gobierno de Cambiemos, ya que se originaron incidentes que podr\u00edan haber tenido un saldo mucho peor. Hubo golpes, corridas,\u2026","rel":"","context":"En \u00abDESTACADAS\u00bb","block_context":{"text":"DESTACADAS","link":"https:\/\/larevistadigital.com.ar\/blog\/category\/destacadas\/"},"img":{"alt_text":"","src":"https:\/\/i0.wp.com\/larevistadigital.com.ar\/blog\/wp-content\/uploads\/2017\/03\/58bf16dff1a76_645x362.jpg?fit=645%2C362&ssl=1&resize=350%2C200","width":350,"height":200,"srcset":"https:\/\/i0.wp.com\/larevistadigital.com.ar\/blog\/wp-content\/uploads\/2017\/03\/58bf16dff1a76_645x362.jpg?fit=645%2C362&ssl=1&resize=350%2C200 1x, https:\/\/i0.wp.com\/larevistadigital.com.ar\/blog\/wp-content\/uploads\/2017\/03\/58bf16dff1a76_645x362.jpg?fit=645%2C362&ssl=1&resize=525%2C300 1.5x"},"classes":[]},{"id":1567,"url":"https:\/\/larevistadigital.com.ar\/blog\/y-ahora-con-quien-se-enojo-enterate-a-quien-trato-ahora-de-traidora-hebe-de-bonfini\/","url_meta":{"origin":1613,"position":1},"title":"Y AHORA \u00bfCON QUI\u00c9N SE ENOJO?&#8230;ENTERATE A QUIEN TRAT\u00d3 AHORA DE TRAIDORA HEBE DE BONFINI","author":"Alejandro Sosa Ruda","date":"24 marzo, 2017","format":false,"excerpt":"Hebe de Bonafini dej\u00f3 claras sus diferencias con Estela de Carlotto\u00a0al asegurar que la titular de Abuelas de Plaza de Mayo cometi\u00f3 una\u00a0\"traici\u00f3n\"\u00a0por haberse reunido esta semana con Mar\u00eda Eugenia Vidal, a quien\u00a0tambi\u00e9n hab\u00eda criticado con anterioridad. \"Quiero hablar un poco de traiciones y entregas. Estela de Carlotto firm\u00f3 un\u2026","rel":"","context":"En \u00abDESTACADAS\u00bb","block_context":{"text":"DESTACADAS","link":"https:\/\/larevistadigital.com.ar\/blog\/category\/destacadas\/"},"img":{"alt_text":"","src":"https:\/\/i0.wp.com\/larevistadigital.com.ar\/blog\/wp-content\/uploads\/2017\/03\/HEBE.jpg-1.jpg?fit=1200%2C895&ssl=1&resize=350%2C200","width":350,"height":200,"srcset":"https:\/\/i0.wp.com\/larevistadigital.com.ar\/blog\/wp-content\/uploads\/2017\/03\/HEBE.jpg-1.jpg?fit=1200%2C895&ssl=1&resize=350%2C200 1x, https:\/\/i0.wp.com\/larevistadigital.com.ar\/blog\/wp-content\/uploads\/2017\/03\/HEBE.jpg-1.jpg?fit=1200%2C895&ssl=1&resize=525%2C300 1.5x, https:\/\/i0.wp.com\/larevistadigital.com.ar\/blog\/wp-content\/uploads\/2017\/03\/HEBE.jpg-1.jpg?fit=1200%2C895&ssl=1&resize=700%2C400 2x, https:\/\/i0.wp.com\/larevistadigital.com.ar\/blog\/wp-content\/uploads\/2017\/03\/HEBE.jpg-1.jpg?fit=1200%2C895&ssl=1&resize=1050%2C600 3x"},"classes":[]},{"id":1778,"url":"https:\/\/larevistadigital.com.ar\/blog\/una-multitud-se-concentro-en-distintos-puntos-del-pais-en-apoyo-al-gobierno-de-mauricio-macri\/","url_meta":{"origin":1613,"position":2},"title":"UNA MULTITUD SE CONCENTR\u00d3 EN DISTINTOS PUNTOS DEL PA\u00cdS EN APOYO AL GOBIERNO DE MAURICIO MACRI","author":"Alejandro Sosa Ruda","date":"2 abril, 2017","format":false,"excerpt":"Los manifestantes se concentraron en el Obelisco y se dirigieron a Plaza de Mayo, conformando una verdadera multitud Con la consigna\u00a0\"#1A Por la Democracia\"\u00a0se est\u00e1 desarrollando \u00a0la marcha \"autoconvocada\" en redes sociales a favor del Gobierno de Mauricio Macri. Sin apoyo ni organizaci\u00f3n del macrismo, manifestantes llegaban al Obelisco pasadas\u2026","rel":"","context":"En \u00abDESTACADAS\u00bb","block_context":{"text":"DESTACADAS","link":"https:\/\/larevistadigital.com.ar\/blog\/category\/destacadas\/"},"img":{"alt_text":"","src":"https:\/\/i0.wp.com\/larevistadigital.com.ar\/blog\/wp-content\/uploads\/2017\/04\/marcha-por-la-democracia-1920-111.jpg?fit=1200%2C674&ssl=1&resize=350%2C200","width":350,"height":200,"srcset":"https:\/\/i0.wp.com\/larevistadigital.com.ar\/blog\/wp-content\/uploads\/2017\/04\/marcha-por-la-democracia-1920-111.jpg?fit=1200%2C674&ssl=1&resize=350%2C200 1x, https:\/\/i0.wp.com\/larevistadigital.com.ar\/blog\/wp-content\/uploads\/2017\/04\/marcha-por-la-democracia-1920-111.jpg?fit=1200%2C674&ssl=1&resize=525%2C300 1.5x, https:\/\/i0.wp.com\/larevistadigital.com.ar\/blog\/wp-content\/uploads\/2017\/04\/marcha-por-la-democracia-1920-111.jpg?fit=1200%2C674&ssl=1&resize=700%2C400 2x, https:\/\/i0.wp.com\/larevistadigital.com.ar\/blog\/wp-content\/uploads\/2017\/04\/marcha-por-la-democracia-1920-111.jpg?fit=1200%2C674&ssl=1&resize=1050%2C600 3x"},"classes":[]},{"id":666,"url":"https:\/\/larevistadigital.com.ar\/blog\/la-marcha-la-cgt-multitudinaria-centro-porteno-colapsa\/","url_meta":{"origin":1613,"position":3},"title":"La marcha de la CGT es multitudinaria, y el centro porte\u00f1o colapsa","author":"Alejandro Sosa Ruda","date":"7 marzo, 2017","format":false,"excerpt":"A pesar de los contratiempos que la movilizaci\u00f3n ocasiona en el centro de la ciudad de Buenos Aires, los responsables de transportes afirman que el servicio funcionar\u00e1 durante toda la jornada, \u201cya que esto no es un paro, es una movilizaci\u00f3n. Por distintas arterias marchan la CGT, gremios opositores de\u2026","rel":"","context":"En \u00abDESTACADAS\u00bb","block_context":{"text":"DESTACADAS","link":"https:\/\/larevistadigital.com.ar\/blog\/category\/destacadas\/"},"img":{"alt_text":"","src":"https:\/\/i0.wp.com\/larevistadigital.com.ar\/blog\/wp-content\/uploads\/2017\/03\/0004360304.jpg?fit=1140%2C700&ssl=1&resize=350%2C200","width":350,"height":200,"srcset":"https:\/\/i0.wp.com\/larevistadigital.com.ar\/blog\/wp-content\/uploads\/2017\/03\/0004360304.jpg?fit=1140%2C700&ssl=1&resize=350%2C200 1x, https:\/\/i0.wp.com\/larevistadigital.com.ar\/blog\/wp-content\/uploads\/2017\/03\/0004360304.jpg?fit=1140%2C700&ssl=1&resize=525%2C300 1.5x, https:\/\/i0.wp.com\/larevistadigital.com.ar\/blog\/wp-content\/uploads\/2017\/03\/0004360304.jpg?fit=1140%2C700&ssl=1&resize=700%2C400 2x, https:\/\/i0.wp.com\/larevistadigital.com.ar\/blog\/wp-content\/uploads\/2017\/03\/0004360304.jpg?fit=1140%2C700&ssl=1&resize=1050%2C600 3x"},"classes":[]},{"id":41900,"url":"https:\/\/larevistadigital.com.ar\/blog\/macri-se-sumo-a-la-campana-libertaria-y-pidio-no-dividir-el-voto-frente-al-kirchnerismo\/","url_meta":{"origin":1613,"position":4},"title":"Macri se sum\u00f3 a la campa\u00f1a libertaria y pidi\u00f3 no dividir el voto frente al kirchnerismo","author":"Alejandro Sosa Ruda","date":"12 octubre, 2025","format":false,"excerpt":"Desde Europa, el expresidente respald\u00f3 una reflexi\u00f3n de Fernando de Andreis, quien record\u00f3 lo ocurrido en 2019, cuando el \"voto castigo\" termin\u00f3 beneficiando al kirchnerismo. 12 de Octubre de 2025 Mauricio Macri\u00a0se meti\u00f3 de lleno en la campa\u00f1a electoral y esta vez lo hizo con un mensaje directo: pidi\u00f3 votar\u2026","rel":"","context":"En \u00abINTERES GENERAL\u00bb","block_context":{"text":"INTERES GENERAL","link":"https:\/\/larevistadigital.com.ar\/blog\/category\/interes-general\/"},"img":{"alt_text":"","src":"https:\/\/i0.wp.com\/larevistadigital.com.ar\/blog\/wp-content\/uploads\/Captura-de-pantalla-2025-10-12-134432.jpg?fit=633%2C428&ssl=1&resize=350%2C200","width":350,"height":200,"srcset":"https:\/\/i0.wp.com\/larevistadigital.com.ar\/blog\/wp-content\/uploads\/Captura-de-pantalla-2025-10-12-134432.jpg?fit=633%2C428&ssl=1&resize=350%2C200 1x, https:\/\/i0.wp.com\/larevistadigital.com.ar\/blog\/wp-content\/uploads\/Captura-de-pantalla-2025-10-12-134432.jpg?fit=633%2C428&ssl=1&resize=525%2C300 1.5x"},"classes":[]},{"id":39813,"url":"https:\/\/larevistadigital.com.ar\/blog\/chascomus-este-domingo-se-realizara-el-acto-oficial-en-conmemoracion-de-la-revolucion-de-mayo\/","url_meta":{"origin":1613,"position":5},"title":"Chascom\u00fas: Este domingo se realizar\u00e1 el acto oficial en conmemoraci\u00f3n de la Revoluci\u00f3n de Mayo","author":"Alejandro Sosa Ruda","date":"20 mayo, 2025","format":false,"excerpt":"Comenzar\u00e1 a las 11,50 horas, en la Plaza Independencia y ser\u00e1 encabezado por el intendente Javier Gast\u00f3n. 20 de Mayo de 2025 CHASCOM\u00daS -\u00a0 \u00a0La Municipalidad de Chascom\u00fas invita a los vecinos a participar de los actos a celebrarse en la jornada de este domingo 25 de mayo, en conmemoraci\u00f3n\u2026","rel":"","context":"En \u00abCHASCOM\u00daS\u00bb","block_context":{"text":"CHASCOM\u00daS","link":"https:\/\/larevistadigital.com.ar\/blog\/category\/chascomus\/"},"img":{"alt_text":"","src":"https:\/\/i0.wp.com\/larevistadigital.com.ar\/blog\/wp-content\/uploads\/682cab20e594a.png?fit=668%2C445&ssl=1&resize=350%2C200","width":350,"height":200,"srcset":"https:\/\/i0.wp.com\/larevistadigital.com.ar\/blog\/wp-content\/uploads\/682cab20e594a.png?fit=668%2C445&ssl=1&resize=350%2C200 1x, https:\/\/i0.wp.com\/larevistadigital.com.ar\/blog\/wp-content\/uploads\/682cab20e594a.png?fit=668%2C445&ssl=1&resize=525%2C300 1.5x"},"classes":[]}],"_links":{"self":[{"href":"https:\/\/larevistadigital.com.ar\/blog\/wp-json\/wp\/v2\/posts\/1613","targetHints":{"allow":["GET"]}}],"collection":[{"href":"https:\/\/larevistadigital.com.ar\/blog\/wp-json\/wp\/v2\/posts"}],"about":[{"href":"https:\/\/larevistadigital.com.ar\/blog\/wp-json\/wp\/v2\/types\/post"}],"author":[{"embeddable":true,"href":"https:\/\/larevistadigital.com.ar\/blog\/wp-json\/wp\/v2\/users\/3"}],"replies":[{"embeddable":true,"href":"https:\/\/larevistadigital.com.ar\/blog\/wp-json\/wp\/v2\/comments?post=1613"}],"version-history":[{"count":1,"href":"https:\/\/larevistadigital.com.ar\/blog\/wp-json\/wp\/v2\/posts\/1613\/revisions"}],"predecessor-version":[{"id":1615,"href":"https:\/\/larevistadigital.com.ar\/blog\/wp-json\/wp\/v2\/posts\/1613\/revisions\/1615"}],"wp:featuredmedia":[{"embeddable":true,"href":"https:\/\/larevistadigital.com.ar\/blog\/wp-json\/wp\/v2\/media\/1614"}],"wp:attachment":[{"href":"https:\/\/larevistadigital.com.ar\/blog\/wp-json\/wp\/v2\/media?parent=1613"}],"wp:term":[{"taxonomy":"category","embeddable":true,"href":"https:\/\/larevistadigital.com.ar\/blog\/wp-json\/wp\/v2\/categories?post=1613"},{"taxonomy":"post_tag","embeddable":true,"href":"https:\/\/larevistadigital.com.ar\/blog\/wp-json\/wp\/v2\/tags?post=1613"}],"curies":[{"name":"wp","href":"https:\/\/api.w.org\/{rel}","templated":true}]}}