{"id":16142,"date":"2020-08-26T16:17:24","date_gmt":"2020-08-26T16:17:24","guid":{"rendered":"https:\/\/larevistadigital.com.ar\/blog\/?p=16142"},"modified":"2020-08-26T16:17:24","modified_gmt":"2020-08-26T16:17:24","slug":"chascomus-la-insensibilidad-soberbia-e-ineptitud-del-gobierno-municipal-que-se-traduce-en-muertes","status":"publish","type":"post","link":"https:\/\/larevistadigital.com.ar\/blog\/chascomus-la-insensibilidad-soberbia-e-ineptitud-del-gobierno-municipal-que-se-traduce-en-muertes\/","title":{"rendered":"CHASCOM\u00daS: LA INSENSIBILIDAD, SOBERBIA E INEPTITUD DEL GOBIERNO MUNICIPAL QUE SE TRADUCE EN MUERTES"},"content":{"rendered":"<h2><em>Mientras m\u00e9dicos, enfermeros, mucamas y dem\u00e1s se desesperan por atender a la gente como corresponde, las autoridades del municipio y del \u00e1rea de salud, que no les importa el grave problema que provoca el mal funcionamiento del tel\u00e9fono de emergencias, que no solo afecta a los infectados por COVID-19, sino que lo es para cualquier persona que sufra alguna urgencia, llegando al desenlace de morir, como en el caso de la madre de quien escribe la nota.<\/em><\/h2>\n<p>El Director de Sistemas de la Municipalidad de Chascom\u00fas, <strong>Alejandro Calabr\u00f3<\/strong>,\u00a0 concurri\u00f3 al Concejo Deliberante acompa\u00f1ado por el Secretario de Gobierno, <strong>Cipriano P\u00e9rez del Cerro,\u00a0<\/strong>donde hab\u00edan sido convocados por los ediles, para poder recabar informaci\u00f3n sobre la realidad actual del n\u00famero de emergencias 107, que tiene permanentemente cuestionamientos en cuanto a su funcionamiento.<\/p>\n<blockquote>\n<h3>Esto, excede el marco de la pandemia de COVID-19, aunque ambos funcionarios, hicieron saber que desde de marzo a la fecha se duplicaron las l\u00edneas del conmutador del 107, pasando de 1 a 2, como si fuera una\u00a0 gran medida que solucionara todos los requerimientos.<\/h3>\n<\/blockquote>\n<p>Repetimos que esta situaci\u00f3n afecta y excede la pandemia. Hay gente que sufre otras afecciones, que necesita atenci\u00f3n urgente, y que a causa del mal funcionamiento del 107, aunque hayan dos l\u00edneas, se ven agravadas sus urgencias, llegando a morir, en algunos casos.<\/p>\n<p>\u00bfY cual es la excusa, para no dar soluci\u00f3n al problema?<\/p>\n<p>Seg\u00fan reproduce el diario El Fuerte, los funcionarios dijeron lo siguiente: <em><strong>\u00ab&#8230; que no iban a aumentar las l\u00edneas ni incorporar celulares porque eso implicar\u00eda m\u00e1s personal m\u00e9dico para que las atiendan y se necesitar\u00eda 9 personas, algo que no ser\u00eda posible en la actualidad dado que los m\u00e9dicos de los consultorios externos, al tener menos trabajo, est\u00e1n colaborando con los de guardia\u00bb<\/strong><\/em>. y contin\u00faa diciendo: <strong><em>\u00abEs decir que no habr\u00eda sobrantes de horas en los profesionales ya que asisten a quienes est\u00e1n en primera l\u00ednea en la lucha contra el coronavirus\u00bb(sic).<\/em><\/strong><\/p>\n<blockquote>\n<h3>\u00bfEs decir, que por no contar personal para atender los tel\u00e9fonos, no se incluir\u00e1n m\u00e1s l\u00edneas?&#8230; \u00bfEs posible que utilicen ese mezquino, torpe y mentiroso argumento quienes se han cansado de tomar gente, sobre todo familiares y amigos en todas las \u00e1reas del municipio, muchos con importantes cargos mientras dicen sin sonrojarse que \u00abno hay personal para eso\u00bb?<\/h3>\n<\/blockquote>\n<p>\u00bfQu\u00e9 hay m\u00e1s importante que esta tarea?&#8230; \u00bfEs necesario e indispensable tener un t\u00edtulo de m\u00e9dico para atender un tel\u00e9fono y brindar soluci\u00f3n a una urgencia? Ponen una excusa, en lugar de hacer lo que les corresponde, que es ocuparse y solucionar esta situaci\u00f3n.<\/p>\n<p><strong>MI CASO ES UN CLARO EJEMPLO DE LO QUE AFIRMO:<\/strong><\/p>\n<p><em><strong>Quien escribe estas l\u00edneas, perdi\u00f3 a su madre el d\u00eda 31\/7\/2020. Es decir, hace solamente 26 d\u00edas. Mi mam\u00e1, estuvo media hora luchando por respirar, v\u00edctima de un \u00abedema pulmonar\u00bb, y en esa media hora, nos daba ocupado el 107, luego nos pudimos comunicar. En esa media hora, mientras mi madre se retorc\u00eda en su cama tratando de respirar, y dos enfermeras que se acercaron a su casa trataban por todos los medios de ayudarla, la ambulancia no lleg\u00f3. Llamaron las enfermeras en dos oportunidades, y la respuesta fue: \u00abest\u00e1 en camino\u00bb&#8230;\u00a0 Llamamos a los bomberos, pidiendo que intervengan y dijeron que se iban a comunicar con urgencias. Llamamos al 911, nos dijeron que iban a llamar al hospital. Yo habl\u00e9 dos veces con un funcionario del gobierno local, que me dijo: \u00abMe dijeron que est\u00e1n en camino\u00bb, mientras le rogaba que hagan algo, que mi mam\u00e1 se mor\u00eda. La ambulancia lleg\u00f3 mas o menos a los 35 minutos. Mi mam\u00e1 estaba muerta.<\/strong><\/em><\/p>\n<p>\u00bfY encima tengo que escuchar, que digan que \u00abno van a poner m\u00e1s l\u00edneas porque no hay personal\u00bb?<\/p>\n<blockquote>\n<h3>Mi madre, pudo haber muerto igualmente, aunque la ambulancia hubiese llegado. Pero nunca lo vamos a saber, porque NUNCA LLEG\u00d3 Y NUNCA RECIBI\u00d3 ATENCI\u00d3N: ES DECIR, NO TUVO NINGUNA OPORTUNIDAD.<\/h3>\n<\/blockquote>\n<p>No hab\u00eda publicado nada, y he pasado en silencio mi irremediable e inmenso dolor, pero esto que declaran, ha sido un cachetazo a mi, y a mi madre que sufri\u00f3 una suerte de \u00ababandono de persona\u00bb.<\/p>\n<blockquote>\n<h3>Eran muy sensibles, y simp\u00e1ticos, para llegar al gobierno, pero lamentablemente ahora hacen lo que quieren, cuando quieren y c\u00f3mo quieren. No escuchan a nadie. Se niegan a incorporar o asignar gente para atender las urgencias en el \u00e1mbito de una pandemia, pero para incorporar a sus amigos y socios no les tiembla el pulso.<\/h3>\n<\/blockquote>\n<p>Mientras tanto nosotros, los vecinos comunes, sufrimos las consecuencias.<\/p>\n<p><strong>ESPEREMOS QUE LA OPOSICI\u00d3N NO DEJE QUE ESTO QUEDE EN LA NADA, Y QUE DE ALGUNA MANERA NOS DEFIENDA, PARA QUE LAS AUTORIDADES CUMPLAN CON LA TAREA POR LA QUE EST\u00c1N COBRANDO.<\/strong><\/p>\n<p>&nbsp;<\/p>\n","protected":false},"excerpt":{"rendered":"<div class=\"mh-excerpt\"><p>Mientras m\u00e9dicos, enfermeros, mucamas y dem\u00e1s se desesperan por atender a la gente como corresponde, las autoridades del municipio y del \u00e1rea de salud, que no les importa el grave problema que provoca el mal <a class=\"mh-excerpt-more\" href=\"https:\/\/larevistadigital.com.ar\/blog\/chascomus-la-insensibilidad-soberbia-e-ineptitud-del-gobierno-municipal-que-se-traduce-en-muertes\/\" title=\"CHASCOM\u00daS: LA INSENSIBILIDAD, SOBERBIA E INEPTITUD DEL GOBIERNO MUNICIPAL QUE SE TRADUCE EN MUERTES\">[Leer M\u00e1s]<\/a><\/p>\n<\/div>","protected":false},"author":3,"featured_media":16144,"comment_status":"open","ping_status":"open","sticky":false,"template":"","format":"standard","meta":{"_jetpack_memberships_contains_paid_content":false,"footnotes":"","jetpack_publicize_message":"","jetpack_publicize_feature_enabled":true,"jetpack_social_post_already_shared":true,"jetpack_social_options":{"image_generator_settings":{"template":"highway","default_image_id":0,"font":"","enabled":false},"version":2}},"categories":[41],"tags":[],"class_list":{"0":"post-16142","1":"post","2":"type-post","3":"status-publish","4":"format-standard","5":"has-post-thumbnail","7":"category-destacadas"},"jetpack_publicize_connections":[],"jetpack_featured_media_url":"https:\/\/i0.wp.com\/larevistadigital.com.ar\/blog\/wp-content\/uploads\/CEMENTERIO-CHASCOMUS.jpg?fit=650%2C340&ssl=1","jetpack_sharing_enabled":true,"jetpack_shortlink":"https:\/\/wp.me\/p8qtrQ-4cm","jetpack-related-posts":[{"id":10506,"url":"https:\/\/larevistadigital.com.ar\/blog\/chascomus-acciones-para-concientizar-sobre-educacion-vial\/","url_meta":{"origin":16142,"position":0},"title":"CHASCOM\u00daS: ACCIONES PARA CONCIENTIZAR SOBRE EDUCACI\u00d3N VIAL","author":"Alejandro Sosa Ruda","date":"9 junio, 2019","format":false,"excerpt":"Este lunes con motivo de celebrar el D\u00eda de la Educaci\u00f3n Vial, desde las 13hs. en la Plaza Independencia, se armar\u00e1 un circuito vial del que participar\u00e1n alumnos de la escuela Municipal N\u00ba1, de primero y segundo grado, con un autito de cart\u00f3n que armaron junto a sus familias. En\u2026","rel":"","context":"En \u00abPOLITICA\u00bb","block_context":{"text":"POLITICA","link":"https:\/\/larevistadigital.com.ar\/blog\/category\/politica\/"},"img":{"alt_text":"","src":"https:\/\/i0.wp.com\/larevistadigital.com.ar\/blog\/wp-content\/uploads\/62124237_2475934969094040_209977283199369216_n.jpg?fit=576%2C960&ssl=1&resize=350%2C200","width":350,"height":200,"srcset":"https:\/\/i0.wp.com\/larevistadigital.com.ar\/blog\/wp-content\/uploads\/62124237_2475934969094040_209977283199369216_n.jpg?fit=576%2C960&ssl=1&resize=350%2C200 1x, https:\/\/i0.wp.com\/larevistadigital.com.ar\/blog\/wp-content\/uploads\/62124237_2475934969094040_209977283199369216_n.jpg?fit=576%2C960&ssl=1&resize=525%2C300 1.5x"},"classes":[]},{"id":45165,"url":"https:\/\/larevistadigital.com.ar\/blog\/chascomus-nueva-capacitacion-sobre-el-programa-ojos-en-alerta\/","url_meta":{"origin":16142,"position":1},"title":"Chascom\u00fas: Nueva capacitaci\u00f3n sobre el programa Ojos en Alerta","author":"Alejandro Sosa Ruda","date":"17 abril, 2026","format":false,"excerpt":"Trabajadores y personal de control de \u201cLa F\u00e1brica\u201d, junto a familiares, participaron de una jornada de asesoramiento en seguridad y prevenci\u00f3n. El mi\u00e9rcoles se llev\u00f3 a cabo una capacitaci\u00f3n sobre el programa \u201cOjos en Alerta\u201d, destinada a personal de controladores y trabajadores vinculados al sal\u00f3n de eventos La F\u00e1brica, ubicado\u2026","rel":"","context":"En \u00abCHASCOM\u00daS\u00bb","block_context":{"text":"CHASCOM\u00daS","link":"https:\/\/larevistadigital.com.ar\/blog\/category\/chascomus\/"},"img":{"alt_text":"","src":"https:\/\/i0.wp.com\/larevistadigital.com.ar\/blog\/wp-content\/uploads\/69e26d4850d98.png?fit=668%2C445&ssl=1&resize=350%2C200","width":350,"height":200,"srcset":"https:\/\/i0.wp.com\/larevistadigital.com.ar\/blog\/wp-content\/uploads\/69e26d4850d98.png?fit=668%2C445&ssl=1&resize=350%2C200 1x, https:\/\/i0.wp.com\/larevistadigital.com.ar\/blog\/wp-content\/uploads\/69e26d4850d98.png?fit=668%2C445&ssl=1&resize=525%2C300 1.5x"},"classes":[]},{"id":43835,"url":"https:\/\/larevistadigital.com.ar\/blog\/chascomus-ya-son-mas-de-1-700-los-vecinos-que-se-sumaron-al-sistema-ojos-en-alerta\/","url_meta":{"origin":16142,"position":2},"title":"Chascom\u00fas: Ya son m\u00e1s de 1.700 los vecinos que se sumaron al sistema \u201cOjos en Alerta\u201d","author":"Alejandro Sosa Ruda","date":"6 febrero, 2026","format":false,"excerpt":"Desde su puesta en funcionamiento y gracias a la colaboraci\u00f3n ciudadana, contribuy\u00f3 a la resoluci\u00f3n de diversas situaciones que requer\u00edan intervenci\u00f3n urgente. 06 de febrero de 2026 CHASCOM\u00daS -\u00a0 \u00a0El programa \u201cOjos en Alerta\u201d, implementado en el marco del Plan Integral de Seguridad de Chascom\u00fas, ya cuenta con cerca de\u2026","rel":"","context":"En \u00abCHASCOM\u00daS\u00bb","block_context":{"text":"CHASCOM\u00daS","link":"https:\/\/larevistadigital.com.ar\/blog\/category\/chascomus\/"},"img":{"alt_text":"","src":"https:\/\/i0.wp.com\/larevistadigital.com.ar\/blog\/wp-content\/uploads\/6986214216d92.png?fit=668%2C445&ssl=1&resize=350%2C200","width":350,"height":200,"srcset":"https:\/\/i0.wp.com\/larevistadigital.com.ar\/blog\/wp-content\/uploads\/6986214216d92.png?fit=668%2C445&ssl=1&resize=350%2C200 1x, https:\/\/i0.wp.com\/larevistadigital.com.ar\/blog\/wp-content\/uploads\/6986214216d92.png?fit=668%2C445&ssl=1&resize=525%2C300 1.5x"},"classes":[]},{"id":43290,"url":"https:\/\/larevistadigital.com.ar\/blog\/chascomus-dias-y-horarios-del-equipo-de-guardavidas-y-seguridad-lacustre\/","url_meta":{"origin":16142,"position":3},"title":"Chascom\u00fas: d\u00edas y horarios del equipo de Guardavidas y Seguridad Lacustre","author":"Alejandro Sosa Ruda","date":"12 enero, 2026","format":false,"excerpt":"El Operativo de Seguridad Acu\u00e1tica es una inversi\u00f3n municipal clave para la prevenci\u00f3n, el cuidado y la r\u00e1pida respuesta ante emergencias. 12 de enero de 2026 CHASCOM\u00daS -\u00a0 \u00a0La Municipalidad de Chascom\u00fas se encuentra prestando servicios el cuerpo de guardavidas municipal como as\u00ed tambi\u00e9n el equipo de seguridad lacustre. Ambos\u2026","rel":"","context":"En \u00abCHASCOM\u00daS\u00bb","block_context":{"text":"CHASCOM\u00daS","link":"https:\/\/larevistadigital.com.ar\/blog\/category\/chascomus\/"},"img":{"alt_text":"","src":"https:\/\/i0.wp.com\/larevistadigital.com.ar\/blog\/wp-content\/uploads\/6965337ce57f7.png?fit=668%2C445&ssl=1&resize=350%2C200","width":350,"height":200,"srcset":"https:\/\/i0.wp.com\/larevistadigital.com.ar\/blog\/wp-content\/uploads\/6965337ce57f7.png?fit=668%2C445&ssl=1&resize=350%2C200 1x, https:\/\/i0.wp.com\/larevistadigital.com.ar\/blog\/wp-content\/uploads\/6965337ce57f7.png?fit=668%2C445&ssl=1&resize=525%2C300 1.5x"},"classes":[]},{"id":36021,"url":"https:\/\/larevistadigital.com.ar\/blog\/el-servicio-de-guardia-de-chascomus-incluido-el-de-pediatria-esta-garantizado\/","url_meta":{"origin":16142,"position":4},"title":"EL SERVICIO DE GUARDIA DE CHASCOM\u00daS, INCLUIDO EL DE PEDIATR\u00cdA, EST\u00c1 GARANTIZADO","author":"Alejandro Sosa Ruda","date":"8 mayo, 2024","format":false,"excerpt":"Los casos de urgencia son atendidos y se contin\u00faa trabajando para asegurar la cobertura. 8 de Mayo de 2024 CHASCOM\u00daS -\u00a0 El secretario de Gobierno, Cipriano P\u00e9rez del Cerro, inform\u00f3 que el servicio de pediatr\u00eda, como el del resto de las especialidades, en el Hospital Municipal \u201cSan Vicente de Paul\u201d\u2026","rel":"","context":"En \u00abCHASCOM\u00daS\u00bb","block_context":{"text":"CHASCOM\u00daS","link":"https:\/\/larevistadigital.com.ar\/blog\/category\/chascomus\/"},"img":{"alt_text":"","src":"https:\/\/i0.wp.com\/larevistadigital.com.ar\/blog\/wp-content\/uploads\/2024_05_09_02_56_01_4421882.jpg?fit=600%2C401&ssl=1&resize=350%2C200","width":350,"height":200,"srcset":"https:\/\/i0.wp.com\/larevistadigital.com.ar\/blog\/wp-content\/uploads\/2024_05_09_02_56_01_4421882.jpg?fit=600%2C401&ssl=1&resize=350%2C200 1x, https:\/\/i0.wp.com\/larevistadigital.com.ar\/blog\/wp-content\/uploads\/2024_05_09_02_56_01_4421882.jpg?fit=600%2C401&ssl=1&resize=525%2C300 1.5x"},"classes":[]},{"id":20412,"url":"https:\/\/larevistadigital.com.ar\/blog\/segun-las-medidas-del-gobierno-chascomus-deberia-ir-al-cierre-casi-total\/","url_meta":{"origin":16142,"position":5},"title":"SEG\u00daN LAS MEDIDAS DEL GOBIERNO, CHASCOM\u00daS DEBER\u00cdA IR AL CIERRE CASI TOTAL","author":"Alejandro Sosa Ruda","date":"21 mayo, 2021","format":false,"excerpt":"De acuerdo a las medidas adoptadas por el gobierno nacional, y al encuadre de los diferentes distritos, Chascom\u00fas tendr\u00eda que estar entre los que ir\u00edan al cierre total por el lapso de 9 d\u00edas. En la Provincia de Buenos Aires, los distritos enmarcados como \"alto riesgo epidemiol\u00f3gico y sanitario\" y\u2026","rel":"","context":"En \u00abCHASCOM\u00daS\u00bb","block_context":{"text":"CHASCOM\u00daS","link":"https:\/\/larevistadigital.com.ar\/blog\/category\/chascomus\/"},"img":{"alt_text":"","src":"https:\/\/i0.wp.com\/larevistadigital.com.ar\/blog\/wp-content\/uploads\/municipalidad-de-chascomus.jpg?fit=1200%2C800&ssl=1&resize=350%2C200","width":350,"height":200,"srcset":"https:\/\/i0.wp.com\/larevistadigital.com.ar\/blog\/wp-content\/uploads\/municipalidad-de-chascomus.jpg?fit=1200%2C800&ssl=1&resize=350%2C200 1x, https:\/\/i0.wp.com\/larevistadigital.com.ar\/blog\/wp-content\/uploads\/municipalidad-de-chascomus.jpg?fit=1200%2C800&ssl=1&resize=525%2C300 1.5x, https:\/\/i0.wp.com\/larevistadigital.com.ar\/blog\/wp-content\/uploads\/municipalidad-de-chascomus.jpg?fit=1200%2C800&ssl=1&resize=700%2C400 2x, https:\/\/i0.wp.com\/larevistadigital.com.ar\/blog\/wp-content\/uploads\/municipalidad-de-chascomus.jpg?fit=1200%2C800&ssl=1&resize=1050%2C600 3x"},"classes":[]}],"_links":{"self":[{"href":"https:\/\/larevistadigital.com.ar\/blog\/wp-json\/wp\/v2\/posts\/16142","targetHints":{"allow":["GET"]}}],"collection":[{"href":"https:\/\/larevistadigital.com.ar\/blog\/wp-json\/wp\/v2\/posts"}],"about":[{"href":"https:\/\/larevistadigital.com.ar\/blog\/wp-json\/wp\/v2\/types\/post"}],"author":[{"embeddable":true,"href":"https:\/\/larevistadigital.com.ar\/blog\/wp-json\/wp\/v2\/users\/3"}],"replies":[{"embeddable":true,"href":"https:\/\/larevistadigital.com.ar\/blog\/wp-json\/wp\/v2\/comments?post=16142"}],"version-history":[{"count":4,"href":"https:\/\/larevistadigital.com.ar\/blog\/wp-json\/wp\/v2\/posts\/16142\/revisions"}],"predecessor-version":[{"id":16148,"href":"https:\/\/larevistadigital.com.ar\/blog\/wp-json\/wp\/v2\/posts\/16142\/revisions\/16148"}],"wp:featuredmedia":[{"embeddable":true,"href":"https:\/\/larevistadigital.com.ar\/blog\/wp-json\/wp\/v2\/media\/16144"}],"wp:attachment":[{"href":"https:\/\/larevistadigital.com.ar\/blog\/wp-json\/wp\/v2\/media?parent=16142"}],"wp:term":[{"taxonomy":"category","embeddable":true,"href":"https:\/\/larevistadigital.com.ar\/blog\/wp-json\/wp\/v2\/categories?post=16142"},{"taxonomy":"post_tag","embeddable":true,"href":"https:\/\/larevistadigital.com.ar\/blog\/wp-json\/wp\/v2\/tags?post=16142"}],"curies":[{"name":"wp","href":"https:\/\/api.w.org\/{rel}","templated":true}]}}