{"id":1618,"date":"2017-03-25T17:57:07","date_gmt":"2017-03-25T17:57:07","guid":{"rendered":"https:\/\/larevistadigital.com.ar\/blog\/?p=1618"},"modified":"2017-03-25T18:00:02","modified_gmt":"2017-03-25T18:00:02","slug":"cambiemos-vuelve-a-juntar-la-tropa-con-impronta-electoral","status":"publish","type":"post","link":"https:\/\/larevistadigital.com.ar\/blog\/cambiemos-vuelve-a-juntar-la-tropa-con-impronta-electoral\/","title":{"rendered":"CAMBIEMOS VUELVE A JUNTAR LA TROPA CON IMPRONTA ELECTORAL"},"content":{"rendered":"<p>Los intendentes de Cambiemos volver\u00e1n a reunirse pero en esta oportunidad lo har\u00e1n en la segunda secci\u00f3n electoral.<\/p>\n<p>Ser\u00e1 el 31 de marzo en la localidad de San Pedro, administrada por <strong>Cecilio Salazar<\/strong>, \u00fanico jefe comunal provincial que responde al <strong>\u201cMomo\u201d Venegas.\u00a0<\/strong><\/p>\n<blockquote><p>El evento, tendr\u00e1 lugar en el Hotel Howard Johnson Marinas, donde se espera la llegada de los 70 mandatarios comunales enrolados en la alianza oficialista.<\/p>\n<p><strong>Seg\u00fan trascendi\u00f3, la octava edici\u00f3n del Foro de Intendentes y tendr\u00e1 un clima m\u00e1s \u201celectoralista\u201d. Marcos Pe\u00f1a hablar\u00e1 de la campa\u00f1a y se espera que brinde detalles de c\u00f3mo se va encarar la estrategia y alguna definici\u00f3n de candidatos.<\/strong><\/p><\/blockquote>\n<p>Por ahora, \u00a0el listado de asistentes a San Pedro son <strong>Miguel Fern\u00e1ndez<\/strong> (Trenque Lauquen); <strong>V\u00edctor Aiola<\/strong> (Chacabuco); <strong>Juli\u00e1n Reynoso<\/strong> (Rivadavia); <strong>Pablo Petrecca<\/strong> (Jun\u00edn); <strong>Esteban Reino<\/strong> (Balcarce); <strong>Osvaldo Din\u00e1poli<\/strong> (General Belgrano); <strong>Camilo Etchevarren<\/strong> (Dolores); <strong>Ram\u00f3n Canosa<\/strong> (Las Flores); <strong>Pablo Zubiaurre<\/strong> (Ayacucho); <strong>Carlos Ronda<\/strong> (Mar Chiquita); <strong>Mat\u00edas Rapallini<\/strong> (Maip\u00fa); y <strong>Miguel Gargaglione<\/strong> (San Cayetano).<\/p>\n<p>Tambi\u00e9n lo har\u00e1n <strong>Mart\u00edn Yeza<\/strong> (Pinamar); <strong>David Hirtz<\/strong> (Adolfo Alsina); <strong>Guillermo Pacheco<\/strong> (Pellegrini); <strong>Jorge Hern\u00e1ndez<\/strong> (Salliquel\u00f3); <strong>Carlos Berterret<\/strong> (Coronel Pringles); <strong>Jos\u00e9 Zara<\/strong> (Patagones); <strong>Alejandro Celillo<\/strong> (General Alvear); <strong>Jos\u00e9 Luis Salom\u00f3n<\/strong> (Saladillo); <strong>Jorge Nedela<\/strong> (Berisso); <strong>Jorge Etcheverry <\/strong>(Lobos); <strong>Mauricio G\u00f3mez<\/strong> (San Vicente); <strong>N\u00e9stor Grindetti<\/strong> (Lan\u00fas); <strong>H\u00e9ctor Gatica<\/strong> (Bragado); <strong>Eduardo Campana<\/strong> (General Villegas); <strong>Ra\u00fal Sala<\/strong> (Carlos Tejedor) y <strong>Alejandro Federico<\/strong> (Suipacha).<\/p>\n<p>Adem\u00e1s estar\u00e1n <strong>Jorge Macri<\/strong> (Vicente L\u00f3pez); <strong>Dar\u00edo Kubar<\/strong> (General Rodr\u00edguez); <strong>Oscar Luciani<\/strong> (Luj\u00e1n); <strong>Javier Olaeta<\/strong> (Arrecifes); <strong>Claudio Rossi<\/strong> (Rojas); <strong>Fernanda Antonijevic<\/strong> (Baradero); <strong>Diego Valenzuela<\/strong> (3 de Febrero); <strong>Roberto Palacio<\/strong> (Coronel Su\u00e1rez); <strong>Ramiro Tagliaferro<\/strong> (Mor\u00f3n); <strong>Javier Mart\u00ednez<\/strong> (Pergamino) y el Jefe Comunal anfitri\u00f3n, <strong>Cecilio Salazar<\/strong>.<\/p>\n","protected":false},"excerpt":{"rendered":"<div class=\"mh-excerpt\"><p>Los intendentes de Cambiemos volver\u00e1n a reunirse pero en esta oportunidad lo har\u00e1n en la segunda secci\u00f3n electoral. Ser\u00e1 el 31 de marzo en la localidad de San Pedro, administrada por Cecilio Salazar, \u00fanico jefe <a class=\"mh-excerpt-more\" href=\"https:\/\/larevistadigital.com.ar\/blog\/cambiemos-vuelve-a-juntar-la-tropa-con-impronta-electoral\/\" title=\"CAMBIEMOS VUELVE A JUNTAR LA TROPA CON IMPRONTA ELECTORAL\">[Leer M\u00e1s]<\/a><\/p>\n<\/div>","protected":false},"author":3,"featured_media":1619,"comment_status":"open","ping_status":"open","sticky":false,"template":"","format":"standard","meta":{"_jetpack_memberships_contains_paid_content":false,"footnotes":"","jetpack_publicize_message":"","jetpack_publicize_feature_enabled":true,"jetpack_social_post_already_shared":true,"jetpack_social_options":{"image_generator_settings":{"template":"highway","default_image_id":0,"font":"","enabled":false},"version":2}},"categories":[41,12,24],"tags":[],"class_list":{"0":"post-1618","1":"post","2":"type-post","3":"status-publish","4":"format-standard","5":"has-post-thumbnail","7":"category-destacadas","8":"category-politica","9":"category-politica-provincial"},"jetpack_publicize_connections":[],"jetpack_featured_media_url":"https:\/\/i0.wp.com\/larevistadigital.com.ar\/blog\/wp-content\/uploads\/2017\/03\/28119f01efff5a6cc69b9ba7168f4558_l.jpg?fit=700%2C430&ssl=1","jetpack_sharing_enabled":true,"jetpack_shortlink":"https:\/\/wp.me\/p8qtrQ-q6","jetpack-related-posts":[{"id":9691,"url":"https:\/\/larevistadigital.com.ar\/blog\/encuentro-educativo-en-dolores-con-participacion-de-consejeros-escolares-de-cambiemos\/","url_meta":{"origin":1618,"position":0},"title":"ENCUENTRO EDUCATIVO EN DOLORES, CON PARTICIPACI\u00d3N DE CONSEJEROS ESCOLARES DE CAMBIEMOS","author":"Alejandro Sosa Ruda","date":"15 abril, 2019","format":false,"excerpt":"Alrededor de mil docentes concurrieron a las instalaciones del Club Ever Ready de Dolores, donde se llev\u00f3 a cabo el Encuentro de Educaci\u00f3n de la Quinta Secci\u00f3n, durante el fin de semana. Consejeros escolares chascomunenses de Cambiemos participaron de este encuentro. Del mismo tomaron parte el Ministro de la Producci\u00f3n\u2026","rel":"","context":"En \u00abPOLITICA\u00bb","block_context":{"text":"POLITICA","link":"https:\/\/larevistadigital.com.ar\/blog\/category\/politica\/"},"img":{"alt_text":"","src":"https:\/\/i0.wp.com\/larevistadigital.com.ar\/blog\/wp-content\/uploads\/2019\/04\/56990156_419957752174685_3386169069618069504_n.jpg?fit=930%2C691&ssl=1&resize=350%2C200","width":350,"height":200,"srcset":"https:\/\/i0.wp.com\/larevistadigital.com.ar\/blog\/wp-content\/uploads\/2019\/04\/56990156_419957752174685_3386169069618069504_n.jpg?fit=930%2C691&ssl=1&resize=350%2C200 1x, https:\/\/i0.wp.com\/larevistadigital.com.ar\/blog\/wp-content\/uploads\/2019\/04\/56990156_419957752174685_3386169069618069504_n.jpg?fit=930%2C691&ssl=1&resize=525%2C300 1.5x, https:\/\/i0.wp.com\/larevistadigital.com.ar\/blog\/wp-content\/uploads\/2019\/04\/56990156_419957752174685_3386169069618069504_n.jpg?fit=930%2C691&ssl=1&resize=700%2C400 2x"},"classes":[]},{"id":13408,"url":"https:\/\/larevistadigital.com.ar\/blog\/aires-de-cambio-en-cambiemos-se-oficializa-una-nueva-corriente-interna\/","url_meta":{"origin":1618,"position":1},"title":"\u00bfAIRES DE \u00abCAMBIO\u00bb EN CAMBIEMOS? SE OFICIALIZA UNA NUEVA CORRIENTE INTERNA","author":"Alejandro Sosa Ruda","date":"1 diciembre, 2019","format":false,"excerpt":"Aunque se ve\u00eda venir, el d\u00eda jueves de la semana pasada el dirigente y diputado Emilio Monz\u00f3, realiz\u00f3 un acto multitudinario, desafiando de esta manera la \"prohibici\u00f3n\" vigente en el territorio nacional y particularmente provincial, de desarrollar ning\u00fan tipo de actividad pol\u00edtica que no est\u00e9 acorde con la l\u00ednea que\u2026","rel":"","context":"En \u00abINTERES GENERAL\u00bb","block_context":{"text":"INTERES GENERAL","link":"https:\/\/larevistadigital.com.ar\/blog\/category\/interes-general\/"},"img":{"alt_text":"","src":"https:\/\/i0.wp.com\/larevistadigital.com.ar\/blog\/wp-content\/uploads\/Screenshot_3-29.jpg?fit=600%2C392&ssl=1&resize=350%2C200","width":350,"height":200,"srcset":"https:\/\/i0.wp.com\/larevistadigital.com.ar\/blog\/wp-content\/uploads\/Screenshot_3-29.jpg?fit=600%2C392&ssl=1&resize=350%2C200 1x, https:\/\/i0.wp.com\/larevistadigital.com.ar\/blog\/wp-content\/uploads\/Screenshot_3-29.jpg?fit=600%2C392&ssl=1&resize=525%2C300 1.5x"},"classes":[]},{"id":2139,"url":"https:\/\/larevistadigital.com.ar\/blog\/de-campana-bullrich-junto-a-vidal-en-un-acto\/","url_meta":{"origin":1618,"position":2},"title":"\u00bfDE CAMPA\u00d1A?&#8230;BULLRICH JUNTO A VIDAL EN UN ACTO","author":"Alejandro Sosa Ruda","date":"27 abril, 2017","format":false,"excerpt":"Fue en el acto de anuncio de la ampliaci\u00f3n del Boleto Estudiantil Gratuito a las universidades de Avellaneda, Lan\u00fas, Lujan y Moreno, en donde la gobernadora dijo \u201cS\u00e9 de su compromiso con la provincia\u201d En el d\u00eda de hoy, y junto a un grupo de Intendentes Bonaerenses de la tercera\u2026","rel":"","context":"En \u00abDESTACADAS\u00bb","block_context":{"text":"DESTACADAS","link":"https:\/\/larevistadigital.com.ar\/blog\/category\/destacadas\/"},"img":{"alt_text":"","src":"https:\/\/i0.wp.com\/larevistadigital.com.ar\/blog\/wp-content\/uploads\/2017\/04\/69283_3.jpg?fit=862%2C615&ssl=1&resize=350%2C200","width":350,"height":200,"srcset":"https:\/\/i0.wp.com\/larevistadigital.com.ar\/blog\/wp-content\/uploads\/2017\/04\/69283_3.jpg?fit=862%2C615&ssl=1&resize=350%2C200 1x, https:\/\/i0.wp.com\/larevistadigital.com.ar\/blog\/wp-content\/uploads\/2017\/04\/69283_3.jpg?fit=862%2C615&ssl=1&resize=525%2C300 1.5x, https:\/\/i0.wp.com\/larevistadigital.com.ar\/blog\/wp-content\/uploads\/2017\/04\/69283_3.jpg?fit=862%2C615&ssl=1&resize=700%2C400 2x"},"classes":[]},{"id":1442,"url":"https:\/\/larevistadigital.com.ar\/blog\/no-estaba-todo-inventadocambiemos-creo-la-figura-de-los-facilitadores-para-ganar-en-2017\/","url_meta":{"origin":1618,"position":3},"title":"NO ESTABA TODO INVENTADO\u2026CAMBIEMOS CRE\u00d3 LA FIGURA DE LOS \u201cFACILITADORES\u201d PARA GANAR EN 2017","author":"Alejandro Sosa Ruda","date":"20 marzo, 2017","format":false,"excerpt":"Parece que est\u00e1n totalmente dispuestos a dar pelea, pese al gran desgaste que han sufrido en el primer a\u00f1o y medio de gobierno, adem\u00e1s de las internas en el PRO, en la UCR, y entre las dos fuerzas que componen la coalici\u00f3n. La idea, seg\u00fan dicen, es ganar \u201csecci\u00f3n por\u2026","rel":"","context":"En \u00abDESTACADAS\u00bb","block_context":{"text":"DESTACADAS","link":"https:\/\/larevistadigital.com.ar\/blog\/category\/destacadas\/"},"img":{"alt_text":"","src":"https:\/\/i0.wp.com\/larevistadigital.com.ar\/blog\/wp-content\/uploads\/2017\/03\/multimedia.grande.94f0b2b7b2af81e9.766964616c20666f7272615f6772616e64652e6a7067.jpg?fit=960%2C669&ssl=1&resize=350%2C200","width":350,"height":200,"srcset":"https:\/\/i0.wp.com\/larevistadigital.com.ar\/blog\/wp-content\/uploads\/2017\/03\/multimedia.grande.94f0b2b7b2af81e9.766964616c20666f7272615f6772616e64652e6a7067.jpg?fit=960%2C669&ssl=1&resize=350%2C200 1x, https:\/\/i0.wp.com\/larevistadigital.com.ar\/blog\/wp-content\/uploads\/2017\/03\/multimedia.grande.94f0b2b7b2af81e9.766964616c20666f7272615f6772616e64652e6a7067.jpg?fit=960%2C669&ssl=1&resize=525%2C300 1.5x, https:\/\/i0.wp.com\/larevistadigital.com.ar\/blog\/wp-content\/uploads\/2017\/03\/multimedia.grande.94f0b2b7b2af81e9.766964616c20666f7272615f6772616e64652e6a7067.jpg?fit=960%2C669&ssl=1&resize=700%2C400 2x"},"classes":[]},{"id":1471,"url":"https:\/\/larevistadigital.com.ar\/blog\/el-pro-tendra-su-acto-en-un-estadio-de-futbol\/","url_meta":{"origin":1618,"position":4},"title":"EL PRO TENDR\u00c1 SU ACTO EN UN ESTADIO DE FUTBOL","author":"Alejandro Sosa Ruda","date":"22 marzo, 2017","format":false,"excerpt":"El PRO tendr\u00e1 su primer acto en un estadio de f\u00fatbol, intentando volver a las fuentes y dar vuelta los malos \u00edndices que marcan las encuestas en referencia a la elecci\u00f3n legislativa de octubre. El marco elegido ser\u00e1 el Estadio Ciudad de La Plata y el motivo del acto la\u2026","rel":"","context":"En \u00abDESTACADAS\u00bb","block_context":{"text":"DESTACADAS","link":"https:\/\/larevistadigital.com.ar\/blog\/category\/destacadas\/"},"img":{"alt_text":"","src":"https:\/\/i0.wp.com\/larevistadigital.com.ar\/blog\/wp-content\/uploads\/2017\/03\/larreta-macri-vidal-2.jpg?fit=700%2C430&ssl=1&resize=350%2C200","width":350,"height":200,"srcset":"https:\/\/i0.wp.com\/larevistadigital.com.ar\/blog\/wp-content\/uploads\/2017\/03\/larreta-macri-vidal-2.jpg?fit=700%2C430&ssl=1&resize=350%2C200 1x, https:\/\/i0.wp.com\/larevistadigital.com.ar\/blog\/wp-content\/uploads\/2017\/03\/larreta-macri-vidal-2.jpg?fit=700%2C430&ssl=1&resize=525%2C300 1.5x, https:\/\/i0.wp.com\/larevistadigital.com.ar\/blog\/wp-content\/uploads\/2017\/03\/larreta-macri-vidal-2.jpg?fit=700%2C430&ssl=1&resize=700%2C400 2x"},"classes":[]},{"id":9132,"url":"https:\/\/larevistadigital.com.ar\/blog\/lezama-harispe-participo-del-encuentro-de-intendentes-en-la-quinta-de-olivos\/","url_meta":{"origin":1618,"position":5},"title":"LEZAMA: HARISPE PARTICIP\u00d3 DEL ENCUENTRO DE INTENDENTES EN LA QUINTA DE OLIVOS","author":"Alejandro Sosa Ruda","date":"16 marzo, 2019","format":false,"excerpt":"En la ma\u00f1ana deL viernes el intendente municipal de Lezama, Agrim. Arnaldo Harispe, fue parte de la reuni\u00f3n de trabajo convocada por el presidente de la Naci\u00f3n Mauricio Macri, la gobernadora Mar\u00eda Eugenia Vidal, y el vicegobernador Daniel Salvador. El encuentro tuvo lugar en la residencia presidencial de Olivos, donde\u2026","rel":"","context":"En \u00abLEZAMA\u00bb","block_context":{"text":"LEZAMA","link":"https:\/\/larevistadigital.com.ar\/blog\/category\/lezama\/"},"img":{"alt_text":"","src":"https:\/\/i0.wp.com\/larevistadigital.com.ar\/blog\/wp-content\/uploads\/2019\/03\/54006210_1421700251356005_8604928438794452992_n.jpg?fit=960%2C605&ssl=1&resize=350%2C200","width":350,"height":200,"srcset":"https:\/\/i0.wp.com\/larevistadigital.com.ar\/blog\/wp-content\/uploads\/2019\/03\/54006210_1421700251356005_8604928438794452992_n.jpg?fit=960%2C605&ssl=1&resize=350%2C200 1x, https:\/\/i0.wp.com\/larevistadigital.com.ar\/blog\/wp-content\/uploads\/2019\/03\/54006210_1421700251356005_8604928438794452992_n.jpg?fit=960%2C605&ssl=1&resize=525%2C300 1.5x, https:\/\/i0.wp.com\/larevistadigital.com.ar\/blog\/wp-content\/uploads\/2019\/03\/54006210_1421700251356005_8604928438794452992_n.jpg?fit=960%2C605&ssl=1&resize=700%2C400 2x"},"classes":[]}],"_links":{"self":[{"href":"https:\/\/larevistadigital.com.ar\/blog\/wp-json\/wp\/v2\/posts\/1618","targetHints":{"allow":["GET"]}}],"collection":[{"href":"https:\/\/larevistadigital.com.ar\/blog\/wp-json\/wp\/v2\/posts"}],"about":[{"href":"https:\/\/larevistadigital.com.ar\/blog\/wp-json\/wp\/v2\/types\/post"}],"author":[{"embeddable":true,"href":"https:\/\/larevistadigital.com.ar\/blog\/wp-json\/wp\/v2\/users\/3"}],"replies":[{"embeddable":true,"href":"https:\/\/larevistadigital.com.ar\/blog\/wp-json\/wp\/v2\/comments?post=1618"}],"version-history":[{"count":1,"href":"https:\/\/larevistadigital.com.ar\/blog\/wp-json\/wp\/v2\/posts\/1618\/revisions"}],"predecessor-version":[{"id":1620,"href":"https:\/\/larevistadigital.com.ar\/blog\/wp-json\/wp\/v2\/posts\/1618\/revisions\/1620"}],"wp:featuredmedia":[{"embeddable":true,"href":"https:\/\/larevistadigital.com.ar\/blog\/wp-json\/wp\/v2\/media\/1619"}],"wp:attachment":[{"href":"https:\/\/larevistadigital.com.ar\/blog\/wp-json\/wp\/v2\/media?parent=1618"}],"wp:term":[{"taxonomy":"category","embeddable":true,"href":"https:\/\/larevistadigital.com.ar\/blog\/wp-json\/wp\/v2\/categories?post=1618"},{"taxonomy":"post_tag","embeddable":true,"href":"https:\/\/larevistadigital.com.ar\/blog\/wp-json\/wp\/v2\/tags?post=1618"}],"curies":[{"name":"wp","href":"https:\/\/api.w.org\/{rel}","templated":true}]}}