{"id":16206,"date":"2020-09-02T16:42:31","date_gmt":"2020-09-02T16:42:31","guid":{"rendered":"https:\/\/larevistadigital.com.ar\/blog\/?p=16206"},"modified":"2020-09-02T16:42:31","modified_gmt":"2020-09-02T16:42:31","slug":"el-gen-de-chascomus-le-pide-a-javier-gaston-que-no-sea-porfiado","status":"publish","type":"post","link":"https:\/\/larevistadigital.com.ar\/blog\/el-gen-de-chascomus-le-pide-a-javier-gaston-que-no-sea-porfiado\/","title":{"rendered":"EL GEN DE CHASCOM\u00daS LE PIDE A JAVIER GAST\u00d3N \u00abQUE NO SEA PORFIADO\u00bb"},"content":{"rendered":"<p>El partido GEN y el Peronismo Federal de Chascom\u00fas, nos hicieron llegar una nota dirigida al intendente Municipal, <strong>Javier Gast\u00f3n<\/strong>, que no sea porfiado y modifique su posici\u00f3n respecto de \u00abTRAER A CHASCOM\u00daS LA BASURA DE SEIS DISTRITOS VECINOS\u00bb.<\/p>\n<p>Aqu\u00ed publicamos la nota:<\/p>\n<h3><strong>Se\u00f1or INTENDENTE: No sea porfiado !!!!<\/strong><\/h3>\n<p><em><strong>Cada vez son m\u00e1s los vecinos preocupados por la posibilidad que la basura de otras ciudades sean depositadas o enterradas en nuestra ciudad.-<\/strong><\/em><br \/>\n<em><strong>El Dpto. Ejecutivo Municipal \u00a0sali\u00f3 a plantear que era inminente el inicio de la licitaci\u00f3n y que preve\u00eda el comienzo de la obra para los primeros meses del a\u00f1o pr\u00f3ximo.<\/strong><\/em><\/p>\n<div><em><strong>Se traer\u00eda desechos de Gral Paz, Pila, Lezama y Castelli, y en una segunda etapa tambi\u00e9n de Dolores y General Belgrano.<\/strong><\/em><\/div>\n<div><\/div>\n<div><em><strong>Los funcionarios municipales sosten\u00edan que el proyecto del \u201cPolo Ambiental\u201d hab\u00eda sido aprobado luego de arduas reuniones, y mucho trabajo realizado. Haciendo un seguidismo vergonzoso los concejales oficialistas sostuvieron que estaba todo presentado en los organismos provinciales.<\/strong><\/em><br \/>\n<em><strong>El viernes pr\u00f3ximo pasado se realiz\u00f3 una conferencia, a la que no estuvimos invitados, pese a haber manifestado nuestro inter\u00e9s p\u00fablicamente, pero a la que pudimos asistir.<\/strong><\/em><\/div>\n<div><\/div>\n<div><em><strong>Fue el propio vice Ministro de Ambiente de la Naci\u00f3n el encargado de aclarar las cosas: Nada de lo dicho por las autoridades locales era cierto. \u201cNo hay proyecto. No hay expediente, no hay siquiera anteproyecto\u201d. Desminti\u00f3 tambi\u00e9n la posibilidad que Dolores o Belgrano puedan sumarse, sin embargo sostuvo que \u201centendemos que para hacer justificable, sostenible el proyecto y la inversi\u00f3n se requiere de un tratamiento para 400 a 500 toneladas diarias\u201d generando preocupaci\u00f3n entre todos los asistentes ya que la regi\u00f3n inicialmente aludida s\u00f3lo produce 140\/150 toneladas diarias. Es decir que o se trat\u00f3 de un error del funcionario Nacional o se prev\u00e9 la posibilidad que venga basura de otros distintos a los hasta aqu\u00ed mencionados.\u00a0<\/strong><\/em><\/div>\n<div><\/div>\n<div><em><strong>Lo \u00fanico cierto es la posibilidad de \u00a0un importante cr\u00e9dito del BID y el deseo de nuestros funcionarios de acceder al mismo.<\/strong><\/em><br \/>\n<em><strong>Es evidente que el proyecto no arranc\u00f3 bien. Desde distintos sectores pol\u00edticos, sociales y barriales se hizo saber la existencia de la normativa que proh\u00edbe el ingreso de residuos de otra jurisdicci\u00f3n, el deseo de tener informaci\u00f3n seria y cre\u00edble, la convicci\u00f3n de poder aportar para mejorar la iniciativa.<\/strong><\/em><\/div>\n<div><\/div>\n<div><em><strong>Hay coincidencias en la necesidad de realizar un adecuado saneamiento al basurero municipal, y terminar con el vergonzoso basural a cielo abierto.<\/strong><\/em><br \/>\n<em><strong>Es hora de dialogar, de escucharnos.Queremos proponer otras alternativas.-<\/strong><\/em><br \/>\n<em><strong>Se\u00f1or Intendente no genere m\u00e1s divisiones en la comunidad. Se\u00f1or Intendente: NO SEA PORFIADO. O si quiere m\u00e1s fino, no sea obstinado (RAE: \u201cpersona que se mantiene excesivamente firme en una idea, intenci\u00f3n u opini\u00f3n, generalmente poco acertada, sin tener en cuenta otra posibilidad\u201d.-<\/strong><\/em><\/div>\n<div><em><strong>PARTIDO GEN &#8211; PERONISMO FEDERAL DE CHASCOM\u00daS<\/strong><\/em><\/div>\n<div><\/div>\n<div><em><strong>Chascom\u00fas, septiembre 1\u00b0 de 2020<\/strong><\/em><\/div>\n","protected":false},"excerpt":{"rendered":"<div class=\"mh-excerpt\"><p>El partido GEN y el Peronismo Federal de Chascom\u00fas, nos hicieron llegar una nota dirigida al intendente Municipal, Javier Gast\u00f3n, que no sea porfiado y modifique su posici\u00f3n respecto de \u00abTRAER A CHASCOM\u00daS LA BASURA <a class=\"mh-excerpt-more\" href=\"https:\/\/larevistadigital.com.ar\/blog\/el-gen-de-chascomus-le-pide-a-javier-gaston-que-no-sea-porfiado\/\" title=\"EL GEN DE CHASCOM\u00daS LE PIDE A JAVIER GAST\u00d3N \u00abQUE NO SEA PORFIADO\u00bb\">[Leer M\u00e1s]<\/a><\/p>\n<\/div>","protected":false},"author":3,"featured_media":3603,"comment_status":"open","ping_status":"open","sticky":false,"template":"","format":"standard","meta":{"_jetpack_memberships_contains_paid_content":false,"footnotes":"","jetpack_publicize_message":"","jetpack_publicize_feature_enabled":true,"jetpack_social_post_already_shared":true,"jetpack_social_options":{"image_generator_settings":{"template":"highway","default_image_id":0,"font":"","enabled":false},"version":2}},"categories":[6],"tags":[],"class_list":{"0":"post-16206","1":"post","2":"type-post","3":"status-publish","4":"format-standard","5":"has-post-thumbnail","7":"category-chascomus"},"jetpack_publicize_connections":[],"jetpack_featured_media_url":"https:\/\/i0.wp.com\/larevistadigital.com.ar\/blog\/wp-content\/uploads\/2017\/10\/oidos-sordos-1.jpg?fit=900%2C376&ssl=1","jetpack_sharing_enabled":true,"jetpack_shortlink":"https:\/\/wp.me\/p8qtrQ-4do","jetpack-related-posts":[{"id":17728,"url":"https:\/\/larevistadigital.com.ar\/blog\/nota-de-opinion-chascomus-unido-contra-el-proyecto-de-basurero-regional-por-una-politica-ambiental-participativa-y-razonable\/","url_meta":{"origin":16206,"position":0},"title":"NOTA DE OPINI\u00d3N: CHASCOMUS UNIDO CONTRA EL PROYECTO DE BASURERO REGIONAL POR UNA POL\u00cdTICA AMBIENTAL PARTICIPATIVA Y RAZONABLE","author":"Alejandro Sosa Ruda","date":"19 noviembre, 2020","format":false,"excerpt":"El GEN de Chascom\u00fas exhorta al Intendente Javier Gast\u00f3n a que colabore con el dise\u00f1o de una verdadera pol\u00edtica de Estado, con participaci\u00f3n de la ciudadan\u00eda, ONGs, Partidos Pol\u00edticos y sectores interesados El GEN de Chascom\u00fas valora positivamente el compromiso de los vecinos con el cuidado de nuestro ambiente y\u2026","rel":"","context":"En \u00abINTERES GENERAL\u00bb","block_context":{"text":"INTERES GENERAL","link":"https:\/\/larevistadigital.com.ar\/blog\/category\/interes-general\/"},"img":{"alt_text":"","src":"https:\/\/i0.wp.com\/larevistadigital.com.ar\/blog\/wp-content\/uploads\/unnamed-8.jpg?fit=512%2C288&ssl=1&resize=350%2C200","width":350,"height":200},"classes":[]},{"id":24475,"url":"https:\/\/larevistadigital.com.ar\/blog\/juntos-por-chascomus-solicito-al-intendente-gaston-que-se-informe-sobre-la-implementacion-del-plan-fines\/","url_meta":{"origin":16206,"position":1},"title":"JUNTOS POR CHASCOM\u00daS SOLICIT\u00d3 AL INTENDENTE GAST\u00d3N QUE SE INFORME SOBRE LA IMPLEMENTACI\u00d3N DEL PLAN FINES","author":"Alejandro Sosa Ruda","date":"11 marzo, 2022","format":false,"excerpt":"La presentaci\u00f3n la hicieron Laura Mouj\u00e1n, y Jose Ochoa, quienes vienen trabajando fuerte en cuestiones de inter\u00e9s de los vecinos, pese a no haber conseguido ingresar al Concejo. CHASCOM\u00daS -\u00a0 \u00a0Los referentes del partido vecinalista Juntos Por Chascom\u00fas, Laura Moujan y Jos\u00e9 Ochoa, hicieron llegar una nota al Intendente municipal\u2026","rel":"","context":"En \u00abCHASCOM\u00daS\u00bb","block_context":{"text":"CHASCOM\u00daS","link":"https:\/\/larevistadigital.com.ar\/blog\/category\/chascomus\/"},"img":{"alt_text":"","src":"https:\/\/i0.wp.com\/larevistadigital.com.ar\/blog\/wp-content\/uploads\/MOUJAN-OCHOA.jpg?fit=900%2C449&ssl=1&resize=350%2C200","width":350,"height":200,"srcset":"https:\/\/i0.wp.com\/larevistadigital.com.ar\/blog\/wp-content\/uploads\/MOUJAN-OCHOA.jpg?fit=900%2C449&ssl=1&resize=350%2C200 1x, https:\/\/i0.wp.com\/larevistadigital.com.ar\/blog\/wp-content\/uploads\/MOUJAN-OCHOA.jpg?fit=900%2C449&ssl=1&resize=525%2C300 1.5x, https:\/\/i0.wp.com\/larevistadigital.com.ar\/blog\/wp-content\/uploads\/MOUJAN-OCHOA.jpg?fit=900%2C449&ssl=1&resize=700%2C400 2x"},"classes":[]},{"id":17236,"url":"https:\/\/larevistadigital.com.ar\/blog\/basura-a-chascomus-el-ejecutivo-y-sus-aliados-quieren-aprobarlo-si-o-si\/","url_meta":{"origin":16206,"position":2},"title":"BASURA A CHASCOM\u00daS: EL EJECUTIVO Y SUS ALIADOS QUIEREN APROBARLO S\u00cd O S\u00cd&#8230;","author":"Alejandro Sosa Ruda","date":"27 octubre, 2020","format":false,"excerpt":"Sin importar la opini\u00f3n de la oposici\u00f3n, y tampoco la de los vecinos de Chascom\u00fas, el intendente municipal Javier Gast\u00f3n present\u00f3 un proyecto para ser tratado en el Concejo Deliberante, que deber\u00eda pasar por las Comisi\u00f3nes. El plan del oficialismo ser\u00eda sacarlo \"sobre tablas\" en la sesi\u00f3n del jueves, y\u2026","rel":"","context":"En \u00abDESTACADAS\u00bb","block_context":{"text":"DESTACADAS","link":"https:\/\/larevistadigital.com.ar\/blog\/category\/destacadas\/"},"img":{"alt_text":"","src":"https:\/\/i0.wp.com\/larevistadigital.com.ar\/blog\/wp-content\/uploads\/2019\/04\/Basural-660x330.jpg?fit=660%2C330&ssl=1&resize=350%2C200","width":350,"height":200,"srcset":"https:\/\/i0.wp.com\/larevistadigital.com.ar\/blog\/wp-content\/uploads\/2019\/04\/Basural-660x330.jpg?fit=660%2C330&ssl=1&resize=350%2C200 1x, https:\/\/i0.wp.com\/larevistadigital.com.ar\/blog\/wp-content\/uploads\/2019\/04\/Basural-660x330.jpg?fit=660%2C330&ssl=1&resize=525%2C300 1.5x"},"classes":[]},{"id":17722,"url":"https:\/\/larevistadigital.com.ar\/blog\/los-vecinos-triunfaron-gaston-dio-marcha-atras-y-no-tendremos-basurero-regional\/","url_meta":{"origin":16206,"position":3},"title":"LOS VECINOS TRIUNFARON: GAST\u00d3N DIO MARCHA ATR\u00c1S Y NO TENDREMOS \u00abBASURERO REGIONAL\u00bb","author":"Alejandro Sosa Ruda","date":"18 noviembre, 2020","format":false,"excerpt":"Luego de las manifestaciones populares del d\u00eda de ayer en la ciudad de Chascom\u00fas, el intendente de Chascom\u00fas, Javier Gast\u00f3n dio marcha atr\u00e1s con el proyecto de \"Polo ambiental\" que implicaba traer basura de los distritos cercanos. Igualmente, se empe\u00f1a en decir que fue su idea y que por eso\u2026","rel":"","context":"En \u00abDESTACADAS\u00bb","block_context":{"text":"DESTACADAS","link":"https:\/\/larevistadigital.com.ar\/blog\/category\/destacadas\/"},"img":{"alt_text":"","src":"https:\/\/i0.wp.com\/larevistadigital.com.ar\/blog\/wp-content\/uploads\/BASURA-POR-CHASCOMUS2.jpg?fit=600%2C339&ssl=1&resize=350%2C200","width":350,"height":200,"srcset":"https:\/\/i0.wp.com\/larevistadigital.com.ar\/blog\/wp-content\/uploads\/BASURA-POR-CHASCOMUS2.jpg?fit=600%2C339&ssl=1&resize=350%2C200 1x, https:\/\/i0.wp.com\/larevistadigital.com.ar\/blog\/wp-content\/uploads\/BASURA-POR-CHASCOMUS2.jpg?fit=600%2C339&ssl=1&resize=525%2C300 1.5x"},"classes":[]},{"id":8731,"url":"https:\/\/larevistadigital.com.ar\/blog\/chascomus-javier-gaston-estuvo-presente-en-la-inauguracion-de-la-nueva-farmacia-del-gallo-blanco\/","url_meta":{"origin":16206,"position":4},"title":"CHASCOM\u00daS: JAVIER GAST\u00d3N ESTUVO PRESENTE EN LA INAUGURACI\u00d3N DE LA NUEVA FARMACIA DEL GALLO BLANCO","author":"Alejandro Sosa Ruda","date":"26 febrero, 2019","format":false,"excerpt":"El Intendente Municipal se hizo presente para dialogar con los vecinos del barrio, en el marco de la apertura de una farmacia que resultar\u00e1 de utilidad para los barrios cercanos. El nuevo comercio transforma en realidad un pedido de los vecinos que data desde hace m\u00e1s de 10 a\u00f1os y\u2026","rel":"","context":"En \u00abCHASCOM\u00daS\u00bb","block_context":{"text":"CHASCOM\u00daS","link":"https:\/\/larevistadigital.com.ar\/blog\/category\/chascomus\/"},"img":{"alt_text":"","src":"https:\/\/i0.wp.com\/larevistadigital.com.ar\/blog\/wp-content\/uploads\/2019\/02\/52729378_2307856425901896_5243607455790792704_o.jpg?fit=1200%2C797&ssl=1&resize=350%2C200","width":350,"height":200,"srcset":"https:\/\/i0.wp.com\/larevistadigital.com.ar\/blog\/wp-content\/uploads\/2019\/02\/52729378_2307856425901896_5243607455790792704_o.jpg?fit=1200%2C797&ssl=1&resize=350%2C200 1x, https:\/\/i0.wp.com\/larevistadigital.com.ar\/blog\/wp-content\/uploads\/2019\/02\/52729378_2307856425901896_5243607455790792704_o.jpg?fit=1200%2C797&ssl=1&resize=525%2C300 1.5x, https:\/\/i0.wp.com\/larevistadigital.com.ar\/blog\/wp-content\/uploads\/2019\/02\/52729378_2307856425901896_5243607455790792704_o.jpg?fit=1200%2C797&ssl=1&resize=700%2C400 2x, https:\/\/i0.wp.com\/larevistadigital.com.ar\/blog\/wp-content\/uploads\/2019\/02\/52729378_2307856425901896_5243607455790792704_o.jpg?fit=1200%2C797&ssl=1&resize=1050%2C600 3x"},"classes":[]},{"id":17693,"url":"https:\/\/larevistadigital.com.ar\/blog\/vecinos-se-manifestaron-frente-al-municipio-para-que-no-se-instale-el-basurero-regional-en-chascomus\/","url_meta":{"origin":16206,"position":5},"title":"VECINOS SE MANIFESTARON FRENTE AL MUNICIPIO PARA QUE NO SE INSTALE EL BASURERO REGIONAL EN CHASCOM\u00daS","author":"Alejandro Sosa Ruda","date":"17 noviembre, 2020","format":false,"excerpt":"Como estaba previsto, se produjo la manifestaci\u00f3n organizada por vecinos del barrio Los Ranqueles, que se hicieron presentes en el Municipio de Chascom\u00fas, adem\u00e1s del frente del Concejo Deliberante y frente al despacho del intendente Javier Gast\u00f3n. Los vecinos, indignados por la intenci\u00f3n del Municipio de ubicar en su barrio\u2026","rel":"","context":"En \u00abDESTACADAS\u00bb","block_context":{"text":"DESTACADAS","link":"https:\/\/larevistadigital.com.ar\/blog\/category\/destacadas\/"},"img":{"alt_text":"","src":"https:\/\/i0.wp.com\/larevistadigital.com.ar\/blog\/wp-content\/uploads\/WhatsApp-Image-2020-11-17-at-10.54.47.jpeg?fit=900%2C1200&ssl=1&resize=350%2C200","width":350,"height":200,"srcset":"https:\/\/i0.wp.com\/larevistadigital.com.ar\/blog\/wp-content\/uploads\/WhatsApp-Image-2020-11-17-at-10.54.47.jpeg?fit=900%2C1200&ssl=1&resize=350%2C200 1x, https:\/\/i0.wp.com\/larevistadigital.com.ar\/blog\/wp-content\/uploads\/WhatsApp-Image-2020-11-17-at-10.54.47.jpeg?fit=900%2C1200&ssl=1&resize=525%2C300 1.5x, https:\/\/i0.wp.com\/larevistadigital.com.ar\/blog\/wp-content\/uploads\/WhatsApp-Image-2020-11-17-at-10.54.47.jpeg?fit=900%2C1200&ssl=1&resize=700%2C400 2x"},"classes":[]}],"_links":{"self":[{"href":"https:\/\/larevistadigital.com.ar\/blog\/wp-json\/wp\/v2\/posts\/16206","targetHints":{"allow":["GET"]}}],"collection":[{"href":"https:\/\/larevistadigital.com.ar\/blog\/wp-json\/wp\/v2\/posts"}],"about":[{"href":"https:\/\/larevistadigital.com.ar\/blog\/wp-json\/wp\/v2\/types\/post"}],"author":[{"embeddable":true,"href":"https:\/\/larevistadigital.com.ar\/blog\/wp-json\/wp\/v2\/users\/3"}],"replies":[{"embeddable":true,"href":"https:\/\/larevistadigital.com.ar\/blog\/wp-json\/wp\/v2\/comments?post=16206"}],"version-history":[{"count":1,"href":"https:\/\/larevistadigital.com.ar\/blog\/wp-json\/wp\/v2\/posts\/16206\/revisions"}],"predecessor-version":[{"id":16207,"href":"https:\/\/larevistadigital.com.ar\/blog\/wp-json\/wp\/v2\/posts\/16206\/revisions\/16207"}],"wp:featuredmedia":[{"embeddable":true,"href":"https:\/\/larevistadigital.com.ar\/blog\/wp-json\/wp\/v2\/media\/3603"}],"wp:attachment":[{"href":"https:\/\/larevistadigital.com.ar\/blog\/wp-json\/wp\/v2\/media?parent=16206"}],"wp:term":[{"taxonomy":"category","embeddable":true,"href":"https:\/\/larevistadigital.com.ar\/blog\/wp-json\/wp\/v2\/categories?post=16206"},{"taxonomy":"post_tag","embeddable":true,"href":"https:\/\/larevistadigital.com.ar\/blog\/wp-json\/wp\/v2\/tags?post=16206"}],"curies":[{"name":"wp","href":"https:\/\/api.w.org\/{rel}","templated":true}]}}