{"id":16208,"date":"2020-09-02T18:07:14","date_gmt":"2020-09-02T18:07:14","guid":{"rendered":"https:\/\/larevistadigital.com.ar\/blog\/?p=16208"},"modified":"2020-09-02T18:07:14","modified_gmt":"2020-09-02T18:07:14","slug":"brandsen-terrible-accidente-en-la-ruta-215","status":"publish","type":"post","link":"https:\/\/larevistadigital.com.ar\/blog\/brandsen-terrible-accidente-en-la-ruta-215\/","title":{"rendered":"BRANDSEN: TERRIBLE ACCIDENTE EN LA RUTA 215"},"content":{"rendered":"<p><strong>En el veh\u00edculo viajaban tres vecinos de la ciudad. Est\u00e1n todos fuera de peligro<\/strong><\/p>\n<p>En la tarde de este mi\u00e9rcoles 2 de septiembre, se produjo un impactante accidente en ruta 215 y acceso a la localidad de G\u00f3mez, en el partido de Brandsen.<\/p>\n<p>El conductor de un auto marca Mercedes Benz que circulaba en direcci\u00f3n Brandsen &#8211; La Plata, perdi\u00f3 el control, y despist\u00f3.<\/p>\n<p>En el veh\u00edculo viajaban tres vecinos de dicho distrito, quienes fueron asistidos por personal del SAME y se encuentran fuera de peligro, informaron.<\/p>\n<p>publicado en DLN<\/p>\n","protected":false},"excerpt":{"rendered":"<div class=\"mh-excerpt\"><p>En el veh\u00edculo viajaban tres vecinos de la ciudad. Est\u00e1n todos fuera de peligro En la tarde de este mi\u00e9rcoles 2 de septiembre, se produjo un impactante accidente en ruta 215 y acceso a la <a class=\"mh-excerpt-more\" href=\"https:\/\/larevistadigital.com.ar\/blog\/brandsen-terrible-accidente-en-la-ruta-215\/\" title=\"BRANDSEN: TERRIBLE ACCIDENTE EN LA RUTA 215\">[Leer M\u00e1s]<\/a><\/p>\n<\/div>","protected":false},"author":3,"featured_media":16209,"comment_status":"open","ping_status":"open","sticky":false,"template":"","format":"standard","meta":{"_jetpack_memberships_contains_paid_content":false,"footnotes":"","jetpack_publicize_message":"","jetpack_publicize_feature_enabled":true,"jetpack_social_post_already_shared":true,"jetpack_social_options":{"image_generator_settings":{"template":"highway","default_image_id":0,"font":"","enabled":false},"version":2}},"categories":[51],"tags":[],"class_list":{"0":"post-16208","1":"post","2":"type-post","3":"status-publish","4":"format-standard","5":"has-post-thumbnail","7":"category-regionales"},"jetpack_publicize_connections":[],"jetpack_featured_media_url":"https:\/\/i0.wp.com\/larevistadigital.com.ar\/blog\/wp-content\/uploads\/20200902_131716_wm.jpg?fit=1107%2C621&ssl=1","jetpack_sharing_enabled":true,"jetpack_shortlink":"https:\/\/wp.me\/p8qtrQ-4dq","jetpack-related-posts":[{"id":31401,"url":"https:\/\/larevistadigital.com.ar\/blog\/brandsen-vuelco-en-la-ruta-215\/","url_meta":{"origin":16208,"position":0},"title":"BRANDSEN: VUELCO EN LA RUTA 215","author":"Alejandro Sosa Ruda","date":"6 mayo, 2023","format":false,"excerpt":"Se trat\u00f3 de una camioneta conducida por un muchacho. No hubo otros veh\u00edculos involucrados en el hecho. 6 de Mayo de 2023 BRANDSEN\u00a0 -\u00a0 Aproximadamente a las 23 horas del d\u00eda de ayer, viernes 5 de mayo, un joven oriundo de Quilmes protagoniz\u00f3 un impactante vuelco en la ruta 215\u2026","rel":"","context":"En \u00abPOLICIALES\u00bb","block_context":{"text":"POLICIALES","link":"https:\/\/larevistadigital.com.ar\/blog\/category\/policiales\/"},"img":{"alt_text":"","src":"https:\/\/i0.wp.com\/larevistadigital.com.ar\/blog\/wp-content\/uploads\/Photo_1683339943297.jpg?fit=1080%2C606&ssl=1&resize=350%2C200","width":350,"height":200,"srcset":"https:\/\/i0.wp.com\/larevistadigital.com.ar\/blog\/wp-content\/uploads\/Photo_1683339943297.jpg?fit=1080%2C606&ssl=1&resize=350%2C200 1x, https:\/\/i0.wp.com\/larevistadigital.com.ar\/blog\/wp-content\/uploads\/Photo_1683339943297.jpg?fit=1080%2C606&ssl=1&resize=525%2C300 1.5x, https:\/\/i0.wp.com\/larevistadigital.com.ar\/blog\/wp-content\/uploads\/Photo_1683339943297.jpg?fit=1080%2C606&ssl=1&resize=700%2C400 2x, https:\/\/i0.wp.com\/larevistadigital.com.ar\/blog\/wp-content\/uploads\/Photo_1683339943297.jpg?fit=1080%2C606&ssl=1&resize=1050%2C600 3x"},"classes":[]},{"id":9159,"url":"https:\/\/larevistadigital.com.ar\/blog\/brandsen-grave-accidente-automovilistico\/","url_meta":{"origin":16208,"position":1},"title":"BRANDSEN: GRAVE ACCIDENTE AUTOMOVIL\u00cdSTICO","author":"Alejandro Sosa Ruda","date":"17 marzo, 2019","format":false,"excerpt":"Ocurri\u00f3 el d\u00eda de ayer, s\u00e1bado 16 de marzo. pasadas las 20 hs. cuando se produjo una fort\u00edsima colisi\u00f3n vehicular entre un Fiat Siena color rojo, y un Fiat Fiesta color azul. Tras el impacto una persona qued\u00f3 atrapada y tuvo que ser rescatada por los bomberos voluntarios. Seg\u00fan informaron\u2026","rel":"","context":"En \u00abPOLICIALES\u00bb","block_context":{"text":"POLICIALES","link":"https:\/\/larevistadigital.com.ar\/blog\/category\/policiales\/"},"img":{"alt_text":"","src":"https:\/\/i0.wp.com\/larevistadigital.com.ar\/blog\/wp-content\/uploads\/2019\/03\/Screenshot_2-6.jpg?fit=994%2C568&ssl=1&resize=350%2C200","width":350,"height":200,"srcset":"https:\/\/i0.wp.com\/larevistadigital.com.ar\/blog\/wp-content\/uploads\/2019\/03\/Screenshot_2-6.jpg?fit=994%2C568&ssl=1&resize=350%2C200 1x, https:\/\/i0.wp.com\/larevistadigital.com.ar\/blog\/wp-content\/uploads\/2019\/03\/Screenshot_2-6.jpg?fit=994%2C568&ssl=1&resize=525%2C300 1.5x, https:\/\/i0.wp.com\/larevistadigital.com.ar\/blog\/wp-content\/uploads\/2019\/03\/Screenshot_2-6.jpg?fit=994%2C568&ssl=1&resize=700%2C400 2x"},"classes":[]},{"id":11444,"url":"https:\/\/larevistadigital.com.ar\/blog\/terrible-accidente-en-la-ruta-29\/","url_meta":{"origin":16208,"position":2},"title":"TERRIBLE ACCIDENTE EN LA RUTA 29","author":"Alejandro Sosa Ruda","date":"22 julio, 2019","format":false,"excerpt":"Ocurri\u00f3 a la altura del kil\u00f3metro 7. Ambos veh\u00edculos circulaban en direcci\u00f3n a Jeppener Pasadas las 5:30 horas de este domingo 21 Julio, se produjo un impactante choque en ruta 29 a la altura del kil\u00f3metro 7 de la ciudad de Brandsen. Seg\u00fan informaron fuentes extraoficiales, un auto modelo Renault\u2026","rel":"","context":"En \u00abDESTACADAS\u00bb","block_context":{"text":"DESTACADAS","link":"https:\/\/larevistadigital.com.ar\/blog\/category\/destacadas\/"},"img":{"alt_text":"","src":"https:\/\/i0.wp.com\/larevistadigital.com.ar\/blog\/wp-content\/uploads\/1563710013460_wm.jpg?fit=1024%2C575&ssl=1&resize=350%2C200","width":350,"height":200,"srcset":"https:\/\/i0.wp.com\/larevistadigital.com.ar\/blog\/wp-content\/uploads\/1563710013460_wm.jpg?fit=1024%2C575&ssl=1&resize=350%2C200 1x, https:\/\/i0.wp.com\/larevistadigital.com.ar\/blog\/wp-content\/uploads\/1563710013460_wm.jpg?fit=1024%2C575&ssl=1&resize=525%2C300 1.5x, https:\/\/i0.wp.com\/larevistadigital.com.ar\/blog\/wp-content\/uploads\/1563710013460_wm.jpg?fit=1024%2C575&ssl=1&resize=700%2C400 2x"},"classes":[]},{"id":10841,"url":"https:\/\/larevistadigital.com.ar\/blog\/brandsen-terrible-vuelco-de-camioneta-en-la-ruta-215\/","url_meta":{"origin":16208,"position":3},"title":"BRANDSEN: TERRIBLE VUELCO DE CAMIONETA EN LA RUTA 215","author":"Alejandro Sosa Ruda","date":"28 junio, 2019","format":false,"excerpt":"En la noche de este jueves 27 de junio, por causas que a\u00fan se desconocen, se produjo el despiste y vuelco de una camioneta -Ford Ranger- en ruta 215 a la altura del kil\u00f3metro 41 de Brandsen. El veh\u00edculo era conducido por un hombre que tras el impacto result\u00f3 herido\u2026","rel":"","context":"En \u00abINTERES GENERAL\u00bb","block_context":{"text":"INTERES GENERAL","link":"https:\/\/larevistadigital.com.ar\/blog\/category\/interes-general\/"},"img":{"alt_text":"","src":"https:\/\/i0.wp.com\/larevistadigital.com.ar\/blog\/wp-content\/uploads\/Screenshot_2-11.jpg?fit=1009%2C539&ssl=1&resize=350%2C200","width":350,"height":200,"srcset":"https:\/\/i0.wp.com\/larevistadigital.com.ar\/blog\/wp-content\/uploads\/Screenshot_2-11.jpg?fit=1009%2C539&ssl=1&resize=350%2C200 1x, https:\/\/i0.wp.com\/larevistadigital.com.ar\/blog\/wp-content\/uploads\/Screenshot_2-11.jpg?fit=1009%2C539&ssl=1&resize=525%2C300 1.5x, https:\/\/i0.wp.com\/larevistadigital.com.ar\/blog\/wp-content\/uploads\/Screenshot_2-11.jpg?fit=1009%2C539&ssl=1&resize=700%2C400 2x"},"classes":[]},{"id":23209,"url":"https:\/\/larevistadigital.com.ar\/blog\/brandsen-se-durmio-y-choco-un-camion-estacionado-en-la-ruta-215\/","url_meta":{"origin":16208,"position":4},"title":"BRANDSEN: SE DURMI\u00d3 Y CHOC\u00d3 UN CAMI\u00d3N ESTACIONADO EN LA RUTA 215","author":"Alejandro Sosa Ruda","date":"4 enero, 2022","format":false,"excerpt":"BRANDSEN -\u00a0 Un hombre de 34 a\u00f1os oriundo de La Plata que se movilizaba en un autom\u00f3vil choc\u00f3 esta ma\u00f1ana en Brandsen\u00a0contra la parte trasera de un cami\u00f3n y result\u00f3 con algunos golpes. El accidente ocurri\u00f3 pasadas las 7.00 en la intersecci\u00f3n de la avenida Presidente Per\u00f3n y Pedro Hita\u2026","rel":"","context":"En \u00abPOLICIALES\u00bb","block_context":{"text":"POLICIALES","link":"https:\/\/larevistadigital.com.ar\/blog\/category\/policiales\/"},"img":{"alt_text":"","src":"https:\/\/i0.wp.com\/larevistadigital.com.ar\/blog\/wp-content\/uploads\/1641222402366.jpg?fit=1200%2C674&ssl=1&resize=350%2C200","width":350,"height":200,"srcset":"https:\/\/i0.wp.com\/larevistadigital.com.ar\/blog\/wp-content\/uploads\/1641222402366.jpg?fit=1200%2C674&ssl=1&resize=350%2C200 1x, https:\/\/i0.wp.com\/larevistadigital.com.ar\/blog\/wp-content\/uploads\/1641222402366.jpg?fit=1200%2C674&ssl=1&resize=525%2C300 1.5x, https:\/\/i0.wp.com\/larevistadigital.com.ar\/blog\/wp-content\/uploads\/1641222402366.jpg?fit=1200%2C674&ssl=1&resize=700%2C400 2x, https:\/\/i0.wp.com\/larevistadigital.com.ar\/blog\/wp-content\/uploads\/1641222402366.jpg?fit=1200%2C674&ssl=1&resize=1050%2C600 3x"},"classes":[]},{"id":23400,"url":"https:\/\/larevistadigital.com.ar\/blog\/terrible-vuelco-en-uno-de-los-accesos-a-la-ciudad-de-brandsen\/","url_meta":{"origin":16208,"position":5},"title":"TERRIBLE VUELCO EN UNO DE LOS ACCESOS A LA CIUDAD DE BRANDSEN","author":"Alejandro Sosa Ruda","date":"16 enero, 2022","format":false,"excerpt":"BRANDSEN -\u00a0 Un nuevo vuelco de un veh\u00edculo se registr\u00f3 este viernes 14 de enero sobre la ruta provincial 215 entre la zona urbana de la ciudad de Brandsen\u00a0y Granja Tres Arroyos. Un auto Toyota Etios que se desplazaba en sentido a la ciudad de La Plata, sufri\u00f3 la rotura\u2026","rel":"","context":"En \u00abPOLICIALES\u00bb","block_context":{"text":"POLICIALES","link":"https:\/\/larevistadigital.com.ar\/blog\/category\/policiales\/"},"img":{"alt_text":"","src":"https:\/\/i0.wp.com\/larevistadigital.com.ar\/blog\/wp-content\/uploads\/20220114_130501-2048x1152-1.jpg?fit=1200%2C675&ssl=1&resize=350%2C200","width":350,"height":200,"srcset":"https:\/\/i0.wp.com\/larevistadigital.com.ar\/blog\/wp-content\/uploads\/20220114_130501-2048x1152-1.jpg?fit=1200%2C675&ssl=1&resize=350%2C200 1x, https:\/\/i0.wp.com\/larevistadigital.com.ar\/blog\/wp-content\/uploads\/20220114_130501-2048x1152-1.jpg?fit=1200%2C675&ssl=1&resize=525%2C300 1.5x, https:\/\/i0.wp.com\/larevistadigital.com.ar\/blog\/wp-content\/uploads\/20220114_130501-2048x1152-1.jpg?fit=1200%2C675&ssl=1&resize=700%2C400 2x, https:\/\/i0.wp.com\/larevistadigital.com.ar\/blog\/wp-content\/uploads\/20220114_130501-2048x1152-1.jpg?fit=1200%2C675&ssl=1&resize=1050%2C600 3x"},"classes":[]}],"_links":{"self":[{"href":"https:\/\/larevistadigital.com.ar\/blog\/wp-json\/wp\/v2\/posts\/16208","targetHints":{"allow":["GET"]}}],"collection":[{"href":"https:\/\/larevistadigital.com.ar\/blog\/wp-json\/wp\/v2\/posts"}],"about":[{"href":"https:\/\/larevistadigital.com.ar\/blog\/wp-json\/wp\/v2\/types\/post"}],"author":[{"embeddable":true,"href":"https:\/\/larevistadigital.com.ar\/blog\/wp-json\/wp\/v2\/users\/3"}],"replies":[{"embeddable":true,"href":"https:\/\/larevistadigital.com.ar\/blog\/wp-json\/wp\/v2\/comments?post=16208"}],"version-history":[{"count":1,"href":"https:\/\/larevistadigital.com.ar\/blog\/wp-json\/wp\/v2\/posts\/16208\/revisions"}],"predecessor-version":[{"id":16210,"href":"https:\/\/larevistadigital.com.ar\/blog\/wp-json\/wp\/v2\/posts\/16208\/revisions\/16210"}],"wp:featuredmedia":[{"embeddable":true,"href":"https:\/\/larevistadigital.com.ar\/blog\/wp-json\/wp\/v2\/media\/16209"}],"wp:attachment":[{"href":"https:\/\/larevistadigital.com.ar\/blog\/wp-json\/wp\/v2\/media?parent=16208"}],"wp:term":[{"taxonomy":"category","embeddable":true,"href":"https:\/\/larevistadigital.com.ar\/blog\/wp-json\/wp\/v2\/categories?post=16208"},{"taxonomy":"post_tag","embeddable":true,"href":"https:\/\/larevistadigital.com.ar\/blog\/wp-json\/wp\/v2\/tags?post=16208"}],"curies":[{"name":"wp","href":"https:\/\/api.w.org\/{rel}","templated":true}]}}