{"id":16211,"date":"2020-09-03T03:14:55","date_gmt":"2020-09-03T03:14:55","guid":{"rendered":"https:\/\/larevistadigital.com.ar\/blog\/?p=16211"},"modified":"2020-09-03T03:14:55","modified_gmt":"2020-09-03T03:14:55","slug":"video-el-joven-boxeador-y-promesa-diego-larraula-gano-un-torneo-virtual","status":"publish","type":"post","link":"https:\/\/larevistadigital.com.ar\/blog\/video-el-joven-boxeador-y-promesa-diego-larraula-gano-un-torneo-virtual\/","title":{"rendered":"[VIDEO] EL JOVEN BOXEADOR Y PROMESA DIEGO LARRAULA GAN\u00d3 UN TORNEO VIRTUAL"},"content":{"rendered":"<h2>El gran boxeador <strong>Diego Larraula<\/strong>, inform\u00f3 a trav\u00e9s de su perfil de facebook, que gan\u00f3 un torneo virtual en el que pudo demostrar algunas de sus muchas virtudes, que lo han convertido en una gran promesa para el boxeo argentino.<\/h2>\n<p>Nos pareci\u00f3 oportuno, compartir la alegr\u00eda con Diego, y publicar en nuestro medio el post mencionado:<\/p>\n<p><em><strong>Quiero contarles que acabo de ganar un torneo virtual representando a mi ciudad Chascom\u00fas , fui seleccionado por un excelent\u00edsimo jurado..<\/strong><\/em><br \/>\n<em><strong>Este triunfo como digo siempre, se lo debo tambi\u00e9n a todos lo que me apoyan ,me bancan y siempre tienen la mejor de las ondas.<\/strong><\/em><br \/>\n<em><strong>Este trofeo es tan m\u00edo como de ustedes.<\/strong><\/em><br \/>\n<em><strong>Gracias por tantoooo.<\/strong><\/em><br \/>\n<em><b>Agradezco tambi\u00e9n a Orlando Far\u00edas\u00a0por tenerme en cuenta para poder participar ,en el torneo de la ciudad de Tucum\u00e1n, con participantes de todas pro<\/b><span class=\"text_exposed_show\"><b>vincias.<\/b><br \/>\n<b>Toda competencia me sirve para poder crecer un poco m\u00e1s.<\/b><br \/>\n<b>A mis viejos , Rommy Alvarez y Osvaldo Larraula\u00a0que est\u00e1n\u00a0a mil todos los d\u00edas bancando el entrenamiento, la alimentaci\u00f3n y cada filmaci\u00f3n para mis torneos en esta \u00e9poca de pandemia.<\/b><br \/>\n<b>A la genia de mi entrenadora f\u00edsica Alexia Gallegos\u00a0por la dedicaci\u00f3n y responsabilidad que tiene conmigo ( si es necesario me manda 20 v\u00eddeos del mismo ejercicio para que mejore la postura ) es la mejor! .<\/b><br \/>\n<b>Y a mi entrenador en lo boxistico , Cortito Tellechea. GRACIAAAAAS TOTALEES..<\/b><\/span><\/em><\/p>\n<h3>EL VIDEO GANADOR:<\/h3>\n<p><span class=\"embed-youtube\" style=\"text-align:center; display: block;\"><iframe loading=\"lazy\" class=\"youtube-player\" width=\"640\" height=\"360\" src=\"https:\/\/www.youtube.com\/embed\/Mn3GtJ5Uz-M?version=3&#038;rel=1&#038;showsearch=0&#038;showinfo=1&#038;iv_load_policy=1&#038;fs=1&#038;hl=es-ES&#038;autohide=2&#038;wmode=transparent\" allowfullscreen=\"true\" style=\"border:0;\" sandbox=\"allow-scripts allow-same-origin allow-popups allow-presentation allow-popups-to-escape-sandbox\"><\/iframe><\/span><\/p>\n","protected":false},"excerpt":{"rendered":"<div class=\"mh-excerpt\"><p>El gran boxeador Diego Larraula, inform\u00f3 a trav\u00e9s de su perfil de facebook, que gan\u00f3 un torneo virtual en el que pudo demostrar algunas de sus muchas virtudes, que lo han convertido en una gran <a class=\"mh-excerpt-more\" href=\"https:\/\/larevistadigital.com.ar\/blog\/video-el-joven-boxeador-y-promesa-diego-larraula-gano-un-torneo-virtual\/\" title=\"[VIDEO] EL JOVEN BOXEADOR Y PROMESA DIEGO LARRAULA GAN\u00d3 UN TORNEO VIRTUAL\">[Leer M\u00e1s]<\/a><\/p>\n<\/div>","protected":false},"author":3,"featured_media":16212,"comment_status":"open","ping_status":"open","sticky":false,"template":"","format":"standard","meta":{"_jetpack_memberships_contains_paid_content":false,"footnotes":"","jetpack_publicize_message":"","jetpack_publicize_feature_enabled":true,"jetpack_social_post_already_shared":true,"jetpack_social_options":{"image_generator_settings":{"template":"highway","default_image_id":0,"font":"","enabled":false},"version":2}},"categories":[8,50],"tags":[],"class_list":{"0":"post-16211","1":"post","2":"type-post","3":"status-publish","4":"format-standard","5":"has-post-thumbnail","7":"category-deportes","8":"category-interes-general"},"jetpack_publicize_connections":[],"jetpack_featured_media_url":"https:\/\/i0.wp.com\/larevistadigital.com.ar\/blog\/wp-content\/uploads\/118570821_117706413390562_3303394247063220376_n.jpg?fit=720%2C876&ssl=1","jetpack_sharing_enabled":true,"jetpack_shortlink":"https:\/\/wp.me\/p8qtrQ-4dt","jetpack-related-posts":[{"id":5380,"url":"https:\/\/larevistadigital.com.ar\/blog\/ya-esta-en-marcha-el-torneo-nacional-de-boxeo-de-ambapa-rumbo-a-mexico-2018\/","url_meta":{"origin":16211,"position":0},"title":"Ya est\u00e1 en marcha el Torneo Nacional de Boxeo de AMBAPA \u201cRumbo a M\u00e9xico 2018\u201d","author":"admin","date":"3 febrero, 2018","format":false,"excerpt":"Por\u00a0Laura Risso\u00a0- Esta ma\u00f1ana en el Centro Recreativo Municipal \u201cN\u00e9stor C. Kirchner\u201d de nuestra ciudad se dio inicio al Torneo Nacional de Boxeo \u201cRumbo a M\u00e9xico 2018\u201d que es organizado por AMBAPA, la Asociaci\u00f3n de Managers y Boxeadores Argentinos Profesionales y Amateurs y coordinado por la gente del gimnasio florense\u2026","rel":"","context":"En \u00abDEPORTES\u00bb","block_context":{"text":"DEPORTES","link":"https:\/\/larevistadigital.com.ar\/blog\/category\/deportes\/"},"img":{"alt_text":"","src":"https:\/\/i0.wp.com\/larevistadigital.com.ar\/blog\/wp-content\/uploads\/2018\/04\/29993786_10216127519807157_1079042006_o-696x522.jpg?fit=696%2C522&ssl=1&resize=350%2C200","width":350,"height":200,"srcset":"https:\/\/i0.wp.com\/larevistadigital.com.ar\/blog\/wp-content\/uploads\/2018\/04\/29993786_10216127519807157_1079042006_o-696x522.jpg?fit=696%2C522&ssl=1&resize=350%2C200 1x, https:\/\/i0.wp.com\/larevistadigital.com.ar\/blog\/wp-content\/uploads\/2018\/04\/29993786_10216127519807157_1079042006_o-696x522.jpg?fit=696%2C522&ssl=1&resize=525%2C300 1.5x"},"classes":[]},{"id":5617,"url":"https:\/\/larevistadigital.com.ar\/blog\/boxeadores-de-chascomus-se-presentan-en-el-festival-de-lomas-de-zamora\/","url_meta":{"origin":16211,"position":1},"title":"BOXEADORES DE CHASCOMUS SE PRESENTAN EN EL FESTIVAL DE LOMAS DE ZAMORA","author":"Alejandro Sosa Ruda","date":"22 mayo, 2018","format":false,"excerpt":"Boxeadores del Club de Pelota Chascom\u00fas, entrenados por Daniel Britos, se presentar\u00e1n el pr\u00f3ximo s\u00e1bado en Lomas de Zamora. Nicol\u00e1s Barrios pelear\u00e1 en la categor\u00eda de los sesenta y siete kilos; Lautaro Benedetti en los 68 kilogramos; Mat\u00edas Villarruel en los setenta kilos y Priscila Larraula lo har\u00e1 en la\u2026","rel":"","context":"En \u00abCHASCOM\u00daS\u00bb","block_context":{"text":"CHASCOM\u00daS","link":"https:\/\/larevistadigital.com.ar\/blog\/category\/chascomus\/"},"img":{"alt_text":"","src":"https:\/\/i0.wp.com\/larevistadigital.com.ar\/blog\/wp-content\/uploads\/2018\/05\/boxeo_1.jpg?fit=1200%2C799&ssl=1&resize=350%2C200","width":350,"height":200,"srcset":"https:\/\/i0.wp.com\/larevistadigital.com.ar\/blog\/wp-content\/uploads\/2018\/05\/boxeo_1.jpg?fit=1200%2C799&ssl=1&resize=350%2C200 1x, https:\/\/i0.wp.com\/larevistadigital.com.ar\/blog\/wp-content\/uploads\/2018\/05\/boxeo_1.jpg?fit=1200%2C799&ssl=1&resize=525%2C300 1.5x, https:\/\/i0.wp.com\/larevistadigital.com.ar\/blog\/wp-content\/uploads\/2018\/05\/boxeo_1.jpg?fit=1200%2C799&ssl=1&resize=700%2C400 2x, https:\/\/i0.wp.com\/larevistadigital.com.ar\/blog\/wp-content\/uploads\/2018\/05\/boxeo_1.jpg?fit=1200%2C799&ssl=1&resize=1050%2C600 3x"},"classes":[]},{"id":10891,"url":"https:\/\/larevistadigital.com.ar\/blog\/el-maestro-de-taekwondo-pedro-andrade-y-sus-discipulos-lograron-varias-medallas-en-cordoba\/","url_meta":{"origin":16211,"position":2},"title":"EL MAESTRO DE TAEKWONDO PEDRO ANDRADE Y SUS DISCIPULOS LOGRARON VARIAS MEDALLAS EN C\u00d3RDOBA","author":"Alejandro Sosa Ruda","date":"28 junio, 2019","format":false,"excerpt":"Alumnos de la Academia de Taekwondo Chascom\u00fas, a cargo del profesor Pedro Andrade obtuvieron 11 medallas en el torneo que se llev\u00f3 a cabo el pasado domingo en la ciudad de C\u00f3rdoba. Los alumnos del profesor Pedro Andrade compitieron en el torneo de taekwondo \u201cLa Docta\u201d donde demostraron el buen\u2026","rel":"","context":"En \u00abCHASCOM\u00daS\u00bb","block_context":{"text":"CHASCOM\u00daS","link":"https:\/\/larevistadigital.com.ar\/blog\/category\/chascomus\/"},"img":{"alt_text":"","src":"https:\/\/i0.wp.com\/larevistadigital.com.ar\/blog\/wp-content\/uploads\/andrade_24dejuniode2019_elfuerte.jpg?fit=737%2C415&ssl=1&resize=350%2C200","width":350,"height":200,"srcset":"https:\/\/i0.wp.com\/larevistadigital.com.ar\/blog\/wp-content\/uploads\/andrade_24dejuniode2019_elfuerte.jpg?fit=737%2C415&ssl=1&resize=350%2C200 1x, https:\/\/i0.wp.com\/larevistadigital.com.ar\/blog\/wp-content\/uploads\/andrade_24dejuniode2019_elfuerte.jpg?fit=737%2C415&ssl=1&resize=525%2C300 1.5x, https:\/\/i0.wp.com\/larevistadigital.com.ar\/blog\/wp-content\/uploads\/andrade_24dejuniode2019_elfuerte.jpg?fit=737%2C415&ssl=1&resize=700%2C400 2x"},"classes":[]},{"id":10989,"url":"https:\/\/larevistadigital.com.ar\/blog\/chascomus-el-proximo-12-de-julio-se-realizara-un-torneo-de-truco-en-tiro-federal\/","url_meta":{"origin":16211,"position":3},"title":"CHASCOM\u00daS: EL PR\u00d3XIMO 12 DE JULIO SE REALIZAR\u00c1 UN TORNEO DE TRUCO EN TIRO FEDERAL","author":"Alejandro Sosa Ruda","date":"2 julio, 2019","format":false,"excerpt":"El viernes 12 de julio El pr\u00f3ximo viernes 12 de julio se realizar\u00e1 un nuevo torneo de truco en la sede del club Tiro Federal.\u2008El mismo est\u00e1 anunciado para las nueve de la noche.\u2008El costo de inscripci\u00f3n ser\u00e1 de cuatrocientos pesos por pareja; el ochenta por ciento de lo que\u2026","rel":"","context":"En \u00abCHASCOM\u00daS\u00bb","block_context":{"text":"CHASCOM\u00daS","link":"https:\/\/larevistadigital.com.ar\/blog\/category\/chascomus\/"},"img":{"alt_text":"","src":"https:\/\/i0.wp.com\/larevistadigital.com.ar\/blog\/wp-content\/uploads\/torneo-de-truco.jpg?fit=648%2C432&ssl=1&resize=350%2C200","width":350,"height":200,"srcset":"https:\/\/i0.wp.com\/larevistadigital.com.ar\/blog\/wp-content\/uploads\/torneo-de-truco.jpg?fit=648%2C432&ssl=1&resize=350%2C200 1x, https:\/\/i0.wp.com\/larevistadigital.com.ar\/blog\/wp-content\/uploads\/torneo-de-truco.jpg?fit=648%2C432&ssl=1&resize=525%2C300 1.5x"},"classes":[]},{"id":43145,"url":"https:\/\/larevistadigital.com.ar\/blog\/chascomus-este-miercoles-se-disputara-el-torneo-de-verano-de-beach-voley\/","url_meta":{"origin":16211,"position":4},"title":"Chascom\u00fas: Este mi\u00e9rcoles se disputar\u00e1 el Torneo de Verano de Beach Voley","author":"Alejandro Sosa Ruda","date":"5 enero, 2026","format":false,"excerpt":"Ser\u00e1 en el Parque V Centenario, desde las 18 horas, en la modalidad 3 vs 3 mixto, en categor\u00eda libre. 05 de enero de 2026 CHASCOM\u00daS -\u00a0 \u00a0 La Municipalidad de Chascom\u00fas, a trav\u00e9s del \u00e1rea de Deportes, organiza un torneo de verano de beach voley que se disputar\u00e1 el\u2026","rel":"","context":"En \u00abCHASCOM\u00daS\u00bb","block_context":{"text":"CHASCOM\u00daS","link":"https:\/\/larevistadigital.com.ar\/blog\/category\/chascomus\/"},"img":{"alt_text":"","src":"https:\/\/i0.wp.com\/larevistadigital.com.ar\/blog\/wp-content\/uploads\/695bf0708dd2d.png?fit=668%2C445&ssl=1&resize=350%2C200","width":350,"height":200,"srcset":"https:\/\/i0.wp.com\/larevistadigital.com.ar\/blog\/wp-content\/uploads\/695bf0708dd2d.png?fit=668%2C445&ssl=1&resize=350%2C200 1x, https:\/\/i0.wp.com\/larevistadigital.com.ar\/blog\/wp-content\/uploads\/695bf0708dd2d.png?fit=668%2C445&ssl=1&resize=525%2C300 1.5x"},"classes":[]},{"id":17331,"url":"https:\/\/larevistadigital.com.ar\/blog\/esto-paso-un-dia-como-hoy-30-10\/","url_meta":{"origin":16211,"position":5},"title":"ESTO PAS\u00d3 UN D\u00cdA COMO HOY (30\/10)","author":"Alejandro Sosa Ruda","date":"30 octubre, 2020","format":false,"excerpt":"Charles Atlas: padre del fisicoculturismo 1893 -\u00a0Naci\u00f3\u00a0Angelo Siciliano\u00a0m\u00e1s conocido como\u00a0Charles Atlas,\u00a0quien fue un fisicoculturista italiano que se lo considera como el\u00a0\"padre del fisicoculturismo\".\u00a0En 1922, la revista Physical Culture nombr\u00f3 a Atlas el hombre m\u00e1s desarrollado del mundo, tras una competici\u00f3n donde lo vieron antrop\u00f3logos, m\u00e9dicos y cient\u00edficos que coincidieron en\u2026","rel":"","context":"En \u00abSOCIEDAD\u00bb","block_context":{"text":"SOCIEDAD","link":"https:\/\/larevistadigital.com.ar\/blog\/category\/sociedad\/"},"img":{"alt_text":"","src":"https:\/\/i0.wp.com\/larevistadigital.com.ar\/blog\/wp-content\/uploads\/LOGO-EFEMERIDES.jpg?fit=1200%2C628&ssl=1&resize=350%2C200","width":350,"height":200,"srcset":"https:\/\/i0.wp.com\/larevistadigital.com.ar\/blog\/wp-content\/uploads\/LOGO-EFEMERIDES.jpg?fit=1200%2C628&ssl=1&resize=350%2C200 1x, https:\/\/i0.wp.com\/larevistadigital.com.ar\/blog\/wp-content\/uploads\/LOGO-EFEMERIDES.jpg?fit=1200%2C628&ssl=1&resize=525%2C300 1.5x, https:\/\/i0.wp.com\/larevistadigital.com.ar\/blog\/wp-content\/uploads\/LOGO-EFEMERIDES.jpg?fit=1200%2C628&ssl=1&resize=700%2C400 2x, https:\/\/i0.wp.com\/larevistadigital.com.ar\/blog\/wp-content\/uploads\/LOGO-EFEMERIDES.jpg?fit=1200%2C628&ssl=1&resize=1050%2C600 3x"},"classes":[]}],"_links":{"self":[{"href":"https:\/\/larevistadigital.com.ar\/blog\/wp-json\/wp\/v2\/posts\/16211","targetHints":{"allow":["GET"]}}],"collection":[{"href":"https:\/\/larevistadigital.com.ar\/blog\/wp-json\/wp\/v2\/posts"}],"about":[{"href":"https:\/\/larevistadigital.com.ar\/blog\/wp-json\/wp\/v2\/types\/post"}],"author":[{"embeddable":true,"href":"https:\/\/larevistadigital.com.ar\/blog\/wp-json\/wp\/v2\/users\/3"}],"replies":[{"embeddable":true,"href":"https:\/\/larevistadigital.com.ar\/blog\/wp-json\/wp\/v2\/comments?post=16211"}],"version-history":[{"count":1,"href":"https:\/\/larevistadigital.com.ar\/blog\/wp-json\/wp\/v2\/posts\/16211\/revisions"}],"predecessor-version":[{"id":16213,"href":"https:\/\/larevistadigital.com.ar\/blog\/wp-json\/wp\/v2\/posts\/16211\/revisions\/16213"}],"wp:featuredmedia":[{"embeddable":true,"href":"https:\/\/larevistadigital.com.ar\/blog\/wp-json\/wp\/v2\/media\/16212"}],"wp:attachment":[{"href":"https:\/\/larevistadigital.com.ar\/blog\/wp-json\/wp\/v2\/media?parent=16211"}],"wp:term":[{"taxonomy":"category","embeddable":true,"href":"https:\/\/larevistadigital.com.ar\/blog\/wp-json\/wp\/v2\/categories?post=16211"},{"taxonomy":"post_tag","embeddable":true,"href":"https:\/\/larevistadigital.com.ar\/blog\/wp-json\/wp\/v2\/tags?post=16211"}],"curies":[{"name":"wp","href":"https:\/\/api.w.org\/{rel}","templated":true}]}}