{"id":16214,"date":"2020-09-03T14:16:25","date_gmt":"2020-09-03T14:16:25","guid":{"rendered":"https:\/\/larevistadigital.com.ar\/blog\/?p=16214"},"modified":"2020-09-03T14:16:25","modified_gmt":"2020-09-03T14:16:25","slug":"juez-contundente-contra-frederic-la-ministra-no-puede-hacerse-la-estupida","status":"publish","type":"post","link":"https:\/\/larevistadigital.com.ar\/blog\/juez-contundente-contra-frederic-la-ministra-no-puede-hacerse-la-estupida\/","title":{"rendered":"JUEZ CONTUNDENTE CONTRA FREDERIC: \u00abLA MINISTRA NO PUEDE HACERSE LA EST\u00daPIDA\u00bb"},"content":{"rendered":"<p>La ministra de Seguridad de la Naci\u00f3n, <strong>Sabina Frederic<\/strong>, sigue cosechando el repudio de dirigentes opositores y oficialistas tras asegurar que el conflicto de toma de terrenos \u00abno es un tema de Seguridad\u00bb. No es la primera vez que la funcionaria queda inmersa en la pol\u00e9mica en su breve gesti\u00f3n, pero sin dudas las voces en su contra se manifiestan cada vez m\u00e1s duramente. Esta vez, fue el cordob\u00e9s Luis Juez el que se mostr\u00f3 lapidario en sus cr\u00edticas.<\/p>\n<p>Las declaraciones de la ministra de Seguridad de la Naci\u00f3n,<strong> Sabina Frederic<\/strong>, en torno a los conflictos por tomas de tierras que se multiplicaron en las \u00faltimas semanas en todo el pa\u00eds, generaron repudios tanto en la oposici\u00f3n como en el oficialismo.<\/p>\n<figure id=\"attachment_16215\" aria-describedby=\"caption-attachment-16215\" style=\"width: 1024px\" class=\"wp-caption alignnone\"><img data-recalc-dims=\"1\" loading=\"lazy\" decoding=\"async\" class=\"wp-image-16215 size-full\" src=\"https:\/\/i0.wp.com\/larevistadigital.com.ar\/blog\/wp-content\/uploads\/sabina_frederic.jpg?resize=1024%2C680&#038;ssl=1\" alt=\"\" width=\"1024\" height=\"680\" srcset=\"https:\/\/i0.wp.com\/larevistadigital.com.ar\/blog\/wp-content\/uploads\/sabina_frederic.jpg?w=1024&amp;ssl=1 1024w, https:\/\/i0.wp.com\/larevistadigital.com.ar\/blog\/wp-content\/uploads\/sabina_frederic.jpg?resize=300%2C199&amp;ssl=1 300w, https:\/\/i0.wp.com\/larevistadigital.com.ar\/blog\/wp-content\/uploads\/sabina_frederic.jpg?resize=768%2C510&amp;ssl=1 768w\" sizes=\"auto, (max-width: 1000px) 100vw, 1000px\" \/><figcaption id=\"caption-attachment-16215\" class=\"wp-caption-text\"><strong>MINISTRA DE SEGURIDAD SABINA FREDERIC<\/strong><\/figcaption><\/figure>\n<p>Uno de los m\u00e1s resonantes fue el de <strong>Luis Juez<\/strong>, quien sostuvo que la funcionaria <em><strong>\u00abno puede hacerse la est\u00fapida\u00bb<\/strong><\/em> respecto a la problem\u00e1tica y remarc\u00f3 que <em><strong>\u00abel derecho a la propiedad es sagrado\u00bb<\/strong><\/em>.<\/p>\n<blockquote>\n<h3><strong><em>\u00abLa Ministra de Seguridad no puede hacerse la est\u00fapida diciendo que la toma de tierras no es un tema de ella\u00bb<\/em><\/strong>, expres\u00f3 Juez en declaraciones a &#8216;Radio Rivadavia&#8217;. El diputado nacional de Juntos por el Cambio remarc\u00f3 adem\u00e1s que \u00abel derecho a la propiedad es sagrado\u00bb: <em><strong>\u00ab\u00bfQuer\u00e9s ayudar a la gente que no tiene casa? Arm\u00e1 un plan de viviendas o un banco de tierras\u00bb.<\/strong><\/em><\/h3>\n<\/blockquote>\n<p>Ante los casos registrados en Villa Mascardi (R\u00edo Negro) y el conurbano bonaerense,<strong> Frederic<\/strong> argument\u00f3 ayer que las tomas de tierras no eran una problem\u00e1tica de su \u00e1rea: <em><strong>\u00abEstamos en un momento en el que la presi\u00f3n y la conflictividad se traduce en toma de tierras en diferentes lugares del pa\u00eds, particularmente en el sur y en el Gran Buenos Aires; ahora, ese no es un tema de Seguridad, es un tema de d\u00e9ficit habitacional y una presi\u00f3n por el mercado de tierras que evidentemente hay que paliarlo con soluciones que se anticipen al problema\u00bb<\/strong><\/em>, explic\u00f3 la funcionaria ayer, entrevistada en &#8216;Radio Con Vos&#8217;.<\/p>\n<p>Por eso, el cordob\u00e9s fue lapidario sobre las declaraciones de la ministra, y asegur\u00f3 que <strong><em>\u00abeste grupo de pibes que ideologizan al pedo no saben lo que significa el derecho a propiedad en Argentina\u00bb<\/em><\/strong>. Luego apunt\u00f3 directamente a la vicepresidenta y dijo que <em><strong>\u00abCristina Kirchner est\u00e1 llena de odio y sed de revancha\u00bb<\/strong><\/em>. <em><strong>\u00abTiene que entender que ella un d\u00eda no va a estar y hay que pensar en el pa\u00eds que le vamos a dejar a nuestros hijos\u00bb<\/strong><\/em>, manifest\u00f3.<\/p>\n<blockquote>\n<h3>Por su parte, el intendente de Vicente L\u00f3pez, Jorge Macri, le pidi\u00f3 al gobernador Axel Kicillof que aclare la posici\u00f3n del gobierno provincial sobre las tomas que se replican en localidades del conurbano bonaerense y en el interior.<\/h3>\n<\/blockquote>\n<p><em><strong>\u00abLos intendentes de Juntos por el Cambio en Buenos Aires queremos una postura clara del gobernador. Esta tiene que ser una decisi\u00f3n pol\u00edtica, no tiene que ser el esfuerzo de un ministro\u00bb<\/strong><\/em>, remarc\u00f3 el jefe comunal del PRO en declaraciones en &#8216;Radio Rivadavia&#8217;.<\/p>\n<p><strong>Jorge Macri<\/strong> explic\u00f3 que trabaja \u00abbien y coordinado\u00bb con el ministro de Seguridad, <strong>Sergio Berni<\/strong>, pero resalt\u00f3 que <em><strong>\u00ab\u00e9sta es una decisi\u00f3n que tiene que dar el gobernador porque es el que fue electo, no sus ministros\u00bb.<\/strong><\/em><\/p>\n<p>El propio<strong> Berni<\/strong> sali\u00f3 este martes a despegarse de las declaraciones de <strong>Frederic<\/strong>, y anticip\u00f3: <strong><em>\u00abEl que toma tierras en la provincia de Buenos Aires ir\u00e1 preso\u00bb. \u00abEl Gobernador me dio misiones muy claras. En la defensa de los intereses de los bonaerenses est\u00e1 la defensa de la propiedad privada y el que pone un pie en un terreno que tiene due\u00f1o, va preso\u00bb<\/em><\/strong>, resalt\u00f3 el titular de la cartera de Seguridad bonaerense.<\/p>\n<blockquote>\n<h3>En la misma l\u00ednea, el intendente de Vicente L\u00f3pez subray\u00f3 que \u00abtomar lo que es propio por la fuerza es ilegal\u00bb. \u00abEs lo que dice la Constituci\u00f3n y es lo que dicen nuestras leyes\u00bb, agreg\u00f3. Y sostuvo que \u00abalgunos detr\u00e1s de banderas sociales se meten en un lugar, lo lotean r\u00e1pido y se lo venden a alguien desesperada\u00bb. \u00abEn muchos casos hay una mafia estructurada apoyada en una necesidad real. Los que gobernamos tenemos que evitar eso. Las cosas fuera de la ley no tiene que ocurrir\u00bb, opin\u00f3.<\/h3>\n<\/blockquote>\n<p><strong>Jorge Macri<\/strong> tambi\u00e9n consider\u00f3 importante conocer cu\u00e1l es la postura del presidente <strong>Alberto Fern\u00e1ndez<\/strong> en este tema: <strong><em>\u00abLo que dice Frederic, que no es un problema de seguridad, es grav\u00edsimo. Esto termina como lo del jubilado Jorge, alguien defendi\u00e9ndose de la peor manera frente a la no presencia del Estado\u00bb.<\/em> <em>\u00abSi la polic\u00eda y la justicia no escuchan desde el gobernador donde est\u00e1 parado, todo se vuelve m\u00e1s flojito\u00bb<\/em><\/strong>, concluy\u00f3.<\/p>\n<p>Por \u00faltimo, <strong>Guillermo Moreno<\/strong> tambi\u00e9n se refiri\u00f3 a la problem\u00e1tica y pareci\u00f3 coincidir con <strong>Frederic<\/strong>, al decir: <em><strong>\u00abHay que ver qu\u00e9 pasa con estas familias, hay que pedirles perd\u00f3n porque est\u00e1n viviendo de esa manera\u00bb. \u00abLuego hay que lograr una salida estructural y eso s\u00f3lo se da en el marco de la econom\u00eda\u00bb<\/strong><\/em>, coment\u00f3 este lunes entrevistado en &#8216;Canal 26&#8217;.<\/p>\n<p>El exsecretario de Comercio, no obstante, redobl\u00f3 sus usuales cr\u00edticas sobre el Gobierno nacional de <strong>Alberto Fern\u00e1ndez<\/strong>: <strong><em>\u00abEl 20 de marzo, \u00e9l dijo que se ocupa de la salud, que no le hablen de econom\u00eda, pero es obvio que la salud y la econom\u00eda van de la mano\u00bb<\/em><\/strong>, sostuvo.<\/p>\n<p>fuente U24 &#8211; IM\u00c1GEN:ELDIARIOCBA.COM<\/p>\n","protected":false},"excerpt":{"rendered":"<div class=\"mh-excerpt\"><p>La ministra de Seguridad de la Naci\u00f3n, Sabina Frederic, sigue cosechando el repudio de dirigentes opositores y oficialistas tras asegurar que el conflicto de toma de terrenos \u00abno es un tema de Seguridad\u00bb. No es <a class=\"mh-excerpt-more\" href=\"https:\/\/larevistadigital.com.ar\/blog\/juez-contundente-contra-frederic-la-ministra-no-puede-hacerse-la-estupida\/\" title=\"JUEZ CONTUNDENTE CONTRA FREDERIC: \u00abLA MINISTRA NO PUEDE HACERSE LA EST\u00daPIDA\u00bb\">[Leer M\u00e1s]<\/a><\/p>\n<\/div>","protected":false},"author":3,"featured_media":16216,"comment_status":"open","ping_status":"open","sticky":false,"template":"","format":"standard","meta":{"_jetpack_memberships_contains_paid_content":false,"footnotes":"","jetpack_publicize_message":"","jetpack_publicize_feature_enabled":true,"jetpack_social_post_already_shared":true,"jetpack_social_options":{"image_generator_settings":{"template":"highway","default_image_id":0,"font":"","enabled":false},"version":2}},"categories":[50,12],"tags":[],"class_list":{"0":"post-16214","1":"post","2":"type-post","3":"status-publish","4":"format-standard","5":"has-post-thumbnail","7":"category-interes-general","8":"category-politica"},"jetpack_publicize_connections":[],"jetpack_featured_media_url":"https:\/\/i0.wp.com\/larevistadigital.com.ar\/blog\/wp-content\/uploads\/26729.jpg?fit=1200%2C800&ssl=1","jetpack_sharing_enabled":true,"jetpack_shortlink":"https:\/\/wp.me\/p8qtrQ-4dw","jetpack-related-posts":[{"id":20578,"url":"https:\/\/larevistadigital.com.ar\/blog\/berni-contra-alberto-y-fredericno-pueden-repartir-gendarmes-como-si-fueran-caramelos\/","url_meta":{"origin":16214,"position":0},"title":"BERNI CONTRA ALBERTO Y FREDERIC:\u00bbNO PUEDEN REPARTIR GENDARMES COMO SI FUERAN CARAMELOS","author":"Alejandro Sosa Ruda","date":"31 mayo, 2021","format":false,"excerpt":"El ministro cuestion\u00f3 la estrategia de gestionar directo con los intendentes, avalada por el presidente. \"No entiende absolutamente nada\", dijo. Sergio Berni desempolv\u00f3 la interna contra Sabina Frederic, pero golpe\u00f3 tambi\u00e9n contra Alberto Fern\u00e1ndez por haber avalado la estrategia de la ministra de tratar directo con los intendentes del Conurbano,\u2026","rel":"","context":"En \u00abINTERES GENERAL\u00bb","block_context":{"text":"INTERES GENERAL","link":"https:\/\/larevistadigital.com.ar\/blog\/category\/interes-general\/"},"img":{"alt_text":"","src":"https:\/\/i0.wp.com\/larevistadigital.com.ar\/blog\/wp-content\/uploads\/5f578fb39c481_940_529.jpg?fit=940%2C529&ssl=1&resize=350%2C200","width":350,"height":200,"srcset":"https:\/\/i0.wp.com\/larevistadigital.com.ar\/blog\/wp-content\/uploads\/5f578fb39c481_940_529.jpg?fit=940%2C529&ssl=1&resize=350%2C200 1x, https:\/\/i0.wp.com\/larevistadigital.com.ar\/blog\/wp-content\/uploads\/5f578fb39c481_940_529.jpg?fit=940%2C529&ssl=1&resize=525%2C300 1.5x, https:\/\/i0.wp.com\/larevistadigital.com.ar\/blog\/wp-content\/uploads\/5f578fb39c481_940_529.jpg?fit=940%2C529&ssl=1&resize=700%2C400 2x"},"classes":[]},{"id":14813,"url":"https:\/\/larevistadigital.com.ar\/blog\/manzur-a-frederik-pone-alguien-que-escuche-a-la-oposicion-y-despues-nosotros-hacemos-lo-que-queremos\/","url_meta":{"origin":16214,"position":1},"title":"MANZUR A FREDERIK: \u00abPON\u00c9 ALGUIEN QUE ESCUCHE A LA OPOSICI\u00d3N, Y DESPU\u00c9S NOSOTROS HACEMOS LO QUE QUEREMOS\u00bb","author":"Alejandro Sosa Ruda","date":"13 febrero, 2020","format":false,"excerpt":"La incre\u00edble frase sali\u00f3 de la boca del gobernador de Tucum\u00e1n, hacia la ministra de Seguridad durante un tiempo muerto durante el Consejo Federal de Seguridad Interior sin saber que los micr\u00f3fonos estaban encendidos. \u201cLa frase fue sacada de contexto\u201d, se justific\u00f3 el mandatario provincial luego En el transcurso de\u2026","rel":"","context":"En \u00abDESTACADAS\u00bb","block_context":{"text":"DESTACADAS","link":"https:\/\/larevistadigital.com.ar\/blog\/category\/destacadas\/"},"img":{"alt_text":"","src":"https:\/\/i0.wp.com\/larevistadigital.com.ar\/blog\/wp-content\/uploads\/Screenshot_1-100.jpg?fit=1045%2C532&ssl=1&resize=350%2C200","width":350,"height":200,"srcset":"https:\/\/i0.wp.com\/larevistadigital.com.ar\/blog\/wp-content\/uploads\/Screenshot_1-100.jpg?fit=1045%2C532&ssl=1&resize=350%2C200 1x, https:\/\/i0.wp.com\/larevistadigital.com.ar\/blog\/wp-content\/uploads\/Screenshot_1-100.jpg?fit=1045%2C532&ssl=1&resize=525%2C300 1.5x, https:\/\/i0.wp.com\/larevistadigital.com.ar\/blog\/wp-content\/uploads\/Screenshot_1-100.jpg?fit=1045%2C532&ssl=1&resize=700%2C400 2x"},"classes":[]},{"id":19692,"url":"https:\/\/larevistadigital.com.ar\/blog\/el-gobierno-envia-1000-gendarmes-al-amba-para-controlar-que-se-cumplan-las-restricciones\/","url_meta":{"origin":16214,"position":2},"title":"EL GOBIERNO ENV\u00cdA 1000 GENDARMES AL AMBA PARA CONTROLAR QUE SE CUMPLAN LAS RESTRICCIONES","author":"Alejandro Sosa Ruda","date":"16 abril, 2021","format":false,"excerpt":"Alberto Fern\u00e1ndez reforzar\u00e1 con 1000 gendarmes el \u00e1rea del AMBA para garantizar que se cumplan las nuevas restricciones. Este refuerzo est\u00e1 enmarcado en el Plan Nacional de Seguridad para el \u00e1rea Metropolitana de Buenos Aires (AMBA), y ser\u00e1 anunciado en un acto llevado a cabo este mediod\u00eda en la sede\u2026","rel":"","context":"En \u00abINTERES GENERAL\u00bb","block_context":{"text":"INTERES GENERAL","link":"https:\/\/larevistadigital.com.ar\/blog\/category\/interes-general\/"},"img":{"alt_text":"","src":"https:\/\/i0.wp.com\/larevistadigital.com.ar\/blog\/wp-content\/uploads\/5e68f84deaa71_gendarmeria2020dos.jpg?fit=1200%2C550&ssl=1&resize=350%2C200","width":350,"height":200,"srcset":"https:\/\/i0.wp.com\/larevistadigital.com.ar\/blog\/wp-content\/uploads\/5e68f84deaa71_gendarmeria2020dos.jpg?fit=1200%2C550&ssl=1&resize=350%2C200 1x, https:\/\/i0.wp.com\/larevistadigital.com.ar\/blog\/wp-content\/uploads\/5e68f84deaa71_gendarmeria2020dos.jpg?fit=1200%2C550&ssl=1&resize=525%2C300 1.5x, https:\/\/i0.wp.com\/larevistadigital.com.ar\/blog\/wp-content\/uploads\/5e68f84deaa71_gendarmeria2020dos.jpg?fit=1200%2C550&ssl=1&resize=700%2C400 2x, https:\/\/i0.wp.com\/larevistadigital.com.ar\/blog\/wp-content\/uploads\/5e68f84deaa71_gendarmeria2020dos.jpg?fit=1200%2C550&ssl=1&resize=1050%2C600 3x"},"classes":[]},{"id":15617,"url":"https:\/\/larevistadigital.com.ar\/blog\/berni-duro-con-nacion-no-hay-voluntad-de-asistir-a-la-provincia-estamos-solos-en-materia-de-seguridad\/","url_meta":{"origin":16214,"position":3},"title":"BERNI DURO CON NACI\u00d3N: \u00abNO HAY VOLUNTAD DE ASISTIR A LA PROVINCIA. ESTAMOS SOLOS EN MATERIA DE SEGURIDAD\u00bb","author":"Alejandro Sosa Ruda","date":"12 junio, 2020","format":false,"excerpt":"El Ministro de Seguridad de la Provincia acus\u00f3 a su par nacional de no atender sus reclamos, y dijo que est\u00e1n \"resignados a estar solos\" en el combate contra el delito. El ministro de seguridad bonaerense,\u00a0Sergio Berni, sali\u00f3 en dur\u00edsimos t\u00e9rminos a acusar a la gesti\u00f3n de\u00a0Alberto Fern\u00e1ndez\u00a0de haber abandonado\u2026","rel":"","context":"En \u00abINTERES GENERAL\u00bb","block_context":{"text":"INTERES GENERAL","link":"https:\/\/larevistadigital.com.ar\/blog\/category\/interes-general\/"},"img":{"alt_text":"","src":"https:\/\/i0.wp.com\/larevistadigital.com.ar\/blog\/wp-content\/uploads\/EaKVBtGU8AMxTBU.jpg?fit=1200%2C800&ssl=1&resize=350%2C200","width":350,"height":200,"srcset":"https:\/\/i0.wp.com\/larevistadigital.com.ar\/blog\/wp-content\/uploads\/EaKVBtGU8AMxTBU.jpg?fit=1200%2C800&ssl=1&resize=350%2C200 1x, https:\/\/i0.wp.com\/larevistadigital.com.ar\/blog\/wp-content\/uploads\/EaKVBtGU8AMxTBU.jpg?fit=1200%2C800&ssl=1&resize=525%2C300 1.5x, https:\/\/i0.wp.com\/larevistadigital.com.ar\/blog\/wp-content\/uploads\/EaKVBtGU8AMxTBU.jpg?fit=1200%2C800&ssl=1&resize=700%2C400 2x, https:\/\/i0.wp.com\/larevistadigital.com.ar\/blog\/wp-content\/uploads\/EaKVBtGU8AMxTBU.jpg?fit=1200%2C800&ssl=1&resize=1050%2C600 3x"},"classes":[]},{"id":2378,"url":"https:\/\/larevistadigital.com.ar\/blog\/por-ahora-no-pero-quien-sabe-dijo-un-concejal-k-cuando-bullrich-lo-invito-a-sumarse-a-cambiemos\/","url_meta":{"origin":16214,"position":4},"title":"\u00abPOR AHORA NO, PERO QUIEN SABE&#8230;\u00bb, DIJO UN CONCEJAL K CUANDO BULLRICH  LO INVIT\u00d3 A SUMARSE A  CAMBIEMOS","author":"Alejandro Sosa Ruda","date":"11 junio, 2017","format":false,"excerpt":"La ministra de Seguridad de la Naci\u00f3n, Patricia Bullrich, invit\u00f3 a un concejal kirchnerista de Ensenada a sumarse a la alianza gobernante Cambiemos, quien amablemente le respondi\u00f3 con algo de sorpresa: \u201cPor ahora no, pero qui\u00e9n sabe\u201d. El hecho sucedi\u00f3 en la tarde de este s\u00e1bado, cuando la ministra participaba\u2026","rel":"","context":"En \u00abPOLITICA\u00bb","block_context":{"text":"POLITICA","link":"https:\/\/larevistadigital.com.ar\/blog\/category\/politica\/"},"img":{"alt_text":"","src":"https:\/\/i0.wp.com\/larevistadigital.com.ar\/blog\/wp-content\/uploads\/2017\/06\/bbx_484265374_aren.jpg?fit=1200%2C544&ssl=1&resize=350%2C200","width":350,"height":200,"srcset":"https:\/\/i0.wp.com\/larevistadigital.com.ar\/blog\/wp-content\/uploads\/2017\/06\/bbx_484265374_aren.jpg?fit=1200%2C544&ssl=1&resize=350%2C200 1x, https:\/\/i0.wp.com\/larevistadigital.com.ar\/blog\/wp-content\/uploads\/2017\/06\/bbx_484265374_aren.jpg?fit=1200%2C544&ssl=1&resize=525%2C300 1.5x, https:\/\/i0.wp.com\/larevistadigital.com.ar\/blog\/wp-content\/uploads\/2017\/06\/bbx_484265374_aren.jpg?fit=1200%2C544&ssl=1&resize=700%2C400 2x, https:\/\/i0.wp.com\/larevistadigital.com.ar\/blog\/wp-content\/uploads\/2017\/06\/bbx_484265374_aren.jpg?fit=1200%2C544&ssl=1&resize=1050%2C600 3x"},"classes":[]},{"id":2063,"url":"https:\/\/larevistadigital.com.ar\/blog\/polemica-en-el-senado-nacional-por-el-pedido-de-limitar-las-excarcelaciones\/","url_meta":{"origin":16214,"position":5},"title":"POL\u00c9MICA EN EL SENADO NACIONAL POR EL PEDIDO DE LIMITAR LAS EXCARCELACIONES","author":"Alejandro Sosa Ruda","date":"21 abril, 2017","format":false,"excerpt":"Seg\u00fan informa el sitio DIPUTADOS BONAERENSES.COM.AR, la ministra de Seguridad de la Naci\u00f3n, Patricia Bullrich, neg\u00f3 que sea una reacci\u00f3n al crimen de Micaela Garc\u00eda. Cr\u00edticas de organizaciones de derechos humanos y del procurador penitenciario de la Naci\u00f3n. Despu\u00e9s de la conmoci\u00f3n provocada por el crimen de Micaela Garc\u00eda, la\u2026","rel":"","context":"En \u00abDESTACADAS\u00bb","block_context":{"text":"DESTACADAS","link":"https:\/\/larevistadigital.com.ar\/blog\/category\/destacadas\/"},"img":{"alt_text":"","src":"https:\/\/i0.wp.com\/larevistadigital.com.ar\/blog\/wp-content\/uploads\/2017\/04\/EXCARCELACIONES_DIPUTADOS_BONAERENSES.jpg?fit=930%2C525&ssl=1&resize=350%2C200","width":350,"height":200,"srcset":"https:\/\/i0.wp.com\/larevistadigital.com.ar\/blog\/wp-content\/uploads\/2017\/04\/EXCARCELACIONES_DIPUTADOS_BONAERENSES.jpg?fit=930%2C525&ssl=1&resize=350%2C200 1x, https:\/\/i0.wp.com\/larevistadigital.com.ar\/blog\/wp-content\/uploads\/2017\/04\/EXCARCELACIONES_DIPUTADOS_BONAERENSES.jpg?fit=930%2C525&ssl=1&resize=525%2C300 1.5x, https:\/\/i0.wp.com\/larevistadigital.com.ar\/blog\/wp-content\/uploads\/2017\/04\/EXCARCELACIONES_DIPUTADOS_BONAERENSES.jpg?fit=930%2C525&ssl=1&resize=700%2C400 2x"},"classes":[]}],"_links":{"self":[{"href":"https:\/\/larevistadigital.com.ar\/blog\/wp-json\/wp\/v2\/posts\/16214","targetHints":{"allow":["GET"]}}],"collection":[{"href":"https:\/\/larevistadigital.com.ar\/blog\/wp-json\/wp\/v2\/posts"}],"about":[{"href":"https:\/\/larevistadigital.com.ar\/blog\/wp-json\/wp\/v2\/types\/post"}],"author":[{"embeddable":true,"href":"https:\/\/larevistadigital.com.ar\/blog\/wp-json\/wp\/v2\/users\/3"}],"replies":[{"embeddable":true,"href":"https:\/\/larevistadigital.com.ar\/blog\/wp-json\/wp\/v2\/comments?post=16214"}],"version-history":[{"count":1,"href":"https:\/\/larevistadigital.com.ar\/blog\/wp-json\/wp\/v2\/posts\/16214\/revisions"}],"predecessor-version":[{"id":16217,"href":"https:\/\/larevistadigital.com.ar\/blog\/wp-json\/wp\/v2\/posts\/16214\/revisions\/16217"}],"wp:featuredmedia":[{"embeddable":true,"href":"https:\/\/larevistadigital.com.ar\/blog\/wp-json\/wp\/v2\/media\/16216"}],"wp:attachment":[{"href":"https:\/\/larevistadigital.com.ar\/blog\/wp-json\/wp\/v2\/media?parent=16214"}],"wp:term":[{"taxonomy":"category","embeddable":true,"href":"https:\/\/larevistadigital.com.ar\/blog\/wp-json\/wp\/v2\/categories?post=16214"},{"taxonomy":"post_tag","embeddable":true,"href":"https:\/\/larevistadigital.com.ar\/blog\/wp-json\/wp\/v2\/tags?post=16214"}],"curies":[{"name":"wp","href":"https:\/\/api.w.org\/{rel}","templated":true}]}}