{"id":1622,"date":"2017-03-25T23:46:49","date_gmt":"2017-03-25T23:46:49","guid":{"rendered":"https:\/\/larevistadigital.com.ar\/blog\/?p=1622"},"modified":"2017-03-25T23:46:49","modified_gmt":"2017-03-25T23:46:49","slug":"duhalde-voy-a-ser-el-presidente-del-pj","status":"publish","type":"post","link":"https:\/\/larevistadigital.com.ar\/blog\/duhalde-voy-a-ser-el-presidente-del-pj\/","title":{"rendered":"DUHALDE: \u201cVOY A SER EL PRESIDENTE DEL PJ\u201d"},"content":{"rendered":"<p><strong>Eduardo Duhalde<\/strong>, dirigente hist\u00f3rico del peronismo, que ocup\u00f3 el cargo de presidente de la naci\u00f3n, vicepresidente, gobernador de la provincia de Buenos Aires y otros, dijo en referencia a la situaci\u00f3n social del pa\u00eds, que <strong><em>\u201ccada vez hay m\u00e1s desorden y m\u00e1s descontrol\u201d<\/em><\/strong>.<\/p>\n<p>Agregando que lo que est\u00e1 sucediendo y esta realidad <strong><em>\u201cNo es una problem\u00e1tica que pueda resolverse a corto plazo\u201d<\/em><\/strong><\/p>\n<blockquote>\n<h3><strong>Adem\u00e1s en relaci\u00f3n a lo declarado por Elisa Carri\u00f3 acerca de la b\u00fasqueda de conflicto en las organizaciones sociales, dijo Duhalde que <em>\u201cHay mucha gente enojada y violenta, y puede haber un muerto\u201d<\/em><\/strong><\/h3>\n<\/blockquote>\n<p>En di\u00e1logo con el programa \u201cEl lunes puede esperar\u201d que conducen\u00a0<strong>Diego Sehinkman\u00a0<\/strong>y\u00a0<strong>Carlos Manzoni<\/strong>\u00a0por FM Milenium, <strong>Duhalde<\/strong> habl\u00f3 de su futuro en la pol\u00edtica, y asegur\u00f3: <strong><em>\u201cVoy a presidir el Partido Justicialista luego de las elecciones porque no va a haber <\/em><\/strong>oposici\u00f3n\u00bb.<\/p>\n<p>Sobre este tema, se\u00f1al\u00f3 que tiene di\u00e1logo con todos los sectores peronistas, desde La C\u00e1mpora, el Grupo Esmeralda y dijo que est\u00e1n todos <strong><em>\u201cesperando reconstruir al justicialismo\u00bb<\/em><\/strong>.<\/p>\n<p><strong>\u00a0<\/strong><\/p>\n<p><strong>FUENTE: SECCIONES BONAERENSES<\/strong><\/p>\n<p>&nbsp;<\/p>\n<p>&nbsp;<\/p>\n","protected":false},"excerpt":{"rendered":"<div class=\"mh-excerpt\"><p>Eduardo Duhalde, dirigente hist\u00f3rico del peronismo, que ocup\u00f3 el cargo de presidente de la naci\u00f3n, vicepresidente, gobernador de la provincia de Buenos Aires y otros, dijo en referencia a la situaci\u00f3n social del pa\u00eds, que <a class=\"mh-excerpt-more\" href=\"https:\/\/larevistadigital.com.ar\/blog\/duhalde-voy-a-ser-el-presidente-del-pj\/\" title=\"DUHALDE: \u201cVOY A SER EL PRESIDENTE DEL PJ\u201d\">[Leer M\u00e1s]<\/a><\/p>\n<\/div>","protected":false},"author":3,"featured_media":1623,"comment_status":"open","ping_status":"open","sticky":false,"template":"","format":"standard","meta":{"_jetpack_memberships_contains_paid_content":false,"footnotes":"","jetpack_publicize_message":"","jetpack_publicize_feature_enabled":true,"jetpack_social_post_already_shared":true,"jetpack_social_options":{"image_generator_settings":{"template":"highway","default_image_id":0,"font":"","enabled":false},"version":2}},"categories":[41,12,25],"tags":[],"class_list":{"0":"post-1622","1":"post","2":"type-post","3":"status-publish","4":"format-standard","5":"has-post-thumbnail","7":"category-destacadas","8":"category-politica","9":"category-politica-nacional"},"jetpack_publicize_connections":[],"jetpack_featured_media_url":"https:\/\/i0.wp.com\/larevistadigital.com.ar\/blog\/wp-content\/uploads\/2017\/03\/duhalde1-nota.jpg?fit=1366%2C765&ssl=1","jetpack_sharing_enabled":true,"jetpack_shortlink":"https:\/\/wp.me\/p8qtrQ-qa","jetpack-related-posts":[{"id":2451,"url":"https:\/\/larevistadigital.com.ar\/blog\/chiche-duhalde-afirmo-que-quiere-ser-concejal-de-randazzo-en-lomas\/","url_meta":{"origin":1622,"position":0},"title":"CHICHE DUHALDE, AFIRM\u00d3 QUE QUIERE SER CONCEJAL DE RANDAZZO EN LOMAS","author":"Alejandro Sosa Ruda","date":"16 junio, 2017","format":false,"excerpt":"La ex senadora \u00a0y primera dama\u00a0Hilda \"Chiche\" Duhalde confirm\u00f3 este viernes al portal lapol\u00edticaonline que tiene intenciones de ser candidata a concejal de Lomas de Zamora y que la idea es hacerlo en el espacio del peronismo que encabeza Florencio Randazzo, a la vez que aclar\u00f3 que \"Todav\u00eda no tengo\u2026","rel":"","context":"En \u00abPOLITICA\u00bb","block_context":{"text":"POLITICA","link":"https:\/\/larevistadigital.com.ar\/blog\/category\/politica\/"},"img":{"alt_text":"","src":"https:\/\/i0.wp.com\/larevistadigital.com.ar\/blog\/wp-content\/uploads\/2017\/06\/122682.jpg?fit=1141%2C795&ssl=1&resize=350%2C200","width":350,"height":200,"srcset":"https:\/\/i0.wp.com\/larevistadigital.com.ar\/blog\/wp-content\/uploads\/2017\/06\/122682.jpg?fit=1141%2C795&ssl=1&resize=350%2C200 1x, https:\/\/i0.wp.com\/larevistadigital.com.ar\/blog\/wp-content\/uploads\/2017\/06\/122682.jpg?fit=1141%2C795&ssl=1&resize=525%2C300 1.5x, https:\/\/i0.wp.com\/larevistadigital.com.ar\/blog\/wp-content\/uploads\/2017\/06\/122682.jpg?fit=1141%2C795&ssl=1&resize=700%2C400 2x, https:\/\/i0.wp.com\/larevistadigital.com.ar\/blog\/wp-content\/uploads\/2017\/06\/122682.jpg?fit=1141%2C795&ssl=1&resize=1050%2C600 3x"},"classes":[]},{"id":5545,"url":"https:\/\/larevistadigital.com.ar\/blog\/peleandonos-no-vamos-a-llegar-a-ningun-lado-dijo-duhalde-sobre-la-situacion-del-pais\/","url_meta":{"origin":1622,"position":1},"title":"\u00abPele\u00e1ndonos no vamos a llegar a ning\u00fan lado\u00bb Dijo Duhalde sobre la situaci\u00f3n del pa\u00eds.","author":"Alejandro Sosa Ruda","date":"10 mayo, 2018","format":false,"excerpt":"Adem\u00e1s afirm\u00f3 saber como se sale de la situaci\u00f3n econ\u00f3mica del pa\u00eds, y se ofreci\u00f3 a ayudar al gobierno. \u201cYo s\u00e9 c\u00f3mo se sale de estos problemas, Yo garantizo que es posible\u201d, afirm\u00f3 Duhalde en declaraciones a radio La Red, y advirti\u00f3: \u201cpele\u00e1ndonos no vamos a llegar a ning\u00fan lado\u201d.\u2026","rel":"","context":"En \u00abPOLITICA\u00bb","block_context":{"text":"POLITICA","link":"https:\/\/larevistadigital.com.ar\/blog\/category\/politica\/"},"img":{"alt_text":"","src":"https:\/\/i0.wp.com\/larevistadigital.com.ar\/blog\/wp-content\/uploads\/2018\/05\/591ef0dc666a7_1004x564.jpg?fit=1004%2C564&ssl=1&resize=350%2C200","width":350,"height":200,"srcset":"https:\/\/i0.wp.com\/larevistadigital.com.ar\/blog\/wp-content\/uploads\/2018\/05\/591ef0dc666a7_1004x564.jpg?fit=1004%2C564&ssl=1&resize=350%2C200 1x, https:\/\/i0.wp.com\/larevistadigital.com.ar\/blog\/wp-content\/uploads\/2018\/05\/591ef0dc666a7_1004x564.jpg?fit=1004%2C564&ssl=1&resize=525%2C300 1.5x, https:\/\/i0.wp.com\/larevistadigital.com.ar\/blog\/wp-content\/uploads\/2018\/05\/591ef0dc666a7_1004x564.jpg?fit=1004%2C564&ssl=1&resize=700%2C400 2x"},"classes":[]},{"id":14637,"url":"https:\/\/larevistadigital.com.ar\/blog\/alfonsin-defendio-su-nombramiento-como-embajador-en-espana\/","url_meta":{"origin":1622,"position":2},"title":"ALFONS\u00cdN DEFENDI\u00d3 SU NOMBRAMIENTO COMO EMBAJADOR EN ESPA\u00d1A","author":"Alejandro Sosa Ruda","date":"5 febrero, 2020","format":false,"excerpt":"\"Estoy convencido de estar haciendo lo que debo\", dijo el dirigente radical despu\u00e9s de las cr\u00edticas que recibi\u00f3 al ser enviado por Alberto Fern\u00e1ndez a Espa\u00f1a. Con un extenso texto publicado en su cuenta de Twitter, el dirigente radical Ricardo Alfons\u00edn ensay\u00f3 una defensa de las cr\u00edticas recolectadas despu\u00e9s de\u2026","rel":"","context":"En \u00abDESTACADAS\u00bb","block_context":{"text":"DESTACADAS","link":"https:\/\/larevistadigital.com.ar\/blog\/category\/destacadas\/"},"img":{"alt_text":"","src":"https:\/\/i0.wp.com\/larevistadigital.com.ar\/blog\/wp-content\/uploads\/2019\/05\/Alfonsin.jpg?fit=1200%2C675&ssl=1&resize=350%2C200","width":350,"height":200,"srcset":"https:\/\/i0.wp.com\/larevistadigital.com.ar\/blog\/wp-content\/uploads\/2019\/05\/Alfonsin.jpg?fit=1200%2C675&ssl=1&resize=350%2C200 1x, https:\/\/i0.wp.com\/larevistadigital.com.ar\/blog\/wp-content\/uploads\/2019\/05\/Alfonsin.jpg?fit=1200%2C675&ssl=1&resize=525%2C300 1.5x, https:\/\/i0.wp.com\/larevistadigital.com.ar\/blog\/wp-content\/uploads\/2019\/05\/Alfonsin.jpg?fit=1200%2C675&ssl=1&resize=700%2C400 2x, https:\/\/i0.wp.com\/larevistadigital.com.ar\/blog\/wp-content\/uploads\/2019\/05\/Alfonsin.jpg?fit=1200%2C675&ssl=1&resize=1050%2C600 3x"},"classes":[]},{"id":6271,"url":"https:\/\/larevistadigital.com.ar\/blog\/fuertes-rumores-de-cambios-en-el-gabinete-de-macri-con-guino-al-peronismo\/","url_meta":{"origin":1622,"position":3},"title":"FUERTES RUMORES DE CAMBIOS EN EL GABINETE DE MACRI, CON GUI\u00d1O AL PERONISMO","author":"Alejandro Sosa Ruda","date":"17 agosto, 2018","format":false,"excerpt":"Hace algunos d\u00edas que circulan rumores en los que supuestamente el gobierno de Mauricio Macri realizar\u00eda algunos cambios en el gabinete y que probablemente sean este fin de semana. Adem\u00e1s se habla de alguna especie de \"gui\u00f1o\" a los gobernadores peronistas para seguir aceitando las relaciones. Seg\u00fan el sitio LPO\u2026","rel":"","context":"En \u00abPOLITICA\u00bb","block_context":{"text":"POLITICA","link":"https:\/\/larevistadigital.com.ar\/blog\/category\/politica\/"},"img":{"alt_text":"","src":"https:\/\/i0.wp.com\/larevistadigital.com.ar\/blog\/wp-content\/uploads\/2018\/08\/macri-atravesamos-tormenta-frente-110048-103751.jpg?fit=1200%2C675&ssl=1&resize=350%2C200","width":350,"height":200,"srcset":"https:\/\/i0.wp.com\/larevistadigital.com.ar\/blog\/wp-content\/uploads\/2018\/08\/macri-atravesamos-tormenta-frente-110048-103751.jpg?fit=1200%2C675&ssl=1&resize=350%2C200 1x, https:\/\/i0.wp.com\/larevistadigital.com.ar\/blog\/wp-content\/uploads\/2018\/08\/macri-atravesamos-tormenta-frente-110048-103751.jpg?fit=1200%2C675&ssl=1&resize=525%2C300 1.5x, https:\/\/i0.wp.com\/larevistadigital.com.ar\/blog\/wp-content\/uploads\/2018\/08\/macri-atravesamos-tormenta-frente-110048-103751.jpg?fit=1200%2C675&ssl=1&resize=700%2C400 2x, https:\/\/i0.wp.com\/larevistadigital.com.ar\/blog\/wp-content\/uploads\/2018\/08\/macri-atravesamos-tormenta-frente-110048-103751.jpg?fit=1200%2C675&ssl=1&resize=1050%2C600 3x"},"classes":[]},{"id":19916,"url":"https:\/\/larevistadigital.com.ar\/blog\/emilio-monzo-aseguro-que-se-postulara-en-juntos-por-el-cambio-le-guste-o-no-a-algun-sector-interno\/","url_meta":{"origin":1622,"position":4},"title":"EMILIO MONZ\u00d3 ASEGUR\u00d3 QUE SE POSTULAR\u00c1 EN JUNTOS POR EL CAMBIO, LE GUSTE O NO A ALG\u00daN SECTOR INTERNO","author":"Alejandro Sosa Ruda","date":"29 abril, 2021","format":false,"excerpt":"El destacado y prestigioso dirigente nacido en Carlos Tejedor, Emilio Monz\u00f3, dialog\u00f3 con varios medios entre otras cosas\u00a0 \"se puso el traje de candidato\". Emilio Monz\u00f3, es sin dudas uno de los pol\u00edticos m\u00e1s respetados y valorados por sus pares, si no el que m\u00e1s. Y ya ha confirmado que\u2026","rel":"","context":"En \u00abINTERES GENERAL\u00bb","block_context":{"text":"INTERES GENERAL","link":"https:\/\/larevistadigital.com.ar\/blog\/category\/interes-general\/"},"img":{"alt_text":"","src":"https:\/\/i0.wp.com\/larevistadigital.com.ar\/blog\/wp-content\/uploads\/104344-emilio-20monz-c3-b3.jpeg?fit=1200%2C1050&ssl=1&resize=350%2C200","width":350,"height":200,"srcset":"https:\/\/i0.wp.com\/larevistadigital.com.ar\/blog\/wp-content\/uploads\/104344-emilio-20monz-c3-b3.jpeg?fit=1200%2C1050&ssl=1&resize=350%2C200 1x, https:\/\/i0.wp.com\/larevistadigital.com.ar\/blog\/wp-content\/uploads\/104344-emilio-20monz-c3-b3.jpeg?fit=1200%2C1050&ssl=1&resize=525%2C300 1.5x, https:\/\/i0.wp.com\/larevistadigital.com.ar\/blog\/wp-content\/uploads\/104344-emilio-20monz-c3-b3.jpeg?fit=1200%2C1050&ssl=1&resize=700%2C400 2x, https:\/\/i0.wp.com\/larevistadigital.com.ar\/blog\/wp-content\/uploads\/104344-emilio-20monz-c3-b3.jpeg?fit=1200%2C1050&ssl=1&resize=1050%2C600 3x"},"classes":[]},{"id":2012,"url":"https:\/\/larevistadigital.com.ar\/blog\/ricardo-alfonsin-conto-lo-que-vivio-su-padre-durante-la-semana-santa-de-1987\/","url_meta":{"origin":1622,"position":5},"title":"RICARDO ALFONSIN CONT\u00d3 LO QUE VIVI\u00d3 SU PADRE DURANTE LA SEMANA SANTA DE 1987","author":"Alejandro Sosa Ruda","date":"15 abril, 2017","format":false,"excerpt":"Ricardo Alfons\u00edn habl\u00f3 en distintos medios acerca de las vivencias de su padre, hace treinta a\u00f1os atr\u00e1s cuando tuvo que enfrentar el levantamiento de algunos sectores que fueron bautizados como \"Carapintadas\", e hizo referencia al problema de las inundaciones. El diputado nacional de la UCR \u2013 Cambiemos Ricardo Alfons\u00edn, fue\u2026","rel":"","context":"En \u00abCHASCOM\u00daS\u00bb","block_context":{"text":"CHASCOM\u00daS","link":"https:\/\/larevistadigital.com.ar\/blog\/category\/chascomus\/"},"img":{"alt_text":"","src":"https:\/\/i0.wp.com\/larevistadigital.com.ar\/blog\/wp-content\/uploads\/2017\/04\/2196674.jpg?fit=960%2C540&ssl=1&resize=350%2C200","width":350,"height":200,"srcset":"https:\/\/i0.wp.com\/larevistadigital.com.ar\/blog\/wp-content\/uploads\/2017\/04\/2196674.jpg?fit=960%2C540&ssl=1&resize=350%2C200 1x, https:\/\/i0.wp.com\/larevistadigital.com.ar\/blog\/wp-content\/uploads\/2017\/04\/2196674.jpg?fit=960%2C540&ssl=1&resize=525%2C300 1.5x, https:\/\/i0.wp.com\/larevistadigital.com.ar\/blog\/wp-content\/uploads\/2017\/04\/2196674.jpg?fit=960%2C540&ssl=1&resize=700%2C400 2x"},"classes":[]}],"_links":{"self":[{"href":"https:\/\/larevistadigital.com.ar\/blog\/wp-json\/wp\/v2\/posts\/1622","targetHints":{"allow":["GET"]}}],"collection":[{"href":"https:\/\/larevistadigital.com.ar\/blog\/wp-json\/wp\/v2\/posts"}],"about":[{"href":"https:\/\/larevistadigital.com.ar\/blog\/wp-json\/wp\/v2\/types\/post"}],"author":[{"embeddable":true,"href":"https:\/\/larevistadigital.com.ar\/blog\/wp-json\/wp\/v2\/users\/3"}],"replies":[{"embeddable":true,"href":"https:\/\/larevistadigital.com.ar\/blog\/wp-json\/wp\/v2\/comments?post=1622"}],"version-history":[{"count":1,"href":"https:\/\/larevistadigital.com.ar\/blog\/wp-json\/wp\/v2\/posts\/1622\/revisions"}],"predecessor-version":[{"id":1624,"href":"https:\/\/larevistadigital.com.ar\/blog\/wp-json\/wp\/v2\/posts\/1622\/revisions\/1624"}],"wp:featuredmedia":[{"embeddable":true,"href":"https:\/\/larevistadigital.com.ar\/blog\/wp-json\/wp\/v2\/media\/1623"}],"wp:attachment":[{"href":"https:\/\/larevistadigital.com.ar\/blog\/wp-json\/wp\/v2\/media?parent=1622"}],"wp:term":[{"taxonomy":"category","embeddable":true,"href":"https:\/\/larevistadigital.com.ar\/blog\/wp-json\/wp\/v2\/categories?post=1622"},{"taxonomy":"post_tag","embeddable":true,"href":"https:\/\/larevistadigital.com.ar\/blog\/wp-json\/wp\/v2\/tags?post=1622"}],"curies":[{"name":"wp","href":"https:\/\/api.w.org\/{rel}","templated":true}]}}