{"id":1625,"date":"2017-03-26T00:37:59","date_gmt":"2017-03-26T00:37:59","guid":{"rendered":"https:\/\/larevistadigital.com.ar\/blog\/?p=1625"},"modified":"2017-03-26T00:37:59","modified_gmt":"2017-03-26T00:37:59","slug":"denuncian-pagos-de-35-millones-de-pesos-a-la-mancha-de-rolando","status":"publish","type":"post","link":"https:\/\/larevistadigital.com.ar\/blog\/denuncian-pagos-de-35-millones-de-pesos-a-la-mancha-de-rolando\/","title":{"rendered":"DENUNCIAN PAGOS DE 3,5 MILLONES DE PESOS A \u201cLA MANCHA DE ROLANDO\u201d"},"content":{"rendered":"<h2><strong><em>El fiscal Federico Delgado pidi\u00f3 que se investiguen pagos millonarios al grupo musical favorito de Amado Boudou \u201cLa mancha de Rolando\u201d<\/em><\/strong><\/h2>\n<p>El fiscal <strong>Federico Delgado<\/strong> empez\u00f3 una investigaci\u00f3n preliminar tras la publicaci\u00f3n de una nota del sitio Border Periodismo que revel\u00f3 c\u00f3mo la banda factur\u00f3 millones de pesos en concepto de shows auspiciados por el gobierno de CFK. Para Delgado, <strong><em>\u201clos hechos, como m\u00ednimo, encuadrar\u00edan en los delitos de defraudaci\u00f3n por administraci\u00f3n fraudulenta en perjuicio de la administraci\u00f3n p\u00fablica\u201d.<\/em><\/strong><\/p>\n<p>De esta manera, solicito se investigue penalmente este hecho ocurrido durante el kirchnerismo, casualmente con la banda favorita del ex vicepresidente <strong>Amado Boudou<\/strong>.<\/p>\n<p>Tras la publicaci\u00f3n de la nota period\u00edstica, <strong>Delgado<\/strong> pidi\u00f3 informes al Ministerio de Cultura. De ellos se desprende que, entre 2011 y 2014, la agrupaci\u00f3n<strong>\u00a0realiz\u00f3 31 shows por los que el Estado pag\u00f3 $ 3.552.009<\/strong>. En el an\u00e1lisis de 23 expedientes de esas contrataciones se detectaron ciertas irregularidades.<\/p>\n<blockquote>\n<h3><strong>La banda siempre fue empleada bajo la modalidad de \u201ccontrataci\u00f3n directa\u201d, sin haber sido sometida a ninguna evaluaci\u00f3n previa, con la \u00fanica justificaci\u00f3n de que \u201cresultaba imprescindible contar con sus servicios\u201d.<\/strong><\/h3>\n<\/blockquote>\n<p>Ante las observaciones de la Direcci\u00f3n de Asuntos Jur\u00eddicos de la cartera de Cultura, el Estado se justificaba diciendo que los plazos hab\u00edan sido \u201cexiguos\u201d y que los shows se hab\u00edan organizado con menos de 48 horas de anticipaci\u00f3n.<\/p>\n<p>Para la fiscal\u00eda, con esta modalidad <strong><em>\u201cse evad\u00edan los canales legales pertinentes para efectuar contrataciones en la esfera de la administraci\u00f3n p\u00fablica\u201d<\/em><\/strong>. En su dictamen, <strong>Delgado<\/strong> agreg\u00f3 que, <strong><em>\u201ccon el dictado de las resoluciones que aprobaron los pagos en cada uno de los expedientes administrativos analizados, los representantes del Estado beneficiaron a la banda La Mancha de Rolando, en desmedro de las arcas del Estado nacional\u201d.<\/em><\/strong><\/p>\n<p><strong>FUENTE: DIARIO PERFIL<\/strong><\/p>\n","protected":false},"excerpt":{"rendered":"<div class=\"mh-excerpt\"><p>El fiscal Federico Delgado pidi\u00f3 que se investiguen pagos millonarios al grupo musical favorito de Amado Boudou \u201cLa mancha de Rolando\u201d El fiscal Federico Delgado empez\u00f3 una investigaci\u00f3n preliminar tras la publicaci\u00f3n de una nota <a class=\"mh-excerpt-more\" href=\"https:\/\/larevistadigital.com.ar\/blog\/denuncian-pagos-de-35-millones-de-pesos-a-la-mancha-de-rolando\/\" title=\"DENUNCIAN PAGOS DE 3,5 MILLONES DE PESOS A \u201cLA MANCHA DE ROLANDO\u201d\">[Leer M\u00e1s]<\/a><\/p>\n<\/div>","protected":false},"author":3,"featured_media":1626,"comment_status":"open","ping_status":"open","sticky":false,"template":"","format":"standard","meta":{"_jetpack_memberships_contains_paid_content":false,"footnotes":"","jetpack_publicize_message":"","jetpack_publicize_feature_enabled":true,"jetpack_social_post_already_shared":true,"jetpack_social_options":{"image_generator_settings":{"template":"highway","default_image_id":0,"font":"","enabled":false},"version":2}},"categories":[41,25],"tags":[],"class_list":{"0":"post-1625","1":"post","2":"type-post","3":"status-publish","4":"format-standard","5":"has-post-thumbnail","7":"category-destacadas","8":"category-politica-nacional"},"jetpack_publicize_connections":[],"jetpack_featured_media_url":"https:\/\/i0.wp.com\/larevistadigital.com.ar\/blog\/wp-content\/uploads\/2017\/03\/mancha-rolando-boudou-3.jpg?fit=1200%2C675&ssl=1","jetpack_sharing_enabled":true,"jetpack_shortlink":"https:\/\/wp.me\/p8qtrQ-qd","jetpack-related-posts":[{"id":8544,"url":"https:\/\/larevistadigital.com.ar\/blog\/amado-boudou-regresa-a-prision-por-el-caso-ciccone\/","url_meta":{"origin":1625,"position":0},"title":"AMADO BOUDOU REGRESA A PRISI\u00d3N POR EL CASO CICCONE","author":"Alejandro Sosa Ruda","date":"18 febrero, 2019","format":false,"excerpt":"Esto sucede a ra\u00edz de un fallo de la C\u00e1mara de Casaci\u00f3n. La C\u00e1mara Federal de Casaci\u00f3n Penal orden\u00f3 este lunes volver a detener al ex vicepresidente Amado Boudou en el marco del caso Ciccone. El m\u00e1ximo tribunal penal decidi\u00f3 revocarle a Boudou el beneficio de la excarcelaci\u00f3n tras hacer\u2026","rel":"","context":"En \u00abPOLITICA\u00bb","block_context":{"text":"POLITICA","link":"https:\/\/larevistadigital.com.ar\/blog\/category\/politica\/"},"img":{"alt_text":"","src":"https:\/\/i0.wp.com\/larevistadigital.com.ar\/blog\/wp-content\/uploads\/2019\/02\/amado-boudou_1_jpg_1956802537.jpg_258117318.jpg?fit=829%2C466&ssl=1&resize=350%2C200","width":350,"height":200,"srcset":"https:\/\/i0.wp.com\/larevistadigital.com.ar\/blog\/wp-content\/uploads\/2019\/02\/amado-boudou_1_jpg_1956802537.jpg_258117318.jpg?fit=829%2C466&ssl=1&resize=350%2C200 1x, https:\/\/i0.wp.com\/larevistadigital.com.ar\/blog\/wp-content\/uploads\/2019\/02\/amado-boudou_1_jpg_1956802537.jpg_258117318.jpg?fit=829%2C466&ssl=1&resize=525%2C300 1.5x, https:\/\/i0.wp.com\/larevistadigital.com.ar\/blog\/wp-content\/uploads\/2019\/02\/amado-boudou_1_jpg_1956802537.jpg_258117318.jpg?fit=829%2C466&ssl=1&resize=700%2C400 2x"},"classes":[]},{"id":3691,"url":"https:\/\/larevistadigital.com.ar\/blog\/detuvieron-amado-boudou\/","url_meta":{"origin":1625,"position":1},"title":"DETUVIERON A AMADO BOUDOU","author":"Alejandro Sosa Ruda","date":"3 noviembre, 2017","format":false,"excerpt":"Hace solo unos instantes, un grupo de agentes de la Prefectura Naval Argentina ingres\u00f3\u00a0al edificio Madero Center de Puerto Madero y detuvo al ex vicepresidente de la Naci\u00f3n,\u00a0Amado Boudou. Los prefectos entraron al edificio donde vive el ex vicepresidente y ex ministro de Econom\u00eda del gobierno de Cristina Kirchner con\u2026","rel":"","context":"En \u00abDESTACADAS\u00bb","block_context":{"text":"DESTACADAS","link":"https:\/\/larevistadigital.com.ar\/blog\/category\/destacadas\/"},"img":{"alt_text":"","src":"https:\/\/i0.wp.com\/larevistadigital.com.ar\/blog\/wp-content\/uploads\/2017\/11\/AMADO-BOUDOU.jpg?fit=640%2C400&ssl=1&resize=350%2C200","width":350,"height":200,"srcset":"https:\/\/i0.wp.com\/larevistadigital.com.ar\/blog\/wp-content\/uploads\/2017\/11\/AMADO-BOUDOU.jpg?fit=640%2C400&ssl=1&resize=350%2C200 1x, https:\/\/i0.wp.com\/larevistadigital.com.ar\/blog\/wp-content\/uploads\/2017\/11\/AMADO-BOUDOU.jpg?fit=640%2C400&ssl=1&resize=525%2C300 1.5x"},"classes":[]},{"id":35999,"url":"https:\/\/larevistadigital.com.ar\/blog\/el-hilo-siempre-se-corta-por-lo-mas-delgado-anses-aplaza-una-semana-el-pago-a-las-pensiones-no-contributivas\/","url_meta":{"origin":1625,"position":2},"title":"\u00abEL HILO SIEMPRE SE CORTA POR LO M\u00c1S DELGADO\u00bb: ANSES APLAZA UNA SEMANA EL PAGO A LAS PENSIONES NO CONTRIBUTIVAS","author":"Alejandro Sosa Ruda","date":"6 mayo, 2024","format":false,"excerpt":"La Administraci\u00f3n Nacional de la Seguridad Social (ANSES) ha decidido aplazar una semana el pago de las Pensiones No Contributivas (PNC) en mayo. Inicialmente programadas para empezar entre el 1 y el 3 de mayo, para los documentos terminados en 0 y 1, ahora comenzar\u00e1n el 9 de mayo, coincidiendo\u2026","rel":"","context":"En \u00abINTERES GENERAL\u00bb","block_context":{"text":"INTERES GENERAL","link":"https:\/\/larevistadigital.com.ar\/blog\/category\/interes-general\/"},"img":{"alt_text":"","src":"https:\/\/i0.wp.com\/larevistadigital.com.ar\/blog\/wp-content\/uploads\/20240504132831_anses-web.jpg?fit=880%2C512&ssl=1&resize=350%2C200","width":350,"height":200,"srcset":"https:\/\/i0.wp.com\/larevistadigital.com.ar\/blog\/wp-content\/uploads\/20240504132831_anses-web.jpg?fit=880%2C512&ssl=1&resize=350%2C200 1x, https:\/\/i0.wp.com\/larevistadigital.com.ar\/blog\/wp-content\/uploads\/20240504132831_anses-web.jpg?fit=880%2C512&ssl=1&resize=525%2C300 1.5x, https:\/\/i0.wp.com\/larevistadigital.com.ar\/blog\/wp-content\/uploads\/20240504132831_anses-web.jpg?fit=880%2C512&ssl=1&resize=700%2C400 2x"},"classes":[]},{"id":3705,"url":"https:\/\/larevistadigital.com.ar\/blog\/detencion-boudou-luis-delia-critico-e-insulto-cristina\/","url_meta":{"origin":1625,"position":3},"title":"DETENCI\u00d3N DE BOUDOU: LUIS D&#8217;EL\u00cdA CRITIC\u00d3 E INSULT\u00d3 A CRISTINA","author":"Alejandro Sosa Ruda","date":"3 noviembre, 2017","format":false,"excerpt":"Luego que se conociera la detenci\u00f3n del ex vicepresidente Amado Boudou, el dirigente piquetero hizo una fuerte editorial en su programa de radio haciendo blanco en la figura de Cristina Fern\u00e1ndez de Kirchner. El marco, fue su programa que conduce en Radio Rebelde, a modo de editorial, cuando se hab\u00eda\u2026","rel":"","context":"En \u00abPOLITICA\u00bb","block_context":{"text":"POLITICA","link":"https:\/\/larevistadigital.com.ar\/blog\/category\/politica\/"},"img":{"alt_text":"","src":"https:\/\/i0.wp.com\/larevistadigital.com.ar\/blog\/wp-content\/uploads\/2017\/11\/f720x404-1403_42975_47.jpg?fit=720%2C404&ssl=1&resize=350%2C200","width":350,"height":200,"srcset":"https:\/\/i0.wp.com\/larevistadigital.com.ar\/blog\/wp-content\/uploads\/2017\/11\/f720x404-1403_42975_47.jpg?fit=720%2C404&ssl=1&resize=350%2C200 1x, https:\/\/i0.wp.com\/larevistadigital.com.ar\/blog\/wp-content\/uploads\/2017\/11\/f720x404-1403_42975_47.jpg?fit=720%2C404&ssl=1&resize=525%2C300 1.5x, https:\/\/i0.wp.com\/larevistadigital.com.ar\/blog\/wp-content\/uploads\/2017\/11\/f720x404-1403_42975_47.jpg?fit=720%2C404&ssl=1&resize=700%2C400 2x"},"classes":[]},{"id":43361,"url":"https:\/\/larevistadigital.com.ar\/blog\/despidos-y-protesta-en-lustramax-con-corte-en-la-panamericana\/","url_meta":{"origin":1625,"position":4},"title":"Despidos y protesta en Lustramax con corte en la Panamericana","author":"Alejandro Sosa Ruda","date":"14 enero, 2026","format":false,"excerpt":"Trabajadores denuncian cesant\u00edas arbitrarias, deudas salariales y un preventivo de crisis irregular. Siguen en asamblea y reclaman reincorporaciones y mediaci\u00f3n oficial. El conflicto laboral en la empresa Lustramax SRL sum\u00f3 este martes un nuevo cap\u00edtulo de tensi\u00f3n con un corte en la Autopista Panamericana, a la altura de Tortuguitas. Trabajadores\u2026","rel":"","context":"En \u00abINTERES GENERAL\u00bb","block_context":{"text":"INTERES GENERAL","link":"https:\/\/larevistadigital.com.ar\/blog\/category\/interes-general\/"},"img":{"alt_text":"","src":"https:\/\/i0.wp.com\/larevistadigital.com.ar\/blog\/wp-content\/uploads\/Captura-de-pantalla-2026-01-14-194243.jpg?fit=801%2C362&ssl=1&resize=350%2C200","width":350,"height":200,"srcset":"https:\/\/i0.wp.com\/larevistadigital.com.ar\/blog\/wp-content\/uploads\/Captura-de-pantalla-2026-01-14-194243.jpg?fit=801%2C362&ssl=1&resize=350%2C200 1x, https:\/\/i0.wp.com\/larevistadigital.com.ar\/blog\/wp-content\/uploads\/Captura-de-pantalla-2026-01-14-194243.jpg?fit=801%2C362&ssl=1&resize=525%2C300 1.5x, https:\/\/i0.wp.com\/larevistadigital.com.ar\/blog\/wp-content\/uploads\/Captura-de-pantalla-2026-01-14-194243.jpg?fit=801%2C362&ssl=1&resize=700%2C400 2x"},"classes":[]},{"id":28737,"url":"https:\/\/larevistadigital.com.ar\/blog\/alfredo-machin-es-el-nuevo-presidente-de-la-filial-chascomus-de-river-ramon-angel-diaz\/","url_meta":{"origin":1625,"position":5},"title":"ALFREDO MACHIN ES EL NUEVO PRESIDENTE DE LA FILIAL CHASCOM\u00daS DE RIVER \u00abRAM\u00d3N ANGEL D\u00cdAZ\u00bb","author":"Alejandro Sosa Ruda","date":"2 noviembre, 2022","format":false,"excerpt":"Se renovaron las autoridades en una asamblea. Alfredo Mach\u00edn es el nuevo presidente de la flamante Comisi\u00f3n Directiva. 2 de noviembre de 2022 CHASCOM\u00daS - Tras Asamblea de Socios Activos y Somos River, y por decisi\u00f3n un\u00e1nime, @alfremachin se convirti\u00f3 en nuevo presidente de la Filial Chascom\u00fas de River, \"Ram\u00f3n\u2026","rel":"","context":"En \u00abINTERES GENERAL\u00bb","block_context":{"text":"INTERES GENERAL","link":"https:\/\/larevistadigital.com.ar\/blog\/category\/interes-general\/"},"img":{"alt_text":"","src":"https:\/\/i0.wp.com\/larevistadigital.com.ar\/blog\/wp-content\/uploads\/PENA-RIVER.png?fit=928%2C538&ssl=1&resize=350%2C200","width":350,"height":200,"srcset":"https:\/\/i0.wp.com\/larevistadigital.com.ar\/blog\/wp-content\/uploads\/PENA-RIVER.png?fit=928%2C538&ssl=1&resize=350%2C200 1x, https:\/\/i0.wp.com\/larevistadigital.com.ar\/blog\/wp-content\/uploads\/PENA-RIVER.png?fit=928%2C538&ssl=1&resize=525%2C300 1.5x, https:\/\/i0.wp.com\/larevistadigital.com.ar\/blog\/wp-content\/uploads\/PENA-RIVER.png?fit=928%2C538&ssl=1&resize=700%2C400 2x"},"classes":[]}],"_links":{"self":[{"href":"https:\/\/larevistadigital.com.ar\/blog\/wp-json\/wp\/v2\/posts\/1625","targetHints":{"allow":["GET"]}}],"collection":[{"href":"https:\/\/larevistadigital.com.ar\/blog\/wp-json\/wp\/v2\/posts"}],"about":[{"href":"https:\/\/larevistadigital.com.ar\/blog\/wp-json\/wp\/v2\/types\/post"}],"author":[{"embeddable":true,"href":"https:\/\/larevistadigital.com.ar\/blog\/wp-json\/wp\/v2\/users\/3"}],"replies":[{"embeddable":true,"href":"https:\/\/larevistadigital.com.ar\/blog\/wp-json\/wp\/v2\/comments?post=1625"}],"version-history":[{"count":1,"href":"https:\/\/larevistadigital.com.ar\/blog\/wp-json\/wp\/v2\/posts\/1625\/revisions"}],"predecessor-version":[{"id":1627,"href":"https:\/\/larevistadigital.com.ar\/blog\/wp-json\/wp\/v2\/posts\/1625\/revisions\/1627"}],"wp:featuredmedia":[{"embeddable":true,"href":"https:\/\/larevistadigital.com.ar\/blog\/wp-json\/wp\/v2\/media\/1626"}],"wp:attachment":[{"href":"https:\/\/larevistadigital.com.ar\/blog\/wp-json\/wp\/v2\/media?parent=1625"}],"wp:term":[{"taxonomy":"category","embeddable":true,"href":"https:\/\/larevistadigital.com.ar\/blog\/wp-json\/wp\/v2\/categories?post=1625"},{"taxonomy":"post_tag","embeddable":true,"href":"https:\/\/larevistadigital.com.ar\/blog\/wp-json\/wp\/v2\/tags?post=1625"}],"curies":[{"name":"wp","href":"https:\/\/api.w.org\/{rel}","templated":true}]}}