{"id":1628,"date":"2017-03-26T02:07:55","date_gmt":"2017-03-26T02:07:55","guid":{"rendered":"https:\/\/larevistadigital.com.ar\/blog\/?p=1628"},"modified":"2017-03-26T02:07:55","modified_gmt":"2017-03-26T02:07:55","slug":"ahora-carlotto-cargo-contra-bonafini-me-da-lastima-pobre-mujer","status":"publish","type":"post","link":"https:\/\/larevistadigital.com.ar\/blog\/ahora-carlotto-cargo-contra-bonafini-me-da-lastima-pobre-mujer\/","title":{"rendered":"AHORA CARLOTTO CARG\u00d3 CONTRA BONAFINI: \u201cME D\u00c1 L\u00c1STIMA, POBRE MUJER\u201d"},"content":{"rendered":"<h2><strong><em>Al parecer la interna entre las dos dirigentes ha recrudecido y llegado a un punto del que dif\u00edcilmente se pueda salir. Hebe hab\u00eda tirado la primera piedra, ahora Carlotto no se call\u00f3 la boca.<\/em><\/strong><\/h2>\n<p style=\"text-align: left\">El d\u00eda despu\u00e9s de la conmemoraci\u00f3n del 41\u00ba aniversario del golpe de estado en 1976, en lo que fue una multitudinaria marcha que ha dejado \u201cmucha tela para cortar\u201d, <strong>Estela de Carlotto<\/strong>, titular de las \u201cabuelas de Plaza de Mayo\u201d brind\u00f3 un reportaje a Radio Mitre, en donde se refiri\u00f3 al tema del enfrentamiento con <strong>Bonafini<\/strong>.<\/p>\n<p style=\"text-align: left\">La jornada se caracteriz\u00f3 por las cr\u00edticas y burlas hacia la figura del presidente <strong>Mauricio Macri<\/strong>, e inclusive se pudo observar distintas facciones del kirchnerismo que se mantuvieron separados, pero Carlotto defendi\u00f3 en la entrevista radial, la firma de un convenio con la gobernadora de la ciudad de Buenos Aires, <strong>Mar\u00eda Eugenia Vidal<\/strong>, hecho por el que hab\u00eda sido duramente criticada por <strong>Bonafini<\/strong>, adem\u00e1s de su encuentro con el presidente de la naci\u00f3n.<\/p>\n<blockquote>\n<h3><strong>En di\u00e1logo con el programa \u201cEsta semana\u201d dijo de Hebe<em>: \u201cMe da l\u00e1stima, pobre mujer\u00bb<\/em>. Ayer ya le hab\u00eda advertido que <em>\u00abhay que tener consciencia democr\u00e1tica, no fanatismo\u201d<\/em> cuando la cuestion\u00f3 por la firma del acuerdo con Vidal.\u00a0<\/strong><\/h3>\n<\/blockquote>\n<p style=\"text-align: left\">Adem\u00e1s aclar\u00f3 que el convenio por el que la acus\u00f3 <strong>Bonafini<\/strong> no es el firmado con la gobernadora bonaerense: <strong><em>\u00abNo es ese convenio al que ella se refiere y est\u00e1 totalmente equivocada en sus dichos, yo la verdad me da pena esa se\u00f1ora, con la que\u00a0nacimos juntas, caminamos y arrastramos el mismo dolor pero no coincidimos en absolutamente nada\u00bb<\/em><\/strong>. Agregando que: <strong><em>\u00abElla se refiere a un convenio que firm\u00e9 junto con los parlamentarios, o sea la Legislatura de la ciudad de La Plata, todos partidos pol\u00edticos, o sea que ac\u00e1 no hay partidismo para una cooperaci\u00f3n de la Legislatura con Abuelas de Plaza de Mayo concerniente a temas que puedan producirse desde ese espacio hacia el encuentro de los nietos\u00bb.<\/em><\/strong><\/p>\n<p style=\"text-align: left\"><strong><em>\u00abOjal\u00e1 tuvi\u00e9ramos cosas muy buenas cosas para decir y las dir\u00edamos, y de hecho yo al decir que firm\u00e9 esto es un gesto como dije que la gobernadora Vidal para con nuestra filial de La Plata, en la ciudad que ella reside para gobernar, han sido con respuestas positivas,\u00a0yo no tengo porque negar eso\u00bb, subray\u00f3.<\/em><\/strong><\/p>\n<blockquote>\n<h3><strong><em>\u00abQueremos esta democracia, la vamos a defender, todos tienen que terminar su mandato\u00a0pero ojal\u00e1 tuvi\u00e9ramos que decir cosas buenas porque realmente nos preocupa no nuestro espacio solamente, sino todos los dem\u00e1s\u00bb<\/em><\/strong>, sentenci\u00f3 sobre las cr\u00edticas a las que fue sometida a lo largo de esta semana.<\/h3>\n<\/blockquote>\n<p style=\"text-align: left\">Tambi\u00e9n se tom\u00f3 el tiempo para criticar el accionar de Cambiemos: <strong><em>\u00abSiempre piden perd\u00f3n y retroceden cuando se equivocan, no pueden seguirse equivocando.\u00a0A ver gobiernen, nosotros vamos a respetar los pasos, sabemos que los tiempos no son f\u00e1ciles, pero no podemos retroceder\u00bb. \u00abNo fueron fan\u00e1ticos, fue un pa\u00eds que fue (a la marcha), no fue un partido pol\u00edtico.\u00a0Nosotros no tenemos partido pol\u00edtico, somos libres de opinar porque no tenemos obligaciones con nadie\u00bb<\/em><\/strong>, resalt\u00f3.<\/p>\n<p style=\"text-align: left\">Para terminar, <strong>Carlotto<\/strong> se refiri\u00f3 a la labor de \u201cabuelas\u201d diciendo que <strong><em>\u00abEstamos queriendo recuperar lo que nos robaron: la historia de nuestros hijos, de nuestro pa\u00eds\u00bb<\/em><\/strong>, y concluy\u00f3 sosteniendo que \u00a0<strong><em>\u00abhemos dialogado con todos los gobiernos desde que tenemos Democracia\u00bb.\u00a0<\/em><\/strong><\/p>\n<p style=\"text-align: left\">\n<p>&nbsp;<\/p>\n<p>&nbsp;<\/p>\n","protected":false},"excerpt":{"rendered":"<div class=\"mh-excerpt\"><p>Al parecer la interna entre las dos dirigentes ha recrudecido y llegado a un punto del que dif\u00edcilmente se pueda salir. Hebe hab\u00eda tirado la primera piedra, ahora Carlotto no se call\u00f3 la boca. El <a class=\"mh-excerpt-more\" href=\"https:\/\/larevistadigital.com.ar\/blog\/ahora-carlotto-cargo-contra-bonafini-me-da-lastima-pobre-mujer\/\" title=\"AHORA CARLOTTO CARG\u00d3 CONTRA BONAFINI: \u201cME D\u00c1 L\u00c1STIMA, POBRE MUJER\u201d\">[Leer M\u00e1s]<\/a><\/p>\n<\/div>","protected":false},"author":3,"featured_media":1581,"comment_status":"open","ping_status":"open","sticky":false,"template":"","format":"standard","meta":{"_jetpack_memberships_contains_paid_content":false,"footnotes":"","jetpack_publicize_message":"","jetpack_publicize_feature_enabled":true,"jetpack_social_post_already_shared":true,"jetpack_social_options":{"image_generator_settings":{"template":"highway","default_image_id":0,"font":"","enabled":false},"version":2}},"categories":[41,25],"tags":[],"class_list":{"0":"post-1628","1":"post","2":"type-post","3":"status-publish","4":"format-standard","5":"has-post-thumbnail","7":"category-destacadas","8":"category-politica-nacional"},"jetpack_publicize_connections":[],"jetpack_featured_media_url":"https:\/\/i0.wp.com\/larevistadigital.com.ar\/blog\/wp-content\/uploads\/2017\/03\/focal_hebe-estela.jpg_190093337.jpg?fit=1200%2C716&ssl=1","jetpack_sharing_enabled":true,"jetpack_shortlink":"https:\/\/wp.me\/p8qtrQ-qg","jetpack-related-posts":[{"id":1580,"url":"https:\/\/larevistadigital.com.ar\/blog\/carlotto-a-bonafini-es-un-muy-mal-ejemplolo-siento-por-ella\/","url_meta":{"origin":1628,"position":0},"title":"CARLOTTO A BONAFINI: \u201cES UN MUY MAL EJEMPLO\u2026LO SIENTO POR ELLA\u201d","author":"Alejandro Sosa Ruda","date":"24 marzo, 2017","format":false,"excerpt":"La titular de \u201cabuelas\u201d respondi\u00f3 a las agresiones de Bonafini. Ac\u00e1 te contamos lo que le respondi\u00f3. Hebe hab\u00eda tirado la primera piedra. Tildo a la titular de \u201cAbuelas de Plaza de Mayo\u201d Estela de Carlotto de traidora, por el hecho de haberse reunido con la gobernadora de la provincia\u2026","rel":"","context":"En \u00abDESTACADAS\u00bb","block_context":{"text":"DESTACADAS","link":"https:\/\/larevistadigital.com.ar\/blog\/category\/destacadas\/"},"img":{"alt_text":"","src":"https:\/\/i0.wp.com\/larevistadigital.com.ar\/blog\/wp-content\/uploads\/2017\/03\/focal_hebe-estela.jpg_190093337.jpg?fit=1200%2C716&ssl=1&resize=350%2C200","width":350,"height":200,"srcset":"https:\/\/i0.wp.com\/larevistadigital.com.ar\/blog\/wp-content\/uploads\/2017\/03\/focal_hebe-estela.jpg_190093337.jpg?fit=1200%2C716&ssl=1&resize=350%2C200 1x, https:\/\/i0.wp.com\/larevistadigital.com.ar\/blog\/wp-content\/uploads\/2017\/03\/focal_hebe-estela.jpg_190093337.jpg?fit=1200%2C716&ssl=1&resize=525%2C300 1.5x, https:\/\/i0.wp.com\/larevistadigital.com.ar\/blog\/wp-content\/uploads\/2017\/03\/focal_hebe-estela.jpg_190093337.jpg?fit=1200%2C716&ssl=1&resize=700%2C400 2x, https:\/\/i0.wp.com\/larevistadigital.com.ar\/blog\/wp-content\/uploads\/2017\/03\/focal_hebe-estela.jpg_190093337.jpg?fit=1200%2C716&ssl=1&resize=1050%2C600 3x"},"classes":[]},{"id":1567,"url":"https:\/\/larevistadigital.com.ar\/blog\/y-ahora-con-quien-se-enojo-enterate-a-quien-trato-ahora-de-traidora-hebe-de-bonfini\/","url_meta":{"origin":1628,"position":1},"title":"Y AHORA \u00bfCON QUI\u00c9N SE ENOJO?&#8230;ENTERATE A QUIEN TRAT\u00d3 AHORA DE TRAIDORA HEBE DE BONFINI","author":"Alejandro Sosa Ruda","date":"24 marzo, 2017","format":false,"excerpt":"Hebe de Bonafini dej\u00f3 claras sus diferencias con Estela de Carlotto\u00a0al asegurar que la titular de Abuelas de Plaza de Mayo cometi\u00f3 una\u00a0\"traici\u00f3n\"\u00a0por haberse reunido esta semana con Mar\u00eda Eugenia Vidal, a quien\u00a0tambi\u00e9n hab\u00eda criticado con anterioridad. \"Quiero hablar un poco de traiciones y entregas. Estela de Carlotto firm\u00f3 un\u2026","rel":"","context":"En \u00abDESTACADAS\u00bb","block_context":{"text":"DESTACADAS","link":"https:\/\/larevistadigital.com.ar\/blog\/category\/destacadas\/"},"img":{"alt_text":"","src":"https:\/\/i0.wp.com\/larevistadigital.com.ar\/blog\/wp-content\/uploads\/2017\/03\/HEBE.jpg-1.jpg?fit=1200%2C895&ssl=1&resize=350%2C200","width":350,"height":200,"srcset":"https:\/\/i0.wp.com\/larevistadigital.com.ar\/blog\/wp-content\/uploads\/2017\/03\/HEBE.jpg-1.jpg?fit=1200%2C895&ssl=1&resize=350%2C200 1x, https:\/\/i0.wp.com\/larevistadigital.com.ar\/blog\/wp-content\/uploads\/2017\/03\/HEBE.jpg-1.jpg?fit=1200%2C895&ssl=1&resize=525%2C300 1.5x, https:\/\/i0.wp.com\/larevistadigital.com.ar\/blog\/wp-content\/uploads\/2017\/03\/HEBE.jpg-1.jpg?fit=1200%2C895&ssl=1&resize=700%2C400 2x, https:\/\/i0.wp.com\/larevistadigital.com.ar\/blog\/wp-content\/uploads\/2017\/03\/HEBE.jpg-1.jpg?fit=1200%2C895&ssl=1&resize=1050%2C600 3x"},"classes":[]},{"id":1595,"url":"https:\/\/larevistadigital.com.ar\/blog\/bonafini-me-cago-en-los-buenos\/","url_meta":{"origin":1628,"position":2},"title":"BONAFINI: \u201cME CAGO EN LOS BUENOS\u201d","author":"Alejandro Sosa Ruda","date":"25 marzo, 2017","format":false,"excerpt":"Como ya nos tiene acostumbrados, la presidenta de Madres de plaza de Mayo, brind\u00f3 un discurso cargado de una agresividad pocas veces vista, y se mostr\u00f3 contra Macri y Estela de Carlotto. Apareci\u00f3 sentada en el acoplado de un cami\u00f3n, junto a dirigentes kirchneristas como Anibal Fern\u00e1ndez, dirigentes sindicales como\u2026","rel":"","context":"En \u00abDESTACADAS\u00bb","block_context":{"text":"DESTACADAS","link":"https:\/\/larevistadigital.com.ar\/blog\/category\/destacadas\/"},"img":{"alt_text":"","src":"https:\/\/i0.wp.com\/larevistadigital.com.ar\/blog\/wp-content\/uploads\/2017\/03\/image_content_8216416_20170323203936.jpg?fit=660%2C370&ssl=1&resize=350%2C200","width":350,"height":200,"srcset":"https:\/\/i0.wp.com\/larevistadigital.com.ar\/blog\/wp-content\/uploads\/2017\/03\/image_content_8216416_20170323203936.jpg?fit=660%2C370&ssl=1&resize=350%2C200 1x, https:\/\/i0.wp.com\/larevistadigital.com.ar\/blog\/wp-content\/uploads\/2017\/03\/image_content_8216416_20170323203936.jpg?fit=660%2C370&ssl=1&resize=525%2C300 1.5x"},"classes":[]},{"id":18051,"url":"https:\/\/larevistadigital.com.ar\/blog\/estela-de-carlotto-apoyo-a-boudou-y-apunto-contra-la-justicia\/","url_meta":{"origin":1628,"position":3},"title":"ESTELA DE CARLOTTO APOY\u00d3 A BOUDOU, Y APUNT\u00d3 CONTRA LA JUSTICIA","author":"Alejandro Sosa Ruda","date":"10 diciembre, 2020","format":false,"excerpt":"\"Al gobierno de Alberto Fern\u00e1ndez le piden cosas que no se pueden hacer en un a\u00f1o. Hace lo m\u00e1s necesario y urgente. Puso el foco en la pandemia, en salvar vidas, y tambi\u00e9n en la deuda externa. Dos temas dur\u00edsimos en los que hubo que trabajar, y se sigue trabajando.\u2026","rel":"","context":"En \u00abINTERES GENERAL\u00bb","block_context":{"text":"INTERES GENERAL","link":"https:\/\/larevistadigital.com.ar\/blog\/category\/interes-general\/"},"img":{"alt_text":"","src":"https:\/\/i0.wp.com\/larevistadigital.com.ar\/blog\/wp-content\/uploads\/Estela-de-Carlotto.jpg?fit=1147%2C765&ssl=1&resize=350%2C200","width":350,"height":200,"srcset":"https:\/\/i0.wp.com\/larevistadigital.com.ar\/blog\/wp-content\/uploads\/Estela-de-Carlotto.jpg?fit=1147%2C765&ssl=1&resize=350%2C200 1x, https:\/\/i0.wp.com\/larevistadigital.com.ar\/blog\/wp-content\/uploads\/Estela-de-Carlotto.jpg?fit=1147%2C765&ssl=1&resize=525%2C300 1.5x, https:\/\/i0.wp.com\/larevistadigital.com.ar\/blog\/wp-content\/uploads\/Estela-de-Carlotto.jpg?fit=1147%2C765&ssl=1&resize=700%2C400 2x, https:\/\/i0.wp.com\/larevistadigital.com.ar\/blog\/wp-content\/uploads\/Estela-de-Carlotto.jpg?fit=1147%2C765&ssl=1&resize=1050%2C600 3x"},"classes":[]},{"id":1613,"url":"https:\/\/larevistadigital.com.ar\/blog\/kirchnerismo-mapa-de-un-acto-dividido\/","url_meta":{"origin":1628,"position":4},"title":"KIRCHNERISMO: MAPA DE UN ACTO DIVIDIDO","author":"Alejandro Sosa Ruda","date":"25 marzo, 2017","format":false,"excerpt":"El acto por los 41 a\u00f1os del golpe de estado de 1976, adem\u00e1s de ser multitudinario, dej\u00f3 al descubierto algo que si bien se sabe, ante semejante convocatoria qued\u00f3 expuesto: La interna en el kirchnerismo est\u00e1 al rojo vivo, y las heridas ser\u00e1n dif\u00edciles de cerrar. Como primera medida, decenas\u2026","rel":"","context":"En \u00abDESTACADAS\u00bb","block_context":{"text":"DESTACADAS","link":"https:\/\/larevistadigital.com.ar\/blog\/category\/destacadas\/"},"img":{"alt_text":"","src":"https:\/\/i0.wp.com\/larevistadigital.com.ar\/blog\/wp-content\/uploads\/2017\/03\/Sin-t%C3%ADtulo-1.jpg?fit=1200%2C675&ssl=1&resize=350%2C200","width":350,"height":200,"srcset":"https:\/\/i0.wp.com\/larevistadigital.com.ar\/blog\/wp-content\/uploads\/2017\/03\/Sin-t%C3%ADtulo-1.jpg?fit=1200%2C675&ssl=1&resize=350%2C200 1x, https:\/\/i0.wp.com\/larevistadigital.com.ar\/blog\/wp-content\/uploads\/2017\/03\/Sin-t%C3%ADtulo-1.jpg?fit=1200%2C675&ssl=1&resize=525%2C300 1.5x, https:\/\/i0.wp.com\/larevistadigital.com.ar\/blog\/wp-content\/uploads\/2017\/03\/Sin-t%C3%ADtulo-1.jpg?fit=1200%2C675&ssl=1&resize=700%2C400 2x, https:\/\/i0.wp.com\/larevistadigital.com.ar\/blog\/wp-content\/uploads\/2017\/03\/Sin-t%C3%ADtulo-1.jpg?fit=1200%2C675&ssl=1&resize=1050%2C600 3x"},"classes":[]},{"id":1499,"url":"https:\/\/larevistadigital.com.ar\/blog\/legisladores-de-cambiemos-participaron-de-la-inauguracion-de-la-semana-de-la-memoria\/","url_meta":{"origin":1628,"position":5},"title":"LEGISLADORES DE CAMBIEMOS PARTICIPARON DE LA INAUGURACI\u00d3N DE LA SEMANA DE LA MEMORIA","author":"Alejandro Sosa Ruda","date":"22 marzo, 2017","format":false,"excerpt":"Legisladores bonaerenses de Cambiemos participaron de la inauguraci\u00f3n de la \u201cSemana de la Memoria\u201d con la presencia de la presidenta de Abuelas de Plaza de Mayo, Estela de Carlotto. El acto desarrollado en el recinto de la C\u00e1mara baja estuvo encabezado por el titular de ese cuerpo, Manuel Mosca, el\u2026","rel":"","context":"En \u00abPOLITICA\u00bb","block_context":{"text":"POLITICA","link":"https:\/\/larevistadigital.com.ar\/blog\/category\/politica\/"},"img":{"alt_text":"","src":"https:\/\/i0.wp.com\/larevistadigital.com.ar\/blog\/wp-content\/uploads\/2017\/03\/90f5d876-ccd2-476b-9559-e46288762c89.png?fit=1200%2C800&ssl=1&resize=350%2C200","width":350,"height":200,"srcset":"https:\/\/i0.wp.com\/larevistadigital.com.ar\/blog\/wp-content\/uploads\/2017\/03\/90f5d876-ccd2-476b-9559-e46288762c89.png?fit=1200%2C800&ssl=1&resize=350%2C200 1x, https:\/\/i0.wp.com\/larevistadigital.com.ar\/blog\/wp-content\/uploads\/2017\/03\/90f5d876-ccd2-476b-9559-e46288762c89.png?fit=1200%2C800&ssl=1&resize=525%2C300 1.5x, https:\/\/i0.wp.com\/larevistadigital.com.ar\/blog\/wp-content\/uploads\/2017\/03\/90f5d876-ccd2-476b-9559-e46288762c89.png?fit=1200%2C800&ssl=1&resize=700%2C400 2x, https:\/\/i0.wp.com\/larevistadigital.com.ar\/blog\/wp-content\/uploads\/2017\/03\/90f5d876-ccd2-476b-9559-e46288762c89.png?fit=1200%2C800&ssl=1&resize=1050%2C600 3x"},"classes":[]}],"_links":{"self":[{"href":"https:\/\/larevistadigital.com.ar\/blog\/wp-json\/wp\/v2\/posts\/1628","targetHints":{"allow":["GET"]}}],"collection":[{"href":"https:\/\/larevistadigital.com.ar\/blog\/wp-json\/wp\/v2\/posts"}],"about":[{"href":"https:\/\/larevistadigital.com.ar\/blog\/wp-json\/wp\/v2\/types\/post"}],"author":[{"embeddable":true,"href":"https:\/\/larevistadigital.com.ar\/blog\/wp-json\/wp\/v2\/users\/3"}],"replies":[{"embeddable":true,"href":"https:\/\/larevistadigital.com.ar\/blog\/wp-json\/wp\/v2\/comments?post=1628"}],"version-history":[{"count":2,"href":"https:\/\/larevistadigital.com.ar\/blog\/wp-json\/wp\/v2\/posts\/1628\/revisions"}],"predecessor-version":[{"id":1630,"href":"https:\/\/larevistadigital.com.ar\/blog\/wp-json\/wp\/v2\/posts\/1628\/revisions\/1630"}],"wp:featuredmedia":[{"embeddable":true,"href":"https:\/\/larevistadigital.com.ar\/blog\/wp-json\/wp\/v2\/media\/1581"}],"wp:attachment":[{"href":"https:\/\/larevistadigital.com.ar\/blog\/wp-json\/wp\/v2\/media?parent=1628"}],"wp:term":[{"taxonomy":"category","embeddable":true,"href":"https:\/\/larevistadigital.com.ar\/blog\/wp-json\/wp\/v2\/categories?post=1628"},{"taxonomy":"post_tag","embeddable":true,"href":"https:\/\/larevistadigital.com.ar\/blog\/wp-json\/wp\/v2\/tags?post=1628"}],"curies":[{"name":"wp","href":"https:\/\/api.w.org\/{rel}","templated":true}]}}