{"id":1631,"date":"2017-03-26T02:45:52","date_gmt":"2017-03-26T02:45:52","guid":{"rendered":"https:\/\/larevistadigital.com.ar\/blog\/?p=1631"},"modified":"2017-03-26T02:45:52","modified_gmt":"2017-03-26T02:45:52","slug":"cavalieri-scioli-y-moyano-ya-fueron","status":"publish","type":"post","link":"https:\/\/larevistadigital.com.ar\/blog\/cavalieri-scioli-y-moyano-ya-fueron\/","title":{"rendered":"CAVALIERI: \u201cSCIOLI Y MOYANO YA FUERON\u201d"},"content":{"rendered":"<h2><strong>Armando Cavalieri<\/strong>, secretario general del gremio de Empleados de Comercio, \u201csac\u00f3\u201d de la cancha a <strong>Daniel Scioli<\/strong> como posible candidato del peronismo en las pr\u00f3ximas elecciones, como tambi\u00e9n opin\u00f3 que <strong>Hugo Moyano<\/strong> ya no tiene ning\u00fan liderazgo sindical.<\/h2>\n<p>En di\u00e1logo con radio Rivadavia, <strong>Cavalieri <\/strong>se quej\u00f3 del gobierno por no conceder la paritaria nacional a los docentes, \u00a0adem\u00e1s de decir del Macrismo que <strong><em>\u00able falta oportunidad de saber decidir las cosas en su momento,\u00a0eso de acierto y error no es una buena metodolog\u00eda\u00bb. \u00abAl Gobierno pol\u00edticamente le falta calle, que es lo que nosotros vemos. Le falta pol\u00edticos, son buenos t\u00e9cnicos, son muchachos capacitados, recibidos todos internacionalmente en las mejores universidades del mundo pero a partir de cierto momento hace falta tener calle, saber cu\u00e1ndo si, cuando no, cuando arreglo, cuando no arreglo\u00bb<\/em><\/strong>, manifest\u00f3.<\/p>\n<p>Cuando se le pregunt\u00f3 si la \u00abgrieta\u00bb persiste, analiz\u00f3: <strong><em>\u00abSigue y sigue mal. El Gobierno\u00a0no puede jugar todo a Macri o Cristina, no puede que la opci\u00f3n sea esa. Naci\u00f3n es un pa\u00eds verdadero, con responsabilidad, con compromiso de la parte de la dirigencia tanto gremial, pol\u00edtica, empresarial, para jugar un pa\u00eds en serio, no que nos lleven a la opci\u00f3n o el pasado o el presente.\u00a0Eso es una grieta que se abre y es la \u00fanica arma pol\u00edtica que tiene el Gobierno,\u00a0que todav\u00eda no tiene candidatos ni en Capital ni en Provincia\u00bb.<\/em><\/strong><\/p>\n<blockquote>\n<h3>Acerca de los \u00a0candidatos de los otros espacios pol\u00edticos, dijo: \u00ab<strong><em>El peronismo no la tiene a Cristina (como candidata). A ella la tiene el kirchnerismo. Pero el peronismo hist\u00f3rico de base piensa en un pa\u00eds diferente no a lo que ya pas\u00f3\u00bb<\/em><\/strong>. Adem\u00e1s dijo que <strong><em>\u00abtodav\u00eda tiene que depurarse, hacer una renovaci\u00f3n, una discusi\u00f3n interna, una auto cr\u00edtica interna\u00bb<\/em><\/strong>. Y sentenci\u00f3: <strong><em>\u00abScioli ya fue tambi\u00e9n, puede ser un gran diputado pero de ah\u00ed en m\u00e1s otra vez a ser un referente de todo el peronismo no alcanza\u00bb.<\/em><\/strong><\/h3>\n<\/blockquote>\n<p>Tambi\u00e9n afirm\u00f3 \u00a0que el paro convocado para el pr\u00f3ximo 6 de abril\u00a0fue una \u00abconvicci\u00f3n\u00bb del movimiento obrero y no una decisi\u00f3n tomada por la presi\u00f3n de terceros. No obstante, asegur\u00f3: <strong><em>\u00abEl movimiento obrero tiene su propia pol\u00edtica, saber cuando tiene que negociar y cuando tiene que luchar, cuando tienen que parar. El movimiento obrero\u00a0no puede parar todos los meses. No puede hacer una pelea constante,\u00a0no puede hacer de la huelga una constancia pol\u00edtica\u00bb.<\/em><\/strong><\/p>\n<p>Por \u00faltimo, concluy\u00f3 que \u00abhay una paz social\u00bb y critic\u00f3 al kirchnerismo porque <em>\u00ab<strong>crey\u00f3 que Moyano manejaba el movimiento obrero pero eso ya pas\u00f3\u00bb<\/strong><\/em>. Ante ese comentario, le preguntaron si el l\u00edder de Camioneros estaba en el pasado, a lo que respondi\u00f3: \u00ab<strong><em>Y s\u00ed, est\u00e1 en Independiente ahora<\/em><\/strong><strong><em>\u00ab<\/em><\/strong>, y complet\u00f3: <strong><em>\u00abLos hijos s\u00ed que est\u00e1n en la CGT Pablo y Facundo, bueno \u00e9l se fue\u00bb.<\/em><\/strong><\/p>\n<p>&nbsp;<\/p>\n<p>&nbsp;<\/p>\n","protected":false},"excerpt":{"rendered":"<div class=\"mh-excerpt\"><p>Armando Cavalieri, secretario general del gremio de Empleados de Comercio, \u201csac\u00f3\u201d de la cancha a Daniel Scioli como posible candidato del peronismo en las pr\u00f3ximas elecciones, como tambi\u00e9n opin\u00f3 que Hugo Moyano ya no tiene <a class=\"mh-excerpt-more\" href=\"https:\/\/larevistadigital.com.ar\/blog\/cavalieri-scioli-y-moyano-ya-fueron\/\" title=\"CAVALIERI: \u201cSCIOLI Y MOYANO YA FUERON\u201d\">[Leer M\u00e1s]<\/a><\/p>\n<\/div>","protected":false},"author":3,"featured_media":1632,"comment_status":"open","ping_status":"open","sticky":false,"template":"","format":"standard","meta":{"_jetpack_memberships_contains_paid_content":false,"footnotes":"","jetpack_publicize_message":"","jetpack_publicize_feature_enabled":true,"jetpack_social_post_already_shared":true,"jetpack_social_options":{"image_generator_settings":{"template":"highway","default_image_id":0,"font":"","enabled":false},"version":2}},"categories":[41,10,28],"tags":[],"class_list":{"0":"post-1631","1":"post","2":"type-post","3":"status-publish","4":"format-standard","5":"has-post-thumbnail","7":"category-destacadas","8":"category-gremiales","9":"category-nacionales"},"jetpack_publicize_connections":[],"jetpack_featured_media_url":"https:\/\/i0.wp.com\/larevistadigital.com.ar\/blog\/wp-content\/uploads\/2017\/03\/cavalieri.jpg?fit=1200%2C800&ssl=1","jetpack_sharing_enabled":true,"jetpack_shortlink":"https:\/\/wp.me\/p8qtrQ-qj","jetpack-related-posts":[{"id":27792,"url":"https:\/\/larevistadigital.com.ar\/blog\/elecciones-en-comercio-cavalieri-a-los-86-anos-busca-su-decimo-mandato-y-se-enfrenta-a-un-aliado-de-hugo-moyano\/","url_meta":{"origin":1631,"position":0},"title":"ELECCIONES EN COMERCIO: CAVALIERI A LOS 86 A\u00d1OS BUSCA SU D\u00c9CIMO MANDATO Y SE ENFRENTA A UN ALIADO DE HUGO MOYANO","author":"Alejandro Sosa Ruda","date":"15 septiembre, 2022","format":false,"excerpt":"A los 86 a\u00f1os, el jefe mercantil que forma parte de \"los Gordos\" de la CGT, va a las urnas para revalidar su poder. Enfrentar\u00e1 a Ram\u00f3n Muerza, padre de un concejal de Ca\u00f1uelas que cuenta con el apoyo de los Moyano y el empresario Alfredo Coto. 15 de septiembre\u2026","rel":"","context":"En \u00abGREMIALES\u00bb","block_context":{"text":"GREMIALES","link":"https:\/\/larevistadigital.com.ar\/blog\/category\/gremiales\/"},"img":{"alt_text":"","src":"https:\/\/i0.wp.com\/larevistadigital.com.ar\/blog\/wp-content\/uploads\/fotojet_18.jpg?fit=700%2C438&ssl=1&resize=350%2C200","width":350,"height":200,"srcset":"https:\/\/i0.wp.com\/larevistadigital.com.ar\/blog\/wp-content\/uploads\/fotojet_18.jpg?fit=700%2C438&ssl=1&resize=350%2C200 1x, https:\/\/i0.wp.com\/larevistadigital.com.ar\/blog\/wp-content\/uploads\/fotojet_18.jpg?fit=700%2C438&ssl=1&resize=525%2C300 1.5x, https:\/\/i0.wp.com\/larevistadigital.com.ar\/blog\/wp-content\/uploads\/fotojet_18.jpg?fit=700%2C438&ssl=1&resize=700%2C400 2x"},"classes":[]},{"id":12771,"url":"https:\/\/larevistadigital.com.ar\/blog\/leo-moyano-contundente-la-inseguridad-no-debe-preocuparnos-debe-ocuparnos\/","url_meta":{"origin":1631,"position":1},"title":"LEO MOYANO CONTUNDENTE: \u00abLA INSEGURIDAD NO DEBE PREOCUPARNOS, DEBE OCUPARNOS\u00bb","author":"Alejandro Sosa Ruda","date":"21 octubre, 2019","format":false,"excerpt":"El candidato a Concejal en 1\u00b0 t\u00e9rmino por la lista N\u00b0 137 CONSENSO FEDERAL, Leo Moyano, habl\u00f3 sobre la problem\u00e1tica que afecta a los chascomunenses, como es la inseguridad.- Chascom\u00fas tuvo slogans de todo tipo, pero el de la \u201cCiudad del Buen Trato\u201d fue uno de los que m\u00e1s perdur\u00f3\u2026","rel":"","context":"En \u00abINTERES GENERAL\u00bb","block_context":{"text":"INTERES GENERAL","link":"https:\/\/larevistadigital.com.ar\/blog\/category\/interes-general\/"},"img":{"alt_text":"","src":"https:\/\/i0.wp.com\/larevistadigital.com.ar\/blog\/wp-content\/uploads\/WhatsApp-Image-2019-10-21-at-18.14.23.jpeg?fit=737%2C1200&ssl=1&resize=350%2C200","width":350,"height":200,"srcset":"https:\/\/i0.wp.com\/larevistadigital.com.ar\/blog\/wp-content\/uploads\/WhatsApp-Image-2019-10-21-at-18.14.23.jpeg?fit=737%2C1200&ssl=1&resize=350%2C200 1x, https:\/\/i0.wp.com\/larevistadigital.com.ar\/blog\/wp-content\/uploads\/WhatsApp-Image-2019-10-21-at-18.14.23.jpeg?fit=737%2C1200&ssl=1&resize=525%2C300 1.5x, https:\/\/i0.wp.com\/larevistadigital.com.ar\/blog\/wp-content\/uploads\/WhatsApp-Image-2019-10-21-at-18.14.23.jpeg?fit=737%2C1200&ssl=1&resize=700%2C400 2x"},"classes":[]},{"id":6678,"url":"https:\/\/larevistadigital.com.ar\/blog\/armando-cavalieri-fue-reelecto-en-el-sindicato-de-comercio\/","url_meta":{"origin":1631,"position":2},"title":"ARMANDO CAVALIERI FUE REELECTO EN EL SINDICATO DE COMERCIO","author":"Alejandro Sosa Ruda","date":"29 septiembre, 2018","format":false,"excerpt":"Luego de m\u00e1s de treinta a\u00f1os al frente del Sindicato de Empleados de Comercio, Armando Cavalieri fue reelecto en su cargo de Secretario General, a pesar de los inconvenientes y denuncias que hubo de\u00a0presuntas irregularidades en el padr\u00f3n y maniobras de fraudes en el proceso electoral del gremio, y que\u2026","rel":"","context":"En \u00abGREMIALES\u00bb","block_context":{"text":"GREMIALES","link":"https:\/\/larevistadigital.com.ar\/blog\/category\/gremiales\/"},"img":{"alt_text":"","src":"https:\/\/i0.wp.com\/larevistadigital.com.ar\/blog\/wp-content\/uploads\/2018\/09\/cavalieri-2.jpg?fit=1200%2C668&ssl=1&resize=350%2C200","width":350,"height":200,"srcset":"https:\/\/i0.wp.com\/larevistadigital.com.ar\/blog\/wp-content\/uploads\/2018\/09\/cavalieri-2.jpg?fit=1200%2C668&ssl=1&resize=350%2C200 1x, https:\/\/i0.wp.com\/larevistadigital.com.ar\/blog\/wp-content\/uploads\/2018\/09\/cavalieri-2.jpg?fit=1200%2C668&ssl=1&resize=525%2C300 1.5x, https:\/\/i0.wp.com\/larevistadigital.com.ar\/blog\/wp-content\/uploads\/2018\/09\/cavalieri-2.jpg?fit=1200%2C668&ssl=1&resize=700%2C400 2x, https:\/\/i0.wp.com\/larevistadigital.com.ar\/blog\/wp-content\/uploads\/2018\/09\/cavalieri-2.jpg?fit=1200%2C668&ssl=1&resize=1050%2C600 3x"},"classes":[]},{"id":11175,"url":"https:\/\/larevistadigital.com.ar\/blog\/moyano-prometio-ayudar-a-fiscalizar-para-que-macri-no-haga-trampa\/","url_meta":{"origin":1631,"position":3},"title":"MOYANO PROMETI\u00d3 AYUDAR A FISCALIZAR PARA QUE MACRI NO HAGA TRAMPA","author":"Alejandro Sosa Ruda","date":"9 julio, 2019","format":false,"excerpt":"El secretario general de Camioneros, Hugo Moyano, anticip\u00f3 que los afiliados de su organizaci\u00f3n ayudar\u00e1n en la fiscalizaci\u00f3n de las pr\u00f3ximas elecciones para el Frente de Todos, ya que advirti\u00f3 que los dirigentes del Gobierno y el oficialismo \"son capaces de cualquier cosa\" y hay que \"preocuparse\" para que \"no\u2026","rel":"","context":"En \u00abGREMIALES\u00bb","block_context":{"text":"GREMIALES","link":"https:\/\/larevistadigital.com.ar\/blog\/category\/gremiales\/"},"img":{"alt_text":"","src":"https:\/\/i0.wp.com\/larevistadigital.com.ar\/blog\/wp-content\/uploads\/95720.jpg?fit=1200%2C672&ssl=1&resize=350%2C200","width":350,"height":200,"srcset":"https:\/\/i0.wp.com\/larevistadigital.com.ar\/blog\/wp-content\/uploads\/95720.jpg?fit=1200%2C672&ssl=1&resize=350%2C200 1x, https:\/\/i0.wp.com\/larevistadigital.com.ar\/blog\/wp-content\/uploads\/95720.jpg?fit=1200%2C672&ssl=1&resize=525%2C300 1.5x, https:\/\/i0.wp.com\/larevistadigital.com.ar\/blog\/wp-content\/uploads\/95720.jpg?fit=1200%2C672&ssl=1&resize=700%2C400 2x, https:\/\/i0.wp.com\/larevistadigital.com.ar\/blog\/wp-content\/uploads\/95720.jpg?fit=1200%2C672&ssl=1&resize=1050%2C600 3x"},"classes":[]},{"id":5269,"url":"https:\/\/larevistadigital.com.ar\/blog\/armando-cavalieri-buscara-la-reeleccion-en-el-gremio-mercantil\/","url_meta":{"origin":1631,"position":4},"title":"Armando Cavalieri buscar\u00e1 la reelecci\u00f3n en el gremio mercantil","author":"admin","date":"29 marzo, 2018","format":false,"excerpt":"BUENOS AIRES, 26 DE MARZO DE 2018 \u2013 El Secretario de Prensa y Difusi\u00f3n de la Federaci\u00f3n Argentina de Empleados de Comercio y Servicios (FAECYS), \u00c1ngel Mart\u00ednez, desminti\u00f3 que el Secretario General del gremio y del SEC-Capital, Armando Cavalieri no se vaya a presentar a su reelecci\u00f3n en los pr\u00f3ximos\u2026","rel":"","context":"En \u00abGREMIALES\u00bb","block_context":{"text":"GREMIALES","link":"https:\/\/larevistadigital.com.ar\/blog\/category\/gremiales\/"},"img":{"alt_text":"","src":"https:\/\/i0.wp.com\/larevistadigital.com.ar\/blog\/wp-content\/uploads\/2018\/03\/armando-cavalieri-1024x768.jpg?fit=1024%2C768&ssl=1&resize=350%2C200","width":350,"height":200,"srcset":"https:\/\/i0.wp.com\/larevistadigital.com.ar\/blog\/wp-content\/uploads\/2018\/03\/armando-cavalieri-1024x768.jpg?fit=1024%2C768&ssl=1&resize=350%2C200 1x, https:\/\/i0.wp.com\/larevistadigital.com.ar\/blog\/wp-content\/uploads\/2018\/03\/armando-cavalieri-1024x768.jpg?fit=1024%2C768&ssl=1&resize=525%2C300 1.5x, https:\/\/i0.wp.com\/larevistadigital.com.ar\/blog\/wp-content\/uploads\/2018\/03\/armando-cavalieri-1024x768.jpg?fit=1024%2C768&ssl=1&resize=700%2C400 2x"},"classes":[]},{"id":26218,"url":"https:\/\/larevistadigital.com.ar\/blog\/cecha-le-respondio-a-moyano-nosotros-no-nos-encanutamos-el-gasoil\/","url_meta":{"origin":1631,"position":5},"title":"CECHA LE RESPONDI\u00d3 A MOYANO: \u00abNOSOTROS NO NOS ENCANUTAMOS EL GASOIL\u00bb","author":"Alejandro Sosa Ruda","date":"30 junio, 2022","format":false,"excerpt":"La Confederaci\u00f3n de Entidades de Hidrocarburos y Afines de la Rep\u00fablica Argentina (CECHA), sali\u00f3 a repudiar las declaraciones realizadas por el l\u00edder del sindicato de Camioneros, Pablo Moyano, quien acus\u00f3 a las estaciones de servicio de \u201cencanutarse el gasoil\u201d. \u201cNo nos parecen para nada justas estas declaraciones: fuimos uno de\u2026","rel":"","context":"En \u00abINTERES GENERAL\u00bb","block_context":{"text":"INTERES GENERAL","link":"https:\/\/larevistadigital.com.ar\/blog\/category\/interes-general\/"},"img":{"alt_text":"","src":"https:\/\/i0.wp.com\/larevistadigital.com.ar\/blog\/wp-content\/uploads\/20220630150152_moyano-bornoroni-confederacion-entidades-hidrocarburos-cecha.jpg?fit=880%2C512&ssl=1&resize=350%2C200","width":350,"height":200,"srcset":"https:\/\/i0.wp.com\/larevistadigital.com.ar\/blog\/wp-content\/uploads\/20220630150152_moyano-bornoroni-confederacion-entidades-hidrocarburos-cecha.jpg?fit=880%2C512&ssl=1&resize=350%2C200 1x, https:\/\/i0.wp.com\/larevistadigital.com.ar\/blog\/wp-content\/uploads\/20220630150152_moyano-bornoroni-confederacion-entidades-hidrocarburos-cecha.jpg?fit=880%2C512&ssl=1&resize=525%2C300 1.5x, https:\/\/i0.wp.com\/larevistadigital.com.ar\/blog\/wp-content\/uploads\/20220630150152_moyano-bornoroni-confederacion-entidades-hidrocarburos-cecha.jpg?fit=880%2C512&ssl=1&resize=700%2C400 2x"},"classes":[]}],"_links":{"self":[{"href":"https:\/\/larevistadigital.com.ar\/blog\/wp-json\/wp\/v2\/posts\/1631","targetHints":{"allow":["GET"]}}],"collection":[{"href":"https:\/\/larevistadigital.com.ar\/blog\/wp-json\/wp\/v2\/posts"}],"about":[{"href":"https:\/\/larevistadigital.com.ar\/blog\/wp-json\/wp\/v2\/types\/post"}],"author":[{"embeddable":true,"href":"https:\/\/larevistadigital.com.ar\/blog\/wp-json\/wp\/v2\/users\/3"}],"replies":[{"embeddable":true,"href":"https:\/\/larevistadigital.com.ar\/blog\/wp-json\/wp\/v2\/comments?post=1631"}],"version-history":[{"count":1,"href":"https:\/\/larevistadigital.com.ar\/blog\/wp-json\/wp\/v2\/posts\/1631\/revisions"}],"predecessor-version":[{"id":1634,"href":"https:\/\/larevistadigital.com.ar\/blog\/wp-json\/wp\/v2\/posts\/1631\/revisions\/1634"}],"wp:featuredmedia":[{"embeddable":true,"href":"https:\/\/larevistadigital.com.ar\/blog\/wp-json\/wp\/v2\/media\/1632"}],"wp:attachment":[{"href":"https:\/\/larevistadigital.com.ar\/blog\/wp-json\/wp\/v2\/media?parent=1631"}],"wp:term":[{"taxonomy":"category","embeddable":true,"href":"https:\/\/larevistadigital.com.ar\/blog\/wp-json\/wp\/v2\/categories?post=1631"},{"taxonomy":"post_tag","embeddable":true,"href":"https:\/\/larevistadigital.com.ar\/blog\/wp-json\/wp\/v2\/tags?post=1631"}],"curies":[{"name":"wp","href":"https:\/\/api.w.org\/{rel}","templated":true}]}}