{"id":16313,"date":"2020-09-14T15:17:57","date_gmt":"2020-09-14T15:17:57","guid":{"rendered":"https:\/\/larevistadigital.com.ar\/blog\/?p=16313"},"modified":"2020-09-14T15:17:57","modified_gmt":"2020-09-14T15:17:57","slug":"chascomus-videos-desorden-trompadas-y-piedras-a-la-policia-en-la-costanera-por-una-moto-robada","status":"publish","type":"post","link":"https:\/\/larevistadigital.com.ar\/blog\/chascomus-videos-desorden-trompadas-y-piedras-a-la-policia-en-la-costanera-por-una-moto-robada\/","title":{"rendered":"CHASCOM\u00daS: [VIDEOS] DESORDEN, TROMPADAS Y PIEDRAS A LA POLIC\u00cdA EN LA COSTANERA POR UNA MOTO ROBADA"},"content":{"rendered":"<p>El hermoso domingo primaveral, tuvo su ocaso de una manera por dem\u00e1s desagradable, ya que en la costanera de la ciudad, a la altura de la intersecci\u00f3n con calle Mazzini, se produjeron graves incidentes entre dos grupos de j\u00f3venes, que terminaron con la intervenci\u00f3n de las autoridades policiales y con muchachos arrojando piedras a los veh\u00edculos oficiales.<\/p>\n<blockquote>\n<h3>Todo habr\u00eda comenzado, cuando un grupo que se encontrar\u00eda vis\u00edblemente en estado de ebriedad habr\u00eda tratado de robar la moto a un muchacho de otro grupo, ocasionando el enfrentamiento, que provoc\u00f3 la intervenci\u00f3n de agentes de polic\u00eda femeninos que no pudieron contener a los revoltosos.<\/h3>\n<\/blockquote>\n<p>Cuando llegaron al lugar algunos m\u00f3viles policiales de \u00abrefuerzo\u00bb, algunos j\u00f3venes le arrojaron piedras, y objetos contundentes.<\/p>\n<p>La moto en cuesti\u00f3n, fue secuestrada por la polic\u00eda y la situaci\u00f3n volvi\u00f3 a la normalidad luego de un lapso que pareci\u00f3 eterno para los vecinos y turistas que circulaban por el lugar.<\/p>\n<p>Varios de los participantes, habr\u00edan terminado en el Hospital Municipal.<\/p>\n<p><strong>ALGUNOS DE LOS VIDEOS:<\/strong><\/p>\n<div style=\"width: 640px;\" class=\"wp-video\"><!--[if lt IE 9]><script>document.createElement('video');<\/script><![endif]-->\n<video class=\"wp-video-shortcode\" id=\"video-16313-1\" width=\"640\" height=\"360\" preload=\"metadata\" controls=\"controls\"><source type=\"video\/mp4\" src=\"https:\/\/larevistadigital.com.ar\/blog\/wp-content\/uploads\/WhatsApp-Video-2020-09-14-at-09.24.31.mp4?_=1\" \/><a href=\"https:\/\/larevistadigital.com.ar\/blog\/wp-content\/uploads\/WhatsApp-Video-2020-09-14-at-09.24.31.mp4\">https:\/\/larevistadigital.com.ar\/blog\/wp-content\/uploads\/WhatsApp-Video-2020-09-14-at-09.24.31.mp4<\/a><\/video><\/div>\n<div style=\"width: 358px;\" class=\"wp-video\"><video class=\"wp-video-shortcode\" id=\"video-16313-2\" width=\"358\" height=\"640\" preload=\"metadata\" controls=\"controls\"><source type=\"video\/mp4\" src=\"https:\/\/larevistadigital.com.ar\/blog\/wp-content\/uploads\/Que_lindo_Chascomus_en_cuarentena_lindo_quilombo_esto_paso_hoy-169653688110973.mp4?_=2\" \/><a href=\"https:\/\/larevistadigital.com.ar\/blog\/wp-content\/uploads\/Que_lindo_Chascomus_en_cuarentena_lindo_quilombo_esto_paso_hoy-169653688110973.mp4\">https:\/\/larevistadigital.com.ar\/blog\/wp-content\/uploads\/Que_lindo_Chascomus_en_cuarentena_lindo_quilombo_esto_paso_hoy-169653688110973.mp4<\/a><\/video><\/div>\n<p>&nbsp;<\/p>\n","protected":false},"excerpt":{"rendered":"<div class=\"mh-excerpt\"><p>El hermoso domingo primaveral, tuvo su ocaso de una manera por dem\u00e1s desagradable, ya que en la costanera de la ciudad, a la altura de la intersecci\u00f3n con calle Mazzini, se produjeron graves incidentes entre <a class=\"mh-excerpt-more\" href=\"https:\/\/larevistadigital.com.ar\/blog\/chascomus-videos-desorden-trompadas-y-piedras-a-la-policia-en-la-costanera-por-una-moto-robada\/\" title=\"CHASCOM\u00daS: [VIDEOS] DESORDEN, TROMPADAS Y PIEDRAS A LA POLIC\u00cdA EN LA COSTANERA POR UNA MOTO ROBADA\">[Leer M\u00e1s]<\/a><\/p>\n<\/div>","protected":false},"author":3,"featured_media":16318,"comment_status":"open","ping_status":"open","sticky":false,"template":"","format":"standard","meta":{"_jetpack_memberships_contains_paid_content":false,"footnotes":"","jetpack_publicize_message":"","jetpack_publicize_feature_enabled":true,"jetpack_social_post_already_shared":true,"jetpack_social_options":{"image_generator_settings":{"template":"highway","default_image_id":0,"font":"","enabled":false},"version":2}},"categories":[41],"tags":[],"class_list":{"0":"post-16313","1":"post","2":"type-post","3":"status-publish","4":"format-standard","5":"has-post-thumbnail","7":"category-destacadas"},"jetpack_publicize_connections":[],"jetpack_featured_media_url":"https:\/\/i0.wp.com\/larevistadigital.com.ar\/blog\/wp-content\/uploads\/PELEA-COSTANERA.png?fit=650%2C645&ssl=1","jetpack_sharing_enabled":true,"jetpack_shortlink":"https:\/\/wp.me\/p8qtrQ-4f7","jetpack-related-posts":[{"id":40025,"url":"https:\/\/larevistadigital.com.ar\/blog\/chascomus-la-intervencion-de-la-patrulla-municipal-permitio-recuperar-una-moto-robada\/","url_meta":{"origin":16313,"position":0},"title":"Chascom\u00fas:  La intervenci\u00f3n de la Patrulla Municipal permiti\u00f3 recuperar una moto robada","author":"Alejandro Sosa Ruda","date":"9 junio, 2025","format":false,"excerpt":"El hecho ocurri\u00f3 el \u00faltimo fin de semana y fue resuelto gracias al trabajo coordinado entre la patrulla, el Centro de Monitoreo, Seguridad Urbana y la Polic\u00eda Comunal. 09 de Junio de 20254 CHASCOM\u00daS\u00a0 -\u00a0 La Patrulla de Prevenci\u00f3n Municipal intervino en un hecho ocurrido durante el fin de semana,\u2026","rel":"","context":"En \u00abCHASCOM\u00daS\u00bb","block_context":{"text":"CHASCOM\u00daS","link":"https:\/\/larevistadigital.com.ar\/blog\/category\/chascomus\/"},"img":{"alt_text":"","src":"https:\/\/i0.wp.com\/larevistadigital.com.ar\/blog\/wp-content\/uploads\/684715ca76ee9.png?fit=668%2C445&ssl=1&resize=350%2C200","width":350,"height":200,"srcset":"https:\/\/i0.wp.com\/larevistadigital.com.ar\/blog\/wp-content\/uploads\/684715ca76ee9.png?fit=668%2C445&ssl=1&resize=350%2C200 1x, https:\/\/i0.wp.com\/larevistadigital.com.ar\/blog\/wp-content\/uploads\/684715ca76ee9.png?fit=668%2C445&ssl=1&resize=525%2C300 1.5x"},"classes":[]},{"id":36381,"url":"https:\/\/larevistadigital.com.ar\/blog\/chascomus-violento-choque-entre-dos-motos-en-la-costanera\/","url_meta":{"origin":16313,"position":1},"title":"CHASCOM\u00daS: VIOLENTO CHOQUE ENTRE DOS MOTOS EN LA COSTANERA","author":"Alejandro Sosa Ruda","date":"21 junio, 2024","format":false,"excerpt":"Por el hecho resultaron tres heridos, de distinta gravedad. Sucedi\u00f3 a la madrugada. Seg\u00fan testigos, habr\u00edan venido haciendo maniobras peligrosas. 21 de Junio de 2024 CHASCOM\u00daS - En la madrugada de hoy, aproximadamente a la 1:00 AM, se produjo un violent\u00edsimo accidente entre dos motocicletas que colisionaron de frente en\u2026","rel":"","context":"En \u00abCHASCOM\u00daS\u00bb","block_context":{"text":"CHASCOM\u00daS","link":"https:\/\/larevistadigital.com.ar\/blog\/category\/chascomus\/"},"img":{"alt_text":"","src":"https:\/\/i0.wp.com\/larevistadigital.com.ar\/blog\/wp-content\/uploads\/ll.jpg?fit=616%2C207&ssl=1&resize=350%2C200","width":350,"height":200,"srcset":"https:\/\/i0.wp.com\/larevistadigital.com.ar\/blog\/wp-content\/uploads\/ll.jpg?fit=616%2C207&ssl=1&resize=350%2C200 1x, https:\/\/i0.wp.com\/larevistadigital.com.ar\/blog\/wp-content\/uploads\/ll.jpg?fit=616%2C207&ssl=1&resize=525%2C300 1.5x"},"classes":[]},{"id":41967,"url":"https:\/\/larevistadigital.com.ar\/blog\/chascomus-la-patrulla-de-prevencion-municipal-recupero-una-moto-de-alta-gama-sustraida-a-un-vecino\/","url_meta":{"origin":16313,"position":2},"title":"Chascom\u00fas: La Patrulla de Prevenci\u00f3n Municipal recuper\u00f3 una moto de alta gama sustra\u00edda a un vecino","author":"Alejandro Sosa Ruda","date":"14 octubre, 2025","format":false,"excerpt":"Las tareas preventivas que se realizan de manera continua permitieron la r\u00e1pida recuperaci\u00f3n de varios motoveh\u00edculos en los \u00faltimos meses. 14 de Octubre de 2025 CHASCOM\u00daS -\u00a0 \u00a0Gracias al trabajo de los equipos de la Secretar\u00eda de Seguridad Ciudadana, una acci\u00f3n conjunta entre la Patrulla de Prevenci\u00f3n Municipal y el\u2026","rel":"","context":"En \u00abINTERES GENERAL\u00bb","block_context":{"text":"INTERES GENERAL","link":"https:\/\/larevistadigital.com.ar\/blog\/category\/interes-general\/"},"img":{"alt_text":"","src":"https:\/\/i0.wp.com\/larevistadigital.com.ar\/blog\/wp-content\/uploads\/68ee8572861ed.png?fit=668%2C445&ssl=1&resize=350%2C200","width":350,"height":200,"srcset":"https:\/\/i0.wp.com\/larevistadigital.com.ar\/blog\/wp-content\/uploads\/68ee8572861ed.png?fit=668%2C445&ssl=1&resize=350%2C200 1x, https:\/\/i0.wp.com\/larevistadigital.com.ar\/blog\/wp-content\/uploads\/68ee8572861ed.png?fit=668%2C445&ssl=1&resize=525%2C300 1.5x"},"classes":[]},{"id":17913,"url":"https:\/\/larevistadigital.com.ar\/blog\/17913-2\/","url_meta":{"origin":16313,"position":3},"title":"EN UNA PELEA LE FRACTURAN EL CR\u00c1NEO A UN JOVEN DE UN PALAZO","author":"Alejandro Sosa Ruda","date":"1 diciembre, 2020","format":false,"excerpt":"La Estaci\u00f3n de Polic\u00eda Comunal, brind\u00f3 detalles de un hecho ocurrido el d\u00eda domingo, por la madrugada en el que un joven que como consecuencia de una pelea habr\u00eda sufrido un palazo que le ocasion\u00f3 una fractura de cr\u00e1neo. El agresor, de unos 25 a\u00f1os de edad, no fue a\u00fan\u2026","rel":"","context":"En \u00abINTERES GENERAL\u00bb","block_context":{"text":"INTERES GENERAL","link":"https:\/\/larevistadigital.com.ar\/blog\/category\/interes-general\/"},"img":{"alt_text":"","src":"https:\/\/i0.wp.com\/larevistadigital.com.ar\/blog\/wp-content\/uploads\/2019\/01\/bbx_755050019_comisaria_chasco_01.jpg?fit=800%2C579&ssl=1&resize=350%2C200","width":350,"height":200,"srcset":"https:\/\/i0.wp.com\/larevistadigital.com.ar\/blog\/wp-content\/uploads\/2019\/01\/bbx_755050019_comisaria_chasco_01.jpg?fit=800%2C579&ssl=1&resize=350%2C200 1x, https:\/\/i0.wp.com\/larevistadigital.com.ar\/blog\/wp-content\/uploads\/2019\/01\/bbx_755050019_comisaria_chasco_01.jpg?fit=800%2C579&ssl=1&resize=525%2C300 1.5x, https:\/\/i0.wp.com\/larevistadigital.com.ar\/blog\/wp-content\/uploads\/2019\/01\/bbx_755050019_comisaria_chasco_01.jpg?fit=800%2C579&ssl=1&resize=700%2C400 2x"},"classes":[]},{"id":24124,"url":"https:\/\/larevistadigital.com.ar\/blog\/una-pelea-entre-dos-jovenes-en-la-costanera-termino-con-uno-de-ellos-herido-de-bala\/","url_meta":{"origin":16313,"position":4},"title":"UNA PELEA ENTRE DOS JOVENES EN LA COSTANERA, TERMIN\u00d3 CON UNO DE ELLOS HERIDO DE BALA","author":"Alejandro Sosa Ruda","date":"20 febrero, 2022","format":false,"excerpt":"Todo sucedi\u00f3 por una mujer. El herido se encuentra en buen estado de salud, y estar\u00eda internado hasta ma\u00f1ana. La polic\u00eda mantiene una intensa b\u00fasqueda para dar con el agresor. CHASCOM\u00daS -\u00a0 Sucedi\u00f3 por la tarde del s\u00e1bado, en avda. Costanera y Mitre, cuando una discusi\u00f3n entre dos muchachos aparentemente\u2026","rel":"","context":"En \u00abDESTACADAS\u00bb","block_context":{"text":"DESTACADAS","link":"https:\/\/larevistadigital.com.ar\/blog\/category\/destacadas\/"},"img":{"alt_text":"","src":"https:\/\/i0.wp.com\/larevistadigital.com.ar\/blog\/wp-content\/uploads\/Screenshot_1-121.jpg?fit=1007%2C565&ssl=1&resize=350%2C200","width":350,"height":200,"srcset":"https:\/\/i0.wp.com\/larevistadigital.com.ar\/blog\/wp-content\/uploads\/Screenshot_1-121.jpg?fit=1007%2C565&ssl=1&resize=350%2C200 1x, https:\/\/i0.wp.com\/larevistadigital.com.ar\/blog\/wp-content\/uploads\/Screenshot_1-121.jpg?fit=1007%2C565&ssl=1&resize=525%2C300 1.5x, https:\/\/i0.wp.com\/larevistadigital.com.ar\/blog\/wp-content\/uploads\/Screenshot_1-121.jpg?fit=1007%2C565&ssl=1&resize=700%2C400 2x"},"classes":[]},{"id":42467,"url":"https:\/\/larevistadigital.com.ar\/blog\/chascomus-tres-menores-fueron-interceptados-tras-una-peligrosa-maniobra-en-moto-y-una-agresion-a-la-policia\/","url_meta":{"origin":16313,"position":5},"title":"Chascom\u00fas: Tres menores fueron interceptados tras una peligrosa maniobra en moto y una agresi\u00f3n a la polic\u00eda","author":"Alejandro Sosa Ruda","date":"14 noviembre, 2025","format":false,"excerpt":"Dos adolescentes circulaban en una moto sin casco, sin patente y a alta velocidad. Una joven lleg\u00f3 al lugar y agredi\u00f3 a efectivos policiales. Interviene la Fiscal\u00eda del Joven N\u00b02. 14 de Noviembre de 2025 CHASCOM\u00daS -\u00a0 \u00a0Autoridades policiales informaron que, durante una recorrida de prevenci\u00f3n en Chascom\u00fas, personal de\u2026","rel":"","context":"En \u00abINTERES GENERAL\u00bb","block_context":{"text":"INTERES GENERAL","link":"https:\/\/larevistadigital.com.ar\/blog\/category\/interes-general\/"},"img":{"alt_text":"","src":"https:\/\/i0.wp.com\/larevistadigital.com.ar\/blog\/wp-content\/uploads\/2017\/08\/comisaria.jpg?fit=640%2C324&ssl=1&resize=350%2C200","width":350,"height":200,"srcset":"https:\/\/i0.wp.com\/larevistadigital.com.ar\/blog\/wp-content\/uploads\/2017\/08\/comisaria.jpg?fit=640%2C324&ssl=1&resize=350%2C200 1x, https:\/\/i0.wp.com\/larevistadigital.com.ar\/blog\/wp-content\/uploads\/2017\/08\/comisaria.jpg?fit=640%2C324&ssl=1&resize=525%2C300 1.5x"},"classes":[]}],"_links":{"self":[{"href":"https:\/\/larevistadigital.com.ar\/blog\/wp-json\/wp\/v2\/posts\/16313","targetHints":{"allow":["GET"]}}],"collection":[{"href":"https:\/\/larevistadigital.com.ar\/blog\/wp-json\/wp\/v2\/posts"}],"about":[{"href":"https:\/\/larevistadigital.com.ar\/blog\/wp-json\/wp\/v2\/types\/post"}],"author":[{"embeddable":true,"href":"https:\/\/larevistadigital.com.ar\/blog\/wp-json\/wp\/v2\/users\/3"}],"replies":[{"embeddable":true,"href":"https:\/\/larevistadigital.com.ar\/blog\/wp-json\/wp\/v2\/comments?post=16313"}],"version-history":[{"count":2,"href":"https:\/\/larevistadigital.com.ar\/blog\/wp-json\/wp\/v2\/posts\/16313\/revisions"}],"predecessor-version":[{"id":16319,"href":"https:\/\/larevistadigital.com.ar\/blog\/wp-json\/wp\/v2\/posts\/16313\/revisions\/16319"}],"wp:featuredmedia":[{"embeddable":true,"href":"https:\/\/larevistadigital.com.ar\/blog\/wp-json\/wp\/v2\/media\/16318"}],"wp:attachment":[{"href":"https:\/\/larevistadigital.com.ar\/blog\/wp-json\/wp\/v2\/media?parent=16313"}],"wp:term":[{"taxonomy":"category","embeddable":true,"href":"https:\/\/larevistadigital.com.ar\/blog\/wp-json\/wp\/v2\/categories?post=16313"},{"taxonomy":"post_tag","embeddable":true,"href":"https:\/\/larevistadigital.com.ar\/blog\/wp-json\/wp\/v2\/tags?post=16313"}],"curies":[{"name":"wp","href":"https:\/\/api.w.org\/{rel}","templated":true}]}}