{"id":16320,"date":"2020-09-14T16:14:59","date_gmt":"2020-09-14T16:14:59","guid":{"rendered":"https:\/\/larevistadigital.com.ar\/blog\/?p=16320"},"modified":"2020-09-14T16:14:59","modified_gmt":"2020-09-14T16:14:59","slug":"el-bloque-de-la-ucr-comunico-que-la-concejal-mariela-alfonsin-dio-positivo-de-covid-19","status":"publish","type":"post","link":"https:\/\/larevistadigital.com.ar\/blog\/el-bloque-de-la-ucr-comunico-que-la-concejal-mariela-alfonsin-dio-positivo-de-covid-19\/","title":{"rendered":"EL BLOQUE DE LA UCR COMUNIC\u00d3 QUE LA CONCEJAL MARIELA ALFONS\u00cdN DIO POSITIVO DE COVID-19"},"content":{"rendered":"<p>A trav\u00e9s de un comunicado, el Bloque de la UCR local, hizo saber que la presidenta del mismo, la concejal Mariela Alfons\u00edn, dio resultado positivo del test de COVID-19 por lo que se decidi\u00f3 desde las autoridades sanitarias y como corresponde el aislamiento preventivo de todos los ediles.<\/p>\n<p>Se dio a conocer tambi\u00e9n que la edil se encuentra en su casa, cumpliendo con todas las recomendaciones de los m\u00e9dicos.<\/p>\n<p><strong>EL COMUNICADO:<\/strong><\/p>\n<p><img data-recalc-dims=\"1\" loading=\"lazy\" decoding=\"async\" class=\"size-full wp-image-16321 aligncenter\" src=\"https:\/\/i0.wp.com\/larevistadigital.com.ar\/blog\/wp-content\/uploads\/WhatsApp-Image-2020-09-13-at-23.02.27.jpeg?resize=800%2C800&#038;ssl=1\" alt=\"\" width=\"800\" height=\"800\" srcset=\"https:\/\/i0.wp.com\/larevistadigital.com.ar\/blog\/wp-content\/uploads\/WhatsApp-Image-2020-09-13-at-23.02.27.jpeg?w=800&amp;ssl=1 800w, https:\/\/i0.wp.com\/larevistadigital.com.ar\/blog\/wp-content\/uploads\/WhatsApp-Image-2020-09-13-at-23.02.27.jpeg?resize=300%2C300&amp;ssl=1 300w, https:\/\/i0.wp.com\/larevistadigital.com.ar\/blog\/wp-content\/uploads\/WhatsApp-Image-2020-09-13-at-23.02.27.jpeg?resize=150%2C150&amp;ssl=1 150w, https:\/\/i0.wp.com\/larevistadigital.com.ar\/blog\/wp-content\/uploads\/WhatsApp-Image-2020-09-13-at-23.02.27.jpeg?resize=768%2C768&amp;ssl=1 768w\" sizes=\"auto, (max-width: 800px) 100vw, 800px\" \/><\/p>\n","protected":false},"excerpt":{"rendered":"<div class=\"mh-excerpt\"><p>A trav\u00e9s de un comunicado, el Bloque de la UCR local, hizo saber que la presidenta del mismo, la concejal Mariela Alfons\u00edn, dio resultado positivo del test de COVID-19 por lo que se decidi\u00f3 desde <a class=\"mh-excerpt-more\" href=\"https:\/\/larevistadigital.com.ar\/blog\/el-bloque-de-la-ucr-comunico-que-la-concejal-mariela-alfonsin-dio-positivo-de-covid-19\/\" title=\"EL BLOQUE DE LA UCR COMUNIC\u00d3 QUE LA CONCEJAL MARIELA ALFONS\u00cdN DIO POSITIVO DE COVID-19\">[Leer M\u00e1s]<\/a><\/p>\n<\/div>","protected":false},"author":3,"featured_media":16322,"comment_status":"open","ping_status":"open","sticky":false,"template":"","format":"standard","meta":{"_jetpack_memberships_contains_paid_content":false,"footnotes":"","jetpack_publicize_message":"","jetpack_publicize_feature_enabled":true,"jetpack_social_post_already_shared":true,"jetpack_social_options":{"image_generator_settings":{"template":"highway","default_image_id":0,"font":"","enabled":false},"version":2}},"categories":[50,23],"tags":[],"class_list":{"0":"post-16320","1":"post","2":"type-post","3":"status-publish","4":"format-standard","5":"has-post-thumbnail","7":"category-interes-general","8":"category-politica-local"},"jetpack_publicize_connections":[],"jetpack_featured_media_url":"https:\/\/i0.wp.com\/larevistadigital.com.ar\/blog\/wp-content\/uploads\/118308921_1452587844938980_5773092265647699522_o.jpg?fit=1280%2C937&ssl=1","jetpack_sharing_enabled":true,"jetpack_shortlink":"https:\/\/wp.me\/p8qtrQ-4fe","jetpack-related-posts":[{"id":38906,"url":"https:\/\/larevistadigital.com.ar\/blog\/mariela-alfonsin-tabajamos-para-ser-el-proximo-gobierno\/","url_meta":{"origin":16320,"position":0},"title":"Mariela Alfons\u00edn: \u00abTabajamos para ser el pr\u00f3ximo gobierno\u00bb.","author":"Alejandro Sosa Ruda","date":"1 marzo, 2025","format":false,"excerpt":"La Presidente del Comit\u00e9 de Chascom\u00fas de la UCR, fue muy clara en sus respuestas y abord\u00f3 sin dudarlo todos los problemas. Se mostr\u00f3 muy optimista con el trabajo y la uni\u00f3n de su partido. 01 de Marzo de 2025 \u201cEs lo m\u00e1s sano, que cada uno exprese lo que\u2026","rel":"","context":"En \u00abDESTACADAS\u00bb","block_context":{"text":"DESTACADAS","link":"https:\/\/larevistadigital.com.ar\/blog\/category\/destacadas\/"},"img":{"alt_text":"","src":"https:\/\/i0.wp.com\/larevistadigital.com.ar\/blog\/wp-content\/uploads\/456970712_2295693560774802_5392726353819275257_n.jpg?fit=800%2C800&ssl=1&resize=350%2C200","width":350,"height":200,"srcset":"https:\/\/i0.wp.com\/larevistadigital.com.ar\/blog\/wp-content\/uploads\/456970712_2295693560774802_5392726353819275257_n.jpg?fit=800%2C800&ssl=1&resize=350%2C200 1x, https:\/\/i0.wp.com\/larevistadigital.com.ar\/blog\/wp-content\/uploads\/456970712_2295693560774802_5392726353819275257_n.jpg?fit=800%2C800&ssl=1&resize=525%2C300 1.5x, https:\/\/i0.wp.com\/larevistadigital.com.ar\/blog\/wp-content\/uploads\/456970712_2295693560774802_5392726353819275257_n.jpg?fit=800%2C800&ssl=1&resize=700%2C400 2x"},"classes":[]},{"id":37464,"url":"https:\/\/larevistadigital.com.ar\/blog\/amplio-triunfo-de-mariela-alfonsin-contra-tadeo-armendariz-y-el-referente-de-evolucion-valentino-redruello\/","url_meta":{"origin":16320,"position":1},"title":"Amplio triunfo de Mariela Alfons\u00edn contra Tadeo Armendariz y el referente de \u00abEvoluci\u00f3n, Valentino Redruello","author":"Alejandro Sosa Ruda","date":"7 octubre, 2024","format":false,"excerpt":"Mientras tanto, en la provincia de Buenos Aires el referente de Lousteau no quiere reconocer lo que fue una clara derrota, acusando de fraude a la otra lista y seguramente tratando de judicializar el tema. 07 de Octubre de 2024 CHASCOM\u00daS -\u00a0 Mientras que en la ciudad lagunera la lista\u2026","rel":"","context":"En \u00abINTERES GENERAL\u00bb","block_context":{"text":"INTERES GENERAL","link":"https:\/\/larevistadigital.com.ar\/blog\/category\/interes-general\/"},"img":{"alt_text":"","src":"https:\/\/i0.wp.com\/larevistadigital.com.ar\/blog\/wp-content\/uploads\/Captura-de-pantalla-2024-10-07-233044.png?fit=748%2C414&ssl=1&resize=350%2C200","width":350,"height":200,"srcset":"https:\/\/i0.wp.com\/larevistadigital.com.ar\/blog\/wp-content\/uploads\/Captura-de-pantalla-2024-10-07-233044.png?fit=748%2C414&ssl=1&resize=350%2C200 1x, https:\/\/i0.wp.com\/larevistadigital.com.ar\/blog\/wp-content\/uploads\/Captura-de-pantalla-2024-10-07-233044.png?fit=748%2C414&ssl=1&resize=525%2C300 1.5x, https:\/\/i0.wp.com\/larevistadigital.com.ar\/blog\/wp-content\/uploads\/Captura-de-pantalla-2024-10-07-233044.png?fit=748%2C414&ssl=1&resize=700%2C400 2x"},"classes":[]},{"id":25502,"url":"https:\/\/larevistadigital.com.ar\/blog\/desaprobacion-de-la-rendicion-de-cuentas-la-ucr-explico-los-motivos\/","url_meta":{"origin":16320,"position":2},"title":"(DESAPROBACI\u00d3N DE LA RENDICI\u00d3N DE CUENTAS) LA UCR EXPLIC\u00d3 LOS MOTIVOS","author":"Alejandro Sosa Ruda","date":"31 mayo, 2022","format":false,"excerpt":"Desde el bloque de concejales de la Uni\u00f3n C\u00edvica Radical y en relaci\u00f3n a la desaprobaci\u00f3n de la rendici\u00f3n de cuentas del Ejecutivo Municipal del a\u00f1o 2021 se record\u00f3, con respecto a la misma, que se verifica que se hayan respetado las normas contables y fundamentalmente que se haya cumplido\u2026","rel":"","context":"En \u00abCHASCOM\u00daS\u00bb","block_context":{"text":"CHASCOM\u00daS","link":"https:\/\/larevistadigital.com.ar\/blog\/category\/chascomus\/"},"img":{"alt_text":"","src":"https:\/\/i0.wp.com\/larevistadigital.com.ar\/blog\/wp-content\/uploads\/118308921_1452587844938980_5773092265647699522_o.jpg?fit=1200%2C878&ssl=1&resize=350%2C200","width":350,"height":200,"srcset":"https:\/\/i0.wp.com\/larevistadigital.com.ar\/blog\/wp-content\/uploads\/118308921_1452587844938980_5773092265647699522_o.jpg?fit=1200%2C878&ssl=1&resize=350%2C200 1x, https:\/\/i0.wp.com\/larevistadigital.com.ar\/blog\/wp-content\/uploads\/118308921_1452587844938980_5773092265647699522_o.jpg?fit=1200%2C878&ssl=1&resize=525%2C300 1.5x, https:\/\/i0.wp.com\/larevistadigital.com.ar\/blog\/wp-content\/uploads\/118308921_1452587844938980_5773092265647699522_o.jpg?fit=1200%2C878&ssl=1&resize=700%2C400 2x, https:\/\/i0.wp.com\/larevistadigital.com.ar\/blog\/wp-content\/uploads\/118308921_1452587844938980_5773092265647699522_o.jpg?fit=1200%2C878&ssl=1&resize=1050%2C600 3x"},"classes":[]},{"id":25544,"url":"https:\/\/larevistadigital.com.ar\/blog\/descontentos-con-el-intendente-radical-el-pro-se-separo-de-la-ucr-en-arrecifes\/","url_meta":{"origin":16320,"position":3},"title":"DESCONTENTOS CON EL INTENDENTE RADICAL, EL PRO SE SEPAR\u00d3 DE LA UCR EN ARRECIFES","author":"Alejandro Sosa Ruda","date":"1 junio, 2022","format":false,"excerpt":"Mediante un comunicado, el PRO arrecife\u00f1o, que desde 2015 integraba la alianza Juntos por el Cambio con la UCR, acuerdo que les permiti\u00f3 acceder al gobierno municipal, hizo conocer su decisi\u00f3n de separarse del oficialismo. Su referente y Concejal Fernando Bouvier, junto con Gustavo Picoy, tendr\u00e1 un bloque propio representando\u2026","rel":"","context":"En \u00abPOLITICA\u00bb","block_context":{"text":"POLITICA","link":"https:\/\/larevistadigital.com.ar\/blog\/category\/politica\/"},"img":{"alt_text":"","src":"https:\/\/i0.wp.com\/larevistadigital.com.ar\/blog\/wp-content\/uploads\/20220601182151_pro-arrecifes-ruptura.jpg?fit=880%2C512&ssl=1&resize=350%2C200","width":350,"height":200,"srcset":"https:\/\/i0.wp.com\/larevistadigital.com.ar\/blog\/wp-content\/uploads\/20220601182151_pro-arrecifes-ruptura.jpg?fit=880%2C512&ssl=1&resize=350%2C200 1x, https:\/\/i0.wp.com\/larevistadigital.com.ar\/blog\/wp-content\/uploads\/20220601182151_pro-arrecifes-ruptura.jpg?fit=880%2C512&ssl=1&resize=525%2C300 1.5x, https:\/\/i0.wp.com\/larevistadigital.com.ar\/blog\/wp-content\/uploads\/20220601182151_pro-arrecifes-ruptura.jpg?fit=880%2C512&ssl=1&resize=700%2C400 2x"},"classes":[]},{"id":14634,"url":"https:\/\/larevistadigital.com.ar\/blog\/un-sector-de-la-ucr-quiere-expulsar-a-ricardo-alfonsin\/","url_meta":{"origin":16320,"position":4},"title":"UN SECTOR DE LA UCR QUIERE EXPULSAR A RICARDO ALFONS\u00cdN","author":"Alejandro Sosa Ruda","date":"5 febrero, 2020","format":false,"excerpt":"La designaci\u00f3n de Ricardo Alfons\u00edn como embajador en Espa\u00f1a gener\u00f3 repercusiones encontradas. El presidente de la UCR, Alfredo Cornejo, despeg\u00f3 al partido de la \"decisi\u00f3n personal\" de Alfons\u00edn, mientras que Luis Naidenoff se expres\u00f3 de manera similar. En tanto, el titular de la juventud radical bonaerense, Mart\u00edn Borrazas, dijo que\u2026","rel":"","context":"En \u00abINTERES GENERAL\u00bb","block_context":{"text":"INTERES GENERAL","link":"https:\/\/larevistadigital.com.ar\/blog\/category\/interes-general\/"},"img":{"alt_text":"","src":"https:\/\/i0.wp.com\/larevistadigital.com.ar\/blog\/wp-content\/uploads\/2018\/01\/Ricardo-alfonsin.jpg?fit=624%2C468&ssl=1&resize=350%2C200","width":350,"height":200,"srcset":"https:\/\/i0.wp.com\/larevistadigital.com.ar\/blog\/wp-content\/uploads\/2018\/01\/Ricardo-alfonsin.jpg?fit=624%2C468&ssl=1&resize=350%2C200 1x, https:\/\/i0.wp.com\/larevistadigital.com.ar\/blog\/wp-content\/uploads\/2018\/01\/Ricardo-alfonsin.jpg?fit=624%2C468&ssl=1&resize=525%2C300 1.5x"},"classes":[]},{"id":37694,"url":"https:\/\/larevistadigital.com.ar\/blog\/comunicado-de-la-ucr-local\/","url_meta":{"origin":16320,"position":5},"title":"Comunicado de la UCR local","author":"Alejandro Sosa Ruda","date":"31 octubre, 2024","format":false,"excerpt":"Mentir sobre el compromiso democr\u00e1tico de Ra\u00fal Alfons\u00edn es de canalla y una afrenta al pueblo argentino El Comit\u00e9 Nacional de la Uni\u00f3n C\u00edvica Radical, sus gobernadores, Bloques legislativos nacionales y el Foro de Intendentes exhortaron hoy a Javier Milei a respetar la memoria del ex presidente Ra\u00fal Alfons\u00edn y\u2026","rel":"","context":"En \u00abPOLITICA\u00bb","block_context":{"text":"POLITICA","link":"https:\/\/larevistadigital.com.ar\/blog\/category\/politica\/"},"img":{"alt_text":"","src":"https:\/\/i0.wp.com\/larevistadigital.com.ar\/blog\/wp-content\/uploads\/1114px-Escudo_de_la_UCR.svg_.png?fit=1109%2C1200&ssl=1&resize=350%2C200","width":350,"height":200,"srcset":"https:\/\/i0.wp.com\/larevistadigital.com.ar\/blog\/wp-content\/uploads\/1114px-Escudo_de_la_UCR.svg_.png?fit=1109%2C1200&ssl=1&resize=350%2C200 1x, https:\/\/i0.wp.com\/larevistadigital.com.ar\/blog\/wp-content\/uploads\/1114px-Escudo_de_la_UCR.svg_.png?fit=1109%2C1200&ssl=1&resize=525%2C300 1.5x, https:\/\/i0.wp.com\/larevistadigital.com.ar\/blog\/wp-content\/uploads\/1114px-Escudo_de_la_UCR.svg_.png?fit=1109%2C1200&ssl=1&resize=700%2C400 2x, https:\/\/i0.wp.com\/larevistadigital.com.ar\/blog\/wp-content\/uploads\/1114px-Escudo_de_la_UCR.svg_.png?fit=1109%2C1200&ssl=1&resize=1050%2C600 3x"},"classes":[]}],"_links":{"self":[{"href":"https:\/\/larevistadigital.com.ar\/blog\/wp-json\/wp\/v2\/posts\/16320","targetHints":{"allow":["GET"]}}],"collection":[{"href":"https:\/\/larevistadigital.com.ar\/blog\/wp-json\/wp\/v2\/posts"}],"about":[{"href":"https:\/\/larevistadigital.com.ar\/blog\/wp-json\/wp\/v2\/types\/post"}],"author":[{"embeddable":true,"href":"https:\/\/larevistadigital.com.ar\/blog\/wp-json\/wp\/v2\/users\/3"}],"replies":[{"embeddable":true,"href":"https:\/\/larevistadigital.com.ar\/blog\/wp-json\/wp\/v2\/comments?post=16320"}],"version-history":[{"count":1,"href":"https:\/\/larevistadigital.com.ar\/blog\/wp-json\/wp\/v2\/posts\/16320\/revisions"}],"predecessor-version":[{"id":16323,"href":"https:\/\/larevistadigital.com.ar\/blog\/wp-json\/wp\/v2\/posts\/16320\/revisions\/16323"}],"wp:featuredmedia":[{"embeddable":true,"href":"https:\/\/larevistadigital.com.ar\/blog\/wp-json\/wp\/v2\/media\/16322"}],"wp:attachment":[{"href":"https:\/\/larevistadigital.com.ar\/blog\/wp-json\/wp\/v2\/media?parent=16320"}],"wp:term":[{"taxonomy":"category","embeddable":true,"href":"https:\/\/larevistadigital.com.ar\/blog\/wp-json\/wp\/v2\/categories?post=16320"},{"taxonomy":"post_tag","embeddable":true,"href":"https:\/\/larevistadigital.com.ar\/blog\/wp-json\/wp\/v2\/tags?post=16320"}],"curies":[{"name":"wp","href":"https:\/\/api.w.org\/{rel}","templated":true}]}}