{"id":16324,"date":"2020-09-14T16:19:42","date_gmt":"2020-09-14T16:19:42","guid":{"rendered":"https:\/\/larevistadigital.com.ar\/blog\/?p=16324"},"modified":"2020-09-14T16:19:42","modified_gmt":"2020-09-14T16:19:42","slug":"desinfeccion-en-el-concejo-deliberante","status":"publish","type":"post","link":"https:\/\/larevistadigital.com.ar\/blog\/desinfeccion-en-el-concejo-deliberante\/","title":{"rendered":"DESINFECCI\u00d3N EN EL CONCEJO DELIBERANTE"},"content":{"rendered":"<p>El presidente del Concejo Deliberante de Chascom\u00fas, inform\u00f3 que el d\u00eda de hoy se realizar\u00e1 una desinfecci\u00f3n del recinto, en raz\u00f3n de haber aparecido un caso positivo entre los ediles.<\/p>\n<p>LA NOTA:<\/p>\n<p>Atento haber dado `positivo de Covid-19 el hisopado realizado a una concejala del cuerpo, el equipo epidemiol\u00f3gico municipal acord\u00f3 el aislamiento preventivo de todos los concejales y concejalas, y en virtud de la decisi\u00f3n de la Comisi\u00f3n de Labor Deliberativa y la Secretaria de Salud, el d\u00eda lunes se llevar\u00e1 a cabo una desinfecci\u00f3n general, por lo que las dependencias de Mitre 38 permanecer\u00e1n cerradas para el acceso al p\u00fablico.<br \/>\nAtte.<\/p>\n<p><strong>H\u00e9ctor Larramendy Presidente \u2013 Alfredo Machin Secretario<\/strong><\/p>\n","protected":false},"excerpt":{"rendered":"<div class=\"mh-excerpt\"><p>El presidente del Concejo Deliberante de Chascom\u00fas, inform\u00f3 que el d\u00eda de hoy se realizar\u00e1 una desinfecci\u00f3n del recinto, en raz\u00f3n de haber aparecido un caso positivo entre los ediles. LA NOTA: Atento haber dado <a class=\"mh-excerpt-more\" href=\"https:\/\/larevistadigital.com.ar\/blog\/desinfeccion-en-el-concejo-deliberante\/\" title=\"DESINFECCI\u00d3N EN EL CONCEJO DELIBERANTE\">[Leer M\u00e1s]<\/a><\/p>\n<\/div>","protected":false},"author":3,"featured_media":10305,"comment_status":"open","ping_status":"open","sticky":false,"template":"","format":"standard","meta":{"_jetpack_memberships_contains_paid_content":false,"footnotes":"","jetpack_publicize_message":"","jetpack_publicize_feature_enabled":true,"jetpack_social_post_already_shared":true,"jetpack_social_options":{"image_generator_settings":{"template":"highway","default_image_id":0,"font":"","enabled":false},"version":2}},"categories":[50,23],"tags":[],"class_list":{"0":"post-16324","1":"post","2":"type-post","3":"status-publish","4":"format-standard","5":"has-post-thumbnail","7":"category-interes-general","8":"category-politica-local"},"jetpack_publicize_connections":[],"jetpack_featured_media_url":"https:\/\/i0.wp.com\/larevistadigital.com.ar\/blog\/wp-content\/uploads\/2019\/05\/Screenshot_2-7.jpg?fit=1242%2C732&ssl=1","jetpack_sharing_enabled":true,"jetpack_shortlink":"https:\/\/wp.me\/p8qtrQ-4fi","jetpack-related-posts":[{"id":4466,"url":"https:\/\/larevistadigital.com.ar\/blog\/chascomus-la-secretaria-general-del-sindicato-trabajadores-municipales-se-reunio-presidente-del-concejo-deliberante\/","url_meta":{"origin":16324,"position":0},"title":"CHASCOM\u00daS: LA SECRETARIA GENERAL DEL SINDICATO DE TRABAJADORES MUNICIPALES SE REUNI\u00d3 CON EL PRESIDENTE DEL CONCEJO DELIBERANTE","author":"Alejandro Sosa Ruda","date":"10 enero, 2018","format":false,"excerpt":"En la ma\u00f1ana de hoy, el Presidente del Honorable Concejo Deliberante Lic. Osvaldo Casalins recibi\u00f3 a la Secretaria General del Sindicato de Trabajadores Municipales, Sra. Mercedes Rold\u00e1n, para dialogar sobre el contenido del Proyecto de \u00a0Ordenanza presentado por el Bloque de concejales Cambiemos Chascom\u00fas y Cambiemos UCR, en el cu\u00e1l\u2026","rel":"","context":"En \u00abGREMIALES\u00bb","block_context":{"text":"GREMIALES","link":"https:\/\/larevistadigital.com.ar\/blog\/category\/gremiales\/"},"img":{"alt_text":"","src":"https:\/\/i0.wp.com\/larevistadigital.com.ar\/blog\/wp-content\/uploads\/2018\/01\/CASALINS-ROLDAN.jpg?fit=650%2C366&ssl=1&resize=350%2C200","width":350,"height":200,"srcset":"https:\/\/i0.wp.com\/larevistadigital.com.ar\/blog\/wp-content\/uploads\/2018\/01\/CASALINS-ROLDAN.jpg?fit=650%2C366&ssl=1&resize=350%2C200 1x, https:\/\/i0.wp.com\/larevistadigital.com.ar\/blog\/wp-content\/uploads\/2018\/01\/CASALINS-ROLDAN.jpg?fit=650%2C366&ssl=1&resize=525%2C300 1.5x"},"classes":[]},{"id":42829,"url":"https:\/\/larevistadigital.com.ar\/blog\/javier-gaston-se-reunio-con-el-nuevo-presidente-del-concejo-deliberante\/","url_meta":{"origin":16324,"position":1},"title":"Javier Gast\u00f3n se reuni\u00f3 con el nuevo presidente del Concejo Deliberante","author":"Alejandro Sosa Ruda","date":"11 diciembre, 2025","format":false,"excerpt":"El Intendente y Freddy Toledo, representante de La Libertad Avanza, dialogaron sobre proyectos pendientes de tratamiento y destacaron la necesidad de trabajar con el Concejo en beneficio de la comunidad. 11 de diciembre de 2025 CHASCOM\u00daS -\u00a0 \u00a0El intendente Javier Gast\u00f3n mantuvo un encuentro con Freddy Toledo, recientemente elegido presidente\u2026","rel":"","context":"En \u00abDESTACADAS\u00bb","block_context":{"text":"DESTACADAS","link":"https:\/\/larevistadigital.com.ar\/blog\/category\/destacadas\/"},"img":{"alt_text":"","src":"https:\/\/i0.wp.com\/larevistadigital.com.ar\/blog\/wp-content\/uploads\/693af4e64d671.png?fit=668%2C445&ssl=1&resize=350%2C200","width":350,"height":200,"srcset":"https:\/\/i0.wp.com\/larevistadigital.com.ar\/blog\/wp-content\/uploads\/693af4e64d671.png?fit=668%2C445&ssl=1&resize=350%2C200 1x, https:\/\/i0.wp.com\/larevistadigital.com.ar\/blog\/wp-content\/uploads\/693af4e64d671.png?fit=668%2C445&ssl=1&resize=525%2C300 1.5x"},"classes":[]},{"id":6183,"url":"https:\/\/larevistadigital.com.ar\/blog\/chascomus-vecinos-del-barrio-esteban-echeverria-se-reunieron-con-el-presidente-del-concejo-deliberante\/","url_meta":{"origin":16324,"position":2},"title":"CHASCOMUS: VECINOS DEL BARRIO ESTEBAN ECHEVERR\u00cdA SE REUNIERON CON EL PRESIDENTE DEL CONCEJO DELIBERANTE","author":"Alejandro Sosa Ruda","date":"13 agosto, 2018","format":false,"excerpt":"Vecinos de la sociedad de fomento del barrio Esteban Echeverr\u00eda mantuvieron una reuni\u00f3n con el presidente del Concejo Deliberante, Osvaldo Casalins. Tomaron parte de la misma su presidente Carlos Veiga, su vicepresidente Carolina Jupini y el tambi\u00e9n integrante de la comisi\u00f3n directiva, Jorge Polzineti. El tema central planteado por los\u2026","rel":"","context":"En \u00abPOLITICA\u00bb","block_context":{"text":"POLITICA","link":"https:\/\/larevistadigital.com.ar\/blog\/category\/politica\/"},"img":{"alt_text":"","src":"https:\/\/i0.wp.com\/larevistadigital.com.ar\/blog\/wp-content\/uploads\/2018\/08\/aa.jpg?fit=1200%2C899&ssl=1&resize=350%2C200","width":350,"height":200,"srcset":"https:\/\/i0.wp.com\/larevistadigital.com.ar\/blog\/wp-content\/uploads\/2018\/08\/aa.jpg?fit=1200%2C899&ssl=1&resize=350%2C200 1x, https:\/\/i0.wp.com\/larevistadigital.com.ar\/blog\/wp-content\/uploads\/2018\/08\/aa.jpg?fit=1200%2C899&ssl=1&resize=525%2C300 1.5x, https:\/\/i0.wp.com\/larevistadigital.com.ar\/blog\/wp-content\/uploads\/2018\/08\/aa.jpg?fit=1200%2C899&ssl=1&resize=700%2C400 2x, https:\/\/i0.wp.com\/larevistadigital.com.ar\/blog\/wp-content\/uploads\/2018\/08\/aa.jpg?fit=1200%2C899&ssl=1&resize=1050%2C600 3x"},"classes":[]},{"id":20481,"url":"https:\/\/larevistadigital.com.ar\/blog\/medidas-adoptadas-por-el-concejo-deliberante-de-chascomus\/","url_meta":{"origin":16324,"position":3},"title":"MEDIDAS ADOPTADAS POR EL CONCEJO DELIBERANTE DE CHASCOM\u00daS","author":"Alejandro Sosa Ruda","date":"26 mayo, 2021","format":false,"excerpt":"CHASCOM\u00daS -\u00a0Recibimos en nuestra redacci\u00f3n una nota del Concejo Deliberante de Chascom\u00fas, que a continuaci\u00f3n reproducimos. Les informamos que el \u00faltimo 21 de mayo y luego de reunida la Comisi\u00f3n de Labor Deliberativa, convocada por la Presidencia del Cuerpo, a efectos de analizar y ver que medidas tomar ante las\u2026","rel":"","context":"En \u00abCHASCOM\u00daS\u00bb","block_context":{"text":"CHASCOM\u00daS","link":"https:\/\/larevistadigital.com.ar\/blog\/category\/chascomus\/"},"img":{"alt_text":"","src":"https:\/\/i0.wp.com\/larevistadigital.com.ar\/blog\/wp-content\/uploads\/2019\/05\/Screenshot_2-7.jpg?fit=1200%2C707&ssl=1&resize=350%2C200","width":350,"height":200,"srcset":"https:\/\/i0.wp.com\/larevistadigital.com.ar\/blog\/wp-content\/uploads\/2019\/05\/Screenshot_2-7.jpg?fit=1200%2C707&ssl=1&resize=350%2C200 1x, https:\/\/i0.wp.com\/larevistadigital.com.ar\/blog\/wp-content\/uploads\/2019\/05\/Screenshot_2-7.jpg?fit=1200%2C707&ssl=1&resize=525%2C300 1.5x, https:\/\/i0.wp.com\/larevistadigital.com.ar\/blog\/wp-content\/uploads\/2019\/05\/Screenshot_2-7.jpg?fit=1200%2C707&ssl=1&resize=700%2C400 2x, https:\/\/i0.wp.com\/larevistadigital.com.ar\/blog\/wp-content\/uploads\/2019\/05\/Screenshot_2-7.jpg?fit=1200%2C707&ssl=1&resize=1050%2C600 3x"},"classes":[]},{"id":9102,"url":"https:\/\/larevistadigital.com.ar\/blog\/chascomus-se-llevo-a-cabo-la-primera-sesion-ordinaria-del-concejo-deliberante\/","url_meta":{"origin":16324,"position":4},"title":"CHASCOM\u00daS: SE LLEV\u00d3 A CABO LA PRIMERA SESI\u00d3N ORDINARIA DEL CONCEJO DELIBERANTE","author":"Alejandro Sosa Ruda","date":"14 marzo, 2019","format":false,"excerpt":"En el d\u00eda de la fecha se llev\u00f3 a cabo la 1\u00ba Sesi\u00f3n Ordinaria del HCD del 2019. A la hora de los Homenajes se mencion\u00f3 el d\u00eda internacional de la Mujer y el natalicio de Ra\u00fal\u00a0Alfons\u00edn. De los 34 proyectos entrados 11 pasaron a las Comisiones respectivas y el\u2026","rel":"","context":"En \u00abCHASCOM\u00daS\u00bb","block_context":{"text":"CHASCOM\u00daS","link":"https:\/\/larevistadigital.com.ar\/blog\/category\/chascomus\/"},"img":{"alt_text":"","src":"https:\/\/i0.wp.com\/larevistadigital.com.ar\/blog\/wp-content\/uploads\/2019\/03\/1ra-2019-6-678x381.jpeg?fit=678%2C381&ssl=1&resize=350%2C200","width":350,"height":200,"srcset":"https:\/\/i0.wp.com\/larevistadigital.com.ar\/blog\/wp-content\/uploads\/2019\/03\/1ra-2019-6-678x381.jpeg?fit=678%2C381&ssl=1&resize=350%2C200 1x, https:\/\/i0.wp.com\/larevistadigital.com.ar\/blog\/wp-content\/uploads\/2019\/03\/1ra-2019-6-678x381.jpeg?fit=678%2C381&ssl=1&resize=525%2C300 1.5x"},"classes":[]},{"id":4306,"url":"https:\/\/larevistadigital.com.ar\/blog\/chascomus-nueva-interpelacion-puerta-santiago-muscarello-se-nego-dar-explicaciones-concejo-delberante\/","url_meta":{"origin":16324,"position":5},"title":"CHASCOM\u00daS: \u00bfNUEVA INTERPELACI\u00d3N EN PUERTA?&#8230;SANTIAGO MUSCARELLO SE NEG\u00d3 A DAR EXPLICACIONES EN EL CONCEJO DELBERANTE","author":"Alejandro Sosa Ruda","date":"29 diciembre, 2017","format":false,"excerpt":"En la reuni\u00f3n mantenida por el Concejo Deliberante en el d\u00eda de hoy, se decidi\u00f3 con el voto de todos los concejales citar al Secretario de Seguridad, Santiago Muscarello para que concurra al recinto a dialogar con los ediles, y dar su versi\u00f3n de los hechos ocurridos el 25 de\u2026","rel":"","context":"En \u00abCHASCOM\u00daS\u00bb","block_context":{"text":"CHASCOM\u00daS","link":"https:\/\/larevistadigital.com.ar\/blog\/category\/chascomus\/"},"img":{"alt_text":"","src":"https:\/\/i0.wp.com\/larevistadigital.com.ar\/blog\/wp-content\/uploads\/2017\/12\/muscarello_elfuerte_14denoviembrede2016.jpg?fit=707%2C544&ssl=1&resize=350%2C200","width":350,"height":200,"srcset":"https:\/\/i0.wp.com\/larevistadigital.com.ar\/blog\/wp-content\/uploads\/2017\/12\/muscarello_elfuerte_14denoviembrede2016.jpg?fit=707%2C544&ssl=1&resize=350%2C200 1x, https:\/\/i0.wp.com\/larevistadigital.com.ar\/blog\/wp-content\/uploads\/2017\/12\/muscarello_elfuerte_14denoviembrede2016.jpg?fit=707%2C544&ssl=1&resize=525%2C300 1.5x, https:\/\/i0.wp.com\/larevistadigital.com.ar\/blog\/wp-content\/uploads\/2017\/12\/muscarello_elfuerte_14denoviembrede2016.jpg?fit=707%2C544&ssl=1&resize=700%2C400 2x"},"classes":[]}],"_links":{"self":[{"href":"https:\/\/larevistadigital.com.ar\/blog\/wp-json\/wp\/v2\/posts\/16324","targetHints":{"allow":["GET"]}}],"collection":[{"href":"https:\/\/larevistadigital.com.ar\/blog\/wp-json\/wp\/v2\/posts"}],"about":[{"href":"https:\/\/larevistadigital.com.ar\/blog\/wp-json\/wp\/v2\/types\/post"}],"author":[{"embeddable":true,"href":"https:\/\/larevistadigital.com.ar\/blog\/wp-json\/wp\/v2\/users\/3"}],"replies":[{"embeddable":true,"href":"https:\/\/larevistadigital.com.ar\/blog\/wp-json\/wp\/v2\/comments?post=16324"}],"version-history":[{"count":1,"href":"https:\/\/larevistadigital.com.ar\/blog\/wp-json\/wp\/v2\/posts\/16324\/revisions"}],"predecessor-version":[{"id":16325,"href":"https:\/\/larevistadigital.com.ar\/blog\/wp-json\/wp\/v2\/posts\/16324\/revisions\/16325"}],"wp:featuredmedia":[{"embeddable":true,"href":"https:\/\/larevistadigital.com.ar\/blog\/wp-json\/wp\/v2\/media\/10305"}],"wp:attachment":[{"href":"https:\/\/larevistadigital.com.ar\/blog\/wp-json\/wp\/v2\/media?parent=16324"}],"wp:term":[{"taxonomy":"category","embeddable":true,"href":"https:\/\/larevistadigital.com.ar\/blog\/wp-json\/wp\/v2\/categories?post=16324"},{"taxonomy":"post_tag","embeddable":true,"href":"https:\/\/larevistadigital.com.ar\/blog\/wp-json\/wp\/v2\/tags?post=16324"}],"curies":[{"name":"wp","href":"https:\/\/api.w.org\/{rel}","templated":true}]}}