{"id":1637,"date":"2017-03-26T22:51:38","date_gmt":"2017-03-26T22:51:38","guid":{"rendered":"https:\/\/larevistadigital.com.ar\/blog\/?p=1637"},"modified":"2017-03-26T22:51:38","modified_gmt":"2017-03-26T22:51:38","slug":"fuertes-reclamos-de-delia-y-sabattella-por-tener-mas-participacion-en-eventos-politicos","status":"publish","type":"post","link":"https:\/\/larevistadigital.com.ar\/blog\/fuertes-reclamos-de-delia-y-sabattella-por-tener-mas-participacion-en-eventos-politicos\/","title":{"rendered":"FUERTES  RECLAMOS DE  D&#8217;EL\u00cdA  Y SABATTELLA POR TENER M\u00c1S PARTICIPACION EN EVENTOS POL\u00cdTICOS"},"content":{"rendered":"<h2><strong><em>El portal de noticias Infobae tuvo acceso a algunos audios en los que se escucha a los dirigentes kirchneristas haciendo saber su enojo por no ser tenidos en cuenta como ellos creen que debe ser.<\/em><\/strong><\/h2>\n<p><strong>Oscar Parrilli<\/strong>, es quien se encarga de la agenda pol\u00edtica de <strong>Cristina Fern\u00e1ndez de Kirchner<\/strong>, desde que \u00e9sta dej\u00f3 de ser presidente de la Naci\u00f3n, organizando actos pol\u00edticos, reducidos, encuentros privados o actos de masiva concurrencia.<\/p>\n<blockquote><p><strong>De acuerdo a lo expresado en Infobae, se desprende de los audios que cada semana de la \u00a0ex presidente se planifica con cuidado y como m\u00ednimo con una semana de antelaci\u00f3n, eligiendo lugar, caracter\u00edsticas, e invitados y participantes de los eventos, actos o actividades de la \u201cse\u00f1ora\u201d.<\/strong><\/p><\/blockquote>\n<p>Esto provoc\u00f3 las quejas de algunos \u201ccompa\u00f1eros\u201d por no ser tenidos en cuenta de acuerdo a sus aspiraciones o a lo que ellos creen que debe ser, inclusive en algunos casos reclamando la presencia de \u201cla jefa\u201d en sus actividades.<\/p>\n<p>Tal es el caso de <strong>Luis D\u2019El\u00eda<\/strong>\u00a0 y <strong>Mart\u00edn Sabattella<\/strong>.<\/p>\n<p>El primero, es un llamado de <strong>D\u2019el\u00eda <\/strong>a <strong>Oscar Parrilli <\/strong>el 27 de julio de 2016, que le reclama por n haber sido invitado a un evento de homenaje al fallecido presidente Venezolano, <strong>Hugo Ch\u00e1vez<\/strong>.<\/p>\n<p><strong>Aqu\u00ed la transcripci\u00f3n del di\u00e1logo:<\/strong><\/p>\n<p><em><strong>-Luis D&#8217;El\u00eda:<\/strong><\/em><em> Che, ma\u00f1ana es el homenaje a <strong>Ch\u00e1vez<\/strong>, \u00bfno?<\/em><\/p>\n<p><em><strong>-Oscar Parrilli:<\/strong><\/em><em> Exactamente, s\u00ed, s\u00ed.<\/em><\/p>\n<p><em><strong>-LD:<\/strong><\/em><em> Porque no nos lleg\u00f3 nada a nosotros, bah, a m\u00ed me invitaron los venezolanos.<\/em><\/p>\n<p><em><strong>-OP:<\/strong><\/em><em> Ah, est\u00e1 bien, bienvenido, obviamente.<\/em><\/p>\n<p><em><strong>-LD:<\/strong><\/em><em> S\u00ed, obviamente voy a ir. \u00bfC\u00f3mo es el acto?<\/em><\/p>\n<p><em><strong>-OP:<\/strong><\/em><em> El acto va a ser un panel en el que est\u00e1 el embajador, <strong>Agust\u00edn Rossi<\/strong>, <strong>Estela Caloni<\/strong> y de moderador <strong>Luis Bruschtein<\/strong>. Y despu\u00e9s a la noche, a las diez, va a llegar <strong>Cristina<\/strong> m\u00e1s o menos, que viene de El Calafate y va a llegar al final, va a llegar tarde.<\/em><\/p>\n<p><em><strong>-LD:<\/strong><\/em><em>\u00a0<\/em><em>Ah mir\u00e1. Che, a ver si en alg\u00fan panel nos ponen porque yo podr\u00eda estar m\u00e1s que el chivo <strong>Rossi <\/strong>ah\u00ed. <strong>Ch\u00e1vez<\/strong> fue amigo de tiempos inmemoriables, digo, qu\u00e9 l\u00e1stima que nunca estamos para nada ah\u00ed del Instituto Patria. No sabemos nada, <strong>Oscar<\/strong>, nosotros.<\/em><\/p>\n<p><em><strong>-OP:<\/strong><\/em><em> Jaja bueno, estamos invitando a todo el mundo.<\/em><\/p>\n<p><em><strong>-LD:<\/strong><\/em><em> No parece, porque a nosotros no nos llega nada la verdad, pero bueno\u2026<\/em><\/p>\n<p><em><strong>-OP:<\/strong><\/em><em> Bueno, pero\u2026<\/em><\/p>\n<p><em><strong>-LD:<\/strong><\/em><em> Nos vemos ma\u00f1ana.<\/em><\/p>\n<p><em><strong>-OP:<\/strong><\/em><em> Ma\u00f1ana, nos vemos, s\u00ed, s\u00ed, no hay problema.<\/em><\/p>\n<p><em><strong>-LD:<\/strong><\/em><em> Pero fijate\u2026<\/em><\/p>\n<p><em><strong>-OP:<\/strong><\/em><em> Bueno, lo tengo presente.<\/em><\/p>\n<p><em><strong>-LD:<\/strong><\/em><em>\u00a0<\/em><em>Porque yo voy a empezar a patalear ahora, yo voy a empezar a pelear mi lugar, te aviso, en todo esto. Porque en algunos esquemas nosotros no hablar\u00edamos nunca en un acto, \u00bfme entend\u00e9s? y eso me parece que es tiempo pasado.<\/em><\/p>\n<p><em><strong>-OP:<\/strong><\/em><em> Bueno, tomo nota de lo que me dec\u00eds.<\/em><\/p>\n<p><em><strong>-LD:<\/strong><\/em><em> Tom\u00e1 nota, te lo digo para que tomes nota. Gracias Oscar, un abrazo.<\/em><\/p>\n<p><em><strong>-OP:<\/strong><\/em><em> Un abrazo, chau.<\/em><\/p>\n<p><em>Luego, apenas tres d\u00edas despu\u00e9s el di\u00e1logo fue con <strong>Mart\u00edn Sabatella<\/strong> y el desarrollo fue bastante similar. Esta vez el enojo del ex titular del AFSCA es por un acto de La C\u00e1mpora.<\/em><\/p>\n<p><em><strong>Aqu\u00ed la transcripci\u00f3n del di\u00e1logo:<\/strong><\/em><\/p>\n<p><strong><em>-Mart\u00edn Sabbatella:<\/em><\/strong><em> <strong>Oscar<\/strong>, \u00bfc\u00f3mo te va? <strong>Mart\u00edn.<\/strong><\/em><\/p>\n<p><strong><em>-Oscar Parrilli:<\/em><\/strong><em> Ah, <strong>Mart\u00edn<\/strong>, \u00bfqu\u00e9 dec\u00eds?<\/em><\/p>\n<p><strong><em>-MS:<\/em><\/strong><em> No, bien, re caliente igual, re caliente, porque es una boludez lo que hacemos pero bueno no importa\u2026<\/em><\/p>\n<p><strong><em>-OP:<\/em><\/strong><em> \u00bfPor qu\u00e9?<\/em><\/p>\n<p><strong><em>-MS:<\/em><\/strong><em> No, porque s\u00ed, porque venden un plenario que no es cierto que es de todos, todos los compa\u00f1eros nuestros preocupados, se sienten afuera, innecesario, innecesario. Estamos tratando de ser cuidadosos y hacemos un plenario, \u00bfentend\u00e9s? que ahora los llaman a los compa\u00f1eros nuestros para disimular, para tratar de que sea de todos algo que no era de todos. Vamos a hacerlo porque ponemos por delante a <strong>Cristina<\/strong> y ponemos por delante todo, pero no est\u00e1 bien porque deja cosas al pedo mal hechas, porque te quieren llevar a patadas en el culo y\u00a0yo se los avis\u00e9 a todos mil veces, se lo avis\u00e9 a El Cuervo <strong>(Larroque)<\/strong> mil veces: nosotros ponemos el cuerpo a morir ac\u00e1, ahora, a patadas en el culo no me llevan ni al para\u00edso. Gestos de que pongo el cuerpo sin medir y especular sobran, ahora, a patadas en el orto no nos llevan ni al para\u00edso. Entonces, ir a mentir que es un plenario de todos cuando es un plenario de ellos (La C\u00e1mpora) y despu\u00e9s te piden que vayan cuatro pibes con remera para disimular que es de todos, conmigo no.\u00a0Si no fuera por <strong>Cristina <\/strong>lo que hago es que no vaya nadie, que no vaya nadie, pero como es <strong>Cristina<\/strong>, como pongo por delante eso voy a hacer ayudar a disimular para convertir algo que no era nuestro en algo que es de todos. Los compa\u00f1eros se sienten que los invitan a una fiesta que no es de ellos, \u00bfpor qu\u00e9 no hacemos una fiesta entre todos?<\/em><\/p>\n<p><strong><em>-OP:<\/em><\/strong><em> Bueno, no s\u00e9 c\u00f3mo se arm\u00f3, dejame que me meta.<\/em><\/p>\n<p><strong><em>-MS:<\/em><\/strong><em> \u00a1No! Yo lo que te pido es despu\u00e9s charlemoslo porque lo \u00fanico que te pido si las decisiones las toma <strong>Cristina.<\/strong><\/em><\/p>\n<p><strong><em>-OP:<\/em><\/strong><em> El tema es que me parece que empez\u00f3 como una cosa\u2026<\/em><\/p>\n<p><strong><em>-MS:<\/em><\/strong><em> No, <strong>Oscar<\/strong>, lo s\u00e9 de memoria, <strong>Oscar<\/strong>, lo conozco todo.\u00a0Un plenario es el secundario de La C\u00e1mpora que van y lo venden como hicieron siempre que es de todos, porque si le llegaban a decir a <strong>Cristina<\/strong> la verdad era un problema y ahora nos llaman a nosotros porque saben que somos compa\u00f1eros, para disimular.\u00a0Pero es una boludez porque es mejor hacer una cosa entre todos, buscar el mejor lugar, hacer las cosas. Yo lo que te digo a vos, con el cual tengo mucha valoraci\u00f3n y vos sabes lo que hacemos, yo no quiero estar donde no corresponde pero digo por lo menos opinar, decirle mira, sentarme en una mesa y opinar, despu\u00e9s la decisi\u00f3n la toma <strong>Cristina<\/strong> y hacemos todo lo que ella quiera.<\/em><\/p>\n<p><strong><em>-OP:<\/em><\/strong><em> Dejame que me\u2026 dejame que me&#8230;<\/em><\/p>\n<p><strong><em>-MS:<\/em><\/strong><em> Yo igual, hoy van a ir todos los compa\u00f1eros, van a hacer todo lo que tengan que hacer, todo lo que sea, pero digo, tenemos que sentarnos y pensar las cosas.<\/em><\/p>\n<p><strong><em>-OP:<\/em><\/strong><em> Ya lo s\u00e9, entiendo tu preocupaci\u00f3n.<\/em><\/p>\n<p><strong><em>-MS:<\/em><\/strong><em> Porque adem\u00e1s es una cuesti\u00f3n de caracter\u00edsticas, nosotros a patadas en el orto no vamos ni al para\u00edso, no vamos.<\/em><\/p>\n<p><strong><em>-OP: <\/em><\/strong><em>No, no, ya s\u00e9. Bueno escuchame, ya hiciste el acto ah\u00ed en coso, \u00bfno?<\/em><\/p>\n<p><strong><em>-MS:<\/em><\/strong><em> Pero tranquilo, nada, \u00bfest\u00e1? Que salga, que salga lo mejor posible, adem\u00e1s no le hace bien a Cristina.<\/em><\/p>\n<p><strong><em>-OP:<\/em><\/strong><em> No, est\u00e1 claro, ya lo s\u00e9, s\u00ed s\u00ed, dejame que\u2026<\/em><\/p>\n<p><strong><em>-MS:<\/em><\/strong><em>\u00a0Pero nos encerramos, nos encerramos, nos achicamos, queremos construir una nueva mayor\u00eda y nos achicamos, nos achicamos siempre en el mismo lugar y siempre en la misma forma al pedo.<\/em><\/p>\n<p><strong><em>-OP:<\/em><\/strong><em> Bueno, bueno, dejame que me meto en el tema.<\/em><\/p>\n<p><strong><em>-MS:<\/em><\/strong><em> Pero bueno, nada, charlemos, cuando quieras nos juntamos. Te dejo un abrazo.<\/em><\/p>\n<p><strong><em>-OP:<\/em><\/strong><em> Dale un abrazo, chau, chau.<\/em><\/p>\n<p>&nbsp;<\/p>\n<p>&nbsp;<\/p>\n","protected":false},"excerpt":{"rendered":"<div class=\"mh-excerpt\"><p>El portal de noticias Infobae tuvo acceso a algunos audios en los que se escucha a los dirigentes kirchneristas haciendo saber su enojo por no ser tenidos en cuenta como ellos creen que debe ser. <a class=\"mh-excerpt-more\" href=\"https:\/\/larevistadigital.com.ar\/blog\/fuertes-reclamos-de-delia-y-sabattella-por-tener-mas-participacion-en-eventos-politicos\/\" title=\"FUERTES  RECLAMOS DE  D&#8217;EL\u00cdA  Y SABATTELLA POR TENER M\u00c1S PARTICIPACION EN EVENTOS POL\u00cdTICOS\">[Leer M\u00e1s]<\/a><\/p>\n<\/div>","protected":false},"author":3,"featured_media":1641,"comment_status":"open","ping_status":"open","sticky":false,"template":"","format":"standard","meta":{"_jetpack_memberships_contains_paid_content":false,"footnotes":"","jetpack_publicize_message":"","jetpack_publicize_feature_enabled":true,"jetpack_social_post_already_shared":true,"jetpack_social_options":{"image_generator_settings":{"template":"highway","default_image_id":0,"font":"","enabled":false},"version":2}},"categories":[41,25],"tags":[],"class_list":{"0":"post-1637","1":"post","2":"type-post","3":"status-publish","4":"format-standard","5":"has-post-thumbnail","7":"category-destacadas","8":"category-politica-nacional"},"jetpack_publicize_connections":[],"jetpack_featured_media_url":"https:\/\/i0.wp.com\/larevistadigital.com.ar\/blog\/wp-content\/uploads\/2017\/03\/Luis-Delia-Martin-Sabbatella-1920.jpg?fit=600%2C337&ssl=1","jetpack_sharing_enabled":true,"jetpack_shortlink":"https:\/\/wp.me\/p8qtrQ-qp","jetpack-related-posts":[{"id":37778,"url":"https:\/\/larevistadigital.com.ar\/blog\/milei-viaja-a-eeuu-con-la-intencion-de-reunirse-con-donald-trump-antes-de-su-asuncion\/","url_meta":{"origin":1637,"position":0},"title":"Milei viaja a EEUU con la intenci\u00f3n de reunirse con Donald Trump antes de su asunci\u00f3n","author":"Alejandro Sosa Ruda","date":"7 noviembre, 2024","format":false,"excerpt":"El presidente se comunic\u00f3 telef\u00f3nicamente con Trump, y dialogaron unos minutos. 7 de Noviembre de 2024 Luego de varios intentos, el presidente Javier Milei logr\u00f3 comunicarse con el presidente electo de los Estados Unidos, Donald Trump, y mantuvieron un di\u00e1logo durante algunos minutos. Lo destacado de la charla, al m\u00e1rgen\u2026","rel":"","context":"En \u00abDESTACADAS\u00bb","block_context":{"text":"DESTACADAS","link":"https:\/\/larevistadigital.com.ar\/blog\/category\/destacadas\/"},"img":{"alt_text":"","src":"https:\/\/i0.wp.com\/larevistadigital.com.ar\/blog\/wp-content\/uploads\/Captura-de-pantalla-2024-11-07-005736.png?fit=701%2C386&ssl=1&resize=350%2C200","width":350,"height":200,"srcset":"https:\/\/i0.wp.com\/larevistadigital.com.ar\/blog\/wp-content\/uploads\/Captura-de-pantalla-2024-11-07-005736.png?fit=701%2C386&ssl=1&resize=350%2C200 1x, https:\/\/i0.wp.com\/larevistadigital.com.ar\/blog\/wp-content\/uploads\/Captura-de-pantalla-2024-11-07-005736.png?fit=701%2C386&ssl=1&resize=525%2C300 1.5x, https:\/\/i0.wp.com\/larevistadigital.com.ar\/blog\/wp-content\/uploads\/Captura-de-pantalla-2024-11-07-005736.png?fit=701%2C386&ssl=1&resize=700%2C400 2x"},"classes":[]},{"id":1981,"url":"https:\/\/larevistadigital.com.ar\/blog\/finalmente-el-gobierno-porteno-autorizo-la-instalacion-de-una-escuela-itinerante\/","url_meta":{"origin":1637,"position":1},"title":"FINALMENTE EL GOBIERNO PORTE\u00d1O AUTORIZ\u00d3 LA INSTALACI\u00d3N DE UNA \u201cESCUELA ITINERANTE\u201d","author":"Alejandro Sosa Ruda","date":"11 abril, 2017","format":false,"excerpt":"El gobierno porte\u00f1o autoriz\u00f3 a los gremios docentes a instalar una escuela itinerante en la Plaza Congreso. Fuentes oficiales confirmaron al portal de noticias \u00a0Infobae\u00a0que los maestros podr\u00e1n montar la carpa a partir de esta tarde, a las 19. El domingo, los sindicalistas hab\u00edan sido desalojados por la polic\u00eda porte\u00f1a.\u2026","rel":"","context":"En \u00abDESTACADAS\u00bb","block_context":{"text":"DESTACADAS","link":"https:\/\/larevistadigital.com.ar\/blog\/category\/destacadas\/"},"img":{"alt_text":"","src":"https:\/\/i0.wp.com\/larevistadigital.com.ar\/blog\/wp-content\/uploads\/2017\/04\/Desarme-escuela-itinerante-Congreso-aereas-drone-1920-6.jpg?fit=650%2C366&ssl=1&resize=350%2C200","width":350,"height":200,"srcset":"https:\/\/i0.wp.com\/larevistadigital.com.ar\/blog\/wp-content\/uploads\/2017\/04\/Desarme-escuela-itinerante-Congreso-aereas-drone-1920-6.jpg?fit=650%2C366&ssl=1&resize=350%2C200 1x, https:\/\/i0.wp.com\/larevistadigital.com.ar\/blog\/wp-content\/uploads\/2017\/04\/Desarme-escuela-itinerante-Congreso-aereas-drone-1920-6.jpg?fit=650%2C366&ssl=1&resize=525%2C300 1.5x"},"classes":[]},{"id":44697,"url":"https:\/\/larevistadigital.com.ar\/blog\/24-de-marzo-sillas-vacias-en-chascomus-la-ausencia-de-milei-en-los-actos-y-un-eco-local-que-podria-significar-tensiones-politicas-en-un-futuro-cercano\/","url_meta":{"origin":1637,"position":2},"title":"24 de Marzo\/ sillas vac\u00edas en Chascom\u00fas: la ausencia de Milei en los actos y un eco local que podr\u00eda significar tensiones pol\u00edticas en un futuro cercano","author":"Alejandro Sosa Ruda","date":"25 marzo, 2026","format":false,"excerpt":"El Presidente no particip\u00f3 de conmemoraciones por el 50\u00b0 aniversario del golpe y difundi\u00f3 un mensaje alternativo. En Chascom\u00fas, la ausencia del titular del Concejo tambi\u00e9n gener\u00f3 repercusiones y abre interrogantes pol\u00edticos. 24 de Marzo de 2026 CHASCOM\u00daS -\u00a0 \u00a0En una jornada cargada de memoria, reflexi\u00f3n y fuerte contenido simb\u00f3lico\u2026","rel":"","context":"En \u00abCHASCOM\u00daS\u00bb","block_context":{"text":"CHASCOM\u00daS","link":"https:\/\/larevistadigital.com.ar\/blog\/category\/chascomus\/"},"img":{"alt_text":"","src":"https:\/\/i0.wp.com\/larevistadigital.com.ar\/blog\/wp-content\/uploads\/WhatsApp-Image-2026-03-25-at-06.37.37.jpeg?fit=800%2C1200&ssl=1&resize=350%2C200","width":350,"height":200,"srcset":"https:\/\/i0.wp.com\/larevistadigital.com.ar\/blog\/wp-content\/uploads\/WhatsApp-Image-2026-03-25-at-06.37.37.jpeg?fit=800%2C1200&ssl=1&resize=350%2C200 1x, https:\/\/i0.wp.com\/larevistadigital.com.ar\/blog\/wp-content\/uploads\/WhatsApp-Image-2026-03-25-at-06.37.37.jpeg?fit=800%2C1200&ssl=1&resize=525%2C300 1.5x, https:\/\/i0.wp.com\/larevistadigital.com.ar\/blog\/wp-content\/uploads\/WhatsApp-Image-2026-03-25-at-06.37.37.jpeg?fit=800%2C1200&ssl=1&resize=700%2C400 2x"},"classes":[]},{"id":14696,"url":"https:\/\/larevistadigital.com.ar\/blog\/delia-al-presidente-soy-preso-del-actual-turno-democratico\/","url_meta":{"origin":1637,"position":3},"title":"D&#8217;EL\u00cdA AL PRESIDENTE: \u00abSOY PRESO DEL ACTUAL TURNO DEMOCR\u00c1TICO\u00bb","author":"Alejandro Sosa Ruda","date":"10 febrero, 2020","format":false,"excerpt":"El dirigente social detenido en Ezeiza critic\u00f3 al Presidente, que hab\u00eda asegurado que \u00e9l no tiene \u201cpresos pol\u00edticos\u201d, por la discusi\u00f3n que iniciaron Cafiero y De Vido. Aunque nadie lo esperaba, el tema de si \"hay o no\"\u00a0 presos pol\u00edticos en la Argentina, ha provocado chisporroteos internos en el gobierno,\u2026","rel":"","context":"En \u00abINTERES GENERAL\u00bb","block_context":{"text":"INTERES GENERAL","link":"https:\/\/larevistadigital.com.ar\/blog\/category\/interes-general\/"},"img":{"alt_text":"","src":"https:\/\/i0.wp.com\/larevistadigital.com.ar\/blog\/wp-content\/uploads\/luis-delia-alberto-fernandez-914382.jpg?fit=1140%2C641&ssl=1&resize=350%2C200","width":350,"height":200,"srcset":"https:\/\/i0.wp.com\/larevistadigital.com.ar\/blog\/wp-content\/uploads\/luis-delia-alberto-fernandez-914382.jpg?fit=1140%2C641&ssl=1&resize=350%2C200 1x, https:\/\/i0.wp.com\/larevistadigital.com.ar\/blog\/wp-content\/uploads\/luis-delia-alberto-fernandez-914382.jpg?fit=1140%2C641&ssl=1&resize=525%2C300 1.5x, https:\/\/i0.wp.com\/larevistadigital.com.ar\/blog\/wp-content\/uploads\/luis-delia-alberto-fernandez-914382.jpg?fit=1140%2C641&ssl=1&resize=700%2C400 2x, https:\/\/i0.wp.com\/larevistadigital.com.ar\/blog\/wp-content\/uploads\/luis-delia-alberto-fernandez-914382.jpg?fit=1140%2C641&ssl=1&resize=1050%2C600 3x"},"classes":[]},{"id":26866,"url":"https:\/\/larevistadigital.com.ar\/blog\/batakis-fue-designada-como-presidenta-del-banco-nacion\/","url_meta":{"origin":1637,"position":4},"title":"BATAKIS FUE DESIGNADA COMO PRESIDENTA DEL BANCO NACI\u00d3N","author":"Alejandro Sosa Ruda","date":"28 julio, 2022","format":false,"excerpt":"Luego de tres semanas como ministra de Econom\u00eda, reemplazar\u00e1 a Eduardo Hecker El presidente Alberto Fern\u00e1ndez design\u00f3 a Silvina Batakis como presidenta del Banco Naci\u00f3n en reemplazo de Eduardo Hecker. De esa manera, finaliz\u00f3 el mandato de Batakis al frente del Ministerio de Econom\u00eda apenas 24 d\u00edas despu\u00e9s de haber\u2026","rel":"","context":"En \u00abINTERES GENERAL\u00bb","block_context":{"text":"INTERES GENERAL","link":"https:\/\/larevistadigital.com.ar\/blog\/category\/interes-general\/"},"img":{"alt_text":"","src":"https:\/\/i0.wp.com\/larevistadigital.com.ar\/blog\/wp-content\/uploads\/silvina-batakis-20220711-1385086.jpg?fit=950%2C534&ssl=1&resize=350%2C200","width":350,"height":200,"srcset":"https:\/\/i0.wp.com\/larevistadigital.com.ar\/blog\/wp-content\/uploads\/silvina-batakis-20220711-1385086.jpg?fit=950%2C534&ssl=1&resize=350%2C200 1x, https:\/\/i0.wp.com\/larevistadigital.com.ar\/blog\/wp-content\/uploads\/silvina-batakis-20220711-1385086.jpg?fit=950%2C534&ssl=1&resize=525%2C300 1.5x, https:\/\/i0.wp.com\/larevistadigital.com.ar\/blog\/wp-content\/uploads\/silvina-batakis-20220711-1385086.jpg?fit=950%2C534&ssl=1&resize=700%2C400 2x"},"classes":[]},{"id":13306,"url":"https:\/\/larevistadigital.com.ar\/blog\/emotivo-homenaje-a-monzo-con-todo-el-congreso-aplaudiendo-de-pie\/","url_meta":{"origin":1637,"position":5},"title":"EMOTIVO HOMENAJE A MONZ\u00d3 CON TODO EL CONGRESO APLAUDIENDO DE PI\u00c9","author":"Alejandro Sosa Ruda","date":"20 noviembre, 2019","format":false,"excerpt":"En la que ser\u00eda la \u00faltima sesi\u00f3n del a\u00f1o, diputados de todos los colores pol\u00edticos reconocieron la labor del presidente de la C\u00e1mara Baja. En las \u00faltimas sesiones de los cuerpos legislativos, generalmente se hacen despedidas a los diputados que deben abandonar las c\u00e1maras. Suelen ser frases protocolares y, muchas\u2026","rel":"","context":"En \u00abINTERES GENERAL\u00bb","block_context":{"text":"INTERES GENERAL","link":"https:\/\/larevistadigital.com.ar\/blog\/category\/interes-general\/"},"img":{"alt_text":"","src":"https:\/\/i0.wp.com\/larevistadigital.com.ar\/blog\/wp-content\/uploads\/0037163616.jpg?fit=730%2C410&ssl=1&resize=350%2C200","width":350,"height":200,"srcset":"https:\/\/i0.wp.com\/larevistadigital.com.ar\/blog\/wp-content\/uploads\/0037163616.jpg?fit=730%2C410&ssl=1&resize=350%2C200 1x, https:\/\/i0.wp.com\/larevistadigital.com.ar\/blog\/wp-content\/uploads\/0037163616.jpg?fit=730%2C410&ssl=1&resize=525%2C300 1.5x, https:\/\/i0.wp.com\/larevistadigital.com.ar\/blog\/wp-content\/uploads\/0037163616.jpg?fit=730%2C410&ssl=1&resize=700%2C400 2x"},"classes":[]}],"_links":{"self":[{"href":"https:\/\/larevistadigital.com.ar\/blog\/wp-json\/wp\/v2\/posts\/1637","targetHints":{"allow":["GET"]}}],"collection":[{"href":"https:\/\/larevistadigital.com.ar\/blog\/wp-json\/wp\/v2\/posts"}],"about":[{"href":"https:\/\/larevistadigital.com.ar\/blog\/wp-json\/wp\/v2\/types\/post"}],"author":[{"embeddable":true,"href":"https:\/\/larevistadigital.com.ar\/blog\/wp-json\/wp\/v2\/users\/3"}],"replies":[{"embeddable":true,"href":"https:\/\/larevistadigital.com.ar\/blog\/wp-json\/wp\/v2\/comments?post=1637"}],"version-history":[{"count":1,"href":"https:\/\/larevistadigital.com.ar\/blog\/wp-json\/wp\/v2\/posts\/1637\/revisions"}],"predecessor-version":[{"id":1639,"href":"https:\/\/larevistadigital.com.ar\/blog\/wp-json\/wp\/v2\/posts\/1637\/revisions\/1639"}],"wp:featuredmedia":[{"embeddable":true,"href":"https:\/\/larevistadigital.com.ar\/blog\/wp-json\/wp\/v2\/media\/1641"}],"wp:attachment":[{"href":"https:\/\/larevistadigital.com.ar\/blog\/wp-json\/wp\/v2\/media?parent=1637"}],"wp:term":[{"taxonomy":"category","embeddable":true,"href":"https:\/\/larevistadigital.com.ar\/blog\/wp-json\/wp\/v2\/categories?post=1637"},{"taxonomy":"post_tag","embeddable":true,"href":"https:\/\/larevistadigital.com.ar\/blog\/wp-json\/wp\/v2\/tags?post=1637"}],"curies":[{"name":"wp","href":"https:\/\/api.w.org\/{rel}","templated":true}]}}