{"id":164,"date":"2017-02-12T01:51:08","date_gmt":"2017-02-12T01:51:08","guid":{"rendered":"https:\/\/larevistadigital.com.ar\/blog\/?p=164"},"modified":"2017-02-12T01:51:08","modified_gmt":"2017-02-12T01:51:08","slug":"la-belgranense-ines-gimenez-bonnefon-participara-concurso-reinas-nacionales","status":"publish","type":"post","link":"https:\/\/larevistadigital.com.ar\/blog\/la-belgranense-ines-gimenez-bonnefon-participara-concurso-reinas-nacionales\/","title":{"rendered":"LA BELGRANENSE INES GIMENEZ BONNEFON PARTICIPARA EN EL CONCURSO DE REINAS NACIONALES"},"content":{"rendered":"<div class=\"m_-1110002292045847522gmail-\">\n<div class=\"m_-1110002292045847522gmail-_1mf m_-1110002292045847522gmail-_1mj\">La actual Reina de nuestro Carnaval, y Reina Nacional de la Miel, participar\u00e1 este fin de semana del concurso de Reinas Nacionales, que se desarrollar\u00e1 en la ciudad de Carlos Pellegrini, Santa Fe.<\/div>\n<\/div>\n<div class=\"m_-1110002292045847522gmail-\">\n<div class=\"m_-1110002292045847522gmail-_1mf m_-1110002292045847522gmail-_1mj\">Participan del evento 37 postulantes que ya son Reinas Nacionales de distintos puntos del Pais.<\/div>\n<\/div>\n<div class=\"m_-1110002292045847522gmail-\">\n<div class=\"m_-1110002292045847522gmail-_1mf m_-1110002292045847522gmail-_1mj\">Ademas In\u00e9s, llevar\u00e1 folleteria de nuestra ciudad para entregar en la Fiesta, que contar\u00e1 con la presencia de Jairo y Los Calligaris.<\/div>\n<div class=\"m_-1110002292045847522gmail-_1mf m_-1110002292045847522gmail-_1mj\"><a href=\"https:\/\/i0.wp.com\/larevistadigital.com.ar\/blog\/wp-content\/uploads\/2017\/02\/GBREINA.jpg?ssl=1\"><img data-recalc-dims=\"1\" loading=\"lazy\" decoding=\"async\" class=\"alignnone  wp-image-165\" src=\"https:\/\/i0.wp.com\/larevistadigital.com.ar\/blog\/wp-content\/uploads\/2017\/02\/GBREINA.jpg?resize=620%2C333&#038;ssl=1\" alt=\"\" width=\"620\" height=\"333\" srcset=\"https:\/\/i0.wp.com\/larevistadigital.com.ar\/blog\/wp-content\/uploads\/2017\/02\/GBREINA.jpg?resize=300%2C161&amp;ssl=1 300w, https:\/\/i0.wp.com\/larevistadigital.com.ar\/blog\/wp-content\/uploads\/2017\/02\/GBREINA.jpg?resize=678%2C365&amp;ssl=1 678w, https:\/\/i0.wp.com\/larevistadigital.com.ar\/blog\/wp-content\/uploads\/2017\/02\/GBREINA.jpg?w=680&amp;ssl=1 680w\" sizes=\"auto, (max-width: 620px) 100vw, 620px\" \/><\/a><\/div>\n<div class=\"m_-1110002292045847522gmail-_1mf m_-1110002292045847522gmail-_1mj\"><\/div>\n<\/div>\n","protected":false},"excerpt":{"rendered":"<div class=\"mh-excerpt\"><p>La actual Reina de nuestro Carnaval, y Reina Nacional de la Miel, participar\u00e1 este fin de semana del concurso de Reinas Nacionales, que se desarrollar\u00e1 en la ciudad de Carlos Pellegrini, Santa Fe. Participan del <a class=\"mh-excerpt-more\" href=\"https:\/\/larevistadigital.com.ar\/blog\/la-belgranense-ines-gimenez-bonnefon-participara-concurso-reinas-nacionales\/\" title=\"LA BELGRANENSE INES GIMENEZ BONNEFON PARTICIPARA EN EL CONCURSO DE REINAS NACIONALES\">[Leer M\u00e1s]<\/a><\/p>\n<\/div>","protected":false},"author":2,"featured_media":165,"comment_status":"open","ping_status":"open","sticky":false,"template":"","format":"standard","meta":{"_jetpack_memberships_contains_paid_content":false,"footnotes":"","jetpack_publicize_message":"","jetpack_publicize_feature_enabled":true,"jetpack_social_post_already_shared":false,"jetpack_social_options":{"image_generator_settings":{"template":"highway","default_image_id":0,"font":"","enabled":false},"version":2}},"categories":[3],"tags":[],"class_list":{"0":"post-164","1":"post","2":"type-post","3":"status-publish","4":"format-standard","5":"has-post-thumbnail","7":"category-general-belgrano"},"jetpack_publicize_connections":[],"jetpack_featured_media_url":"https:\/\/i0.wp.com\/larevistadigital.com.ar\/blog\/wp-content\/uploads\/2017\/02\/GBREINA.jpg?fit=680%2C365&ssl=1","jetpack_sharing_enabled":true,"jetpack_shortlink":"https:\/\/wp.me\/p8qtrQ-2E","jetpack-related-posts":[{"id":19524,"url":"https:\/\/larevistadigital.com.ar\/blog\/el-concurso-provincial-de-mieles-fue-anunciado-por-desarrollo-agrario\/","url_meta":{"origin":164,"position":0},"title":"EL CONCURSO PROVINCIAL DE MIELES, FUE ANUNCIADO POR DESARROLLO AGRARIO","author":"Alejandro Sosa Ruda","date":"29 marzo, 2021","format":false,"excerpt":"El ministro, Javier Rodr\u00edguez, realiz\u00f3 la apertura del 4\u00b0 Encuentro Nacional de Criadores de Abejas Reinas. El Ministro de Desarrollo Agrario de la provincia de Buenos Aires, Javier Rodr\u00edguez, encabez\u00f3 ayer el 4\u00b0 Encuentro Nacional de Criadores de Abejas Reinas organizado por nuestra Chacra Apiario Pedro Bover bajo la modalidad\u2026","rel":"","context":"En \u00abSin categor\u00eda\u00bb","block_context":{"text":"Sin categor\u00eda","link":"https:\/\/larevistadigital.com.ar\/blog\/category\/sin-categoria\/"},"img":{"alt_text":"","src":"https:\/\/i0.wp.com\/larevistadigital.com.ar\/blog\/wp-content\/uploads\/af493ac74ab5874e69c6063207f7a69dd925c58a.jpeg?fit=1140%2C759&ssl=1&resize=350%2C200","width":350,"height":200,"srcset":"https:\/\/i0.wp.com\/larevistadigital.com.ar\/blog\/wp-content\/uploads\/af493ac74ab5874e69c6063207f7a69dd925c58a.jpeg?fit=1140%2C759&ssl=1&resize=350%2C200 1x, https:\/\/i0.wp.com\/larevistadigital.com.ar\/blog\/wp-content\/uploads\/af493ac74ab5874e69c6063207f7a69dd925c58a.jpeg?fit=1140%2C759&ssl=1&resize=525%2C300 1.5x, https:\/\/i0.wp.com\/larevistadigital.com.ar\/blog\/wp-content\/uploads\/af493ac74ab5874e69c6063207f7a69dd925c58a.jpeg?fit=1140%2C759&ssl=1&resize=700%2C400 2x, https:\/\/i0.wp.com\/larevistadigital.com.ar\/blog\/wp-content\/uploads\/af493ac74ab5874e69c6063207f7a69dd925c58a.jpeg?fit=1140%2C759&ssl=1&resize=1050%2C600 3x"},"classes":[]},{"id":5075,"url":"https:\/\/larevistadigital.com.ar\/blog\/belen-otegui-la-reina-los-carnavales-2018\/","url_meta":{"origin":164,"position":1},"title":"Belen Otegui es la Reina de los Carnavales 2018","author":"admin","date":"14 febrero, 2018","format":false,"excerpt":"La representante del Campo de Deportes del Club Cobo es la nueva Soberana, Primera Princesa fue elegida Martina Amadeo (Club Cobo) y Segunda Princesa Milagros Garc\u00eda (Pe\u00f1a Lezama es Boca). Durante cuatro noches los Lezamaneses y vecinos de la zona, disfrutaron de los distintos espect\u00e1culos que ofrecieron los corsos 2018\u2026","rel":"","context":"En \u00abLEZAMA\u00bb","block_context":{"text":"LEZAMA","link":"https:\/\/larevistadigital.com.ar\/blog\/category\/lezama\/"},"img":{"alt_text":"","src":"https:\/\/i0.wp.com\/larevistadigital.com.ar\/blog\/wp-content\/uploads\/2018\/03\/resize_1518630455.jpg?fit=960%2C638&ssl=1&resize=350%2C200","width":350,"height":200,"srcset":"https:\/\/i0.wp.com\/larevistadigital.com.ar\/blog\/wp-content\/uploads\/2018\/03\/resize_1518630455.jpg?fit=960%2C638&ssl=1&resize=350%2C200 1x, https:\/\/i0.wp.com\/larevistadigital.com.ar\/blog\/wp-content\/uploads\/2018\/03\/resize_1518630455.jpg?fit=960%2C638&ssl=1&resize=525%2C300 1.5x, https:\/\/i0.wp.com\/larevistadigital.com.ar\/blog\/wp-content\/uploads\/2018\/03\/resize_1518630455.jpg?fit=960%2C638&ssl=1&resize=700%2C400 2x"},"classes":[]},{"id":12423,"url":"https:\/\/larevistadigital.com.ar\/blog\/el-coro-mixto-de-chascomus-participara-en-coraliada-2019\/","url_meta":{"origin":164,"position":2},"title":"EL CORO MIXTO DE CHASCOM\u00daS PARTICIPAR\u00c1 EN \u00abCORALIADA 2019\u00bb","author":"Alejandro Sosa Ruda","date":"1 octubre, 2019","format":false,"excerpt":"El Coro Mixto Chascom\u00fas participar\u00e1 en Coraliada 2019 en la ciudad de Necochea del 3 al 6 de Octubre. La ciudad de Necochea se prepara este a\u00f1o para el 23\u00b0Encuentro Internacional de Coros, con la participaci\u00f3n de 12 coros de varias ciudades como Necochea, Santa fe, Concepci\u00f3n de Uruguay, Mar\u2026","rel":"","context":"En \u00abCULTURA\u00bb","block_context":{"text":"CULTURA","link":"https:\/\/larevistadigital.com.ar\/blog\/category\/cultura\/"},"img":{"alt_text":"","src":"https:\/\/i0.wp.com\/larevistadigital.com.ar\/blog\/wp-content\/uploads\/71693743_10220382043082954_6440058028740837376_n.jpg?fit=720%2C629&ssl=1&resize=350%2C200","width":350,"height":200,"srcset":"https:\/\/i0.wp.com\/larevistadigital.com.ar\/blog\/wp-content\/uploads\/71693743_10220382043082954_6440058028740837376_n.jpg?fit=720%2C629&ssl=1&resize=350%2C200 1x, https:\/\/i0.wp.com\/larevistadigital.com.ar\/blog\/wp-content\/uploads\/71693743_10220382043082954_6440058028740837376_n.jpg?fit=720%2C629&ssl=1&resize=525%2C300 1.5x, https:\/\/i0.wp.com\/larevistadigital.com.ar\/blog\/wp-content\/uploads\/71693743_10220382043082954_6440058028740837376_n.jpg?fit=720%2C629&ssl=1&resize=700%2C400 2x"},"classes":[]},{"id":23444,"url":"https:\/\/larevistadigital.com.ar\/blog\/video-chascomus-tristemente-celebres-por-la-situacion-en-salud-trasciende-en-medios-nacionales\/","url_meta":{"origin":164,"position":3},"title":"[VIDEO] CHASCOM\u00daS: \u00abTRISTEMENTE C\u00c9LEBRES\u00bb&#8230; POR LA SITUACI\u00d3N EN SALUD, TRASCIENDE EN MEDIOS NACIONALES","author":"Alejandro Sosa Ruda","date":"18 enero, 2022","format":false,"excerpt":"El tema de la falta de insumos y la suspensi\u00f3n de los testeos lleg\u00f3 a medios nacionales como TN, que a las 21,30 de hoy abordar\u00e1 el tema en vivo, con entrevistas y testimonios. CHASCOM\u00daS -\u00a0 La situaci\u00f3n de la salud en Chascom\u00fas, donde por falta de insumos se ha\u2026","rel":"","context":"En \u00abDESTACADAS\u00bb","block_context":{"text":"DESTACADAS","link":"https:\/\/larevistadigital.com.ar\/blog\/category\/destacadas\/"},"img":{"alt_text":"","src":"https:\/\/i0.wp.com\/larevistadigital.com.ar\/blog\/wp-content\/uploads\/WhatsApp-Image-2022-01-18-at-19.42.19.jpeg?fit=1200%2C540&ssl=1&resize=350%2C200","width":350,"height":200,"srcset":"https:\/\/i0.wp.com\/larevistadigital.com.ar\/blog\/wp-content\/uploads\/WhatsApp-Image-2022-01-18-at-19.42.19.jpeg?fit=1200%2C540&ssl=1&resize=350%2C200 1x, https:\/\/i0.wp.com\/larevistadigital.com.ar\/blog\/wp-content\/uploads\/WhatsApp-Image-2022-01-18-at-19.42.19.jpeg?fit=1200%2C540&ssl=1&resize=525%2C300 1.5x, https:\/\/i0.wp.com\/larevistadigital.com.ar\/blog\/wp-content\/uploads\/WhatsApp-Image-2022-01-18-at-19.42.19.jpeg?fit=1200%2C540&ssl=1&resize=700%2C400 2x, https:\/\/i0.wp.com\/larevistadigital.com.ar\/blog\/wp-content\/uploads\/WhatsApp-Image-2022-01-18-at-19.42.19.jpeg?fit=1200%2C540&ssl=1&resize=1050%2C600 3x"},"classes":[]},{"id":40986,"url":"https:\/\/larevistadigital.com.ar\/blog\/chascomus-sera-sede-del-encuentro-apicola-2025\/","url_meta":{"origin":164,"position":4},"title":"Chascom\u00fas ser\u00e1 sede del Encuentro Ap\u00edcola 2025","author":"Alejandro Sosa Ruda","date":"20 agosto, 2025","format":false,"excerpt":"Ser\u00e1 este s\u00e1bado en la sede del barrio Jard\u00edn con el prop\u00f3sito de favorecer el di\u00e1logo entre productores y t\u00e9cnicos para impulsar la innovaci\u00f3n y la sustentabilidad del sector. 20 de agosto de 2025 CHASCOM\u00daS\u00a0 -\u00a0 \u00a0El pr\u00f3ximo s\u00e1bado 23 de agosto, Chascom\u00fas recibir\u00e1 a m\u00e1s de 130 productores, t\u00e9cnicos\u2026","rel":"","context":"En \u00abCHASCOM\u00daS\u00bb","block_context":{"text":"CHASCOM\u00daS","link":"https:\/\/larevistadigital.com.ar\/blog\/category\/chascomus\/"},"img":{"alt_text":"","src":"https:\/\/i0.wp.com\/larevistadigital.com.ar\/blog\/wp-content\/uploads\/68a4a36db36e2.png?fit=668%2C445&ssl=1&resize=350%2C200","width":350,"height":200,"srcset":"https:\/\/i0.wp.com\/larevistadigital.com.ar\/blog\/wp-content\/uploads\/68a4a36db36e2.png?fit=668%2C445&ssl=1&resize=350%2C200 1x, https:\/\/i0.wp.com\/larevistadigital.com.ar\/blog\/wp-content\/uploads\/68a4a36db36e2.png?fit=668%2C445&ssl=1&resize=525%2C300 1.5x"},"classes":[]},{"id":1346,"url":"https:\/\/larevistadigital.com.ar\/blog\/la-reina-de-carnaval-representa-a-la-ciudad-en-la-fiesta-nacional-de-la-papa\/","url_meta":{"origin":164,"position":5},"title":"La Reina de Carnaval representa a la ciudad en la Fiesta Nacional de la Papa","author":"editor","date":"18 marzo, 2017","format":false,"excerpt":"La Reina del Carnaval 2017 de la ciudad de General Belgrano, Srta. Lucia Tobal, se encuentra representando al distrito en la \u201cFiesta Provincial de la Papa\u201d en laCiudad de Nicanor Otamendi. En la v\u00edspera realiz\u00f3 una sesi\u00f3n fotogr\u00e1fica y ensayo general., mientras que este s\u00e1bado har\u00e1 dos pasadas en el\u2026","rel":"","context":"En \u00abGENERAL BELGRANO\u00bb","block_context":{"text":"GENERAL BELGRANO","link":"https:\/\/larevistadigital.com.ar\/blog\/category\/general-belgrano\/"},"img":{"alt_text":"","src":"https:\/\/i0.wp.com\/larevistadigital.com.ar\/blog\/wp-content\/uploads\/2017\/03\/REINA-BELGRANO.jpg?fit=951%2C643&ssl=1&resize=350%2C200","width":350,"height":200,"srcset":"https:\/\/i0.wp.com\/larevistadigital.com.ar\/blog\/wp-content\/uploads\/2017\/03\/REINA-BELGRANO.jpg?fit=951%2C643&ssl=1&resize=350%2C200 1x, https:\/\/i0.wp.com\/larevistadigital.com.ar\/blog\/wp-content\/uploads\/2017\/03\/REINA-BELGRANO.jpg?fit=951%2C643&ssl=1&resize=525%2C300 1.5x, https:\/\/i0.wp.com\/larevistadigital.com.ar\/blog\/wp-content\/uploads\/2017\/03\/REINA-BELGRANO.jpg?fit=951%2C643&ssl=1&resize=700%2C400 2x"},"classes":[]}],"_links":{"self":[{"href":"https:\/\/larevistadigital.com.ar\/blog\/wp-json\/wp\/v2\/posts\/164","targetHints":{"allow":["GET"]}}],"collection":[{"href":"https:\/\/larevistadigital.com.ar\/blog\/wp-json\/wp\/v2\/posts"}],"about":[{"href":"https:\/\/larevistadigital.com.ar\/blog\/wp-json\/wp\/v2\/types\/post"}],"author":[{"embeddable":true,"href":"https:\/\/larevistadigital.com.ar\/blog\/wp-json\/wp\/v2\/users\/2"}],"replies":[{"embeddable":true,"href":"https:\/\/larevistadigital.com.ar\/blog\/wp-json\/wp\/v2\/comments?post=164"}],"version-history":[{"count":1,"href":"https:\/\/larevistadigital.com.ar\/blog\/wp-json\/wp\/v2\/posts\/164\/revisions"}],"predecessor-version":[{"id":166,"href":"https:\/\/larevistadigital.com.ar\/blog\/wp-json\/wp\/v2\/posts\/164\/revisions\/166"}],"wp:featuredmedia":[{"embeddable":true,"href":"https:\/\/larevistadigital.com.ar\/blog\/wp-json\/wp\/v2\/media\/165"}],"wp:attachment":[{"href":"https:\/\/larevistadigital.com.ar\/blog\/wp-json\/wp\/v2\/media?parent=164"}],"wp:term":[{"taxonomy":"category","embeddable":true,"href":"https:\/\/larevistadigital.com.ar\/blog\/wp-json\/wp\/v2\/categories?post=164"},{"taxonomy":"post_tag","embeddable":true,"href":"https:\/\/larevistadigital.com.ar\/blog\/wp-json\/wp\/v2\/tags?post=164"}],"curies":[{"name":"wp","href":"https:\/\/api.w.org\/{rel}","templated":true}]}}