{"id":1642,"date":"2017-03-26T23:07:44","date_gmt":"2017-03-26T23:07:44","guid":{"rendered":"https:\/\/larevistadigital.com.ar\/blog\/?p=1642"},"modified":"2017-03-26T23:07:44","modified_gmt":"2017-03-26T23:07:44","slug":"fue-internada-silvina-luna","status":"publish","type":"post","link":"https:\/\/larevistadigital.com.ar\/blog\/fue-internada-silvina-luna\/","title":{"rendered":"FUE INTERNADA SILVINA LUNA"},"content":{"rendered":"<h2><strong>Silvina Luna<\/strong>\u00a0fue internada esta tarde en el Hospital Italiano, en el barrio de Almagro, seg\u00fan inform\u00f3 el periodista de espect\u00e1culos\u00a0<strong>\u00c1ngel de Brito<\/strong>.<\/h2>\n<p>La modelo y actriz\u00a0lleg\u00f3 al hospital acompa\u00f1ada por<strong> \u201cEl Polaco\u201d<\/strong>, cont\u00f3 el periodista.<\/p>\n<p><strong><em>\u201cTiene seguridad en la puerta de su cuarto del sector 36, en la planta baja del hospital\u201d<\/em><\/strong>, agreg\u00f3.<\/p>\n<p>Cabe se\u00f1alar que la modelo hab\u00eda sido internada en marzo de 2016 en el mismo hospital por un supuesto cuadro de deshidrataci\u00f3n. Aunque luego, su agente de prensa cont\u00f3 que se trataba de un control que la actriz deb\u00eda realizarse cada 3 meses por los problemas renales que le hab\u00edan generado su operaci\u00f3n con <strong>Anibal Lotocki<\/strong> a\u00f1os atr\u00e1s.<\/p>\n<p>&nbsp;<\/p>\n<p>&nbsp;<\/p>\n","protected":false},"excerpt":{"rendered":"<div class=\"mh-excerpt\"><p>Silvina Luna\u00a0fue internada esta tarde en el Hospital Italiano, en el barrio de Almagro, seg\u00fan inform\u00f3 el periodista de espect\u00e1culos\u00a0\u00c1ngel de Brito. La modelo y actriz\u00a0lleg\u00f3 al hospital acompa\u00f1ada por \u201cEl Polaco\u201d, cont\u00f3 el periodista. <a class=\"mh-excerpt-more\" href=\"https:\/\/larevistadigital.com.ar\/blog\/fue-internada-silvina-luna\/\" title=\"FUE INTERNADA SILVINA LUNA\">[Leer M\u00e1s]<\/a><\/p>\n<\/div>","protected":false},"author":3,"featured_media":1643,"comment_status":"open","ping_status":"open","sticky":false,"template":"","format":"standard","meta":{"_jetpack_memberships_contains_paid_content":false,"footnotes":"","jetpack_publicize_message":"","jetpack_publicize_feature_enabled":true,"jetpack_social_post_already_shared":true,"jetpack_social_options":{"image_generator_settings":{"template":"highway","default_image_id":0,"font":"","enabled":false},"version":2}},"categories":[41,29],"tags":[],"class_list":{"0":"post-1642","1":"post","2":"type-post","3":"status-publish","4":"format-standard","5":"has-post-thumbnail","7":"category-destacadas","8":"category-sociedad"},"jetpack_publicize_connections":[],"jetpack_featured_media_url":"https:\/\/i0.wp.com\/larevistadigital.com.ar\/blog\/wp-content\/uploads\/2017\/03\/silvinalunagranhermano2011conductora.jpg?fit=1335%2C751&ssl=1","jetpack_sharing_enabled":true,"jetpack_shortlink":"https:\/\/wp.me\/p8qtrQ-qu","jetpack-related-posts":[{"id":32167,"url":"https:\/\/larevistadigital.com.ar\/blog\/silvina-juna-fue-internada-ayer-en-terapia-intensiva-hoy-se-encuentra-un-poco\/","url_meta":{"origin":1642,"position":0},"title":"SILVINA JUNA FUE INTERNADA AYER EN TERAPIA INTENSIVA. HOY SE ENCUENTRA UN POCO","author":"Alejandro Sosa Ruda","date":"29 junio, 2023","format":false,"excerpt":"\u00c1ngel de Brito revel\u00f3 el delicado estado de salud de Silvina Luna, exmodelo de Gran Hermano, como consecuencia de las secuelas de una mala praxis quir\u00fargica ocurrida en 2011, a manos del cirujano An\u00edbal Lotocki. 29 de junio de 2023 Actualmente, Luna se encuentra sedada, conectada a un respirador y\u2026","rel":"","context":"En \u00abINTERES GENERAL\u00bb","block_context":{"text":"INTERES GENERAL","link":"https:\/\/larevistadigital.com.ar\/blog\/category\/interes-general\/"},"img":{"alt_text":"","src":"https:\/\/i0.wp.com\/larevistadigital.com.ar\/blog\/wp-content\/uploads\/Captura-de-pantalla-2023-06-29-112850.jpg?fit=854%2C457&ssl=1&resize=350%2C200","width":350,"height":200,"srcset":"https:\/\/i0.wp.com\/larevistadigital.com.ar\/blog\/wp-content\/uploads\/Captura-de-pantalla-2023-06-29-112850.jpg?fit=854%2C457&ssl=1&resize=350%2C200 1x, https:\/\/i0.wp.com\/larevistadigital.com.ar\/blog\/wp-content\/uploads\/Captura-de-pantalla-2023-06-29-112850.jpg?fit=854%2C457&ssl=1&resize=525%2C300 1.5x, https:\/\/i0.wp.com\/larevistadigital.com.ar\/blog\/wp-content\/uploads\/Captura-de-pantalla-2023-06-29-112850.jpg?fit=854%2C457&ssl=1&resize=700%2C400 2x"},"classes":[]},{"id":27518,"url":"https:\/\/larevistadigital.com.ar\/blog\/internaron-de-urgencia-a-graciela-alfano-y-debe-ser-operada\/","url_meta":{"origin":1642,"position":1},"title":"INTERNARON DE URGENCIA A GRACIELA ALFANO Y DEBE SER OPERADA","author":"Alejandro Sosa Ruda","date":"2 septiembre, 2022","format":false,"excerpt":"La diva fue internada en la Cl\u00ednica Austral. El mediod\u00eda de este viernes, el periodista\u00a0Luis Grimaldi\u00a0cont\u00f3 en sus redes sociales que\u00a0Graciela Alfano debi\u00f3 ser internada de urgencia\u00a0en la cl\u00ednica Austral. \"Graciela Alfano\u00a0internada en el hospital Austral con un importante cuadro de salud (por decirlo suavemente)\", inform\u00f3 a trav\u00e9s de su\u2026","rel":"","context":"En \u00abSOCIEDAD\u00bb","block_context":{"text":"SOCIEDAD","link":"https:\/\/larevistadigital.com.ar\/blog\/category\/sociedad\/"},"img":{"alt_text":"","src":"https:\/\/i0.wp.com\/larevistadigital.com.ar\/blog\/wp-content\/uploads\/f960x540-68769_142844_0.png?fit=960%2C540&ssl=1&resize=350%2C200","width":350,"height":200,"srcset":"https:\/\/i0.wp.com\/larevistadigital.com.ar\/blog\/wp-content\/uploads\/f960x540-68769_142844_0.png?fit=960%2C540&ssl=1&resize=350%2C200 1x, https:\/\/i0.wp.com\/larevistadigital.com.ar\/blog\/wp-content\/uploads\/f960x540-68769_142844_0.png?fit=960%2C540&ssl=1&resize=525%2C300 1.5x, https:\/\/i0.wp.com\/larevistadigital.com.ar\/blog\/wp-content\/uploads\/f960x540-68769_142844_0.png?fit=960%2C540&ssl=1&resize=700%2C400 2x"},"classes":[]},{"id":33172,"url":"https:\/\/larevistadigital.com.ar\/blog\/tristeza-murio-silvina-luna\/","url_meta":{"origin":1642,"position":2},"title":"TRISTEZA: MURI\u00d3 SILVINA LUNA","author":"Alejandro Sosa Ruda","date":"31 agosto, 2023","format":false,"excerpt":"Ten\u00eda 43 a\u00f1os de edad y estaba seriamente afectada esperando un transplante de ri\u00f1\u00f3n. 31 de agosto de 2023 Lo confirm\u00f3 su abogado Fern\u00e1ndo Burlando a TN. \"Lamentablemente es cierto. Silvina falleci\u00f3\". As\u00ed la modelo, actriz y conductora de TV falleci\u00f3 luego de 80 d\u00edas de internaci\u00f3n en el Hospital\u2026","rel":"","context":"En \u00abDESTACADAS\u00bb","block_context":{"text":"DESTACADAS","link":"https:\/\/larevistadigital.com.ar\/blog\/category\/destacadas\/"},"img":{"alt_text":"","src":"https:\/\/i0.wp.com\/larevistadigital.com.ar\/blog\/wp-content\/uploads\/Captura-de-pantalla-2023-08-31-135659.jpg?fit=757%2C539&ssl=1&resize=350%2C200","width":350,"height":200,"srcset":"https:\/\/i0.wp.com\/larevistadigital.com.ar\/blog\/wp-content\/uploads\/Captura-de-pantalla-2023-08-31-135659.jpg?fit=757%2C539&ssl=1&resize=350%2C200 1x, https:\/\/i0.wp.com\/larevistadigital.com.ar\/blog\/wp-content\/uploads\/Captura-de-pantalla-2023-08-31-135659.jpg?fit=757%2C539&ssl=1&resize=525%2C300 1.5x, https:\/\/i0.wp.com\/larevistadigital.com.ar\/blog\/wp-content\/uploads\/Captura-de-pantalla-2023-08-31-135659.jpg?fit=757%2C539&ssl=1&resize=700%2C400 2x"},"classes":[]},{"id":10771,"url":"https:\/\/larevistadigital.com.ar\/blog\/ultimo-momento-murio-isabel-la-coca-sarli\/","url_meta":{"origin":1642,"position":3},"title":"ULTIMO MOMENTO: MURI\u00d3 ISABEL \u00abLA COCA\u00bb SARLI","author":"Alejandro Sosa Ruda","date":"25 junio, 2019","format":false,"excerpt":"Luego de haber sufrido problemas de salud, que la tuvieron internada en los \u00faltimos d\u00edas, y a la edad de 83 a\u00f1os\u00a0 , falleci\u00f3 la actriz Isabel Sarli. Falleci\u00f3 a las 8.35 de este martes en el Hospital Central de San Isidro, donde se encontraba internada desde el 26 de\u2026","rel":"","context":"En \u00abDESTACADAS\u00bb","block_context":{"text":"DESTACADAS","link":"https:\/\/larevistadigital.com.ar\/blog\/category\/destacadas\/"},"img":{"alt_text":"","src":"https:\/\/i0.wp.com\/larevistadigital.com.ar\/blog\/wp-content\/uploads\/Coca-Sarli.jpg?fit=1200%2C664&ssl=1&resize=350%2C200","width":350,"height":200,"srcset":"https:\/\/i0.wp.com\/larevistadigital.com.ar\/blog\/wp-content\/uploads\/Coca-Sarli.jpg?fit=1200%2C664&ssl=1&resize=350%2C200 1x, https:\/\/i0.wp.com\/larevistadigital.com.ar\/blog\/wp-content\/uploads\/Coca-Sarli.jpg?fit=1200%2C664&ssl=1&resize=525%2C300 1.5x, https:\/\/i0.wp.com\/larevistadigital.com.ar\/blog\/wp-content\/uploads\/Coca-Sarli.jpg?fit=1200%2C664&ssl=1&resize=700%2C400 2x, https:\/\/i0.wp.com\/larevistadigital.com.ar\/blog\/wp-content\/uploads\/Coca-Sarli.jpg?fit=1200%2C664&ssl=1&resize=1050%2C600 3x"},"classes":[]},{"id":13424,"url":"https:\/\/larevistadigital.com.ar\/blog\/beba-de-un-ano-debio-ser-internada-de-urgencia-por-ingerir-cocaina\/","url_meta":{"origin":1642,"position":4},"title":"BEBA DE UN A\u00d1O DEBI\u00d3 SER INTERNADA DE URGENCIA POR INGERIR COCA\u00cdNA","author":"Alejandro Sosa Ruda","date":"2 diciembre, 2019","format":false,"excerpt":"El episodio se registr\u00f3 en las \u00faltimas horas y gener\u00f3 una fuerte conmoci\u00f3n. La chiquita habr\u00eda tomado la droga en un descuido de su madre, quien se encontraba con amigos. Sucedi\u00f3 en La Plata. Una beba de tan solo un a\u00f1o de edad ingres\u00f3 al Hospital de Ni\u00f1os tras haber\u2026","rel":"","context":"En \u00abDESTACADAS\u00bb","block_context":{"text":"DESTACADAS","link":"https:\/\/larevistadigital.com.ar\/blog\/category\/destacadas\/"},"img":{"alt_text":"","src":"https:\/\/i0.wp.com\/larevistadigital.com.ar\/blog\/wp-content\/uploads\/bebaa.jpg?fit=929%2C523&ssl=1&resize=350%2C200","width":350,"height":200,"srcset":"https:\/\/i0.wp.com\/larevistadigital.com.ar\/blog\/wp-content\/uploads\/bebaa.jpg?fit=929%2C523&ssl=1&resize=350%2C200 1x, https:\/\/i0.wp.com\/larevistadigital.com.ar\/blog\/wp-content\/uploads\/bebaa.jpg?fit=929%2C523&ssl=1&resize=525%2C300 1.5x, https:\/\/i0.wp.com\/larevistadigital.com.ar\/blog\/wp-content\/uploads\/bebaa.jpg?fit=929%2C523&ssl=1&resize=700%2C400 2x"},"classes":[]},{"id":13659,"url":"https:\/\/larevistadigital.com.ar\/blog\/la-plata-mujer-internada-por-picadura-de-escorpion\/","url_meta":{"origin":1642,"position":5},"title":"LA PLATA: MUJER INTERNADA POR PICADURA DE ESCORPI\u00d3N","author":"Alejandro Sosa Ruda","date":"13 diciembre, 2019","format":false,"excerpt":"La mujer fue atacada por el artr\u00f3podo\u00a0cuando limpiaba su casa de La Plata. La Universidad de la ciudad cre\u00f3 una aplicaci\u00f3n para celulares con el objetivo de identificar los\u00a0ar\u00e1cnidos y que sean analizados. Una mujer permanece hospitalizada tras ser picada por un alacr\u00e1n cuando limpiaba su casa, en la ciudad\u2026","rel":"","context":"En \u00abINTERES GENERAL\u00bb","block_context":{"text":"INTERES GENERAL","link":"https:\/\/larevistadigital.com.ar\/blog\/category\/interes-general\/"},"img":{"alt_text":"","src":"https:\/\/i0.wp.com\/larevistadigital.com.ar\/blog\/wp-content\/uploads\/Screenshot_1-70.jpg?fit=1200%2C671&ssl=1&resize=350%2C200","width":350,"height":200,"srcset":"https:\/\/i0.wp.com\/larevistadigital.com.ar\/blog\/wp-content\/uploads\/Screenshot_1-70.jpg?fit=1200%2C671&ssl=1&resize=350%2C200 1x, https:\/\/i0.wp.com\/larevistadigital.com.ar\/blog\/wp-content\/uploads\/Screenshot_1-70.jpg?fit=1200%2C671&ssl=1&resize=525%2C300 1.5x, https:\/\/i0.wp.com\/larevistadigital.com.ar\/blog\/wp-content\/uploads\/Screenshot_1-70.jpg?fit=1200%2C671&ssl=1&resize=700%2C400 2x, https:\/\/i0.wp.com\/larevistadigital.com.ar\/blog\/wp-content\/uploads\/Screenshot_1-70.jpg?fit=1200%2C671&ssl=1&resize=1050%2C600 3x"},"classes":[]}],"_links":{"self":[{"href":"https:\/\/larevistadigital.com.ar\/blog\/wp-json\/wp\/v2\/posts\/1642","targetHints":{"allow":["GET"]}}],"collection":[{"href":"https:\/\/larevistadigital.com.ar\/blog\/wp-json\/wp\/v2\/posts"}],"about":[{"href":"https:\/\/larevistadigital.com.ar\/blog\/wp-json\/wp\/v2\/types\/post"}],"author":[{"embeddable":true,"href":"https:\/\/larevistadigital.com.ar\/blog\/wp-json\/wp\/v2\/users\/3"}],"replies":[{"embeddable":true,"href":"https:\/\/larevistadigital.com.ar\/blog\/wp-json\/wp\/v2\/comments?post=1642"}],"version-history":[{"count":2,"href":"https:\/\/larevistadigital.com.ar\/blog\/wp-json\/wp\/v2\/posts\/1642\/revisions"}],"predecessor-version":[{"id":1645,"href":"https:\/\/larevistadigital.com.ar\/blog\/wp-json\/wp\/v2\/posts\/1642\/revisions\/1645"}],"wp:featuredmedia":[{"embeddable":true,"href":"https:\/\/larevistadigital.com.ar\/blog\/wp-json\/wp\/v2\/media\/1643"}],"wp:attachment":[{"href":"https:\/\/larevistadigital.com.ar\/blog\/wp-json\/wp\/v2\/media?parent=1642"}],"wp:term":[{"taxonomy":"category","embeddable":true,"href":"https:\/\/larevistadigital.com.ar\/blog\/wp-json\/wp\/v2\/categories?post=1642"},{"taxonomy":"post_tag","embeddable":true,"href":"https:\/\/larevistadigital.com.ar\/blog\/wp-json\/wp\/v2\/tags?post=1642"}],"curies":[{"name":"wp","href":"https:\/\/api.w.org\/{rel}","templated":true}]}}