{"id":1646,"date":"2017-03-27T00:45:22","date_gmt":"2017-03-27T00:45:22","guid":{"rendered":"https:\/\/larevistadigital.com.ar\/blog\/?p=1646"},"modified":"2017-03-27T00:46:37","modified_gmt":"2017-03-27T00:46:37","slug":"funcionarios-municipales-vecinos-y-voluntarios-levantan-la-basura-en-berisso","status":"publish","type":"post","link":"https:\/\/larevistadigital.com.ar\/blog\/funcionarios-municipales-vecinos-y-voluntarios-levantan-la-basura-en-berisso\/","title":{"rendered":"FUNCIONARIOS MUNICIPALES, VECINOS Y VOLUNTARIOS LEVANTAN LA BASURA EN BERISSO"},"content":{"rendered":"<p><strong><em>\u00a0\u201cAnte esta situaci\u00f3n y la declaraci\u00f3n de la Emergencia Sanitaria, la Municipalidad debi\u00f3 tomar medidas para evitar consecuencias mayores que puede ocasionar la acumulaci\u00f3n de residuos en la v\u00eda p\u00fablica\u201d.<\/em><\/strong><\/p>\n<p>La declaraci\u00f3n anterior corresponde al secretario de Obras y Servicios P\u00fablicos de la municipalidad de Berisso,\u00a0<strong>Ra\u00fal Murgia<\/strong>, quien de ese modo sintetiza el grave conflicto que mantiene la mencionada comuna con los trabajadores municipales, muchos de ellos encargados de la recolecci\u00f3n de residuos en el distrito.<\/p>\n<p>Las medidas de fuerza comenzaron hace m\u00e1s de una semana, producto de la falta de acuerdo entre las partes para formalizar un nuevo porcentaje de aumento salarial.<\/p>\n<p>Ante la falta de recolecci\u00f3n de la basura se gener\u00f3 una acumulaci\u00f3n importante en todos los barrios de la ciudad, situaci\u00f3n que oblig\u00f3 al intendente\u00a0<strong>Jorge Nedela<\/strong>\u00a0(Cambiemos) a decretar la\u00a0<strong>Emergencia Sanitaria<\/strong>\u00a0y desplegar un operativo especial con funcionarios, vecinos y voluntarios para proceder a la limpieza de las calles.<\/p>\n<p><a href=\"https:\/\/i0.wp.com\/larevistadigital.com.ar\/blog\/wp-content\/uploads\/2017\/03\/bbx_1067958351_2_basu.jpg?ssl=1\"><img data-recalc-dims=\"1\" loading=\"lazy\" decoding=\"async\" class=\"size-full wp-image-1647 aligncenter\" src=\"https:\/\/i0.wp.com\/larevistadigital.com.ar\/blog\/wp-content\/uploads\/2017\/03\/bbx_1067958351_2_basu.jpg?resize=1200%2C545&#038;ssl=1\" alt=\"\" width=\"1200\" height=\"545\" srcset=\"https:\/\/i0.wp.com\/larevistadigital.com.ar\/blog\/wp-content\/uploads\/2017\/03\/bbx_1067958351_2_basu.jpg?w=1200&amp;ssl=1 1200w, https:\/\/i0.wp.com\/larevistadigital.com.ar\/blog\/wp-content\/uploads\/2017\/03\/bbx_1067958351_2_basu.jpg?resize=300%2C136&amp;ssl=1 300w, https:\/\/i0.wp.com\/larevistadigital.com.ar\/blog\/wp-content\/uploads\/2017\/03\/bbx_1067958351_2_basu.jpg?resize=768%2C349&amp;ssl=1 768w, https:\/\/i0.wp.com\/larevistadigital.com.ar\/blog\/wp-content\/uploads\/2017\/03\/bbx_1067958351_2_basu.jpg?resize=1024%2C465&amp;ssl=1 1024w\" sizes=\"auto, (max-width: 1000px) 100vw, 1000px\" \/><\/a><\/p>\n<p>Este domingo, las tareas prosiguieron para abarcar las zonas que quedaron sin que se retiren los residuos domiciliarios durante el d\u00eda anterior. De esta manera los funcionarios municipales acompa\u00f1ados por vecinos, voluntarios que se sumaron a la tarea y con la colaboraci\u00f3n de cooperativas, recolectaron en gran parte de la ciudad las\u00a0<strong>bolsas que durante ocho d\u00edas no fueron retiradas\u00a0<\/strong>como consecuencia de las medidas de fuerza que llevan adelante los gremios municipales mientras se desarrolla la paritaria salarial.<\/p>\n<blockquote>\n<h3>\u201cEn primera instancia hicimos una convocatoria a nuestros funcionarios y voluntarios que se pusieron a disposici\u00f3n y comenzaron con este operativo de recolecci\u00f3n en el d\u00eda de ayer (por el s\u00e1bado), unos se encargan de recoger las bolsas y los que tienen licencia habilitante conducen los camiones\u201d, explic\u00f3 <strong>Murgia<\/strong>.<\/h3>\n<\/blockquote>\n<p>En cuanto a la disposici\u00f3n de veh\u00edculos para las tareas, <strong>Murgia<\/strong> repas\u00f3 que se est\u00e1n utilizando nueve camiones compactadores en distintos turnos pertenecientes a Cooperativas que habitualmente se dedican a estas tareas y unos cinco que pertenecen al Municipio.<\/p>\n<p>\u201cPara los pr\u00f3ximos d\u00edas se eval\u00faan otras decisiones en funci\u00f3n de la evoluci\u00f3n del conflicto gremial\u201d, adelant\u00f3 el funcionario berissense.<\/p>\n<p><strong>Los residuos se depositan en la CEAMSE<\/strong><\/p>\n<p>Debido a la gran cantidad de residuos acumulados, las autoridades municipales y de la CEAMSE, diagramaron la instalaci\u00f3n de una estaci\u00f3n de transferencia para agilizar los trabajos y aprovechar los recursos.<\/p>\n<blockquote><p><strong><em>\u201cLa CEAMSE aport\u00f3 dos camiones con una batea de 30 metros c\u00fabicos de capacidad que se instalaron a la altura de Avenida Montevideo y 49, all\u00ed los veh\u00edculos que se encargan de la recolecci\u00f3n depositan las cargas que son transferidas al centro de deposici\u00f3n de residuos de Ensenada\u201d<\/em><\/strong><em>;<\/em> aclar\u00f3<strong><em> Murgia.<\/em><\/strong><\/p><\/blockquote>\n<p>Al respecto, el secretario se\u00f1al\u00f3: <strong><em>\u201cCalculamos que\u00a0se han recolectado unas 900 toneladas\u00a0de residuos en estos dos d\u00edas, ya que habitualmente de manera diaria se juntan unas 90 toneladas en toda la ciudad\u201d.<\/em><\/strong><\/p>\n<p>&nbsp;<\/p>\n<p>&nbsp;<\/p>\n<p>&nbsp;<\/p>\n","protected":false},"excerpt":{"rendered":"<div class=\"mh-excerpt\"><p>\u00a0\u201cAnte esta situaci\u00f3n y la declaraci\u00f3n de la Emergencia Sanitaria, la Municipalidad debi\u00f3 tomar medidas para evitar consecuencias mayores que puede ocasionar la acumulaci\u00f3n de residuos en la v\u00eda p\u00fablica\u201d. La declaraci\u00f3n anterior corresponde al <a class=\"mh-excerpt-more\" href=\"https:\/\/larevistadigital.com.ar\/blog\/funcionarios-municipales-vecinos-y-voluntarios-levantan-la-basura-en-berisso\/\" title=\"FUNCIONARIOS MUNICIPALES, VECINOS Y VOLUNTARIOS LEVANTAN LA BASURA EN BERISSO\">[Leer M\u00e1s]<\/a><\/p>\n<\/div>","protected":false},"author":3,"featured_media":1650,"comment_status":"open","ping_status":"open","sticky":false,"template":"","format":"standard","meta":{"_jetpack_memberships_contains_paid_content":false,"footnotes":"","jetpack_publicize_message":"","jetpack_publicize_feature_enabled":true,"jetpack_social_post_already_shared":true,"jetpack_social_options":{"image_generator_settings":{"template":"highway","default_image_id":0,"font":"","enabled":false},"version":2}},"categories":[24],"tags":[],"class_list":{"0":"post-1646","1":"post","2":"type-post","3":"status-publish","4":"format-standard","5":"has-post-thumbnail","7":"category-politica-provincial"},"jetpack_publicize_connections":[],"jetpack_featured_media_url":"https:\/\/i0.wp.com\/larevistadigital.com.ar\/blog\/wp-content\/uploads\/2017\/03\/bbx_1067958351_3_bas.jpg?fit=1200%2C544&ssl=1","jetpack_sharing_enabled":true,"jetpack_shortlink":"https:\/\/wp.me\/p8qtrQ-qy","jetpack-related-posts":[{"id":5326,"url":"https:\/\/larevistadigital.com.ar\/blog\/recoleccion-de-residuos-domiciliarios-durante-los-feriados-de-semana-santa-y-malvinas\/","url_meta":{"origin":1646,"position":0},"title":"Recolecci\u00f3n de residuos domiciliarios durante los feriados de Semana Santa y Malvinas","author":"admin","date":"29 marzo, 2018","format":false,"excerpt":"La Municipalidad de General Paz comunica que durante los feriados del jueves y viernes Santo y 2 de abril por la Gesta de Malvinas, la recolecci\u00f3n de residuos domiciliarios se efectuar\u00e1 de la siguiente forma: Jueves 29 de marzo: NO se prestar\u00e1 servicio de recolecci\u00f3n. Viernes 30 de marzo: SI\u2026","rel":"","context":"En \u00abRANCHOS\u00bb","block_context":{"text":"RANCHOS","link":"https:\/\/larevistadigital.com.ar\/blog\/category\/ranchos\/"},"img":{"alt_text":"","src":"https:\/\/i0.wp.com\/larevistadigital.com.ar\/blog\/wp-content\/uploads\/2018\/03\/02977.jpg?fit=640%2C360&ssl=1&resize=350%2C200","width":350,"height":200,"srcset":"https:\/\/i0.wp.com\/larevistadigital.com.ar\/blog\/wp-content\/uploads\/2018\/03\/02977.jpg?fit=640%2C360&ssl=1&resize=350%2C200 1x, https:\/\/i0.wp.com\/larevistadigital.com.ar\/blog\/wp-content\/uploads\/2018\/03\/02977.jpg?fit=640%2C360&ssl=1&resize=525%2C300 1.5x"},"classes":[]},{"id":2966,"url":"https:\/\/larevistadigital.com.ar\/blog\/siguen-los-reclamos-de-vecinos-de-barrio-parque-girado-por-la-no-recoleccion-de-residuos\/","url_meta":{"origin":1646,"position":1},"title":"Siguen los reclamos de Vecinos de barrio Parque Girado por la no recolecci\u00f3n de residuos","author":"admin","date":"4 agosto, 2017","format":false,"excerpt":"Desde el Facebook que poseen los vecinos del barrio Parque Girado, expresaron la disconformidad de varios frentistas que viven desde hace meses sin la recolecci\u00f3n de residuos. Si bien se nota mayor frecuencia en la recolecci\u00f3n, la misma no llega a todos los sectores del barrio. Hay cuadras donde no\u2026","rel":"","context":"En \u00abCHASCOM\u00daS\u00bb","block_context":{"text":"CHASCOM\u00daS","link":"https:\/\/larevistadigital.com.ar\/blog\/category\/chascomus\/"},"img":{"alt_text":"","src":"https:\/\/i0.wp.com\/larevistadigital.com.ar\/blog\/wp-content\/uploads\/2017\/08\/Basural-El-Martillo-240638_600x315.jpg?fit=600%2C315&ssl=1&resize=350%2C200","width":350,"height":200,"srcset":"https:\/\/i0.wp.com\/larevistadigital.com.ar\/blog\/wp-content\/uploads\/2017\/08\/Basural-El-Martillo-240638_600x315.jpg?fit=600%2C315&ssl=1&resize=350%2C200 1x, https:\/\/i0.wp.com\/larevistadigital.com.ar\/blog\/wp-content\/uploads\/2017\/08\/Basural-El-Martillo-240638_600x315.jpg?fit=600%2C315&ssl=1&resize=525%2C300 1.5x"},"classes":[]},{"id":5662,"url":"https:\/\/larevistadigital.com.ar\/blog\/castelli-denuncian-que-veterinarios-tiran-residuos-patogenicos-en-bolsas-comunes\/","url_meta":{"origin":1646,"position":2},"title":"CASTELLI: DENUNCIAN QUE VETERINARIOS TIRAN RESIDUOS PATOG\u00c9NICOS EN BOLSAS COMUNES","author":"Alejandro Sosa Ruda","date":"27 mayo, 2018","format":false,"excerpt":"As\u00ed lo detall\u00f3\u00a0 la municipalidad a trav\u00e9s de la Direcci\u00f3n de Ambiente que coordina la separaci\u00f3n en origen de los residuos que se realiza en la planta local. Seg\u00fan detallaron y mostraron im\u00e1genes,\u00a0 en las bolsas llegan \u201c jeringas, bistur\u00edes, sueros y medicamentos\u201d, los cuales deben tener un tratamiento espec\u00edfico.\u2026","rel":"","context":"En \u00abCASTELLI\u00bb","block_context":{"text":"CASTELLI","link":"https:\/\/larevistadigital.com.ar\/blog\/category\/castelli\/"},"img":{"alt_text":"","src":"https:\/\/i0.wp.com\/larevistadigital.com.ar\/blog\/wp-content\/uploads\/2018\/05\/ambiente.jpg?fit=600%2C1078&ssl=1&resize=350%2C200","width":350,"height":200,"srcset":"https:\/\/i0.wp.com\/larevistadigital.com.ar\/blog\/wp-content\/uploads\/2018\/05\/ambiente.jpg?fit=600%2C1078&ssl=1&resize=350%2C200 1x, https:\/\/i0.wp.com\/larevistadigital.com.ar\/blog\/wp-content\/uploads\/2018\/05\/ambiente.jpg?fit=600%2C1078&ssl=1&resize=525%2C300 1.5x"},"classes":[]},{"id":16362,"url":"https:\/\/larevistadigital.com.ar\/blog\/en-el-algarrobo-la-noria-y-el-hueco-ya-se-implementa-la-recoleccion-solo-de-contenedores\/","url_meta":{"origin":1646,"position":3},"title":"EN EL ALGARROBO, LA NORIA Y EL HUECO YA SE IMPLEMENTA LA RECOLECCI\u00d3N S\u00d3LO DE CONTENEDORES","author":"Alejandro Sosa Ruda","date":"17 septiembre, 2020","format":false,"excerpt":"El Municipio, dio a conocer a trav\u00e9s de su p\u00e1gina web: www.chascomus.gob.ar esta resoluci\u00f3n, argumentando que \"Esta iniciativa es parte del Plan Integral de Gesti\u00f3n de Residuos Urbanos (IGIRSU) y tiene como objetivo eliminar paulatinamente la recolecci\u00f3n de residuos puerta a puerta, mejorando la limpieza de la v\u00eda p\u00fablica y\u2026","rel":"","context":"En \u00abINTERES GENERAL\u00bb","block_context":{"text":"INTERES GENERAL","link":"https:\/\/larevistadigital.com.ar\/blog\/category\/interes-general\/"},"img":{"alt_text":"","src":"https:\/\/i0.wp.com\/larevistadigital.com.ar\/blog\/wp-content\/uploads\/2020_09_16_16_45_58_7313843.jpg?fit=600%2C400&ssl=1&resize=350%2C200","width":350,"height":200,"srcset":"https:\/\/i0.wp.com\/larevistadigital.com.ar\/blog\/wp-content\/uploads\/2020_09_16_16_45_58_7313843.jpg?fit=600%2C400&ssl=1&resize=350%2C200 1x, https:\/\/i0.wp.com\/larevistadigital.com.ar\/blog\/wp-content\/uploads\/2020_09_16_16_45_58_7313843.jpg?fit=600%2C400&ssl=1&resize=525%2C300 1.5x"},"classes":[]},{"id":5622,"url":"https:\/\/larevistadigital.com.ar\/blog\/chascomus-vecinos-molestos-por-la-falta-de-recoleccion-de-ramas-y-residuos\/","url_meta":{"origin":1646,"position":4},"title":"CHASCOM\u00daS: VECINOS MOLESTOS POR LA FALTA DE RECOLECCI\u00d3N DE RAMAS Y RESIDUOS","author":"Alejandro Sosa Ruda","date":"22 mayo, 2018","format":false,"excerpt":"Vecinos de Chascom\u00fas que viven en las proximidades del hotel Howard Jhonson, nos han hecho llegar un reclamo por la falta de recolecci\u00f3n de las ramas y residuos en la zona. Nos refieren que hace m\u00e1s de un mes que se reclama que se atienda la demanda y se cumpla\u2026","rel":"","context":"En \u00abDESTACADAS\u00bb","block_context":{"text":"DESTACADAS","link":"https:\/\/larevistadigital.com.ar\/blog\/category\/destacadas\/"},"img":{"alt_text":"","src":"https:\/\/i0.wp.com\/larevistadigital.com.ar\/blog\/wp-content\/uploads\/2018\/05\/33158310_2079317042334647_2969338477746847744_n.jpg?fit=720%2C960&ssl=1&resize=350%2C200","width":350,"height":200,"srcset":"https:\/\/i0.wp.com\/larevistadigital.com.ar\/blog\/wp-content\/uploads\/2018\/05\/33158310_2079317042334647_2969338477746847744_n.jpg?fit=720%2C960&ssl=1&resize=350%2C200 1x, https:\/\/i0.wp.com\/larevistadigital.com.ar\/blog\/wp-content\/uploads\/2018\/05\/33158310_2079317042334647_2969338477746847744_n.jpg?fit=720%2C960&ssl=1&resize=525%2C300 1.5x, https:\/\/i0.wp.com\/larevistadigital.com.ar\/blog\/wp-content\/uploads\/2018\/05\/33158310_2079317042334647_2969338477746847744_n.jpg?fit=720%2C960&ssl=1&resize=700%2C400 2x"},"classes":[]},{"id":43065,"url":"https:\/\/larevistadigital.com.ar\/blog\/el-correcto-descarte-y-la-separacion-de-residuos-claves-para-una-mejor-convivencia\/","url_meta":{"origin":1646,"position":5},"title":"El correcto descarte y la separaci\u00f3n de residuos, claves para una mejor convivencia","author":"Alejandro Sosa Ruda","date":"30 diciembre, 2025","format":false,"excerpt":"Respetar los horarios de recolecci\u00f3n, separar los residuos y utilizar correctamente los contenedores es fundamental para mantener una ciudad limpia, ordenada y saludable La Municipalidad de Chascom\u00fas recuerda a la comunidad la importancia de realizar un correcto descarte de los residuos domiciliarios, respetando los d\u00edas y horarios establecidos para la\u2026","rel":"","context":"En \u00abCHASCOM\u00daS\u00bb","block_context":{"text":"CHASCOM\u00daS","link":"https:\/\/larevistadigital.com.ar\/blog\/category\/chascomus\/"},"img":{"alt_text":"","src":"https:\/\/i0.wp.com\/larevistadigital.com.ar\/blog\/wp-content\/uploads\/6952ac3f61420.png?fit=668%2C445&ssl=1&resize=350%2C200","width":350,"height":200,"srcset":"https:\/\/i0.wp.com\/larevistadigital.com.ar\/blog\/wp-content\/uploads\/6952ac3f61420.png?fit=668%2C445&ssl=1&resize=350%2C200 1x, https:\/\/i0.wp.com\/larevistadigital.com.ar\/blog\/wp-content\/uploads\/6952ac3f61420.png?fit=668%2C445&ssl=1&resize=525%2C300 1.5x"},"classes":[]}],"_links":{"self":[{"href":"https:\/\/larevistadigital.com.ar\/blog\/wp-json\/wp\/v2\/posts\/1646","targetHints":{"allow":["GET"]}}],"collection":[{"href":"https:\/\/larevistadigital.com.ar\/blog\/wp-json\/wp\/v2\/posts"}],"about":[{"href":"https:\/\/larevistadigital.com.ar\/blog\/wp-json\/wp\/v2\/types\/post"}],"author":[{"embeddable":true,"href":"https:\/\/larevistadigital.com.ar\/blog\/wp-json\/wp\/v2\/users\/3"}],"replies":[{"embeddable":true,"href":"https:\/\/larevistadigital.com.ar\/blog\/wp-json\/wp\/v2\/comments?post=1646"}],"version-history":[{"count":1,"href":"https:\/\/larevistadigital.com.ar\/blog\/wp-json\/wp\/v2\/posts\/1646\/revisions"}],"predecessor-version":[{"id":1649,"href":"https:\/\/larevistadigital.com.ar\/blog\/wp-json\/wp\/v2\/posts\/1646\/revisions\/1649"}],"wp:featuredmedia":[{"embeddable":true,"href":"https:\/\/larevistadigital.com.ar\/blog\/wp-json\/wp\/v2\/media\/1650"}],"wp:attachment":[{"href":"https:\/\/larevistadigital.com.ar\/blog\/wp-json\/wp\/v2\/media?parent=1646"}],"wp:term":[{"taxonomy":"category","embeddable":true,"href":"https:\/\/larevistadigital.com.ar\/blog\/wp-json\/wp\/v2\/categories?post=1646"},{"taxonomy":"post_tag","embeddable":true,"href":"https:\/\/larevistadigital.com.ar\/blog\/wp-json\/wp\/v2\/tags?post=1646"}],"curies":[{"name":"wp","href":"https:\/\/api.w.org\/{rel}","templated":true}]}}